{"id":91807,"date":"2015-07-26T13:46:23","date_gmt":"2015-07-26T12:46:23","guid":{"rendered":"http:\/\/www.visit-ulcinj.com\/blog\/?p=91807"},"modified":"2015-07-26T13:47:08","modified_gmt":"2015-07-26T12:47:08","slug":"sanja-vlahovic-nije-vise-koordinator-dps-za-ulcinj","status":"publish","type":"post","link":"https:\/\/www.visit-ulcinj.com\/blog\/2015\/07\/26\/sanja-vlahovic-nije-vise-koordinator-dps-za-ulcinj\/","title":{"rendered":"Sanja Vlahovi\u0107 nije vi\u0161e koordinator DPS-a za Ulcinj"},"content":{"rendered":"<p><strong>Funkcioner Demokratske partije socijalista (DPS) i ministrka nauke Sanja Vlahovi\u0107 vi\u0161e ne\u0107e biti koordinator rukovodstva te stranke za Ulcinj, pi\u0161e Dan.<\/strong><\/p>\n<p><a href=\"http:\/\/www.visit-ulcinj.com\/blog\/wp-content\/uploads\/2015\/07\/Sanja-Vlahovic-Ulcinj.jpg\"><img loading=\"lazy\" class=\"alignleft wp-image-91808\" src=\"http:\/\/www.visit-ulcinj.com\/blog\/wp-content\/uploads\/2015\/07\/Sanja-Vlahovic-Ulcinj.jpg\" alt=\"Sanja-Vlahovic-Ulcinj\" width=\"508\" height=\"381\" srcset=\"https:\/\/www.visit-ulcinj.com\/blog\/wp-content\/uploads\/2015\/07\/Sanja-Vlahovic-Ulcinj.jpg 517w, https:\/\/www.visit-ulcinj.com\/blog\/wp-content\/uploads\/2015\/07\/Sanja-Vlahovic-Ulcinj-300x225.jpg 300w\" sizes=\"(max-width: 508px) 100vw, 508px\" \/><\/a><\/p>\n<div id=\"articleContent\">\n<p><strong>Vlahovi\u0107evu<\/strong> je dio \u010dlanova ulcinjskog DPS-a optu\u017eivao da je uni\u0161tila lokalnu partijsku organizaciju.<\/p>\n<p>Grupa nezadovoljnih \u010dlanova ulcinjskog DPS-a ranije je zatra\u017eila ostavke \u0161efa op\u0161tinskog odbora <strong>Ljora Nreki\u0107a<\/strong> i partijskih koordinatora za Ulcinj <strong>Sanje Vlahovi\u0107<\/strong> i <strong>Gorana Jevri\u0107a<\/strong>, optu\u017euju\u0107i ih za lo\u0161e stanje u strana\u010dkoj organizaciji i to \u0161to je DPS nakon lokalnih izbora u januaru ostao u opoziciji uprkos tome \u0161to je osvojio najvi\u0161e mandata u Skup\u0161tini op\u0161tine.<\/p>\n<p>Ministarka nauke je na nedavno odr\u017eanoj sjednici glavnog odbora DPS-a ostala i bez mjesta u Predsjedni\u0161tvu te stranke.<\/p>\n<p><strong>Izvor: <em>Dan<\/em><\/strong><\/p>\n<\/div>\n","protected":false},"excerpt":{"rendered":"<p>Funkcioner Demokratske partije socijalista (DPS) i ministrka nauke Sanja Vlahovi\u0107 vi\u0161e ne\u0107e biti koordinator rukovodstva te stranke za Ulcinj, pi\u0161e Dan. Vlahovi\u0107evu je dio \u010dlanova ulcinjskog DPS-a optu\u017eivao da je uni\u0161tila lokalnu partijsku organizaciju. Grupa nezadovoljnih \u010dlanova ulcinjskog DPS-a ranije je zatra\u017eila ostavke \u0161efa op\u0161tinskog odbora Ljora Nreki\u0107a i partijskih koordinatora za Ulcinj Sanje Vlahovi\u0107 [&hellip;]<\/p>\n","protected":false},"author":1,"featured_media":0,"comment_status":"closed","ping_status":"closed","sticky":false,"template":"","format":"standard","meta":{"spay_email":"","jetpack_publicize_message":"","jetpack_is_tweetstorm":false,"jetpack_publicize_feature_enabled":true},"categories":[6950],"tags":[],"jetpack_publicize_connections":[],"yoast_head":"<!-- This site is optimized with the Yoast SEO plugin v19.1 - https:\/\/yoast.com\/wordpress\/plugins\/seo\/ -->\n<title>Sanja Vlahovi\u0107 nije vi\u0161e koordinator DPS-a za Ulcinj - Lajme nga Ulqini<\/title>\n<meta name=\"description\" content=\"Funkcioner Demokratske partije socijalista (DPS) i ministrka nauke Sanja Vlahovi\u0107 vi\u0161e ne\u0107e biti koordinator rukovodstva te stranke za Ulcinj, pi\u0161e Dan.\" \/>\n<meta name=\"robots\" content=\"index, follow, max-snippet:-1, max-image-preview:large, max-video-preview:-1\" \/>\n<link rel=\"canonical\" href=\"https:\/\/www.visit-ulcinj.com\/blog\/2015\/07\/26\/sanja-vlahovic-nije-vise-koordinator-dps-za-ulcinj\/\" \/>\n<meta property=\"og:locale\" content=\"en_US\" \/>\n<meta property=\"og:type\" content=\"article\" \/>\n<meta property=\"og:title\" content=\"Sanja Vlahovi\u0107 nije vi\u0161e koordinator DPS-a za Ulcinj - Lajme nga Ulqini\" \/>\n<meta property=\"og:description\" content=\"Funkcioner Demokratske partije socijalista (DPS) i ministrka nauke Sanja Vlahovi\u0107 vi\u0161e ne\u0107e biti koordinator rukovodstva te stranke za Ulcinj, pi\u0161e Dan.\" \/>\n<meta property=\"og:url\" content=\"https:\/\/www.visit-ulcinj.com\/blog\/2015\/07\/26\/sanja-vlahovic-nije-vise-koordinator-dps-za-ulcinj\/\" \/>\n<meta property=\"og:site_name\" content=\"Lajme nga Ulqini\" \/>\n<meta property=\"article:published_time\" content=\"2015-07-26T12:46:23+00:00\" \/>\n<meta property=\"article:modified_time\" content=\"2015-07-26T12:47:08+00:00\" \/>\n<meta property=\"og:image\" content=\"http:\/\/www.visit-ulcinj.com\/blog\/wp-content\/uploads\/2015\/07\/Sanja-Vlahovic-Ulcinj.jpg\" \/>\n<meta name=\"twitter:label1\" content=\"Written by\" \/>\n\t<meta name=\"twitter:data1\" content=\"ulqini\" \/>\n\t<meta name=\"twitter:label2\" content=\"Est. reading time\" \/>\n\t<meta name=\"twitter:data2\" content=\"1 minute\" \/>\n<script type=\"application\/ld+json\" class=\"yoast-schema-graph\">{\"@context\":\"https:\/\/schema.org\",\"@graph\":[{\"@type\":\"WebSite\",\"@id\":\"https:\/\/www.visit-ulcinj.com\/blog\/#website\",\"url\":\"https:\/\/www.visit-ulcinj.com\/blog\/\",\"name\":\"Lajme nga Ulqini\",\"description\":\"Lajme,Vijesti,Ulqini,Ulqin,Crna Gora,Mali i Zi\",\"potentialAction\":[{\"@type\":\"SearchAction\",\"target\":{\"@type\":\"EntryPoint\",\"urlTemplate\":\"https:\/\/www.visit-ulcinj.com\/blog\/?s={search_term_string}\"},\"query-input\":\"required name=search_term_string\"}],\"inLanguage\":\"en-US\"},{\"@type\":\"ImageObject\",\"inLanguage\":\"en-US\",\"@id\":\"https:\/\/www.visit-ulcinj.com\/blog\/2015\/07\/26\/sanja-vlahovic-nije-vise-koordinator-dps-za-ulcinj\/#primaryimage\",\"url\":\"https:\/\/www.visit-ulcinj.com\/blog\/wp-content\/uploads\/2015\/07\/Sanja-Vlahovic-Ulcinj.jpg\",\"contentUrl\":\"https:\/\/www.visit-ulcinj.com\/blog\/wp-content\/uploads\/2015\/07\/Sanja-Vlahovic-Ulcinj.jpg\",\"width\":517,\"height\":388},{\"@type\":\"WebPage\",\"@id\":\"https:\/\/www.visit-ulcinj.com\/blog\/2015\/07\/26\/sanja-vlahovic-nije-vise-koordinator-dps-za-ulcinj\/#webpage\",\"url\":\"https:\/\/www.visit-ulcinj.com\/blog\/2015\/07\/26\/sanja-vlahovic-nije-vise-koordinator-dps-za-ulcinj\/\",\"name\":\"Sanja Vlahovi\u0107 nije vi\u0161e koordinator DPS-a za Ulcinj - Lajme nga Ulqini\",\"isPartOf\":{\"@id\":\"https:\/\/www.visit-ulcinj.com\/blog\/#website\"},\"primaryImageOfPage\":{\"@id\":\"https:\/\/www.visit-ulcinj.com\/blog\/2015\/07\/26\/sanja-vlahovic-nije-vise-koordinator-dps-za-ulcinj\/#primaryimage\"},\"datePublished\":\"2015-07-26T12:46:23+00:00\",\"dateModified\":\"2015-07-26T12:47:08+00:00\",\"author\":{\"@id\":\"https:\/\/www.visit-ulcinj.com\/blog\/#\/schema\/person\/dcab619c614d3038751c63bc2aadc06d\"},\"description\":\"Funkcioner Demokratske partije socijalista (DPS) i ministrka nauke Sanja Vlahovi\u0107 vi\u0161e ne\u0107e biti koordinator rukovodstva te stranke za Ulcinj, pi\u0161e Dan.\",\"breadcrumb\":{\"@id\":\"https:\/\/www.visit-ulcinj.com\/blog\/2015\/07\/26\/sanja-vlahovic-nije-vise-koordinator-dps-za-ulcinj\/#breadcrumb\"},\"inLanguage\":\"en-US\",\"potentialAction\":[{\"@type\":\"ReadAction\",\"target\":[\"https:\/\/www.visit-ulcinj.com\/blog\/2015\/07\/26\/sanja-vlahovic-nije-vise-koordinator-dps-za-ulcinj\/\"]}]},{\"@type\":\"BreadcrumbList\",\"@id\":\"https:\/\/www.visit-ulcinj.com\/blog\/2015\/07\/26\/sanja-vlahovic-nije-vise-koordinator-dps-za-ulcinj\/#breadcrumb\",\"itemListElement\":[{\"@type\":\"ListItem\",\"position\":1,\"name\":\"Sanja Vlahovi\u0107 nije vi\u0161e koordinator DPS-a za Ulcinj\"}]},{\"@type\":\"Person\",\"@id\":\"https:\/\/www.visit-ulcinj.com\/blog\/#\/schema\/person\/dcab619c614d3038751c63bc2aadc06d\",\"name\":\"ulqini\",\"sameAs\":[\"http:\/\/www.visit-ulcinj.com\"],\"url\":\"https:\/\/www.visit-ulcinj.com\/blog\/author\/admin\/\"}]}<\/script>\n<!-- \/ Yoast SEO plugin. -->","yoast_head_json":{"title":"Sanja Vlahovi\u0107 nije vi\u0161e koordinator DPS-a za Ulcinj - Lajme nga Ulqini","description":"Funkcioner Demokratske partije socijalista (DPS) i ministrka nauke Sanja Vlahovi\u0107 vi\u0161e ne\u0107e biti koordinator rukovodstva te stranke za Ulcinj, pi\u0161e Dan.","robots":{"index":"index","follow":"follow","max-snippet":"max-snippet:-1","max-image-preview":"max-image-preview:large","max-video-preview":"max-video-preview:-1"},"canonical":"https:\/\/www.visit-ulcinj.com\/blog\/2015\/07\/26\/sanja-vlahovic-nije-vise-koordinator-dps-za-ulcinj\/","og_locale":"en_US","og_type":"article","og_title":"Sanja Vlahovi\u0107 nije vi\u0161e koordinator DPS-a za Ulcinj - Lajme nga Ulqini","og_description":"Funkcioner Demokratske partije socijalista (DPS) i ministrka nauke Sanja Vlahovi\u0107 vi\u0161e ne\u0107e biti koordinator rukovodstva te stranke za Ulcinj, pi\u0161e Dan.","og_url":"https:\/\/www.visit-ulcinj.com\/blog\/2015\/07\/26\/sanja-vlahovic-nije-vise-koordinator-dps-za-ulcinj\/","og_site_name":"Lajme nga Ulqini","article_published_time":"2015-07-26T12:46:23+00:00","article_modified_time":"2015-07-26T12:47:08+00:00","og_image":[{"url":"http:\/\/www.visit-ulcinj.com\/blog\/wp-content\/uploads\/2015\/07\/Sanja-Vlahovic-Ulcinj.jpg"}],"twitter_misc":{"Written by":"ulqini","Est. reading time":"1 minute"},"schema":{"@context":"https:\/\/schema.org","@graph":[{"@type":"WebSite","@id":"https:\/\/www.visit-ulcinj.com\/blog\/#website","url":"https:\/\/www.visit-ulcinj.com\/blog\/","name":"Lajme nga Ulqini","description":"Lajme,Vijesti,Ulqini,Ulqin,Crna Gora,Mali i Zi","potentialAction":[{"@type":"SearchAction","target":{"@type":"EntryPoint","urlTemplate":"https:\/\/www.visit-ulcinj.com\/blog\/?s={search_term_string}"},"query-input":"required name=search_term_string"}],"inLanguage":"en-US"},{"@type":"ImageObject","inLanguage":"en-US","@id":"https:\/\/www.visit-ulcinj.com\/blog\/2015\/07\/26\/sanja-vlahovic-nije-vise-koordinator-dps-za-ulcinj\/#primaryimage","url":"https:\/\/www.visit-ulcinj.com\/blog\/wp-content\/uploads\/2015\/07\/Sanja-Vlahovic-Ulcinj.jpg","contentUrl":"https:\/\/www.visit-ulcinj.com\/blog\/wp-content\/uploads\/2015\/07\/Sanja-Vlahovic-Ulcinj.jpg","width":517,"height":388},{"@type":"WebPage","@id":"https:\/\/www.visit-ulcinj.com\/blog\/2015\/07\/26\/sanja-vlahovic-nije-vise-koordinator-dps-za-ulcinj\/#webpage","url":"https:\/\/www.visit-ulcinj.com\/blog\/2015\/07\/26\/sanja-vlahovic-nije-vise-koordinator-dps-za-ulcinj\/","name":"Sanja Vlahovi\u0107 nije vi\u0161e koordinator DPS-a za Ulcinj - Lajme nga Ulqini","isPartOf":{"@id":"https:\/\/www.visit-ulcinj.com\/blog\/#website"},"primaryImageOfPage":{"@id":"https:\/\/www.visit-ulcinj.com\/blog\/2015\/07\/26\/sanja-vlahovic-nije-vise-koordinator-dps-za-ulcinj\/#primaryimage"},"datePublished":"2015-07-26T12:46:23+00:00","dateModified":"2015-07-26T12:47:08+00:00","author":{"@id":"https:\/\/www.visit-ulcinj.com\/blog\/#\/schema\/person\/dcab619c614d3038751c63bc2aadc06d"},"description":"Funkcioner Demokratske partije socijalista (DPS) i ministrka nauke Sanja Vlahovi\u0107 vi\u0161e ne\u0107e biti koordinator rukovodstva te stranke za Ulcinj, pi\u0161e Dan.","breadcrumb":{"@id":"https:\/\/www.visit-ulcinj.com\/blog\/2015\/07\/26\/sanja-vlahovic-nije-vise-koordinator-dps-za-ulcinj\/#breadcrumb"},"inLanguage":"en-US","potentialAction":[{"@type":"ReadAction","target":["https:\/\/www.visit-ulcinj.com\/blog\/2015\/07\/26\/sanja-vlahovic-nije-vise-koordinator-dps-za-ulcinj\/"]}]},{"@type":"BreadcrumbList","@id":"https:\/\/www.visit-ulcinj.com\/blog\/2015\/07\/26\/sanja-vlahovic-nije-vise-koordinator-dps-za-ulcinj\/#breadcrumb","itemListElement":[{"@type":"ListItem","position":1,"name":"Sanja Vlahovi\u0107 nije vi\u0161e koordinator DPS-a za Ulcinj"}]},{"@type":"Person","@id":"https:\/\/www.visit-ulcinj.com\/blog\/#\/schema\/person\/dcab619c614d3038751c63bc2aadc06d","name":"ulqini","sameAs":["http:\/\/www.visit-ulcinj.com"],"url":"https:\/\/www.visit-ulcinj.com\/blog\/author\/admin\/"}]}},"jetpack_featured_media_url":"","jetpack_sharing_enabled":true,"jetpack_shortlink":"https:\/\/wp.me\/pe6lTn-nSL","_links":{"self":[{"href":"https:\/\/www.visit-ulcinj.com\/blog\/wp-json\/wp\/v2\/posts\/91807"}],"collection":[{"href":"https:\/\/www.visit-ulcinj.com\/blog\/wp-json\/wp\/v2\/posts"}],"about":[{"href":"https:\/\/www.visit-ulcinj.com\/blog\/wp-json\/wp\/v2\/types\/post"}],"author":[{"embeddable":true,"href":"https:\/\/www.visit-ulcinj.com\/blog\/wp-json\/wp\/v2\/users\/1"}],"replies":[{"embeddable":true,"href":"https:\/\/www.visit-ulcinj.com\/blog\/wp-json\/wp\/v2\/comments?post=91807"}],"version-history":[{"count":1,"href":"https:\/\/www.visit-ulcinj.com\/blog\/wp-json\/wp\/v2\/posts\/91807\/revisions"}],"predecessor-version":[{"id":91809,"href":"https:\/\/www.visit-ulcinj.com\/blog\/wp-json\/wp\/v2\/posts\/91807\/revisions\/91809"}],"wp:attachment":[{"href":"https:\/\/www.visit-ulcinj.com\/blog\/wp-json\/wp\/v2\/media?parent=91807"}],"wp:term":[{"taxonomy":"category","embeddable":true,"href":"https:\/\/www.visit-ulcinj.com\/blog\/wp-json\/wp\/v2\/categories?post=91807"},{"taxonomy":"post_tag","embeddable":true,"href":"https:\/\/www.visit-ulcinj.com\/blog\/wp-json\/wp\/v2\/tags?post=91807"}],"curies":[{"name":"wp","href":"https:\/\/api.w.org\/{rel}","templated":true}]}}