{"id":91810,"date":"2015-07-26T13:52:19","date_gmt":"2015-07-26T12:52:19","guid":{"rendered":"http:\/\/www.visit-ulcinj.com\/blog\/?p=91810"},"modified":"2015-07-26T13:52:19","modified_gmt":"2015-07-26T12:52:19","slug":"op%c2%adsti%c2%adna-ulcinj-trazi-pomoc-drzave","status":"publish","type":"post","link":"https:\/\/www.visit-ulcinj.com\/blog\/2015\/07\/26\/op%c2%adsti%c2%adna-ulcinj-trazi-pomoc-drzave\/","title":{"rendered":"Op\u00ad\u0161ti\u00adna Ulcinj tra\u017ei pomo\u0107 dr\u017eave"},"content":{"rendered":"<p><span class=\"tekstcijeli\"><span class=\"kapital\"><a href=\"http:\/\/www.visit-ulcinj.com\/blog\/wp-content\/uploads\/2015\/02\/Opstina-Ulcinj.jpg\"><img loading=\"lazy\" class=\"alignleft wp-image-89018\" src=\"http:\/\/www.visit-ulcinj.com\/blog\/wp-content\/uploads\/2015\/02\/Opstina-Ulcinj.jpg\" alt=\"Opstina-Ulcinj\" width=\"508\" height=\"202\" srcset=\"https:\/\/www.visit-ulcinj.com\/blog\/wp-content\/uploads\/2015\/02\/Opstina-Ulcinj.jpg 1000w, https:\/\/www.visit-ulcinj.com\/blog\/wp-content\/uploads\/2015\/02\/Opstina-Ulcinj-300x119.jpg 300w\" sizes=\"(max-width: 508px) 100vw, 508px\" \/><\/a>U<\/span>L\u00adCINj- Pred\u00adsjed\u00adnik Op\u00ad\u0161ti\u00adne Ul\u00adcinj Fat\u00admir \u0110e\u00adka i di\u00adrek\u00adto\u00adri\u00adca lo\u00adkal\u00adne tu\u00adri\u00adsti\u010d\u00adke or\u00adga\u00adni\u00adza\u00adci\u00adje Za\u00adna Sar\u00advan oci\u00adje\u00adni\u00adli su ju\u00ad\u010de, na van\u00adred\u00adnoj kon\u00adfe\u00adren\u00adci\u00adji za no\u00advi\u00adna\u00adre, da je u naj\u00adju\u00ad\u017eni\u00adjoj op\u00ad\u0161ti\u00adni zbog u\u010de\u00adsta\u00adlih pre\u00adki\u00adda u na\u00adpa\u00adja\u00adnju elek\u00adtri\u010d\u00adnom ener\u00adgi\u00adjom si\u00adtu\u00ada\u00adci\u00adja alar\u00admant\u00adna.<br \/>\n\u0110e\u00adka i Sar\u00advan upu\u00adti\u00adli su apel nad\u00adle\u00ad\u017enim dr\u00ad\u017eav\u00adnim or\u00adga\u00adni\u00adma i Elek\u00adtro\u00adpri\u00advre\u00addi Cr\u00adne Go\u00adre da \u0161to hit\u00adni\u00adje pre\u00addu\u00adzmu ade\u00adkvat\u00adne mje\u00adre ka\u00adko bi se pre\u00adva\u00adzi\u00ad\u0161la tre\u00adnut\u00adna si\u00adtu\u00ada\u00adci\u00adja.<br \/>\n&#8211; Ne\u00adma\u00admo na\u00admje\u00adru ni\u00adko\u00adga da op\u00adtu\u00ad\u017eu\u00adje\u00admo, jer ima\u00admo ko\u00adrekt\u00adne od\u00adno\u00adse sa svim slu\u00ad\u017eba\u00adma, ali pod hit\u00adno tra\u00ad\u017ei\u00admo po\u00admo\u0107 u ve\u00adzi sa snab\u00addi\u00adje\u00adva\u00adnjem stru\u00adjom. Pre\u00adma na\u00ad\u0161im po\u00adda\u00adci\u00adma gra\u00ad\u0111a\u00adni \u0160to\u00adja 12 sa\u00adti bi\u00adli su bez stru\u00adje. Ta\u00adko\u00ad\u0111e i gra\u00ad\u0111a\u00adni na\u00adse\u00adlja Pi\u00adnje\u0161 kao i mno\u00adgih dje\u00adlo\u00adva gra\u00adda u ko\u00adji\u00adma je pre\u00adkid u snab\u00addi\u00adje\u00adva\u00adnju ili usled kva\u00adro\u00adva ne\u00adma jed\u00adne fa\u00adze. Pro\u00adblem sa stru\u00adjom odr\u00ad\u017ea\u00adva se i na re\u00addov\u00adno snab\u00addi\u00adja\u00adva\u00adnje vo\u00addom jer pum\u00adpe ne mo\u00adgu da funk\u00adci\u00ado\u00adni\u00ad\u0161u. Sve to nas ve\u00ado\u00adma za\u00adbri\u00adnja\u00adva jer je se\u00adzo\u00adna u je\u00adku, a po\u00adda\u00adtak da je u Ul\u00adci\u00adnju te\u00ad\u0161ko na\u00ad\u0107i mje\u00adsto sam po se\u00adbi do\u00advolj\u00adno go\u00advo\u00adri &#8211; ka\u00adzao je \u0110e\u00adka.<br \/>\nO si\u00adtu\u00ada\u00adci\u00adji u Ul\u00adci\u00adnju oba\u00advje\u00adsti\u00adli su sve re\u00adle\u00advant\u00adne dr\u00ad\u017eav\u00adne adre\u00adse. Di\u00adrek\u00adto\u00adri\u00adca TO sa\u00adop\u00ad\u0161ti\u00adla je da je pre\u00adma po\u00adsled\u00adnjim po\u00adda\u00adci\u00adma ko\u00adji\u00adma ras\u00adpo\u00adla\u00ad\u017ee u Ul\u00adci\u00adnju re\u00adgi\u00adstro\u00adva\u00adno oko 20 hi\u00adlja\u00adda tu\u00adri\u00adsta.<br \/>\n&#8211; Ne\u00adzva\u00adni\u010d\u00adno broj go\u00adsti\u00adju je dva do tri pu\u00adta ve\u00ad\u0107i. Mi se prak\u00adti\u010d\u00adno na\u00adla\u00adzi\u00admo u \u0161pi\u00adcu se\u00adzo\u00adne, a de\u00ad\u0161a\u00adva\u00adju nam se pro\u00adble\u00admi ko\u00adji stva\u00adra\u00adju lo\u00ad\u0161u sli\u00adku o ovoj de\u00adsti\u00adna\u00adci\u00adji. Ovo sva\u00adka\u00adko ni\u00adje do\u00adbro za da\u00adlji tok se\u00adzo\u00adne. Sva\u00adke go\u00addi\u00adne nam se po\u00adna\u00advlja\u00adju u ova\u00adkve stva\u00adri Umje\u00adsto da pri\u00ad\u010da\u00admo o do\u00adbroj po\u00adsje\u00adti, na\u00adpla\u00adti tak\u00adse, po\u00adve\u00ad\u0107a\u00adnju bro\u00adja pri\u00adja\u00advlje\u00adnih tu\u00adri\u00adsta mi mo\u00adra\u00admo da se ba\u00advi\u00admo pro\u00adble\u00admi\u00adma &#8211; ka\u00adza\u00adla je Sar\u00advan.<br \/>\nKa\u00adko sa\u00adzna\u00adje\u00admo mno\u00adgi tu\u00adri\u00adsti ko\u00adji su bi\u00adli smje\u00ad\u0161te\u00adni u na\u00adse\u00adlji\u00adma u ko\u00adji\u00adma stru\u00adje ne\u00adma vi\u00ad\u0161e od 12 \u010da\u00adso\u00adva ili su pro\u00admi\u00adje\u00adni\u00adli smje\u00ad\u0161taj ili na\u00adpu\u00ad\u0161ta\u00adju Ul\u00adcinj. Rad\u00adni\u00adci Elek\u00adtro\u00adpri\u00advre\u00adde su sva\u00adko\u00addnev\u00adno na te\u00adre\u00adnu ali zbog re\u00adkord\u00adne po\u00adtro\u00ad\u0161nje i pre\u00adop\u00adte\u00adre\u00ad\u0107e\u00adnja na mre\u00ad\u017ei stal\u00adno do\u00adla\u00adzi do kva\u00adro\u00adva. \u0160to se ti\u00ad\u010de si\u00adtu\u00ada\u00adci\u00adje sa vo\u00addos\u00adnad\u00adbi\u00adja\u00adva\u00adnjem sta\u00adnje je nor\u00adma\u00adli\u00adzo\u00adva\u00adno jer se ma\u00adnjak vo\u00adde u si\u00adste\u00admu, zbog za\u00adsto\u00adja pum\u00adpi na\u00addok\u00adna\u00ad\u0111u\u00adje do\u00addat\u00adnim ko\u00adli\u00ad\u010di\u00adna\u00adma iz re\u00adgi\u00ado\u00adnal\u00adnog vo\u00addo\u00advo\u00adda.M.K.<\/p>\n<p><strong>Na\u00adzi\u00advi uli\u00adca po\u00adsva\u00ad\u0111a\u00adli od\u00adbor\u00adni\u00adke<\/strong><\/p>\n<p>Pro\u00adble\u00admi u na\u00adpa\u00adja\u00adnju gra\u00adda stru\u00adjom za\u00ado\u00adbi\u00ad\u0161li su lo\u00adkal\u00adni par\u00adla\u00adment, pa su od\u00adbor\u00adni\u00adci na\u00adsta\u00advi\u00adli pr\u00advu sjed\u00adni\u00adcu pr\u00advog re\u00addov\u00adnog za\u00adsi\u00adje\u00adda\u00adnja i za\u00adpo\u00ad\u010de\u00adli dru\u00adgu sjed\u00adni\u00adcu pr\u00advog re\u00addov\u00adnog za\u00adsi\u00adje\u00adda\u00adnja. Na\u00adkon \u0161to su u pri\u00adje\u00adpo\u00addnev\u00adnim \u010da\u00adso\u00advi\u00adma usvo\u00adje\u00adne od\u00adlu\u00adke o kre\u00addit\u00adnom za\u00addu\u00ad\u017ee\u00adnju JP Vo\u00addo\u00advod od 200 hi\u00adlja\u00adda eura, ko\u00adri\u00ad\u0161\u0107e\u00adnju i odr\u00ad\u017ea\u00adva\u00adnju JP \u201eKo\u00admu\u00adnal\u00adne dje\u00adlat\u00adno\u00adsti\u201d objek\u00adta grad\u00adske ka\u00adpe\u00adle na gro\u00adblju pod Bi\u00adje\u00adlom go\u00adrom, te o iz\u00admje\u00adna\u00adma i do\u00adpu\u00adna\u00adma Od\u00adlu\u00adke o ko\u00admu\u00adnal\u00adnom re\u00addu, uslo\u00advi\u00adma i na\u00ad\u010di\u00adnu iz\u00advo\u00ad\u0111e\u00adnja i emi\u00adto\u00adva\u00adnja mu\u00adzi\u00adke u ugo\u00adsti\u00adtelj\u00adskim objek\u00adti\u00adma i od\u00adre\u00ad\u0111i\u00adva\u00adnju uli\u00adca, dje\u00adlo\u00adva uli\u00adca, na\u00adse\u00adlja i dru\u00adgih lo\u00adka\u00adci\u00adja za odr\u00ad\u017ea\u00adva\u00adnje jav\u00adnih sku\u00adpo\u00adva na otvo\u00adre\u00adnom pro\u00adsto\u00adru. Te su od\u00adlu\u00adke usvo\u00adje\u00adne ve\u00ad\u0107i\u00adnom gla\u00adso\u00adva vla\u00adda\u00adju\u00ad\u0107e ve\u00ad\u0107i\u00adne i di\u00adje\u00adla opo\u00adzi\u00adci\u00adje.<br \/>\nNaj\u00advi\u00ad\u0161e po\u00adle\u00admi\u00adke iza\u00adzva\u00adla je dru\u00adga sjed\u00adni\u00adca na ko\u00adjoj se ras\u00adpra\u00advlja o Pro\u00adgra\u00admu po\u00addi\u00adza\u00adnja spo\u00admen- obi\u00adlje\u017e\u00adja za Op\u00ad\u0161ti\u00adnu Ul\u00adcinj za 2015. go\u00addi\u00adnu, na osno\u00advu ko\u00adjeg bio tre\u00adba\u00adlo da se gla\u00adsa o pre\u00adi\u00adme\u00adno\u00adva\u00adnju uli\u00adca. Sjed\u00adni\u00adca je ve\u0107 na star\u00adtu pre\u00adki\u00adnu\u00adta pa\u00adu\u00adzom jer od\u00adbor\u00adni\u00adci SNP-a i DF-a ni\u00adsu oba\u00advi\u00adje\u00ad\u0161te\u00adni o ter\u00admi\u00adnu odr\u00ad\u017ea\u00adva\u00adnja \u0161to je iz ove dvi\u00adje par\u00adti\u00adje oka\u00adrak\u00adte\u00adri\u00adsa\u00adno kao kla\u00adsi\u010d\u00adna dis\u00adkri\u00admi\u00adna\u00adci\u00adja. Od\u00adbor\u00adnik SNP-a An\u00addri\u00adja \u0106et\u00adko\u00advi\u0107 op\u00adtu\u00ad\u017eio je pred\u00adsjed\u00adni\u00adka SO Fu\u00ada\u00adda Ha\u00add\u017ei\u00adbe\u00adti\u00adja i ko\u00adle\u00adge iz vla\u00adda\u00adju\u00ad\u0107e ko\u00ada\u00adli\u00adci\u00adje da je to smi\u00ad\u0161lje\u00adno ura\u00ad\u0111e\u00adno.<br \/>\n-One ko\u00adji u slu\u00ad\u010da\u00adju ime\u00adna uli\u00adca ne mi\u00adsle kao vi, ni\u00adste na\u00admjer\u00adno po\u00adzva\u00adli na za\u00adsi\u00adje\u00adda\u00adnje \u2013 ka\u00ad\u017ee \u0106et\u00adko\u00advi\u0107.<br \/>\nSli\u00ad\u010dan stav po\u00adno\u00advio je i Mi\u00adlan Ro\u00adlo\u00advi\u0107 ko\u00adji je ka\u00adzao da je slu\u00ad\u010daj\u00adno sa\u00adznao ter\u00admin sjed\u00adni\u00adce, na\u00adkon \u010de\u00adga je za\u00adtra\u00ad\u017eio pa\u00adu\u00adzu ko\u00adja je pri\u00adhva\u0107ena. Sjed\u00adni\u00adca je na\u00adsta\u00advlje\u00adna po\u00adsli\u00adje pod\u00adne ras\u00adpra\u00advom o pred\u00adlo\u00adzi\u00adma ime\u00adna uli\u00adca, a \u0106et\u00adko\u00advi\u0107 i Ro\u00adlo\u00advi\u0107 na\u00adja\u00advi\u00adli da ne\u00ad\u0107e u\u010de\u00adstvo\u00adva\u00adti u njoj na\u00adzvav\u00ad\u0161i je far\u00adsom. <\/span><\/p>\n<p><strong>Izvor: DAN<\/strong><\/p>\n","protected":false},"excerpt":{"rendered":"<p>UL\u00adCINj- Pred\u00adsjed\u00adnik Op\u00ad\u0161ti\u00adne Ul\u00adcinj Fat\u00admir \u0110e\u00adka i di\u00adrek\u00adto\u00adri\u00adca lo\u00adkal\u00adne tu\u00adri\u00adsti\u010d\u00adke or\u00adga\u00adni\u00adza\u00adci\u00adje Za\u00adna Sar\u00advan oci\u00adje\u00adni\u00adli su ju\u00ad\u010de, na van\u00adred\u00adnoj kon\u00adfe\u00adren\u00adci\u00adji za no\u00advi\u00adna\u00adre, da je u naj\u00adju\u00ad\u017eni\u00adjoj op\u00ad\u0161ti\u00adni zbog u\u010de\u00adsta\u00adlih pre\u00adki\u00adda u na\u00adpa\u00adja\u00adnju elek\u00adtri\u010d\u00adnom ener\u00adgi\u00adjom si\u00adtu\u00ada\u00adci\u00adja alar\u00admant\u00adna. \u0110e\u00adka i Sar\u00advan upu\u00adti\u00adli su apel nad\u00adle\u00ad\u017enim dr\u00ad\u017eav\u00adnim or\u00adga\u00adni\u00adma i Elek\u00adtro\u00adpri\u00advre\u00addi Cr\u00adne Go\u00adre da \u0161to hit\u00adni\u00adje pre\u00addu\u00adzmu ade\u00adkvat\u00adne mje\u00adre ka\u00adko [&hellip;]<\/p>\n","protected":false},"author":1,"featured_media":0,"comment_status":"closed","ping_status":"closed","sticky":false,"template":"","format":"standard","meta":{"spay_email":"","jetpack_publicize_message":"","jetpack_is_tweetstorm":false,"jetpack_publicize_feature_enabled":true},"categories":[6950],"tags":[],"jetpack_publicize_connections":[],"yoast_head":"<!-- This site is optimized with the Yoast SEO plugin v19.1 - https:\/\/yoast.com\/wordpress\/plugins\/seo\/ -->\n<title>Op\u00ad\u0161ti\u00adna Ulcinj tra\u017ei pomo\u0107 dr\u017eave - Lajme nga Ulqini<\/title>\n<meta name=\"description\" content=\"UL\u00adCINj- Pred\u00adsjed\u00adnik Op\u00ad\u0161ti\u00adne Ul\u00adcinj Fat\u00admir \u0110e\u00adka i di\u00adrek\u00adto\u00adri\u00adca lo\u00adkal\u00adne tu\u00adri\u00adsti\u010d\u00adke or\u00adga\u00adni\u00adza\u00adci\u00adje Za\u00adna Sar\u00advan oci\u00adje\u00adni\u00adli su ju\u00ad\u010de, na\" \/>\n<meta name=\"robots\" content=\"index, follow, max-snippet:-1, max-image-preview:large, max-video-preview:-1\" \/>\n<link rel=\"canonical\" href=\"https:\/\/www.visit-ulcinj.com\/blog\/2015\/07\/26\/op\u00adsti\u00adna-ulcinj-trazi-pomoc-drzave\/\" \/>\n<meta property=\"og:locale\" content=\"en_US\" \/>\n<meta property=\"og:type\" content=\"article\" \/>\n<meta property=\"og:title\" content=\"Op\u00ad\u0161ti\u00adna Ulcinj tra\u017ei pomo\u0107 dr\u017eave - Lajme nga Ulqini\" \/>\n<meta property=\"og:description\" content=\"UL\u00adCINj- Pred\u00adsjed\u00adnik Op\u00ad\u0161ti\u00adne Ul\u00adcinj Fat\u00admir \u0110e\u00adka i di\u00adrek\u00adto\u00adri\u00adca lo\u00adkal\u00adne tu\u00adri\u00adsti\u010d\u00adke or\u00adga\u00adni\u00adza\u00adci\u00adje Za\u00adna Sar\u00advan oci\u00adje\u00adni\u00adli su ju\u00ad\u010de, na\" \/>\n<meta property=\"og:url\" content=\"https:\/\/www.visit-ulcinj.com\/blog\/2015\/07\/26\/op\u00adsti\u00adna-ulcinj-trazi-pomoc-drzave\/\" \/>\n<meta property=\"og:site_name\" content=\"Lajme nga Ulqini\" \/>\n<meta property=\"article:published_time\" content=\"2015-07-26T12:52:19+00:00\" \/>\n<meta property=\"og:image\" content=\"http:\/\/www.visit-ulcinj.com\/blog\/wp-content\/uploads\/2015\/02\/Opstina-Ulcinj.jpg\" \/>\n<meta name=\"twitter:label1\" content=\"Written by\" \/>\n\t<meta name=\"twitter:data1\" content=\"ulqini\" \/>\n\t<meta name=\"twitter:label2\" content=\"Est. reading time\" \/>\n\t<meta name=\"twitter:data2\" content=\"7 minutes\" \/>\n<script type=\"application\/ld+json\" class=\"yoast-schema-graph\">{\"@context\":\"https:\/\/schema.org\",\"@graph\":[{\"@type\":\"WebSite\",\"@id\":\"https:\/\/www.visit-ulcinj.com\/blog\/#website\",\"url\":\"https:\/\/www.visit-ulcinj.com\/blog\/\",\"name\":\"Lajme nga Ulqini\",\"description\":\"Lajme,Vijesti,Ulqini,Ulqin,Crna Gora,Mali i Zi\",\"potentialAction\":[{\"@type\":\"SearchAction\",\"target\":{\"@type\":\"EntryPoint\",\"urlTemplate\":\"https:\/\/www.visit-ulcinj.com\/blog\/?s={search_term_string}\"},\"query-input\":\"required name=search_term_string\"}],\"inLanguage\":\"en-US\"},{\"@type\":\"ImageObject\",\"inLanguage\":\"en-US\",\"@id\":\"https:\/\/www.visit-ulcinj.com\/blog\/2015\/07\/26\/op%c2%adsti%c2%adna-ulcinj-trazi-pomoc-drzave\/#primaryimage\",\"url\":\"https:\/\/www.visit-ulcinj.com\/blog\/wp-content\/uploads\/2015\/02\/Opstina-Ulcinj.jpg\",\"contentUrl\":\"https:\/\/www.visit-ulcinj.com\/blog\/wp-content\/uploads\/2015\/02\/Opstina-Ulcinj.jpg\",\"width\":1000,\"height\":397},{\"@type\":\"WebPage\",\"@id\":\"https:\/\/www.visit-ulcinj.com\/blog\/2015\/07\/26\/op%c2%adsti%c2%adna-ulcinj-trazi-pomoc-drzave\/#webpage\",\"url\":\"https:\/\/www.visit-ulcinj.com\/blog\/2015\/07\/26\/op%c2%adsti%c2%adna-ulcinj-trazi-pomoc-drzave\/\",\"name\":\"Op\u00ad\u0161ti\u00adna Ulcinj tra\u017ei pomo\u0107 dr\u017eave - Lajme nga Ulqini\",\"isPartOf\":{\"@id\":\"https:\/\/www.visit-ulcinj.com\/blog\/#website\"},\"primaryImageOfPage\":{\"@id\":\"https:\/\/www.visit-ulcinj.com\/blog\/2015\/07\/26\/op%c2%adsti%c2%adna-ulcinj-trazi-pomoc-drzave\/#primaryimage\"},\"datePublished\":\"2015-07-26T12:52:19+00:00\",\"dateModified\":\"2015-07-26T12:52:19+00:00\",\"author\":{\"@id\":\"https:\/\/www.visit-ulcinj.com\/blog\/#\/schema\/person\/dcab619c614d3038751c63bc2aadc06d\"},\"description\":\"UL\u00adCINj- Pred\u00adsjed\u00adnik Op\u00ad\u0161ti\u00adne Ul\u00adcinj Fat\u00admir \u0110e\u00adka i di\u00adrek\u00adto\u00adri\u00adca lo\u00adkal\u00adne tu\u00adri\u00adsti\u010d\u00adke or\u00adga\u00adni\u00adza\u00adci\u00adje Za\u00adna Sar\u00advan oci\u00adje\u00adni\u00adli su ju\u00ad\u010de, na\",\"breadcrumb\":{\"@id\":\"https:\/\/www.visit-ulcinj.com\/blog\/2015\/07\/26\/op%c2%adsti%c2%adna-ulcinj-trazi-pomoc-drzave\/#breadcrumb\"},\"inLanguage\":\"en-US\",\"potentialAction\":[{\"@type\":\"ReadAction\",\"target\":[\"https:\/\/www.visit-ulcinj.com\/blog\/2015\/07\/26\/op%c2%adsti%c2%adna-ulcinj-trazi-pomoc-drzave\/\"]}]},{\"@type\":\"BreadcrumbList\",\"@id\":\"https:\/\/www.visit-ulcinj.com\/blog\/2015\/07\/26\/op%c2%adsti%c2%adna-ulcinj-trazi-pomoc-drzave\/#breadcrumb\",\"itemListElement\":[{\"@type\":\"ListItem\",\"position\":1,\"name\":\"Op\u00ad\u0161ti\u00adna Ulcinj tra\u017ei pomo\u0107 dr\u017eave\"}]},{\"@type\":\"Person\",\"@id\":\"https:\/\/www.visit-ulcinj.com\/blog\/#\/schema\/person\/dcab619c614d3038751c63bc2aadc06d\",\"name\":\"ulqini\",\"sameAs\":[\"http:\/\/www.visit-ulcinj.com\"],\"url\":\"https:\/\/www.visit-ulcinj.com\/blog\/author\/admin\/\"}]}<\/script>\n<!-- \/ Yoast SEO plugin. -->","yoast_head_json":{"title":"Op\u00ad\u0161ti\u00adna Ulcinj tra\u017ei pomo\u0107 dr\u017eave - Lajme nga Ulqini","description":"UL\u00adCINj- Pred\u00adsjed\u00adnik Op\u00ad\u0161ti\u00adne Ul\u00adcinj Fat\u00admir \u0110e\u00adka i di\u00adrek\u00adto\u00adri\u00adca lo\u00adkal\u00adne tu\u00adri\u00adsti\u010d\u00adke or\u00adga\u00adni\u00adza\u00adci\u00adje Za\u00adna Sar\u00advan oci\u00adje\u00adni\u00adli su ju\u00ad\u010de, na","robots":{"index":"index","follow":"follow","max-snippet":"max-snippet:-1","max-image-preview":"max-image-preview:large","max-video-preview":"max-video-preview:-1"},"canonical":"https:\/\/www.visit-ulcinj.com\/blog\/2015\/07\/26\/op\u00adsti\u00adna-ulcinj-trazi-pomoc-drzave\/","og_locale":"en_US","og_type":"article","og_title":"Op\u00ad\u0161ti\u00adna Ulcinj tra\u017ei pomo\u0107 dr\u017eave - Lajme nga Ulqini","og_description":"UL\u00adCINj- Pred\u00adsjed\u00adnik Op\u00ad\u0161ti\u00adne Ul\u00adcinj Fat\u00admir \u0110e\u00adka i di\u00adrek\u00adto\u00adri\u00adca lo\u00adkal\u00adne tu\u00adri\u00adsti\u010d\u00adke or\u00adga\u00adni\u00adza\u00adci\u00adje Za\u00adna Sar\u00advan oci\u00adje\u00adni\u00adli su ju\u00ad\u010de, na","og_url":"https:\/\/www.visit-ulcinj.com\/blog\/2015\/07\/26\/op\u00adsti\u00adna-ulcinj-trazi-pomoc-drzave\/","og_site_name":"Lajme nga Ulqini","article_published_time":"2015-07-26T12:52:19+00:00","og_image":[{"url":"http:\/\/www.visit-ulcinj.com\/blog\/wp-content\/uploads\/2015\/02\/Opstina-Ulcinj.jpg"}],"twitter_misc":{"Written by":"ulqini","Est. reading time":"7 minutes"},"schema":{"@context":"https:\/\/schema.org","@graph":[{"@type":"WebSite","@id":"https:\/\/www.visit-ulcinj.com\/blog\/#website","url":"https:\/\/www.visit-ulcinj.com\/blog\/","name":"Lajme nga Ulqini","description":"Lajme,Vijesti,Ulqini,Ulqin,Crna Gora,Mali i Zi","potentialAction":[{"@type":"SearchAction","target":{"@type":"EntryPoint","urlTemplate":"https:\/\/www.visit-ulcinj.com\/blog\/?s={search_term_string}"},"query-input":"required name=search_term_string"}],"inLanguage":"en-US"},{"@type":"ImageObject","inLanguage":"en-US","@id":"https:\/\/www.visit-ulcinj.com\/blog\/2015\/07\/26\/op%c2%adsti%c2%adna-ulcinj-trazi-pomoc-drzave\/#primaryimage","url":"https:\/\/www.visit-ulcinj.com\/blog\/wp-content\/uploads\/2015\/02\/Opstina-Ulcinj.jpg","contentUrl":"https:\/\/www.visit-ulcinj.com\/blog\/wp-content\/uploads\/2015\/02\/Opstina-Ulcinj.jpg","width":1000,"height":397},{"@type":"WebPage","@id":"https:\/\/www.visit-ulcinj.com\/blog\/2015\/07\/26\/op%c2%adsti%c2%adna-ulcinj-trazi-pomoc-drzave\/#webpage","url":"https:\/\/www.visit-ulcinj.com\/blog\/2015\/07\/26\/op%c2%adsti%c2%adna-ulcinj-trazi-pomoc-drzave\/","name":"Op\u00ad\u0161ti\u00adna Ulcinj tra\u017ei pomo\u0107 dr\u017eave - Lajme nga Ulqini","isPartOf":{"@id":"https:\/\/www.visit-ulcinj.com\/blog\/#website"},"primaryImageOfPage":{"@id":"https:\/\/www.visit-ulcinj.com\/blog\/2015\/07\/26\/op%c2%adsti%c2%adna-ulcinj-trazi-pomoc-drzave\/#primaryimage"},"datePublished":"2015-07-26T12:52:19+00:00","dateModified":"2015-07-26T12:52:19+00:00","author":{"@id":"https:\/\/www.visit-ulcinj.com\/blog\/#\/schema\/person\/dcab619c614d3038751c63bc2aadc06d"},"description":"UL\u00adCINj- Pred\u00adsjed\u00adnik Op\u00ad\u0161ti\u00adne Ul\u00adcinj Fat\u00admir \u0110e\u00adka i di\u00adrek\u00adto\u00adri\u00adca lo\u00adkal\u00adne tu\u00adri\u00adsti\u010d\u00adke or\u00adga\u00adni\u00adza\u00adci\u00adje Za\u00adna Sar\u00advan oci\u00adje\u00adni\u00adli su ju\u00ad\u010de, na","breadcrumb":{"@id":"https:\/\/www.visit-ulcinj.com\/blog\/2015\/07\/26\/op%c2%adsti%c2%adna-ulcinj-trazi-pomoc-drzave\/#breadcrumb"},"inLanguage":"en-US","potentialAction":[{"@type":"ReadAction","target":["https:\/\/www.visit-ulcinj.com\/blog\/2015\/07\/26\/op%c2%adsti%c2%adna-ulcinj-trazi-pomoc-drzave\/"]}]},{"@type":"BreadcrumbList","@id":"https:\/\/www.visit-ulcinj.com\/blog\/2015\/07\/26\/op%c2%adsti%c2%adna-ulcinj-trazi-pomoc-drzave\/#breadcrumb","itemListElement":[{"@type":"ListItem","position":1,"name":"Op\u00ad\u0161ti\u00adna Ulcinj tra\u017ei pomo\u0107 dr\u017eave"}]},{"@type":"Person","@id":"https:\/\/www.visit-ulcinj.com\/blog\/#\/schema\/person\/dcab619c614d3038751c63bc2aadc06d","name":"ulqini","sameAs":["http:\/\/www.visit-ulcinj.com"],"url":"https:\/\/www.visit-ulcinj.com\/blog\/author\/admin\/"}]}},"jetpack_featured_media_url":"","jetpack_sharing_enabled":true,"jetpack_shortlink":"https:\/\/wp.me\/pe6lTn-nSO","_links":{"self":[{"href":"https:\/\/www.visit-ulcinj.com\/blog\/wp-json\/wp\/v2\/posts\/91810"}],"collection":[{"href":"https:\/\/www.visit-ulcinj.com\/blog\/wp-json\/wp\/v2\/posts"}],"about":[{"href":"https:\/\/www.visit-ulcinj.com\/blog\/wp-json\/wp\/v2\/types\/post"}],"author":[{"embeddable":true,"href":"https:\/\/www.visit-ulcinj.com\/blog\/wp-json\/wp\/v2\/users\/1"}],"replies":[{"embeddable":true,"href":"https:\/\/www.visit-ulcinj.com\/blog\/wp-json\/wp\/v2\/comments?post=91810"}],"version-history":[{"count":1,"href":"https:\/\/www.visit-ulcinj.com\/blog\/wp-json\/wp\/v2\/posts\/91810\/revisions"}],"predecessor-version":[{"id":91811,"href":"https:\/\/www.visit-ulcinj.com\/blog\/wp-json\/wp\/v2\/posts\/91810\/revisions\/91811"}],"wp:attachment":[{"href":"https:\/\/www.visit-ulcinj.com\/blog\/wp-json\/wp\/v2\/media?parent=91810"}],"wp:term":[{"taxonomy":"category","embeddable":true,"href":"https:\/\/www.visit-ulcinj.com\/blog\/wp-json\/wp\/v2\/categories?post=91810"},{"taxonomy":"post_tag","embeddable":true,"href":"https:\/\/www.visit-ulcinj.com\/blog\/wp-json\/wp\/v2\/tags?post=91810"}],"curies":[{"name":"wp","href":"https:\/\/api.w.org\/{rel}","templated":true}]}}