{"id":91814,"date":"2015-07-27T14:24:28","date_gmt":"2015-07-27T13:24:28","guid":{"rendered":"http:\/\/www.visit-ulcinj.com\/blog\/?p=91814"},"modified":"2015-07-27T19:03:20","modified_gmt":"2015-07-27T18:03:20","slug":"projekte-per-ulqinin-video","status":"publish","type":"post","link":"https:\/\/www.visit-ulcinj.com\/blog\/2015\/07\/27\/projekte-per-ulqinin-video\/","title":{"rendered":"Projekte p\u00ebr Ulqinin &#8211; Video"},"content":{"rendered":"<p><a href=\"http:\/\/www.visit-ulcinj.com\/blog\/wp-content\/uploads\/2013\/07\/plazhi-ne-ulqin.jpg\"><img loading=\"lazy\" class=\"alignleft wp-image-73871\" src=\"http:\/\/www.visit-ulcinj.com\/blog\/wp-content\/uploads\/2013\/07\/plazhi-ne-ulqin.jpg\" alt=\"plazhi ne ulqin\" width=\"508\" height=\"337\" srcset=\"https:\/\/www.visit-ulcinj.com\/blog\/wp-content\/uploads\/2013\/07\/plazhi-ne-ulqin.jpg 596w, https:\/\/www.visit-ulcinj.com\/blog\/wp-content\/uploads\/2013\/07\/plazhi-ne-ulqin-300x198.jpg 300w\" sizes=\"(max-width: 508px) 100vw, 508px\" \/><\/a>K\u00ebto dit\u00eb n\u00eb plazhet e Ulqinit v\u00ebrehet nj\u00eb fluks i madh turist\u00ebsh si nga rajoni ashtu edhe nga Evropa. P\u00ebr mbar\u00ebvajtjen e sezonit turistik jan\u00eb p\u00ebrkujdesur dhe angazhuar t\u00eb gjitha strukturat e Komun\u00ebs s\u00eb Ulqinit. N\u00eb nj\u00eb intervist\u00eb dh\u00ebn\u00eb Z\u00ebrit t\u00eb Amerik\u00ebs, kryetari i Komun\u00ebs s\u00eb Ulqinit, zoti Fatmir Gjeka, paraqiti objektivat e k\u00ebsaj komune n\u00eb t\u00eb ardhmen, ku fillimisht do t\u00eb jet\u00eb \u00a0orientimi n\u00eb investime si nga t\u00eb huajt\u00eb ashtu edhe nga emigrant\u00ebt shqiptar\u00eb me q\u00ebllim t\u00eb zhvillimit cil\u00ebsor t\u00eb turizmit.<\/p>\n<div>Korrespondenti i Z\u00ebrit t\u00eb Amerik\u00ebs Ali Salaj \u00a0p\u00ebrgatiti kronik\u00ebn q\u00eb po transmetojm\u00eb:<\/div>\n<div><\/div>\n<div>VAO<\/div>\n<div>\u00a0<!--YouTube Error: bad URL entered--><\/div>\n","protected":false},"excerpt":{"rendered":"<p>K\u00ebto dit\u00eb n\u00eb plazhet e Ulqinit v\u00ebrehet nj\u00eb fluks i madh turist\u00ebsh si nga rajoni ashtu edhe nga Evropa. P\u00ebr mbar\u00ebvajtjen e sezonit turistik jan\u00eb p\u00ebrkujdesur dhe angazhuar t\u00eb gjitha strukturat e Komun\u00ebs s\u00eb Ulqinit. N\u00eb nj\u00eb intervist\u00eb dh\u00ebn\u00eb Z\u00ebrit t\u00eb Amerik\u00ebs, kryetari i Komun\u00ebs s\u00eb Ulqinit, zoti Fatmir Gjeka, paraqiti objektivat e k\u00ebsaj komune [&hellip;]<\/p>\n","protected":false},"author":1,"featured_media":0,"comment_status":"closed","ping_status":"closed","sticky":false,"template":"","format":"standard","meta":{"spay_email":"","jetpack_publicize_message":"","jetpack_is_tweetstorm":false,"jetpack_publicize_feature_enabled":true},"categories":[11],"tags":[],"jetpack_publicize_connections":[],"yoast_head":"<!-- This site is optimized with the Yoast SEO plugin v19.1 - https:\/\/yoast.com\/wordpress\/plugins\/seo\/ -->\n<title>Projekte p\u00ebr Ulqinin - Video - Lajme nga Ulqini<\/title>\n<meta name=\"description\" content=\"K\u00ebto dit\u00eb n\u00eb plazhet e Ulqinit v\u00ebrehet nj\u00eb fluks i madh turist\u00ebsh si nga rajoni ashtu edhe nga Evropa. P\u00ebr mbar\u00ebvajtjen e sezonit turistik jan\u00eb\" \/>\n<meta name=\"robots\" content=\"index, follow, max-snippet:-1, max-image-preview:large, max-video-preview:-1\" \/>\n<link rel=\"canonical\" href=\"https:\/\/www.visit-ulcinj.com\/blog\/2015\/07\/27\/projekte-per-ulqinin-video\/\" \/>\n<meta property=\"og:locale\" content=\"en_US\" \/>\n<meta property=\"og:type\" content=\"article\" \/>\n<meta property=\"og:title\" content=\"Projekte p\u00ebr Ulqinin - Video - Lajme nga Ulqini\" \/>\n<meta property=\"og:description\" content=\"K\u00ebto dit\u00eb n\u00eb plazhet e Ulqinit v\u00ebrehet nj\u00eb fluks i madh turist\u00ebsh si nga rajoni ashtu edhe nga Evropa. P\u00ebr mbar\u00ebvajtjen e sezonit turistik jan\u00eb\" \/>\n<meta property=\"og:url\" content=\"https:\/\/www.visit-ulcinj.com\/blog\/2015\/07\/27\/projekte-per-ulqinin-video\/\" \/>\n<meta property=\"og:site_name\" content=\"Lajme nga Ulqini\" \/>\n<meta property=\"article:published_time\" content=\"2015-07-27T13:24:28+00:00\" \/>\n<meta property=\"article:modified_time\" content=\"2015-07-27T18:03:20+00:00\" \/>\n<meta property=\"og:image\" content=\"http:\/\/www.visit-ulcinj.com\/blog\/wp-content\/uploads\/2013\/07\/plazhi-ne-ulqin.jpg\" \/>\n<meta name=\"twitter:label1\" content=\"Written by\" \/>\n\t<meta name=\"twitter:data1\" content=\"ulqini\" \/>\n\t<meta name=\"twitter:label2\" content=\"Est. reading time\" \/>\n\t<meta name=\"twitter:data2\" content=\"1 minute\" \/>\n<script type=\"application\/ld+json\" class=\"yoast-schema-graph\">{\"@context\":\"https:\/\/schema.org\",\"@graph\":[{\"@type\":\"WebSite\",\"@id\":\"https:\/\/www.visit-ulcinj.com\/blog\/#website\",\"url\":\"https:\/\/www.visit-ulcinj.com\/blog\/\",\"name\":\"Lajme nga Ulqini\",\"description\":\"Lajme,Vijesti,Ulqini,Ulqin,Crna Gora,Mali i Zi\",\"potentialAction\":[{\"@type\":\"SearchAction\",\"target\":{\"@type\":\"EntryPoint\",\"urlTemplate\":\"https:\/\/www.visit-ulcinj.com\/blog\/?s={search_term_string}\"},\"query-input\":\"required name=search_term_string\"}],\"inLanguage\":\"en-US\"},{\"@type\":\"ImageObject\",\"inLanguage\":\"en-US\",\"@id\":\"https:\/\/www.visit-ulcinj.com\/blog\/2015\/07\/27\/projekte-per-ulqinin-video\/#primaryimage\",\"url\":\"https:\/\/www.visit-ulcinj.com\/blog\/wp-content\/uploads\/2013\/07\/plazhi-ne-ulqin.jpg\",\"contentUrl\":\"https:\/\/www.visit-ulcinj.com\/blog\/wp-content\/uploads\/2013\/07\/plazhi-ne-ulqin.jpg\",\"width\":596,\"height\":395},{\"@type\":\"WebPage\",\"@id\":\"https:\/\/www.visit-ulcinj.com\/blog\/2015\/07\/27\/projekte-per-ulqinin-video\/#webpage\",\"url\":\"https:\/\/www.visit-ulcinj.com\/blog\/2015\/07\/27\/projekte-per-ulqinin-video\/\",\"name\":\"Projekte p\u00ebr Ulqinin - Video - Lajme nga Ulqini\",\"isPartOf\":{\"@id\":\"https:\/\/www.visit-ulcinj.com\/blog\/#website\"},\"primaryImageOfPage\":{\"@id\":\"https:\/\/www.visit-ulcinj.com\/blog\/2015\/07\/27\/projekte-per-ulqinin-video\/#primaryimage\"},\"datePublished\":\"2015-07-27T13:24:28+00:00\",\"dateModified\":\"2015-07-27T18:03:20+00:00\",\"author\":{\"@id\":\"https:\/\/www.visit-ulcinj.com\/blog\/#\/schema\/person\/dcab619c614d3038751c63bc2aadc06d\"},\"description\":\"K\u00ebto dit\u00eb n\u00eb plazhet e Ulqinit v\u00ebrehet nj\u00eb fluks i madh turist\u00ebsh si nga rajoni ashtu edhe nga Evropa. P\u00ebr mbar\u00ebvajtjen e sezonit turistik jan\u00eb\",\"breadcrumb\":{\"@id\":\"https:\/\/www.visit-ulcinj.com\/blog\/2015\/07\/27\/projekte-per-ulqinin-video\/#breadcrumb\"},\"inLanguage\":\"en-US\",\"potentialAction\":[{\"@type\":\"ReadAction\",\"target\":[\"https:\/\/www.visit-ulcinj.com\/blog\/2015\/07\/27\/projekte-per-ulqinin-video\/\"]}]},{\"@type\":\"BreadcrumbList\",\"@id\":\"https:\/\/www.visit-ulcinj.com\/blog\/2015\/07\/27\/projekte-per-ulqinin-video\/#breadcrumb\",\"itemListElement\":[{\"@type\":\"ListItem\",\"position\":1,\"name\":\"Projekte p\u00ebr Ulqinin &#8211; Video\"}]},{\"@type\":\"Person\",\"@id\":\"https:\/\/www.visit-ulcinj.com\/blog\/#\/schema\/person\/dcab619c614d3038751c63bc2aadc06d\",\"name\":\"ulqini\",\"sameAs\":[\"http:\/\/www.visit-ulcinj.com\"],\"url\":\"https:\/\/www.visit-ulcinj.com\/blog\/author\/admin\/\"}]}<\/script>\n<!-- \/ Yoast SEO plugin. -->","yoast_head_json":{"title":"Projekte p\u00ebr Ulqinin - Video - Lajme nga Ulqini","description":"K\u00ebto dit\u00eb n\u00eb plazhet e Ulqinit v\u00ebrehet nj\u00eb fluks i madh turist\u00ebsh si nga rajoni ashtu edhe nga Evropa. P\u00ebr mbar\u00ebvajtjen e sezonit turistik jan\u00eb","robots":{"index":"index","follow":"follow","max-snippet":"max-snippet:-1","max-image-preview":"max-image-preview:large","max-video-preview":"max-video-preview:-1"},"canonical":"https:\/\/www.visit-ulcinj.com\/blog\/2015\/07\/27\/projekte-per-ulqinin-video\/","og_locale":"en_US","og_type":"article","og_title":"Projekte p\u00ebr Ulqinin - Video - Lajme nga Ulqini","og_description":"K\u00ebto dit\u00eb n\u00eb plazhet e Ulqinit v\u00ebrehet nj\u00eb fluks i madh turist\u00ebsh si nga rajoni ashtu edhe nga Evropa. P\u00ebr mbar\u00ebvajtjen e sezonit turistik jan\u00eb","og_url":"https:\/\/www.visit-ulcinj.com\/blog\/2015\/07\/27\/projekte-per-ulqinin-video\/","og_site_name":"Lajme nga Ulqini","article_published_time":"2015-07-27T13:24:28+00:00","article_modified_time":"2015-07-27T18:03:20+00:00","og_image":[{"url":"http:\/\/www.visit-ulcinj.com\/blog\/wp-content\/uploads\/2013\/07\/plazhi-ne-ulqin.jpg"}],"twitter_misc":{"Written by":"ulqini","Est. reading time":"1 minute"},"schema":{"@context":"https:\/\/schema.org","@graph":[{"@type":"WebSite","@id":"https:\/\/www.visit-ulcinj.com\/blog\/#website","url":"https:\/\/www.visit-ulcinj.com\/blog\/","name":"Lajme nga Ulqini","description":"Lajme,Vijesti,Ulqini,Ulqin,Crna Gora,Mali i Zi","potentialAction":[{"@type":"SearchAction","target":{"@type":"EntryPoint","urlTemplate":"https:\/\/www.visit-ulcinj.com\/blog\/?s={search_term_string}"},"query-input":"required name=search_term_string"}],"inLanguage":"en-US"},{"@type":"ImageObject","inLanguage":"en-US","@id":"https:\/\/www.visit-ulcinj.com\/blog\/2015\/07\/27\/projekte-per-ulqinin-video\/#primaryimage","url":"https:\/\/www.visit-ulcinj.com\/blog\/wp-content\/uploads\/2013\/07\/plazhi-ne-ulqin.jpg","contentUrl":"https:\/\/www.visit-ulcinj.com\/blog\/wp-content\/uploads\/2013\/07\/plazhi-ne-ulqin.jpg","width":596,"height":395},{"@type":"WebPage","@id":"https:\/\/www.visit-ulcinj.com\/blog\/2015\/07\/27\/projekte-per-ulqinin-video\/#webpage","url":"https:\/\/www.visit-ulcinj.com\/blog\/2015\/07\/27\/projekte-per-ulqinin-video\/","name":"Projekte p\u00ebr Ulqinin - Video - Lajme nga Ulqini","isPartOf":{"@id":"https:\/\/www.visit-ulcinj.com\/blog\/#website"},"primaryImageOfPage":{"@id":"https:\/\/www.visit-ulcinj.com\/blog\/2015\/07\/27\/projekte-per-ulqinin-video\/#primaryimage"},"datePublished":"2015-07-27T13:24:28+00:00","dateModified":"2015-07-27T18:03:20+00:00","author":{"@id":"https:\/\/www.visit-ulcinj.com\/blog\/#\/schema\/person\/dcab619c614d3038751c63bc2aadc06d"},"description":"K\u00ebto dit\u00eb n\u00eb plazhet e Ulqinit v\u00ebrehet nj\u00eb fluks i madh turist\u00ebsh si nga rajoni ashtu edhe nga Evropa. P\u00ebr mbar\u00ebvajtjen e sezonit turistik jan\u00eb","breadcrumb":{"@id":"https:\/\/www.visit-ulcinj.com\/blog\/2015\/07\/27\/projekte-per-ulqinin-video\/#breadcrumb"},"inLanguage":"en-US","potentialAction":[{"@type":"ReadAction","target":["https:\/\/www.visit-ulcinj.com\/blog\/2015\/07\/27\/projekte-per-ulqinin-video\/"]}]},{"@type":"BreadcrumbList","@id":"https:\/\/www.visit-ulcinj.com\/blog\/2015\/07\/27\/projekte-per-ulqinin-video\/#breadcrumb","itemListElement":[{"@type":"ListItem","position":1,"name":"Projekte p\u00ebr Ulqinin &#8211; Video"}]},{"@type":"Person","@id":"https:\/\/www.visit-ulcinj.com\/blog\/#\/schema\/person\/dcab619c614d3038751c63bc2aadc06d","name":"ulqini","sameAs":["http:\/\/www.visit-ulcinj.com"],"url":"https:\/\/www.visit-ulcinj.com\/blog\/author\/admin\/"}]}},"jetpack_featured_media_url":"","jetpack_sharing_enabled":true,"jetpack_shortlink":"https:\/\/wp.me\/pe6lTn-nSS","_links":{"self":[{"href":"https:\/\/www.visit-ulcinj.com\/blog\/wp-json\/wp\/v2\/posts\/91814"}],"collection":[{"href":"https:\/\/www.visit-ulcinj.com\/blog\/wp-json\/wp\/v2\/posts"}],"about":[{"href":"https:\/\/www.visit-ulcinj.com\/blog\/wp-json\/wp\/v2\/types\/post"}],"author":[{"embeddable":true,"href":"https:\/\/www.visit-ulcinj.com\/blog\/wp-json\/wp\/v2\/users\/1"}],"replies":[{"embeddable":true,"href":"https:\/\/www.visit-ulcinj.com\/blog\/wp-json\/wp\/v2\/comments?post=91814"}],"version-history":[{"count":3,"href":"https:\/\/www.visit-ulcinj.com\/blog\/wp-json\/wp\/v2\/posts\/91814\/revisions"}],"predecessor-version":[{"id":91836,"href":"https:\/\/www.visit-ulcinj.com\/blog\/wp-json\/wp\/v2\/posts\/91814\/revisions\/91836"}],"wp:attachment":[{"href":"https:\/\/www.visit-ulcinj.com\/blog\/wp-json\/wp\/v2\/media?parent=91814"}],"wp:term":[{"taxonomy":"category","embeddable":true,"href":"https:\/\/www.visit-ulcinj.com\/blog\/wp-json\/wp\/v2\/categories?post=91814"},{"taxonomy":"post_tag","embeddable":true,"href":"https:\/\/www.visit-ulcinj.com\/blog\/wp-json\/wp\/v2\/tags?post=91814"}],"curies":[{"name":"wp","href":"https:\/\/api.w.org\/{rel}","templated":true}]}}