{"id":91823,"date":"2015-07-26T15:10:19","date_gmt":"2015-07-26T14:10:19","guid":{"rendered":"http:\/\/www.visit-ulcinj.com\/blog\/?p=91823"},"modified":"2015-07-26T15:10:19","modified_gmt":"2015-07-26T14:10:19","slug":"sot-hapet-panairi-15-te-librit-ne-ulqin","status":"publish","type":"post","link":"https:\/\/www.visit-ulcinj.com\/blog\/2015\/07\/26\/sot-hapet-panairi-15-te-librit-ne-ulqin\/","title":{"rendered":"Sot hapet Panairi i 15-t\u00eb i Librit n\u00eb Ulqin"},"content":{"rendered":"<h4><a href=\"http:\/\/www.visit-ulcinj.com\/blog\/wp-content\/uploads\/2012\/07\/Panairi-i-librit-ne-uqlin.jpg\"><img loading=\"lazy\" class=\"alignleft wp-image-62483\" src=\"http:\/\/www.visit-ulcinj.com\/blog\/wp-content\/uploads\/2012\/07\/Panairi-i-librit-ne-uqlin.jpg\" alt=\"Panairi i librit ne uqlin\" width=\"508\" height=\"381\" srcset=\"https:\/\/www.visit-ulcinj.com\/blog\/wp-content\/uploads\/2012\/07\/Panairi-i-librit-ne-uqlin.jpg 720w, https:\/\/www.visit-ulcinj.com\/blog\/wp-content\/uploads\/2012\/07\/Panairi-i-librit-ne-uqlin-300x225.jpg 300w\" sizes=\"(max-width: 508px) 100vw, 508px\" \/><\/a>Instituti i Librit dhe i Promocionit n\u00eb bashk\u00ebpunim me Komun\u00ebn e Ulqinit organizojn\u00eb n\u00eb qytetin e Ulqinit, Panairin e 15-t\u00eb t\u00eb Librit \u201cUlqini 2015\u201d, nga 26 korriku \u2013 4 gusht. Panairi i sivjetsh\u00ebm realizon vazhdim\u00ebsin\u00eb e tradit\u00ebs s\u00eb organizimit t\u00eb k\u00ebsaj veprimtarie q\u00eb pritet me shum\u00eb interes nga pushuesit n\u00eb Ulqin gjat\u00eb k\u00ebtij sezoni.<\/h4>\n<p>Ve\u00e7 librave nga Shqip\u00ebria, Kosova e Maqedonia, do t\u00eb ekspozohen libra e do t\u00eb marrin pjes\u00eb botues edhe nga Mali i Zi e pakicat e tjera komb\u00ebtare t\u00eb k\u00ebsaj republike.<\/p>\n<p>Do t\u00eb jen\u00eb ata q\u00eb p\u00ebrfaq\u00ebsohen vazhdimisht n\u00eb veprimtari t\u00eb tilla me karakter kulturor komb\u00ebtar, q\u00eb vijn\u00eb nga e gjith\u00eb hap\u00ebsira shqiptare e Rajonit ton\u00eb dhe q\u00eb jan\u00eb nga p\u00ebrfaq\u00ebsuesit m\u00eb t\u00eb r\u00ebnd\u00ebsish\u00ebm t\u00eb botimeve shqiptare pas viteve \u201890. Gati 40 botues do t\u00eb jen\u00eb prezent gjat\u00eb dit\u00ebve t\u00eb Panairit ose do t\u00eb d\u00ebrgojn\u00eb botimet e tyre m\u00eb t\u00eb mira t\u00eb p\u00ebrfaq\u00ebsuara n\u00ebp\u00ebrmjet agjencive t\u00eb shp\u00ebrndarjes s\u00eb librit.<\/p>\n<p>N\u00eb Panairin e librit n\u00eb Ulqin parashikohet t\u00eb ekspozohen dhe t\u00eb ofrohen p\u00ebr shitje mbi 3500 tituj librash. Para s\u00eb gjithash let\u00ebrsi artistike t\u00eb autor\u00ebve shqiptar\u00eb e t\u00eb huaj por edhe histori, botime enciklopedike, guida turistike, let\u00ebrsi p\u00ebr f\u00ebmij\u00eb, fjalor\u00eb e metoda p\u00ebr m\u00ebsimin e shqipes dhe t\u00eb gjuh\u00ebve t\u00eb huaja, libra utilitar\u00eb p\u00ebr profesione t\u00eb ndryshme, albume e katalog\u00eb gjithfar\u00ebsh etj. etj. p\u00ebr lexuesit ulqinak\u00eb dhe pushuesit e huaj.<\/p>\n<p>N\u00eb ceremonin\u00eb e hapjes do t\u00eb marrin pjes\u00eb kryetari i Kuvendit t\u00eb Shqip\u00ebris\u00eb Ilir Meta, ministrja e Kultur\u00ebs s\u00eb Shqip\u00ebris\u00eb Mirela Kumbaro, si edhe kryetari i Kuvendit t\u00eb Kuvendit t\u00eb Malit t\u00eb Zi, Ranko Krivokapiq, kryetari i Kuvendit t\u00eb Kosov\u00ebs Kadri Veseli, ministri i Kultur\u00ebs t\u00eb Malit t\u00eb Zi Pavle Goranoviq dhe ministri i Kultur\u00ebs s\u00eb Kosov\u00ebs Kujtim Shala. Mbr\u00ebmja e dit\u00ebs s\u00eb dyt\u00eb t\u00eb Panairit do t\u2019i kushtohet vepr\u00ebs s\u00eb shkrimtar\u00ebve Fatos Kongoli dhe Gjergj Gjokaj.<\/p>\n<p><strong>Koha Net<\/strong><\/p>\n","protected":false},"excerpt":{"rendered":"<p>Instituti i Librit dhe i Promocionit n\u00eb bashk\u00ebpunim me Komun\u00ebn e Ulqinit organizojn\u00eb n\u00eb qytetin e Ulqinit, Panairin e 15-t\u00eb t\u00eb Librit \u201cUlqini 2015\u201d, nga 26 korriku \u2013 4 gusht. Panairi i sivjetsh\u00ebm realizon vazhdim\u00ebsin\u00eb e tradit\u00ebs s\u00eb organizimit t\u00eb k\u00ebsaj veprimtarie q\u00eb pritet me shum\u00eb interes nga pushuesit n\u00eb Ulqin gjat\u00eb k\u00ebtij sezoni. Ve\u00e7 [&hellip;]<\/p>\n","protected":false},"author":1,"featured_media":0,"comment_status":"closed","ping_status":"closed","sticky":false,"template":"","format":"standard","meta":{"spay_email":"","jetpack_publicize_message":"","jetpack_is_tweetstorm":false,"jetpack_publicize_feature_enabled":true},"categories":[4],"tags":[],"jetpack_publicize_connections":[],"yoast_head":"<!-- This site is optimized with the Yoast SEO plugin v19.1 - https:\/\/yoast.com\/wordpress\/plugins\/seo\/ -->\n<title>Sot hapet Panairi i 15-t\u00eb i Librit n\u00eb Ulqin - Lajme nga Ulqini<\/title>\n<meta name=\"description\" content=\"Instituti i Librit dhe i Promocionit n\u00eb bashk\u00ebpunim me Komun\u00ebn e Ulqinit organizojn\u00eb n\u00eb qytetin e Ulqinit, Panairin e 15-t\u00eb t\u00eb Librit \u201cUlqini 2015\u201d, nga\" \/>\n<meta name=\"robots\" content=\"index, follow, max-snippet:-1, max-image-preview:large, max-video-preview:-1\" \/>\n<link rel=\"canonical\" href=\"https:\/\/www.visit-ulcinj.com\/blog\/2015\/07\/26\/sot-hapet-panairi-15-te-librit-ne-ulqin\/\" \/>\n<meta property=\"og:locale\" content=\"en_US\" \/>\n<meta property=\"og:type\" content=\"article\" \/>\n<meta property=\"og:title\" content=\"Sot hapet Panairi i 15-t\u00eb i Librit n\u00eb Ulqin - Lajme nga Ulqini\" \/>\n<meta property=\"og:description\" content=\"Instituti i Librit dhe i Promocionit n\u00eb bashk\u00ebpunim me Komun\u00ebn e Ulqinit organizojn\u00eb n\u00eb qytetin e Ulqinit, Panairin e 15-t\u00eb t\u00eb Librit \u201cUlqini 2015\u201d, nga\" \/>\n<meta property=\"og:url\" content=\"https:\/\/www.visit-ulcinj.com\/blog\/2015\/07\/26\/sot-hapet-panairi-15-te-librit-ne-ulqin\/\" \/>\n<meta property=\"og:site_name\" content=\"Lajme nga Ulqini\" \/>\n<meta property=\"article:published_time\" content=\"2015-07-26T14:10:19+00:00\" \/>\n<meta property=\"og:image\" content=\"http:\/\/www.visit-ulcinj.com\/blog\/wp-content\/uploads\/2012\/07\/Panairi-i-librit-ne-uqlin.jpg\" \/>\n<meta name=\"twitter:label1\" content=\"Written by\" \/>\n\t<meta name=\"twitter:data1\" content=\"ulqini\" \/>\n\t<meta name=\"twitter:label2\" content=\"Est. reading time\" \/>\n\t<meta name=\"twitter:data2\" content=\"2 minutes\" \/>\n<script type=\"application\/ld+json\" class=\"yoast-schema-graph\">{\"@context\":\"https:\/\/schema.org\",\"@graph\":[{\"@type\":\"WebSite\",\"@id\":\"https:\/\/www.visit-ulcinj.com\/blog\/#website\",\"url\":\"https:\/\/www.visit-ulcinj.com\/blog\/\",\"name\":\"Lajme nga Ulqini\",\"description\":\"Lajme,Vijesti,Ulqini,Ulqin,Crna Gora,Mali i Zi\",\"potentialAction\":[{\"@type\":\"SearchAction\",\"target\":{\"@type\":\"EntryPoint\",\"urlTemplate\":\"https:\/\/www.visit-ulcinj.com\/blog\/?s={search_term_string}\"},\"query-input\":\"required name=search_term_string\"}],\"inLanguage\":\"en-US\"},{\"@type\":\"ImageObject\",\"inLanguage\":\"en-US\",\"@id\":\"https:\/\/www.visit-ulcinj.com\/blog\/2015\/07\/26\/sot-hapet-panairi-15-te-librit-ne-ulqin\/#primaryimage\",\"url\":\"https:\/\/www.visit-ulcinj.com\/blog\/wp-content\/uploads\/2012\/07\/Panairi-i-librit-ne-uqlin.jpg\",\"contentUrl\":\"https:\/\/www.visit-ulcinj.com\/blog\/wp-content\/uploads\/2012\/07\/Panairi-i-librit-ne-uqlin.jpg\",\"width\":\"720\",\"height\":\"540\"},{\"@type\":\"WebPage\",\"@id\":\"https:\/\/www.visit-ulcinj.com\/blog\/2015\/07\/26\/sot-hapet-panairi-15-te-librit-ne-ulqin\/#webpage\",\"url\":\"https:\/\/www.visit-ulcinj.com\/blog\/2015\/07\/26\/sot-hapet-panairi-15-te-librit-ne-ulqin\/\",\"name\":\"Sot hapet Panairi i 15-t\u00eb i Librit n\u00eb Ulqin - Lajme nga Ulqini\",\"isPartOf\":{\"@id\":\"https:\/\/www.visit-ulcinj.com\/blog\/#website\"},\"primaryImageOfPage\":{\"@id\":\"https:\/\/www.visit-ulcinj.com\/blog\/2015\/07\/26\/sot-hapet-panairi-15-te-librit-ne-ulqin\/#primaryimage\"},\"datePublished\":\"2015-07-26T14:10:19+00:00\",\"dateModified\":\"2015-07-26T14:10:19+00:00\",\"author\":{\"@id\":\"https:\/\/www.visit-ulcinj.com\/blog\/#\/schema\/person\/dcab619c614d3038751c63bc2aadc06d\"},\"description\":\"Instituti i Librit dhe i Promocionit n\u00eb bashk\u00ebpunim me Komun\u00ebn e Ulqinit organizojn\u00eb n\u00eb qytetin e Ulqinit, Panairin e 15-t\u00eb t\u00eb Librit \u201cUlqini 2015\u201d, nga\",\"breadcrumb\":{\"@id\":\"https:\/\/www.visit-ulcinj.com\/blog\/2015\/07\/26\/sot-hapet-panairi-15-te-librit-ne-ulqin\/#breadcrumb\"},\"inLanguage\":\"en-US\",\"potentialAction\":[{\"@type\":\"ReadAction\",\"target\":[\"https:\/\/www.visit-ulcinj.com\/blog\/2015\/07\/26\/sot-hapet-panairi-15-te-librit-ne-ulqin\/\"]}]},{\"@type\":\"BreadcrumbList\",\"@id\":\"https:\/\/www.visit-ulcinj.com\/blog\/2015\/07\/26\/sot-hapet-panairi-15-te-librit-ne-ulqin\/#breadcrumb\",\"itemListElement\":[{\"@type\":\"ListItem\",\"position\":1,\"name\":\"Sot hapet Panairi i 15-t\u00eb i Librit n\u00eb Ulqin\"}]},{\"@type\":\"Person\",\"@id\":\"https:\/\/www.visit-ulcinj.com\/blog\/#\/schema\/person\/dcab619c614d3038751c63bc2aadc06d\",\"name\":\"ulqini\",\"sameAs\":[\"http:\/\/www.visit-ulcinj.com\"],\"url\":\"https:\/\/www.visit-ulcinj.com\/blog\/author\/admin\/\"}]}<\/script>\n<!-- \/ Yoast SEO plugin. -->","yoast_head_json":{"title":"Sot hapet Panairi i 15-t\u00eb i Librit n\u00eb Ulqin - Lajme nga Ulqini","description":"Instituti i Librit dhe i Promocionit n\u00eb bashk\u00ebpunim me Komun\u00ebn e Ulqinit organizojn\u00eb n\u00eb qytetin e Ulqinit, Panairin e 15-t\u00eb t\u00eb Librit \u201cUlqini 2015\u201d, nga","robots":{"index":"index","follow":"follow","max-snippet":"max-snippet:-1","max-image-preview":"max-image-preview:large","max-video-preview":"max-video-preview:-1"},"canonical":"https:\/\/www.visit-ulcinj.com\/blog\/2015\/07\/26\/sot-hapet-panairi-15-te-librit-ne-ulqin\/","og_locale":"en_US","og_type":"article","og_title":"Sot hapet Panairi i 15-t\u00eb i Librit n\u00eb Ulqin - Lajme nga Ulqini","og_description":"Instituti i Librit dhe i Promocionit n\u00eb bashk\u00ebpunim me Komun\u00ebn e Ulqinit organizojn\u00eb n\u00eb qytetin e Ulqinit, Panairin e 15-t\u00eb t\u00eb Librit \u201cUlqini 2015\u201d, nga","og_url":"https:\/\/www.visit-ulcinj.com\/blog\/2015\/07\/26\/sot-hapet-panairi-15-te-librit-ne-ulqin\/","og_site_name":"Lajme nga Ulqini","article_published_time":"2015-07-26T14:10:19+00:00","og_image":[{"url":"http:\/\/www.visit-ulcinj.com\/blog\/wp-content\/uploads\/2012\/07\/Panairi-i-librit-ne-uqlin.jpg"}],"twitter_misc":{"Written by":"ulqini","Est. reading time":"2 minutes"},"schema":{"@context":"https:\/\/schema.org","@graph":[{"@type":"WebSite","@id":"https:\/\/www.visit-ulcinj.com\/blog\/#website","url":"https:\/\/www.visit-ulcinj.com\/blog\/","name":"Lajme nga Ulqini","description":"Lajme,Vijesti,Ulqini,Ulqin,Crna Gora,Mali i Zi","potentialAction":[{"@type":"SearchAction","target":{"@type":"EntryPoint","urlTemplate":"https:\/\/www.visit-ulcinj.com\/blog\/?s={search_term_string}"},"query-input":"required name=search_term_string"}],"inLanguage":"en-US"},{"@type":"ImageObject","inLanguage":"en-US","@id":"https:\/\/www.visit-ulcinj.com\/blog\/2015\/07\/26\/sot-hapet-panairi-15-te-librit-ne-ulqin\/#primaryimage","url":"https:\/\/www.visit-ulcinj.com\/blog\/wp-content\/uploads\/2012\/07\/Panairi-i-librit-ne-uqlin.jpg","contentUrl":"https:\/\/www.visit-ulcinj.com\/blog\/wp-content\/uploads\/2012\/07\/Panairi-i-librit-ne-uqlin.jpg","width":"720","height":"540"},{"@type":"WebPage","@id":"https:\/\/www.visit-ulcinj.com\/blog\/2015\/07\/26\/sot-hapet-panairi-15-te-librit-ne-ulqin\/#webpage","url":"https:\/\/www.visit-ulcinj.com\/blog\/2015\/07\/26\/sot-hapet-panairi-15-te-librit-ne-ulqin\/","name":"Sot hapet Panairi i 15-t\u00eb i Librit n\u00eb Ulqin - Lajme nga Ulqini","isPartOf":{"@id":"https:\/\/www.visit-ulcinj.com\/blog\/#website"},"primaryImageOfPage":{"@id":"https:\/\/www.visit-ulcinj.com\/blog\/2015\/07\/26\/sot-hapet-panairi-15-te-librit-ne-ulqin\/#primaryimage"},"datePublished":"2015-07-26T14:10:19+00:00","dateModified":"2015-07-26T14:10:19+00:00","author":{"@id":"https:\/\/www.visit-ulcinj.com\/blog\/#\/schema\/person\/dcab619c614d3038751c63bc2aadc06d"},"description":"Instituti i Librit dhe i Promocionit n\u00eb bashk\u00ebpunim me Komun\u00ebn e Ulqinit organizojn\u00eb n\u00eb qytetin e Ulqinit, Panairin e 15-t\u00eb t\u00eb Librit \u201cUlqini 2015\u201d, nga","breadcrumb":{"@id":"https:\/\/www.visit-ulcinj.com\/blog\/2015\/07\/26\/sot-hapet-panairi-15-te-librit-ne-ulqin\/#breadcrumb"},"inLanguage":"en-US","potentialAction":[{"@type":"ReadAction","target":["https:\/\/www.visit-ulcinj.com\/blog\/2015\/07\/26\/sot-hapet-panairi-15-te-librit-ne-ulqin\/"]}]},{"@type":"BreadcrumbList","@id":"https:\/\/www.visit-ulcinj.com\/blog\/2015\/07\/26\/sot-hapet-panairi-15-te-librit-ne-ulqin\/#breadcrumb","itemListElement":[{"@type":"ListItem","position":1,"name":"Sot hapet Panairi i 15-t\u00eb i Librit n\u00eb Ulqin"}]},{"@type":"Person","@id":"https:\/\/www.visit-ulcinj.com\/blog\/#\/schema\/person\/dcab619c614d3038751c63bc2aadc06d","name":"ulqini","sameAs":["http:\/\/www.visit-ulcinj.com"],"url":"https:\/\/www.visit-ulcinj.com\/blog\/author\/admin\/"}]}},"jetpack_featured_media_url":"","jetpack_sharing_enabled":true,"jetpack_shortlink":"https:\/\/wp.me\/pe6lTn-nT1","_links":{"self":[{"href":"https:\/\/www.visit-ulcinj.com\/blog\/wp-json\/wp\/v2\/posts\/91823"}],"collection":[{"href":"https:\/\/www.visit-ulcinj.com\/blog\/wp-json\/wp\/v2\/posts"}],"about":[{"href":"https:\/\/www.visit-ulcinj.com\/blog\/wp-json\/wp\/v2\/types\/post"}],"author":[{"embeddable":true,"href":"https:\/\/www.visit-ulcinj.com\/blog\/wp-json\/wp\/v2\/users\/1"}],"replies":[{"embeddable":true,"href":"https:\/\/www.visit-ulcinj.com\/blog\/wp-json\/wp\/v2\/comments?post=91823"}],"version-history":[{"count":1,"href":"https:\/\/www.visit-ulcinj.com\/blog\/wp-json\/wp\/v2\/posts\/91823\/revisions"}],"predecessor-version":[{"id":91824,"href":"https:\/\/www.visit-ulcinj.com\/blog\/wp-json\/wp\/v2\/posts\/91823\/revisions\/91824"}],"wp:attachment":[{"href":"https:\/\/www.visit-ulcinj.com\/blog\/wp-json\/wp\/v2\/media?parent=91823"}],"wp:term":[{"taxonomy":"category","embeddable":true,"href":"https:\/\/www.visit-ulcinj.com\/blog\/wp-json\/wp\/v2\/categories?post=91823"},{"taxonomy":"post_tag","embeddable":true,"href":"https:\/\/www.visit-ulcinj.com\/blog\/wp-json\/wp\/v2\/tags?post=91823"}],"curies":[{"name":"wp","href":"https:\/\/api.w.org\/{rel}","templated":true}]}}