{"id":91830,"date":"2015-07-27T18:19:41","date_gmt":"2015-07-27T17:19:41","guid":{"rendered":"http:\/\/www.visit-ulcinj.com\/blog\/?p=91830"},"modified":"2015-07-27T18:23:24","modified_gmt":"2015-07-27T17:23:24","slug":"edicioni-23-te-manifestimit-kalimera-poetike-29-31-korrik-2015","status":"publish","type":"post","link":"https:\/\/www.visit-ulcinj.com\/blog\/2015\/07\/27\/edicioni-23-te-manifestimit-kalimera-poetike-29-31-korrik-2015\/","title":{"rendered":"Edicioni i 23-t\u00eb i manifestimit \u201cKalimera Poetike\u201d m\u00eb 29-31 korrik 2015"},"content":{"rendered":"<p><a href=\"http:\/\/www.visit-ulcinj.com\/blog\/wp-content\/uploads\/2013\/07\/Kalimera-Poetike-Art-Club-Ulqin.jpg\"><img loading=\"lazy\" class=\"alignleft wp-image-73789\" src=\"http:\/\/www.visit-ulcinj.com\/blog\/wp-content\/uploads\/2013\/07\/Kalimera-Poetike-Art-Club-Ulqin.jpg\" alt=\"Kalimera-Poetike-Art-Club-Ulqin\" width=\"508\" height=\"317\" srcset=\"https:\/\/www.visit-ulcinj.com\/blog\/wp-content\/uploads\/2013\/07\/Kalimera-Poetike-Art-Club-Ulqin.jpg 486w, https:\/\/www.visit-ulcinj.com\/blog\/wp-content\/uploads\/2013\/07\/Kalimera-Poetike-Art-Club-Ulqin-300x187.jpg 300w\" sizes=\"(max-width: 508px) 100vw, 508px\" \/><\/a>Shoqata e Artist\u00ebve dhe Intelektual\u00ebve \u201cArt Club\u201d do t\u00eb organizoj\u00eb m\u00eb 29-31 korrik 2015 manifestimin tradicional \u201cKalimera Poetike\u201d. Edicioni i sivjetsh\u00ebm, i 23-t\u00eb me radh\u00eb, do t\u00eb vazhdoj\u00eb tradit\u00ebn e edicioneve t\u00eb kaluara, ku kan\u00eb marr\u00eb pjes\u00eb shkrimtar\u00ebt m\u00eb t\u00eb njohur shqiptar\u00eb dhe nga vende t\u00eb tjera. Mysafir\u00eb t\u00eb k\u00ebtij edicioni jan\u00eb shkrimtarja Mira Meksi nga Shqip\u00ebria, shkrimtari akademik kroat Luko Paljetak dhe shkrimtari shqiptar nga Mali i Zi, Fran Camaj, t\u00eb cil\u00ebve do t\u2019u kushtohen mbr\u00ebmje autoriale.<\/p>\n<p>Q\u00ebllimi kryesor i k\u00ebsaj veprimtarie \u00ebsht\u00eb t\u00eb promovoj\u00eb krijimtarin\u00eb m\u00eb t\u00eb mir\u00eb letrare shqiptare, por edhe ballkanike dhe t\u00eb huaj, n\u00eb m\u00ebnyr\u00eb q\u00eb ta b\u00ebj\u00eb at\u00eb t\u00eb njohur p\u00ebr publikun vendas dhe turist\u00ebt.<\/p>\n<p>\u201cKalimera Poetike\u201d vler\u00ebsohet si ngjarja m\u00eb e r\u00ebnd\u00ebsishme n\u00eb fush\u00ebn e let\u00ebrsis\u00eb nd\u00ebr shqiptar\u00ebt n\u00eb Mal t\u00eb Zi dhe m\u00eb gjer\u00eb. Duke pasur parasysh rrug\u00ebn e zhvillimit t\u00eb k\u00ebsaj veprimtarie nd\u00ebr vite, mund t\u00eb thuhet se \u201cKalimera Poetike\u201d \u00ebsht\u00eb shnd\u00ebrruar n\u00eb or\u00eb letrare akademike t\u00eb let\u00ebrsis\u00eb shqipe. Gjat\u00eb dit\u00ebve t\u00eb zhvillimit t\u00eb saj, Ulqini shnd\u00ebrrohet n\u00eb qend\u00ebr dhe vendtakim t\u00eb shkrimtar\u00ebve shqiptar\u00eb dhe atyre nga rajoni. Ky manifestim i sh\u00ebrben po ashtu pasurimit t\u00eb ofert\u00ebs turistike t\u00eb Ulqinit gjat\u00eb sezonit turistik.<\/p>\n<p><em>Ulqin, m\u00eb 27 korrik 2015<\/em><\/p>\n<p>&nbsp;<\/p>\n<p><strong>\u201cKalimera Poetike 2015\u201d<\/strong><\/p>\n<p><strong><em>Art festival<\/em><\/strong><\/p>\n<p>(29-31 korrik 2015)<\/p>\n<p><strong>\u00a0<\/strong><\/p>\n<p><strong>\u00a0<\/strong><\/p>\n<p><strong>Programi<\/strong><\/p>\n<p>&nbsp;<\/p>\n<p><strong><br \/>\n<\/strong><\/p>\n<p><strong>E M\u00cbRKUR\u00cb, 29 korrik 2015<\/strong><\/p>\n<p>(Muzeu n\u00eb Kalan\u00eb e Ulqinit, ora 21.00)<\/p>\n<p>&nbsp;<\/p>\n<p><strong>Hapja e manifestimit <\/strong><\/p>\n<p>&nbsp;<\/p>\n<p><strong>Fjala p\u00ebrsh\u00ebndet\u00ebse <\/strong><\/p>\n<p>Ali Salaj, kryetar i SHAI \u201cArt Club\u201d<\/p>\n<p>&nbsp;<\/p>\n<p><strong>Mbr\u00ebmje autoriale <\/strong><\/p>\n<p>me shkrimtaren Mira Meksi<\/p>\n<p>&nbsp;<\/p>\n<p><strong>Moderatore: <\/strong><\/p>\n<p>Dr. Sazana \u00c7apriqi<\/p>\n<p>&nbsp;<\/p>\n<p><strong>\u00a0<\/strong><\/p>\n<p><strong>\u00a0<\/strong><\/p>\n<p><strong>\u00a0<\/strong><\/p>\n<p><strong>E ENJTE, 30 korrik 2015<\/strong><\/p>\n<p>(Muzeu n\u00eb Kalan\u00eb e Ulqinit, ora 21.00)<\/p>\n<p>&nbsp;<\/p>\n<p><strong>Mbr\u00ebmje autoriale <\/strong><\/p>\n<p>me shkrimtarin akademik Luko Paljetak<\/p>\n<p>&nbsp;<\/p>\n<p><strong>Moderator: <\/strong><\/p>\n<p>Mirash Martinoviq<\/p>\n<p>&nbsp;<\/p>\n<p><strong>E PREMTE, 31 korrik 2015 <\/strong><\/p>\n<p>(Muzeu n\u00eb Kalan\u00eb e Ulqinit, ora 21.00)<\/p>\n<p>&nbsp;<\/p>\n<p><strong>Mbr\u00ebmje autoriale <\/strong><\/p>\n<p>me shkrimtarin Fran Camaj<\/p>\n<p>&nbsp;<\/p>\n<p><strong>Flet p\u00ebr krijimtarin\u00eb e autorit<\/strong><\/p>\n<p>Arjeta Ferlushkaj, studiuese e let\u00ebrsis\u00eb<\/p>\n<p><strong><span style=\"text-decoration: underline;\">\u00a0<\/span><\/strong><\/p>\n<p><strong>Moderator: <\/strong><\/p>\n<p>Nikoll\u00eb Berishaj<\/p>\n<p>&nbsp;<\/p>\n<p><strong>Mbyllja e manifestimit<\/strong><\/p>\n<p><strong>\u00a0<\/strong><\/p>\n<p><strong>\u00a0\u00a0\u00a0\u00a0\u00a0\u00a0\u00a0\u00a0\u00a0\u00a0\u00a0\u00a0\u00a0\u00a0\u00a0\u00a0\u00a0\u00a0\u00a0\u00a0\u00a0\u00a0\u00a0\u00a0\u00a0\u00a0\u00a0\u00a0\u00a0\u00a0\u00a0\u00a0\u00a0\u00a0\u00a0\u00a0\u00a0\u00a0\u00a0\u00a0\u00a0\u00a0\u00a0\u00a0\u00a0\u00a0\u00a0\u00a0\u00a0\u00a0\u00a0\u00a0\u00a0\u00a0\u00a0\u00a0\u00a0\u00a0\u00a0\u00a0\u00a0\u00a0\u00a0\u00a0\u00a0\u00a0\u00a0\u00a0\u00a0\u00a0 <\/strong><\/p>\n","protected":false},"excerpt":{"rendered":"<p>Shoqata e Artist\u00ebve dhe Intelektual\u00ebve \u201cArt Club\u201d do t\u00eb organizoj\u00eb m\u00eb 29-31 korrik 2015 manifestimin tradicional \u201cKalimera Poetike\u201d. Edicioni i sivjetsh\u00ebm, i 23-t\u00eb me radh\u00eb, do t\u00eb vazhdoj\u00eb tradit\u00ebn e edicioneve t\u00eb kaluara, ku kan\u00eb marr\u00eb pjes\u00eb shkrimtar\u00ebt m\u00eb t\u00eb njohur shqiptar\u00eb dhe nga vende t\u00eb tjera. Mysafir\u00eb t\u00eb k\u00ebtij edicioni jan\u00eb shkrimtarja Mira Meksi [&hellip;]<\/p>\n","protected":false},"author":1,"featured_media":0,"comment_status":"closed","ping_status":"closed","sticky":false,"template":"","format":"standard","meta":{"spay_email":"","jetpack_publicize_message":"","jetpack_is_tweetstorm":false,"jetpack_publicize_feature_enabled":true},"categories":[6950],"tags":[],"jetpack_publicize_connections":[],"yoast_head":"<!-- This site is optimized with the Yoast SEO plugin v19.1 - https:\/\/yoast.com\/wordpress\/plugins\/seo\/ -->\n<title>Edicioni i 23-t\u00eb i manifestimit \u201cKalimera Poetike\u201d m\u00eb 29-31 korrik 2015 - Lajme nga Ulqini<\/title>\n<meta name=\"description\" content=\"Shoqata e Artist\u00ebve dhe Intelektual\u00ebve \u201cArt Club\u201d do t\u00eb organizoj\u00eb m\u00eb 29-31 korrik 2015 manifestimin tradicional \u201cKalimera Poetike\u201d. Edicioni i\" \/>\n<meta name=\"robots\" content=\"index, follow, max-snippet:-1, max-image-preview:large, max-video-preview:-1\" \/>\n<link rel=\"canonical\" href=\"https:\/\/www.visit-ulcinj.com\/blog\/2015\/07\/27\/edicioni-23-te-manifestimit-kalimera-poetike-29-31-korrik-2015\/\" \/>\n<meta property=\"og:locale\" content=\"en_US\" \/>\n<meta property=\"og:type\" content=\"article\" \/>\n<meta property=\"og:title\" content=\"Edicioni i 23-t\u00eb i manifestimit \u201cKalimera Poetike\u201d m\u00eb 29-31 korrik 2015 - Lajme nga Ulqini\" \/>\n<meta property=\"og:description\" content=\"Shoqata e Artist\u00ebve dhe Intelektual\u00ebve \u201cArt Club\u201d do t\u00eb organizoj\u00eb m\u00eb 29-31 korrik 2015 manifestimin tradicional \u201cKalimera Poetike\u201d. Edicioni i\" \/>\n<meta property=\"og:url\" content=\"https:\/\/www.visit-ulcinj.com\/blog\/2015\/07\/27\/edicioni-23-te-manifestimit-kalimera-poetike-29-31-korrik-2015\/\" \/>\n<meta property=\"og:site_name\" content=\"Lajme nga Ulqini\" \/>\n<meta property=\"article:published_time\" content=\"2015-07-27T17:19:41+00:00\" \/>\n<meta property=\"article:modified_time\" content=\"2015-07-27T17:23:24+00:00\" \/>\n<meta property=\"og:image\" content=\"http:\/\/www.visit-ulcinj.com\/blog\/wp-content\/uploads\/2013\/07\/Kalimera-Poetike-Art-Club-Ulqin.jpg\" \/>\n<meta name=\"twitter:label1\" content=\"Written by\" \/>\n\t<meta name=\"twitter:data1\" content=\"ulqini\" \/>\n\t<meta name=\"twitter:label2\" content=\"Est. reading time\" \/>\n\t<meta name=\"twitter:data2\" content=\"2 minutes\" \/>\n<script type=\"application\/ld+json\" class=\"yoast-schema-graph\">{\"@context\":\"https:\/\/schema.org\",\"@graph\":[{\"@type\":\"WebSite\",\"@id\":\"https:\/\/www.visit-ulcinj.com\/blog\/#website\",\"url\":\"https:\/\/www.visit-ulcinj.com\/blog\/\",\"name\":\"Lajme nga Ulqini\",\"description\":\"Lajme,Vijesti,Ulqini,Ulqin,Crna Gora,Mali i Zi\",\"potentialAction\":[{\"@type\":\"SearchAction\",\"target\":{\"@type\":\"EntryPoint\",\"urlTemplate\":\"https:\/\/www.visit-ulcinj.com\/blog\/?s={search_term_string}\"},\"query-input\":\"required name=search_term_string\"}],\"inLanguage\":\"en-US\"},{\"@type\":\"ImageObject\",\"inLanguage\":\"en-US\",\"@id\":\"https:\/\/www.visit-ulcinj.com\/blog\/2015\/07\/27\/edicioni-23-te-manifestimit-kalimera-poetike-29-31-korrik-2015\/#primaryimage\",\"url\":\"https:\/\/www.visit-ulcinj.com\/blog\/wp-content\/uploads\/2013\/07\/Kalimera-Poetike-Art-Club-Ulqin.jpg\",\"contentUrl\":\"https:\/\/www.visit-ulcinj.com\/blog\/wp-content\/uploads\/2013\/07\/Kalimera-Poetike-Art-Club-Ulqin.jpg\",\"width\":486,\"height\":303},{\"@type\":\"WebPage\",\"@id\":\"https:\/\/www.visit-ulcinj.com\/blog\/2015\/07\/27\/edicioni-23-te-manifestimit-kalimera-poetike-29-31-korrik-2015\/#webpage\",\"url\":\"https:\/\/www.visit-ulcinj.com\/blog\/2015\/07\/27\/edicioni-23-te-manifestimit-kalimera-poetike-29-31-korrik-2015\/\",\"name\":\"Edicioni i 23-t\u00eb i manifestimit \u201cKalimera Poetike\u201d m\u00eb 29-31 korrik 2015 - Lajme nga Ulqini\",\"isPartOf\":{\"@id\":\"https:\/\/www.visit-ulcinj.com\/blog\/#website\"},\"primaryImageOfPage\":{\"@id\":\"https:\/\/www.visit-ulcinj.com\/blog\/2015\/07\/27\/edicioni-23-te-manifestimit-kalimera-poetike-29-31-korrik-2015\/#primaryimage\"},\"datePublished\":\"2015-07-27T17:19:41+00:00\",\"dateModified\":\"2015-07-27T17:23:24+00:00\",\"author\":{\"@id\":\"https:\/\/www.visit-ulcinj.com\/blog\/#\/schema\/person\/dcab619c614d3038751c63bc2aadc06d\"},\"description\":\"Shoqata e Artist\u00ebve dhe Intelektual\u00ebve \u201cArt Club\u201d do t\u00eb organizoj\u00eb m\u00eb 29-31 korrik 2015 manifestimin tradicional \u201cKalimera Poetike\u201d. Edicioni i\",\"breadcrumb\":{\"@id\":\"https:\/\/www.visit-ulcinj.com\/blog\/2015\/07\/27\/edicioni-23-te-manifestimit-kalimera-poetike-29-31-korrik-2015\/#breadcrumb\"},\"inLanguage\":\"en-US\",\"potentialAction\":[{\"@type\":\"ReadAction\",\"target\":[\"https:\/\/www.visit-ulcinj.com\/blog\/2015\/07\/27\/edicioni-23-te-manifestimit-kalimera-poetike-29-31-korrik-2015\/\"]}]},{\"@type\":\"BreadcrumbList\",\"@id\":\"https:\/\/www.visit-ulcinj.com\/blog\/2015\/07\/27\/edicioni-23-te-manifestimit-kalimera-poetike-29-31-korrik-2015\/#breadcrumb\",\"itemListElement\":[{\"@type\":\"ListItem\",\"position\":1,\"name\":\"Edicioni i 23-t\u00eb i manifestimit \u201cKalimera Poetike\u201d m\u00eb 29-31 korrik 2015\"}]},{\"@type\":\"Person\",\"@id\":\"https:\/\/www.visit-ulcinj.com\/blog\/#\/schema\/person\/dcab619c614d3038751c63bc2aadc06d\",\"name\":\"ulqini\",\"sameAs\":[\"http:\/\/www.visit-ulcinj.com\"],\"url\":\"https:\/\/www.visit-ulcinj.com\/blog\/author\/admin\/\"}]}<\/script>\n<!-- \/ Yoast SEO plugin. -->","yoast_head_json":{"title":"Edicioni i 23-t\u00eb i manifestimit \u201cKalimera Poetike\u201d m\u00eb 29-31 korrik 2015 - Lajme nga Ulqini","description":"Shoqata e Artist\u00ebve dhe Intelektual\u00ebve \u201cArt Club\u201d do t\u00eb organizoj\u00eb m\u00eb 29-31 korrik 2015 manifestimin tradicional \u201cKalimera Poetike\u201d. Edicioni i","robots":{"index":"index","follow":"follow","max-snippet":"max-snippet:-1","max-image-preview":"max-image-preview:large","max-video-preview":"max-video-preview:-1"},"canonical":"https:\/\/www.visit-ulcinj.com\/blog\/2015\/07\/27\/edicioni-23-te-manifestimit-kalimera-poetike-29-31-korrik-2015\/","og_locale":"en_US","og_type":"article","og_title":"Edicioni i 23-t\u00eb i manifestimit \u201cKalimera Poetike\u201d m\u00eb 29-31 korrik 2015 - Lajme nga Ulqini","og_description":"Shoqata e Artist\u00ebve dhe Intelektual\u00ebve \u201cArt Club\u201d do t\u00eb organizoj\u00eb m\u00eb 29-31 korrik 2015 manifestimin tradicional \u201cKalimera Poetike\u201d. Edicioni i","og_url":"https:\/\/www.visit-ulcinj.com\/blog\/2015\/07\/27\/edicioni-23-te-manifestimit-kalimera-poetike-29-31-korrik-2015\/","og_site_name":"Lajme nga Ulqini","article_published_time":"2015-07-27T17:19:41+00:00","article_modified_time":"2015-07-27T17:23:24+00:00","og_image":[{"url":"http:\/\/www.visit-ulcinj.com\/blog\/wp-content\/uploads\/2013\/07\/Kalimera-Poetike-Art-Club-Ulqin.jpg"}],"twitter_misc":{"Written by":"ulqini","Est. reading time":"2 minutes"},"schema":{"@context":"https:\/\/schema.org","@graph":[{"@type":"WebSite","@id":"https:\/\/www.visit-ulcinj.com\/blog\/#website","url":"https:\/\/www.visit-ulcinj.com\/blog\/","name":"Lajme nga Ulqini","description":"Lajme,Vijesti,Ulqini,Ulqin,Crna Gora,Mali i Zi","potentialAction":[{"@type":"SearchAction","target":{"@type":"EntryPoint","urlTemplate":"https:\/\/www.visit-ulcinj.com\/blog\/?s={search_term_string}"},"query-input":"required name=search_term_string"}],"inLanguage":"en-US"},{"@type":"ImageObject","inLanguage":"en-US","@id":"https:\/\/www.visit-ulcinj.com\/blog\/2015\/07\/27\/edicioni-23-te-manifestimit-kalimera-poetike-29-31-korrik-2015\/#primaryimage","url":"https:\/\/www.visit-ulcinj.com\/blog\/wp-content\/uploads\/2013\/07\/Kalimera-Poetike-Art-Club-Ulqin.jpg","contentUrl":"https:\/\/www.visit-ulcinj.com\/blog\/wp-content\/uploads\/2013\/07\/Kalimera-Poetike-Art-Club-Ulqin.jpg","width":486,"height":303},{"@type":"WebPage","@id":"https:\/\/www.visit-ulcinj.com\/blog\/2015\/07\/27\/edicioni-23-te-manifestimit-kalimera-poetike-29-31-korrik-2015\/#webpage","url":"https:\/\/www.visit-ulcinj.com\/blog\/2015\/07\/27\/edicioni-23-te-manifestimit-kalimera-poetike-29-31-korrik-2015\/","name":"Edicioni i 23-t\u00eb i manifestimit \u201cKalimera Poetike\u201d m\u00eb 29-31 korrik 2015 - Lajme nga Ulqini","isPartOf":{"@id":"https:\/\/www.visit-ulcinj.com\/blog\/#website"},"primaryImageOfPage":{"@id":"https:\/\/www.visit-ulcinj.com\/blog\/2015\/07\/27\/edicioni-23-te-manifestimit-kalimera-poetike-29-31-korrik-2015\/#primaryimage"},"datePublished":"2015-07-27T17:19:41+00:00","dateModified":"2015-07-27T17:23:24+00:00","author":{"@id":"https:\/\/www.visit-ulcinj.com\/blog\/#\/schema\/person\/dcab619c614d3038751c63bc2aadc06d"},"description":"Shoqata e Artist\u00ebve dhe Intelektual\u00ebve \u201cArt Club\u201d do t\u00eb organizoj\u00eb m\u00eb 29-31 korrik 2015 manifestimin tradicional \u201cKalimera Poetike\u201d. Edicioni i","breadcrumb":{"@id":"https:\/\/www.visit-ulcinj.com\/blog\/2015\/07\/27\/edicioni-23-te-manifestimit-kalimera-poetike-29-31-korrik-2015\/#breadcrumb"},"inLanguage":"en-US","potentialAction":[{"@type":"ReadAction","target":["https:\/\/www.visit-ulcinj.com\/blog\/2015\/07\/27\/edicioni-23-te-manifestimit-kalimera-poetike-29-31-korrik-2015\/"]}]},{"@type":"BreadcrumbList","@id":"https:\/\/www.visit-ulcinj.com\/blog\/2015\/07\/27\/edicioni-23-te-manifestimit-kalimera-poetike-29-31-korrik-2015\/#breadcrumb","itemListElement":[{"@type":"ListItem","position":1,"name":"Edicioni i 23-t\u00eb i manifestimit \u201cKalimera Poetike\u201d m\u00eb 29-31 korrik 2015"}]},{"@type":"Person","@id":"https:\/\/www.visit-ulcinj.com\/blog\/#\/schema\/person\/dcab619c614d3038751c63bc2aadc06d","name":"ulqini","sameAs":["http:\/\/www.visit-ulcinj.com"],"url":"https:\/\/www.visit-ulcinj.com\/blog\/author\/admin\/"}]}},"jetpack_featured_media_url":"","jetpack_sharing_enabled":true,"jetpack_shortlink":"https:\/\/wp.me\/pe6lTn-nT8","_links":{"self":[{"href":"https:\/\/www.visit-ulcinj.com\/blog\/wp-json\/wp\/v2\/posts\/91830"}],"collection":[{"href":"https:\/\/www.visit-ulcinj.com\/blog\/wp-json\/wp\/v2\/posts"}],"about":[{"href":"https:\/\/www.visit-ulcinj.com\/blog\/wp-json\/wp\/v2\/types\/post"}],"author":[{"embeddable":true,"href":"https:\/\/www.visit-ulcinj.com\/blog\/wp-json\/wp\/v2\/users\/1"}],"replies":[{"embeddable":true,"href":"https:\/\/www.visit-ulcinj.com\/blog\/wp-json\/wp\/v2\/comments?post=91830"}],"version-history":[{"count":2,"href":"https:\/\/www.visit-ulcinj.com\/blog\/wp-json\/wp\/v2\/posts\/91830\/revisions"}],"predecessor-version":[{"id":91832,"href":"https:\/\/www.visit-ulcinj.com\/blog\/wp-json\/wp\/v2\/posts\/91830\/revisions\/91832"}],"wp:attachment":[{"href":"https:\/\/www.visit-ulcinj.com\/blog\/wp-json\/wp\/v2\/media?parent=91830"}],"wp:term":[{"taxonomy":"category","embeddable":true,"href":"https:\/\/www.visit-ulcinj.com\/blog\/wp-json\/wp\/v2\/categories?post=91830"},{"taxonomy":"post_tag","embeddable":true,"href":"https:\/\/www.visit-ulcinj.com\/blog\/wp-json\/wp\/v2\/tags?post=91830"}],"curies":[{"name":"wp","href":"https:\/\/api.w.org\/{rel}","templated":true}]}}