{"id":91843,"date":"2015-07-28T09:20:57","date_gmt":"2015-07-28T08:20:57","guid":{"rendered":"http:\/\/www.visit-ulcinj.com\/blog\/?p=91843"},"modified":"2015-07-28T09:23:44","modified_gmt":"2015-07-28T08:23:44","slug":"otvoren-sajam-knjiga-u-ulcinju","status":"publish","type":"post","link":"https:\/\/www.visit-ulcinj.com\/blog\/2015\/07\/28\/otvoren-sajam-knjiga-u-ulcinju\/","title":{"rendered":"Otvoren Sajam knjiga u Ulcinju"},"content":{"rendered":"<p><a href=\"http:\/\/www.visit-ulcinj.com\/blog\/wp-content\/uploads\/2015\/07\/Ministar-Pavle-Goranovic-Sajam-knjiga-Ulcinj.jpg\"><img loading=\"lazy\" class=\"alignleft wp-image-91839\" src=\"http:\/\/www.visit-ulcinj.com\/blog\/wp-content\/uploads\/2015\/07\/Ministar-Pavle-Goranovic-Sajam-knjiga-Ulcinj.jpg\" alt=\"Ministar-Pavle-Goranovic-Sajam-knjiga-Ulcinj\" width=\"508\" height=\"361\" \/><\/a>Sajam knjiga na Pristanu u Ulcinju otvoren je sino\u0107, a na ovoj manifestaciji bi\u0107e izlo\u017eeno 3.500 naslova.<\/p>\n<div class=\"body-text\">\n<p>Sajam je otvorio gradona\u010delnik Ulcinja Fatmir \u0110eka istakav\u0161i da je ova manifestacija postala regionalni kulturni doga\u0111aj.<\/p>\n<p><a href=\"http:\/\/www.visit-ulcinj.com\/blog\/wp-content\/uploads\/2015\/07\/panairi-i-librit-sajam-knjiga.jpg\"><img loading=\"lazy\" class=\"alignleft wp-image-91845\" src=\"http:\/\/www.visit-ulcinj.com\/blog\/wp-content\/uploads\/2015\/07\/panairi-i-librit-sajam-knjiga.jpg\" alt=\"panairi-i-librit-sajam-knjiga\" width=\"508\" height=\"381\" \/><\/a><\/p>\n<p>Otvaranju su prisustvovali predsjednik Skup\u0161tine Albanije Ilir Meta, te ministri kultura Crne Gore, Albanije i Kosova Pavle Goranovi\u0107, Mirela Kumbaro Furd\u017ei i Kujtim \u0160alja, kao i predsjednik crnogorskog parlamenta Ranko Krivokapi\u0107 koji je istakao da je\u00a0Ulcinj ovom manifestacijom potvrdio trajanje u knjizi, prenosi UL info.<\/p>\n<p>Sajam knjiga koji se odr\u017eava 15. put organizuje op\u0161tina Ulcinj i Institut za promociju knjige iz Tirane.<\/p>\n<\/div>\n","protected":false},"excerpt":{"rendered":"<p>Sajam knjiga na Pristanu u Ulcinju otvoren je sino\u0107, a na ovoj manifestaciji bi\u0107e izlo\u017eeno 3.500 naslova. Sajam je otvorio gradona\u010delnik Ulcinja Fatmir \u0110eka istakav\u0161i da je ova manifestacija postala regionalni kulturni doga\u0111aj. Otvaranju su prisustvovali predsjednik Skup\u0161tine Albanije Ilir Meta, te ministri kultura Crne Gore, Albanije i Kosova Pavle Goranovi\u0107, Mirela Kumbaro Furd\u017ei i [&hellip;]<\/p>\n","protected":false},"author":1,"featured_media":0,"comment_status":"closed","ping_status":"closed","sticky":false,"template":"","format":"standard","meta":{"spay_email":"","jetpack_publicize_message":"","jetpack_is_tweetstorm":false,"jetpack_publicize_feature_enabled":true},"categories":[8337],"tags":[],"jetpack_publicize_connections":[],"yoast_head":"<!-- This site is optimized with the Yoast SEO plugin v19.1 - https:\/\/yoast.com\/wordpress\/plugins\/seo\/ -->\n<title>Otvoren Sajam knjiga u Ulcinju - Lajme nga Ulqini<\/title>\n<meta name=\"description\" content=\"Sajam knjiga na Pristanu u Ulcinju otvoren je sino\u0107, a na ovoj manifestaciji bi\u0107e izlo\u017eeno 3.500 naslova. Sajam je otvorio gradona\u010delnik Ulcinja Fatmir\" \/>\n<meta name=\"robots\" content=\"index, follow, max-snippet:-1, max-image-preview:large, max-video-preview:-1\" \/>\n<link rel=\"canonical\" href=\"https:\/\/www.visit-ulcinj.com\/blog\/2015\/07\/28\/otvoren-sajam-knjiga-u-ulcinju\/\" \/>\n<meta property=\"og:locale\" content=\"en_US\" \/>\n<meta property=\"og:type\" content=\"article\" \/>\n<meta property=\"og:title\" content=\"Otvoren Sajam knjiga u Ulcinju - Lajme nga Ulqini\" \/>\n<meta property=\"og:description\" content=\"Sajam knjiga na Pristanu u Ulcinju otvoren je sino\u0107, a na ovoj manifestaciji bi\u0107e izlo\u017eeno 3.500 naslova. Sajam je otvorio gradona\u010delnik Ulcinja Fatmir\" \/>\n<meta property=\"og:url\" content=\"https:\/\/www.visit-ulcinj.com\/blog\/2015\/07\/28\/otvoren-sajam-knjiga-u-ulcinju\/\" \/>\n<meta property=\"og:site_name\" content=\"Lajme nga Ulqini\" \/>\n<meta property=\"article:published_time\" content=\"2015-07-28T08:20:57+00:00\" \/>\n<meta property=\"article:modified_time\" content=\"2015-07-28T08:23:44+00:00\" \/>\n<meta property=\"og:image\" content=\"http:\/\/www.visit-ulcinj.com\/blog\/wp-content\/uploads\/2015\/07\/Ministar-Pavle-Goranovic-Sajam-knjiga-Ulcinj.jpg\" \/>\n<meta name=\"twitter:label1\" content=\"Written by\" \/>\n\t<meta name=\"twitter:data1\" content=\"ulqini\" \/>\n\t<meta name=\"twitter:label2\" content=\"Est. reading time\" \/>\n\t<meta name=\"twitter:data2\" content=\"1 minute\" \/>\n<script type=\"application\/ld+json\" class=\"yoast-schema-graph\">{\"@context\":\"https:\/\/schema.org\",\"@graph\":[{\"@type\":\"WebSite\",\"@id\":\"https:\/\/www.visit-ulcinj.com\/blog\/#website\",\"url\":\"https:\/\/www.visit-ulcinj.com\/blog\/\",\"name\":\"Lajme nga Ulqini\",\"description\":\"Lajme,Vijesti,Ulqini,Ulqin,Crna Gora,Mali i Zi\",\"potentialAction\":[{\"@type\":\"SearchAction\",\"target\":{\"@type\":\"EntryPoint\",\"urlTemplate\":\"https:\/\/www.visit-ulcinj.com\/blog\/?s={search_term_string}\"},\"query-input\":\"required name=search_term_string\"}],\"inLanguage\":\"en-US\"},{\"@type\":\"ImageObject\",\"inLanguage\":\"en-US\",\"@id\":\"https:\/\/www.visit-ulcinj.com\/blog\/2015\/07\/28\/otvoren-sajam-knjiga-u-ulcinju\/#primaryimage\",\"url\":\"http:\/\/www.visit-ulcinj.com\/blog\/wp-content\/uploads\/2015\/07\/Ministar-Pavle-Goranovic-Sajam-knjiga-Ulcinj.jpg\",\"contentUrl\":\"http:\/\/www.visit-ulcinj.com\/blog\/wp-content\/uploads\/2015\/07\/Ministar-Pavle-Goranovic-Sajam-knjiga-Ulcinj.jpg\"},{\"@type\":\"WebPage\",\"@id\":\"https:\/\/www.visit-ulcinj.com\/blog\/2015\/07\/28\/otvoren-sajam-knjiga-u-ulcinju\/#webpage\",\"url\":\"https:\/\/www.visit-ulcinj.com\/blog\/2015\/07\/28\/otvoren-sajam-knjiga-u-ulcinju\/\",\"name\":\"Otvoren Sajam knjiga u Ulcinju - Lajme nga Ulqini\",\"isPartOf\":{\"@id\":\"https:\/\/www.visit-ulcinj.com\/blog\/#website\"},\"primaryImageOfPage\":{\"@id\":\"https:\/\/www.visit-ulcinj.com\/blog\/2015\/07\/28\/otvoren-sajam-knjiga-u-ulcinju\/#primaryimage\"},\"datePublished\":\"2015-07-28T08:20:57+00:00\",\"dateModified\":\"2015-07-28T08:23:44+00:00\",\"author\":{\"@id\":\"https:\/\/www.visit-ulcinj.com\/blog\/#\/schema\/person\/dcab619c614d3038751c63bc2aadc06d\"},\"description\":\"Sajam knjiga na Pristanu u Ulcinju otvoren je sino\u0107, a na ovoj manifestaciji bi\u0107e izlo\u017eeno 3.500 naslova. Sajam je otvorio gradona\u010delnik Ulcinja Fatmir\",\"breadcrumb\":{\"@id\":\"https:\/\/www.visit-ulcinj.com\/blog\/2015\/07\/28\/otvoren-sajam-knjiga-u-ulcinju\/#breadcrumb\"},\"inLanguage\":\"en-US\",\"potentialAction\":[{\"@type\":\"ReadAction\",\"target\":[\"https:\/\/www.visit-ulcinj.com\/blog\/2015\/07\/28\/otvoren-sajam-knjiga-u-ulcinju\/\"]}]},{\"@type\":\"BreadcrumbList\",\"@id\":\"https:\/\/www.visit-ulcinj.com\/blog\/2015\/07\/28\/otvoren-sajam-knjiga-u-ulcinju\/#breadcrumb\",\"itemListElement\":[{\"@type\":\"ListItem\",\"position\":1,\"name\":\"Otvoren Sajam knjiga u Ulcinju\"}]},{\"@type\":\"Person\",\"@id\":\"https:\/\/www.visit-ulcinj.com\/blog\/#\/schema\/person\/dcab619c614d3038751c63bc2aadc06d\",\"name\":\"ulqini\",\"sameAs\":[\"http:\/\/www.visit-ulcinj.com\"],\"url\":\"https:\/\/www.visit-ulcinj.com\/blog\/author\/admin\/\"}]}<\/script>\n<!-- \/ Yoast SEO plugin. -->","yoast_head_json":{"title":"Otvoren Sajam knjiga u Ulcinju - Lajme nga Ulqini","description":"Sajam knjiga na Pristanu u Ulcinju otvoren je sino\u0107, a na ovoj manifestaciji bi\u0107e izlo\u017eeno 3.500 naslova. Sajam je otvorio gradona\u010delnik Ulcinja Fatmir","robots":{"index":"index","follow":"follow","max-snippet":"max-snippet:-1","max-image-preview":"max-image-preview:large","max-video-preview":"max-video-preview:-1"},"canonical":"https:\/\/www.visit-ulcinj.com\/blog\/2015\/07\/28\/otvoren-sajam-knjiga-u-ulcinju\/","og_locale":"en_US","og_type":"article","og_title":"Otvoren Sajam knjiga u Ulcinju - Lajme nga Ulqini","og_description":"Sajam knjiga na Pristanu u Ulcinju otvoren je sino\u0107, a na ovoj manifestaciji bi\u0107e izlo\u017eeno 3.500 naslova. Sajam je otvorio gradona\u010delnik Ulcinja Fatmir","og_url":"https:\/\/www.visit-ulcinj.com\/blog\/2015\/07\/28\/otvoren-sajam-knjiga-u-ulcinju\/","og_site_name":"Lajme nga Ulqini","article_published_time":"2015-07-28T08:20:57+00:00","article_modified_time":"2015-07-28T08:23:44+00:00","og_image":[{"url":"http:\/\/www.visit-ulcinj.com\/blog\/wp-content\/uploads\/2015\/07\/Ministar-Pavle-Goranovic-Sajam-knjiga-Ulcinj.jpg"}],"twitter_misc":{"Written by":"ulqini","Est. reading time":"1 minute"},"schema":{"@context":"https:\/\/schema.org","@graph":[{"@type":"WebSite","@id":"https:\/\/www.visit-ulcinj.com\/blog\/#website","url":"https:\/\/www.visit-ulcinj.com\/blog\/","name":"Lajme nga Ulqini","description":"Lajme,Vijesti,Ulqini,Ulqin,Crna Gora,Mali i Zi","potentialAction":[{"@type":"SearchAction","target":{"@type":"EntryPoint","urlTemplate":"https:\/\/www.visit-ulcinj.com\/blog\/?s={search_term_string}"},"query-input":"required name=search_term_string"}],"inLanguage":"en-US"},{"@type":"ImageObject","inLanguage":"en-US","@id":"https:\/\/www.visit-ulcinj.com\/blog\/2015\/07\/28\/otvoren-sajam-knjiga-u-ulcinju\/#primaryimage","url":"http:\/\/www.visit-ulcinj.com\/blog\/wp-content\/uploads\/2015\/07\/Ministar-Pavle-Goranovic-Sajam-knjiga-Ulcinj.jpg","contentUrl":"http:\/\/www.visit-ulcinj.com\/blog\/wp-content\/uploads\/2015\/07\/Ministar-Pavle-Goranovic-Sajam-knjiga-Ulcinj.jpg"},{"@type":"WebPage","@id":"https:\/\/www.visit-ulcinj.com\/blog\/2015\/07\/28\/otvoren-sajam-knjiga-u-ulcinju\/#webpage","url":"https:\/\/www.visit-ulcinj.com\/blog\/2015\/07\/28\/otvoren-sajam-knjiga-u-ulcinju\/","name":"Otvoren Sajam knjiga u Ulcinju - Lajme nga Ulqini","isPartOf":{"@id":"https:\/\/www.visit-ulcinj.com\/blog\/#website"},"primaryImageOfPage":{"@id":"https:\/\/www.visit-ulcinj.com\/blog\/2015\/07\/28\/otvoren-sajam-knjiga-u-ulcinju\/#primaryimage"},"datePublished":"2015-07-28T08:20:57+00:00","dateModified":"2015-07-28T08:23:44+00:00","author":{"@id":"https:\/\/www.visit-ulcinj.com\/blog\/#\/schema\/person\/dcab619c614d3038751c63bc2aadc06d"},"description":"Sajam knjiga na Pristanu u Ulcinju otvoren je sino\u0107, a na ovoj manifestaciji bi\u0107e izlo\u017eeno 3.500 naslova. Sajam je otvorio gradona\u010delnik Ulcinja Fatmir","breadcrumb":{"@id":"https:\/\/www.visit-ulcinj.com\/blog\/2015\/07\/28\/otvoren-sajam-knjiga-u-ulcinju\/#breadcrumb"},"inLanguage":"en-US","potentialAction":[{"@type":"ReadAction","target":["https:\/\/www.visit-ulcinj.com\/blog\/2015\/07\/28\/otvoren-sajam-knjiga-u-ulcinju\/"]}]},{"@type":"BreadcrumbList","@id":"https:\/\/www.visit-ulcinj.com\/blog\/2015\/07\/28\/otvoren-sajam-knjiga-u-ulcinju\/#breadcrumb","itemListElement":[{"@type":"ListItem","position":1,"name":"Otvoren Sajam knjiga u Ulcinju"}]},{"@type":"Person","@id":"https:\/\/www.visit-ulcinj.com\/blog\/#\/schema\/person\/dcab619c614d3038751c63bc2aadc06d","name":"ulqini","sameAs":["http:\/\/www.visit-ulcinj.com"],"url":"https:\/\/www.visit-ulcinj.com\/blog\/author\/admin\/"}]}},"jetpack_featured_media_url":"","jetpack_sharing_enabled":true,"jetpack_shortlink":"https:\/\/wp.me\/pe6lTn-nTl","_links":{"self":[{"href":"https:\/\/www.visit-ulcinj.com\/blog\/wp-json\/wp\/v2\/posts\/91843"}],"collection":[{"href":"https:\/\/www.visit-ulcinj.com\/blog\/wp-json\/wp\/v2\/posts"}],"about":[{"href":"https:\/\/www.visit-ulcinj.com\/blog\/wp-json\/wp\/v2\/types\/post"}],"author":[{"embeddable":true,"href":"https:\/\/www.visit-ulcinj.com\/blog\/wp-json\/wp\/v2\/users\/1"}],"replies":[{"embeddable":true,"href":"https:\/\/www.visit-ulcinj.com\/blog\/wp-json\/wp\/v2\/comments?post=91843"}],"version-history":[{"count":3,"href":"https:\/\/www.visit-ulcinj.com\/blog\/wp-json\/wp\/v2\/posts\/91843\/revisions"}],"predecessor-version":[{"id":91847,"href":"https:\/\/www.visit-ulcinj.com\/blog\/wp-json\/wp\/v2\/posts\/91843\/revisions\/91847"}],"wp:attachment":[{"href":"https:\/\/www.visit-ulcinj.com\/blog\/wp-json\/wp\/v2\/media?parent=91843"}],"wp:term":[{"taxonomy":"category","embeddable":true,"href":"https:\/\/www.visit-ulcinj.com\/blog\/wp-json\/wp\/v2\/categories?post=91843"},{"taxonomy":"post_tag","embeddable":true,"href":"https:\/\/www.visit-ulcinj.com\/blog\/wp-json\/wp\/v2\/tags?post=91843"}],"curies":[{"name":"wp","href":"https:\/\/api.w.org\/{rel}","templated":true}]}}