{"id":91848,"date":"2015-07-28T09:31:13","date_gmt":"2015-07-28T08:31:13","guid":{"rendered":"http:\/\/www.visit-ulcinj.com\/blog\/?p=91848"},"modified":"2015-07-29T09:22:47","modified_gmt":"2015-07-29T08:22:47","slug":"meta-takohet-kryetarin-gjeka-ne-panairin-e-librit-ne-ulqin","status":"publish","type":"post","link":"https:\/\/www.visit-ulcinj.com\/blog\/2015\/07\/28\/meta-takohet-kryetarin-gjeka-ne-panairin-e-librit-ne-ulqin\/","title":{"rendered":"Meta takohet me Kryetarin Gjeka n\u00eb panairin e librit n\u00eb Ulqin &#8211; Video"},"content":{"rendered":"<p><strong><a href=\"http:\/\/www.visit-ulcinj.com\/blog\/wp-content\/uploads\/2015\/07\/Ilir-Meta-ne-panairin-e-librit-Ulqin-2015.jpg\"><img loading=\"lazy\" class=\"alignleft wp-image-91849\" src=\"http:\/\/www.visit-ulcinj.com\/blog\/wp-content\/uploads\/2015\/07\/Ilir-Meta-ne-panairin-e-librit-Ulqin-2015.jpg\" alt=\"Ilir-Meta-ne-panairin-e-librit-Ulqin-2015\" width=\"508\" height=\"339\" \/><\/a>Kryetari i Kuvendit, z. Ilir Meta takohet me Kryetarin e Komun\u00ebs s\u00eb Ulqinit, z. Fatmir Gjeka<\/strong><\/p>\n<p align=\"justify\">Kryetari i Kuvendit, z. Ilir Meta zhvilloi nj\u00eb takim me Kryetarin e Komun\u00ebs s\u00eb Ulqinit, z. Fatmir Gjeka.<br \/>\nN\u00eb k\u00ebt\u00eb takim, Kryetari i Kuvendit shoq\u00ebrohej nga Ministrja e Kultur\u00ebs, znj. Mirela Kumbaro si dhe deputet\u00eb t\u00eb Kuvendit t\u00eb Shqip\u00ebris\u00eb.<br \/>\nN\u00eb fjal\u00ebn e tij p\u00ebrsh\u00ebndet\u00ebse, z. Meta vler\u00ebsoi angazhimin administrat\u00ebs s\u00eb Komun\u00ebs s\u00eb Ulqinit p\u00ebr t\u00eb forcuar gjithnj\u00eb e m\u00eb shum\u00eb marr\u00ebdh\u00ebniet midis Ulqinit edhe Shqip\u00ebris\u00eb.<br \/>\n\u201cDua t\u00eb shpreh k\u00ebnaq\u00ebsin\u00eb e ve\u00e7ant\u00eb q\u00eb jam n\u00eb komun\u00ebn e Ulqinit dhe t\u00eb p\u00ebrsh\u00ebndes kryetarin e komun\u00ebs z. Fatmir Gjeka dhe gjith\u00eb ekipin tij p\u00ebr angazhimet q\u00eb kan\u00eb p\u00ebr t\u00eb forcuar gjithnj\u00eb e m\u00eb shum\u00eb marr\u00ebdh\u00ebniet midis Ulqinit edhe Shqip\u00ebris\u00eb, por edhe p\u00ebr ta shnd\u00ebrruar Ulqinin n\u00eb nj\u00eb qend\u00ebr t\u00eb r\u00ebnd\u00ebsishme rajonale t\u00eb kultur\u00ebs, t\u00eb komunikimit . P\u00ebr ne t\u00eb gjith\u00eb shqiptar\u00ebt kudo ku jemi, Ulqini \u00ebsht\u00eb nj\u00eb qytet mjaft i r\u00ebnd\u00ebsish\u00ebm dhe mjaft i dashur. Aq m\u00eb tep\u00ebr kur aktivitete t\u00eb tilla si panairi i librit q\u00eb po zhvillohet p\u00ebr t\u00eb 15 vit rresht, \u00ebsht\u00eb shnd\u00ebrruar n\u00eb nj\u00eb institucion tashm\u00eb\u00a0 jo vet\u00eb mbar\u00eb komb\u00ebtar, por edhe rajonal\u201d, tha z. Meta.<\/p>\n<p align=\"justify\"><a href=\"http:\/\/www.visit-ulcinj.com\/blog\/wp-content\/uploads\/2015\/07\/Fatmir-Gjeka-Panairi-i-librit-Ulqin-2015.jpg\"><img loading=\"lazy\" class=\"alignleft wp-image-91864\" src=\"http:\/\/www.visit-ulcinj.com\/blog\/wp-content\/uploads\/2015\/07\/Fatmir-Gjeka-Panairi-i-librit-Ulqin-2015.jpg\" alt=\"Fatmir-Gjeka-Panairi-i-librit-Ulqin-2015\" width=\"508\" height=\"381\" \/><\/a><br \/>\nKryetari i Kuvendit shprehu angazhimin institucioneve shqiptare p\u00ebr mb\u00ebshtetjen e Shqip\u00ebris\u00eb p\u00ebr Komun\u00ebn e Ulqinit dhe p\u00ebr shqiptar\u00ebt q\u00eb jetojn\u00eb atje, nd\u00ebrsa b\u00ebri t\u00eb ditur dhe nism\u00ebn p\u00ebr t\u00eb dh\u00ebn\u00eb abetare p\u00ebr f\u00ebmij\u00ebt q\u00eb ndjekin gjuh\u00ebn shqipe.<br \/>\n\u201cN\u00eb k\u00ebt\u00eb drejtim do t\u00eb shpreh k\u00ebnaq\u00ebsin\u00eb q\u00eb si\u00e7 e tha edhe kryetari i komun\u00ebs, p\u00ebr her\u00eb t\u00eb par\u00eb n\u00eb k\u00ebt\u00eb shtator, f\u00ebmij\u00ebt e Ulqinit do t\u00eb m\u00ebsojn\u00eb abetaren e njehsuar mbar\u00eb komb\u00ebtare q\u00eb do t\u00eb jete vazhdimisht nj\u00eb mb\u00ebshtetje nga Shqip\u00ebria. N\u00eb k\u00ebt\u00eb m\u00ebnyr\u00eb jam i bindur se ne do t\u00eb ecim n\u00eb rrug\u00ebn e rritjes s\u00eb bashk\u00ebpunimit dhe jo vet\u00ebm n\u00eb fush\u00ebn e arsimit, n\u00eb fush\u00ebn e kultur\u00ebs q\u00eb jan\u00eb mjaft esenciale dhe bazike, por edhe patjet\u00ebr n\u00eb rrug\u00ebn e p\u00ebrmir\u00ebsimit t\u00eb m\u00ebtejsh\u00ebm t\u00eb infrastruktur\u00ebs dhe t\u00eb komunikimit q\u00eb lidh Ulqinin dhe k\u00ebt\u00eb pjes\u00eb t\u00eb Malit t\u00eb zi me Shqip\u00ebrin\u00eb dhe t\u00eb rritjes s\u00eb bashk\u00ebpunimit ekonomik, tregtar dhe n\u00eb fush\u00ebn e turizmit\u201d, tha z. Meta.<\/p>\n<p align=\"justify\">Ministrja e Kultur\u00ebs, znj. Mirela Kumbaro theksoi se n\u00eb shtator do t\u00eb ket\u00eb edhe nj\u00eb nism\u00eb t\u00eb re n\u00eb fush\u00ebn e kultur\u00ebs me q\u00ebllim q\u00eb modelin e kalendarit kulturor Shqip\u00ebri- Kosov\u00eb t\u00eb shtrihet edhe n\u00eb trevat e tjera.<br \/>\n\u201c\u00cbsht\u00eb v\u00ebrtet k\u00ebnaq\u00ebsi q\u00eb jemi k\u00ebtu dhe m\u00eb lejoni t\u00eb theksoj se n\u00ebse jemi t\u00eb gjith\u00eb bashk\u00eb, ku dje kishim dhe Ministri i Kultur\u00ebs s\u00eb Kosov\u00ebs, \u00ebsht\u00eb pik\u00ebrisht kultura ajo q\u00eb na ftoi t\u00eb gjith\u00ebve n\u00eb Ulqin n\u00eb kuadrin e panairit t\u00eb librit. Por jo vet\u00ebm kaq. Kam k\u00ebnaq\u00ebsin\u00eb q\u00eb t\u00eb ndaj me publikun dhe nism\u00ebn e re p\u00ebrve\u00e7 abetares mbar\u00ebkomb\u00ebtare n\u00eb shtator edhe pun\u00ebn q\u00eb nism\u00eb p\u00ebr hartimin nj\u00eb marr\u00ebveshje bashk\u00ebpunimi n\u00eb fush\u00ebn e kultur\u00ebs me q\u00ebllim q\u00eb modelin shum\u00eb t\u00eb suksessh\u00ebm t\u00eb kalendarit kulturor Shqip\u00ebri- Kosov\u00eb ta shtrijm\u00eb edhe n\u00eb trevat e tjera\u00a0 ku kultura n\u00eb gjuh\u00ebn shqipe integrohet jo vet\u00ebm me at\u00eb rajonale, por edhe m\u00eb gjer\u00eb me nj\u00eb kultur\u00eb integruese drejt Europ\u00ebs. Kjo \u00ebsht\u00eb aspirata jon\u00eb e p\u00ebrbashk\u00ebt dhe kultura \u00ebsht\u00eb rruga m\u00eb e sigurt\u201d, theksoi znj. Kumbaro. .<br \/>\nKryetari i Komun\u00ebs s\u00eb Ulqinit, z. Fatmir Gjeka vler\u00ebsoi vizit\u00ebn e Kryetarit t\u00eb Kuvendit, nd\u00ebrsa shtoi se \u00ebsht\u00eb gjetur gatishm\u00ebria p\u00ebr t\u00eb realizuar disa k\u00ebrkesave lidhur me \u00e7\u00ebshtjet kulturore dhe t\u00eb infrastruktur\u00ebs.<br \/>\n\u201cKomuna jon\u00eb ka k\u00ebnaq\u00ebsin\u00eb t\u00eb pres\u00eb Kryetarin e Kuvendit t\u00eb Shqip\u00ebris\u00eb, z. Ilir Meta, znj. Kumbaro Ministre e Kultur\u00ebs dhe deputet\u00eb t\u00eb cil\u00ebt kan\u00eb qen\u00eb pjes\u00eb e delegacionit i cili ka qen\u00eb n\u00eb Ulqin k\u00ebto dit\u00eb. Kemi qen\u00eb mjaft t\u00eb nderuar q\u00eb kemi pasur prezent n\u00eb hapjen e panairit t\u00eb librit n\u00eb edicionin\u00a0 15 Kryetarin e Kuvendit dhe Ministren e Kultur\u00ebs. Sot kemi diskutuar p\u00ebr shum\u00eb\u00a0 tema, tema t\u00eb cilat p\u00ebr ne p\u00ebr shqiptar\u00ebt n\u00eb Mal t\u00eb Zi jan\u00eb t\u00eb njohura, sa i p\u00ebrket \u00e7\u00ebshtjeve t\u00eb arsimit, t\u00eb infrastruktur\u00ebs, t\u00eb lidhjeve me shtetin am\u00eb, p\u00ebr regjistrimin e student\u00ebve etj. Kemi gjetur gatishm\u00ebrin\u00eb sa i p\u00ebrket t\u00eb gjitha k\u00ebtyre k\u00ebrkesave tona dhe p\u00ebr \u00e7\u00ebshtjet tona kulturore, p\u00ebr infrastruktur\u00eb p\u00ebr lidhjen e Malit t\u00eb Zi me Shqip\u00ebrin\u00eb. N\u00eb t\u00eb ardhmen do t\u00eb vijojm\u00eb dhe gjat\u00eb gjith\u00eb vitit q\u00eb k\u00ebto projekte, t\u00eb cilat jan\u00eb t\u00eb p\u00ebrbashk\u00ebta, qofshin n\u00eb kultur\u00eb, n\u00eb arsim dhe n\u00eb sferat e tjera t\u2019i jet\u00ebsojm\u00eb dhe t\u2019i b\u00ebjm\u00eb sa m\u00eb t\u00eb mira p\u00ebr ne shqiptar\u00ebt k\u00ebtu n\u00eb Mal t\u00eb Zi\u201d, tha z. Gjeka.<\/p>\n<p align=\"justify\"><a href=\"http:\/\/www.visit-ulcinj.com\/blog\/wp-content\/uploads\/2015\/07\/Ministar-Pavle-Goranovic-Sajam-knjiga-Ulcinj.jpg\"><img loading=\"lazy\" class=\"alignleft wp-image-91839\" src=\"http:\/\/www.visit-ulcinj.com\/blog\/wp-content\/uploads\/2015\/07\/Ministar-Pavle-Goranovic-Sajam-knjiga-Ulcinj.jpg\" alt=\"Ministar-Pavle-Goranovic-Sajam-knjiga-Ulcinj\" width=\"508\" height=\"361\" \/><\/a><br \/>\nEdhe Kryetari i K\u00ebshillit Komb\u00ebtar t\u00eb Shqiptar\u00ebve, z. Genci Nimanbegu, vler\u00ebsoi vizit\u00ebn e z. Meta n\u00eb Ulqin, nd\u00ebrsa tha se n\u00eb takimin e zhvilluar u shpreh gatishm\u00ebria q\u00eb Kuvendi i Shqip\u00ebris\u00eb t\u00eb ndihmoj\u00eb p\u00ebr \u00e7do problem sa i p\u00ebrket kuvendit t\u00eb komunave t\u00eb Ulqinit.<br \/>\n\u201cPata k\u00ebnaq\u00ebsin\u00eb q\u00eb n\u00eb em\u00ebr t\u00eb Kuvendit t\u00eb komunave t\u00eb Ulqinit t\u00eb kemi mysafir Kryetarin e Kuvendit t\u00eb Shqip\u00ebris\u00eb. Q\u00ebllimi\u00a0 i diskutimeve ishte shk\u00ebmbimin e p\u00ebrvoj\u00ebs nga Kryetari i Kuvendit t\u00eb Shqip\u00ebris\u00eb, nj\u00eb Kuvend i cili ka nj\u00eb tradit\u00eb 100 vje\u00e7are. K\u00ebshtu q\u00eb u shpreh gatishm\u00ebria q\u00eb Kuvendi i Shqip\u00ebris\u00eb t\u00eb ndihmoj\u00eb p\u00ebr \u00e7do problem sa i p\u00ebrket kuvendit t\u00eb komunave t\u00eb Ulqinit dhe kemi pasur nj\u00eb p\u00ebrvoj\u00eb shum\u00eb t\u00eb mir\u00eb gjat\u00eb k\u00ebtyre dy dit\u00ebve q\u00eb kemi pasur me Kryetarin e Kuvendit t\u00eb Shqip\u00ebris\u00eb, z. Ilir Meta\u201d, theksoi z. Nimanbegu.<\/p>\n<p align=\"justify\"><strong>Burimi: Kuvendi i Shqiperis\u00eb<\/strong><\/p>\n<p><iframe loading=\"lazy\" src=\"https:\/\/www.youtube.com\/embed\/q6xx6tIkOo8\" width=\"508\" height=\"360\" frameborder=\"0\" allowfullscreen=\"allowfullscreen\"><\/iframe><\/p>\n","protected":false},"excerpt":{"rendered":"<p>Kryetari i Kuvendit, z. Ilir Meta takohet me Kryetarin e Komun\u00ebs s\u00eb Ulqinit, z. Fatmir Gjeka Kryetari i Kuvendit, z. Ilir Meta zhvilloi nj\u00eb takim me Kryetarin e Komun\u00ebs s\u00eb Ulqinit, z. Fatmir Gjeka. N\u00eb k\u00ebt\u00eb takim, Kryetari i Kuvendit shoq\u00ebrohej nga Ministrja e Kultur\u00ebs, znj. Mirela Kumbaro si dhe deputet\u00eb t\u00eb Kuvendit t\u00eb Shqip\u00ebris\u00eb. [&hellip;]<\/p>\n","protected":false},"author":1,"featured_media":0,"comment_status":"closed","ping_status":"closed","sticky":false,"template":"","format":"standard","meta":{"spay_email":"","jetpack_publicize_message":"","jetpack_is_tweetstorm":false,"jetpack_publicize_feature_enabled":true},"categories":[1,6],"tags":[],"jetpack_publicize_connections":[],"yoast_head":"<!-- This site is optimized with the Yoast SEO plugin v19.1 - https:\/\/yoast.com\/wordpress\/plugins\/seo\/ -->\n<title>Meta takohet me Kryetarin Gjeka n\u00eb panairin e librit n\u00eb Ulqin - Video - Lajme nga Ulqini<\/title>\n<meta name=\"description\" content=\"Kryetari i Kuvendit, z. Ilir Meta takohet me Kryetarin e Komun\u00ebs s\u00eb Ulqinit, z. Fatmir Gjeka Kryetari i Kuvendit, z. Ilir Meta zhvilloi nj\u00eb takim me\" \/>\n<meta name=\"robots\" content=\"index, follow, max-snippet:-1, max-image-preview:large, max-video-preview:-1\" \/>\n<link rel=\"canonical\" href=\"https:\/\/www.visit-ulcinj.com\/blog\/2015\/07\/28\/meta-takohet-kryetarin-gjeka-ne-panairin-e-librit-ne-ulqin\/\" \/>\n<meta property=\"og:locale\" content=\"en_US\" \/>\n<meta property=\"og:type\" content=\"article\" \/>\n<meta property=\"og:title\" content=\"Meta takohet me Kryetarin Gjeka n\u00eb panairin e librit n\u00eb Ulqin - Video - Lajme nga Ulqini\" \/>\n<meta property=\"og:description\" content=\"Kryetari i Kuvendit, z. Ilir Meta takohet me Kryetarin e Komun\u00ebs s\u00eb Ulqinit, z. Fatmir Gjeka Kryetari i Kuvendit, z. Ilir Meta zhvilloi nj\u00eb takim me\" \/>\n<meta property=\"og:url\" content=\"https:\/\/www.visit-ulcinj.com\/blog\/2015\/07\/28\/meta-takohet-kryetarin-gjeka-ne-panairin-e-librit-ne-ulqin\/\" \/>\n<meta property=\"og:site_name\" content=\"Lajme nga Ulqini\" \/>\n<meta property=\"article:published_time\" content=\"2015-07-28T08:31:13+00:00\" \/>\n<meta property=\"article:modified_time\" content=\"2015-07-29T08:22:47+00:00\" \/>\n<meta property=\"og:image\" content=\"http:\/\/www.visit-ulcinj.com\/blog\/wp-content\/uploads\/2015\/07\/Ilir-Meta-ne-panairin-e-librit-Ulqin-2015.jpg\" \/>\n<meta name=\"twitter:label1\" content=\"Written by\" \/>\n\t<meta name=\"twitter:data1\" content=\"ulqini\" \/>\n\t<meta name=\"twitter:label2\" content=\"Est. reading time\" \/>\n\t<meta name=\"twitter:data2\" content=\"5 minutes\" \/>\n<script type=\"application\/ld+json\" class=\"yoast-schema-graph\">{\"@context\":\"https:\/\/schema.org\",\"@graph\":[{\"@type\":\"WebSite\",\"@id\":\"https:\/\/www.visit-ulcinj.com\/blog\/#website\",\"url\":\"https:\/\/www.visit-ulcinj.com\/blog\/\",\"name\":\"Lajme nga Ulqini\",\"description\":\"Lajme,Vijesti,Ulqini,Ulqin,Crna Gora,Mali i Zi\",\"potentialAction\":[{\"@type\":\"SearchAction\",\"target\":{\"@type\":\"EntryPoint\",\"urlTemplate\":\"https:\/\/www.visit-ulcinj.com\/blog\/?s={search_term_string}\"},\"query-input\":\"required name=search_term_string\"}],\"inLanguage\":\"en-US\"},{\"@type\":\"ImageObject\",\"inLanguage\":\"en-US\",\"@id\":\"https:\/\/www.visit-ulcinj.com\/blog\/2015\/07\/28\/meta-takohet-kryetarin-gjeka-ne-panairin-e-librit-ne-ulqin\/#primaryimage\",\"url\":\"http:\/\/www.visit-ulcinj.com\/blog\/wp-content\/uploads\/2015\/07\/Ilir-Meta-ne-panairin-e-librit-Ulqin-2015.jpg\",\"contentUrl\":\"http:\/\/www.visit-ulcinj.com\/blog\/wp-content\/uploads\/2015\/07\/Ilir-Meta-ne-panairin-e-librit-Ulqin-2015.jpg\"},{\"@type\":\"WebPage\",\"@id\":\"https:\/\/www.visit-ulcinj.com\/blog\/2015\/07\/28\/meta-takohet-kryetarin-gjeka-ne-panairin-e-librit-ne-ulqin\/#webpage\",\"url\":\"https:\/\/www.visit-ulcinj.com\/blog\/2015\/07\/28\/meta-takohet-kryetarin-gjeka-ne-panairin-e-librit-ne-ulqin\/\",\"name\":\"Meta takohet me Kryetarin Gjeka n\u00eb panairin e librit n\u00eb Ulqin - Video - Lajme nga Ulqini\",\"isPartOf\":{\"@id\":\"https:\/\/www.visit-ulcinj.com\/blog\/#website\"},\"primaryImageOfPage\":{\"@id\":\"https:\/\/www.visit-ulcinj.com\/blog\/2015\/07\/28\/meta-takohet-kryetarin-gjeka-ne-panairin-e-librit-ne-ulqin\/#primaryimage\"},\"datePublished\":\"2015-07-28T08:31:13+00:00\",\"dateModified\":\"2015-07-29T08:22:47+00:00\",\"author\":{\"@id\":\"https:\/\/www.visit-ulcinj.com\/blog\/#\/schema\/person\/dcab619c614d3038751c63bc2aadc06d\"},\"description\":\"Kryetari i Kuvendit, z. Ilir Meta takohet me Kryetarin e Komun\u00ebs s\u00eb Ulqinit, z. Fatmir Gjeka Kryetari i Kuvendit, z. Ilir Meta zhvilloi nj\u00eb takim me\",\"breadcrumb\":{\"@id\":\"https:\/\/www.visit-ulcinj.com\/blog\/2015\/07\/28\/meta-takohet-kryetarin-gjeka-ne-panairin-e-librit-ne-ulqin\/#breadcrumb\"},\"inLanguage\":\"en-US\",\"potentialAction\":[{\"@type\":\"ReadAction\",\"target\":[\"https:\/\/www.visit-ulcinj.com\/blog\/2015\/07\/28\/meta-takohet-kryetarin-gjeka-ne-panairin-e-librit-ne-ulqin\/\"]}]},{\"@type\":\"BreadcrumbList\",\"@id\":\"https:\/\/www.visit-ulcinj.com\/blog\/2015\/07\/28\/meta-takohet-kryetarin-gjeka-ne-panairin-e-librit-ne-ulqin\/#breadcrumb\",\"itemListElement\":[{\"@type\":\"ListItem\",\"position\":1,\"name\":\"Meta takohet me Kryetarin Gjeka n\u00eb panairin e librit n\u00eb Ulqin &#8211; Video\"}]},{\"@type\":\"Person\",\"@id\":\"https:\/\/www.visit-ulcinj.com\/blog\/#\/schema\/person\/dcab619c614d3038751c63bc2aadc06d\",\"name\":\"ulqini\",\"sameAs\":[\"http:\/\/www.visit-ulcinj.com\"],\"url\":\"https:\/\/www.visit-ulcinj.com\/blog\/author\/admin\/\"}]}<\/script>\n<!-- \/ Yoast SEO plugin. -->","yoast_head_json":{"title":"Meta takohet me Kryetarin Gjeka n\u00eb panairin e librit n\u00eb Ulqin - Video - Lajme nga Ulqini","description":"Kryetari i Kuvendit, z. Ilir Meta takohet me Kryetarin e Komun\u00ebs s\u00eb Ulqinit, z. Fatmir Gjeka Kryetari i Kuvendit, z. Ilir Meta zhvilloi nj\u00eb takim me","robots":{"index":"index","follow":"follow","max-snippet":"max-snippet:-1","max-image-preview":"max-image-preview:large","max-video-preview":"max-video-preview:-1"},"canonical":"https:\/\/www.visit-ulcinj.com\/blog\/2015\/07\/28\/meta-takohet-kryetarin-gjeka-ne-panairin-e-librit-ne-ulqin\/","og_locale":"en_US","og_type":"article","og_title":"Meta takohet me Kryetarin Gjeka n\u00eb panairin e librit n\u00eb Ulqin - Video - Lajme nga Ulqini","og_description":"Kryetari i Kuvendit, z. Ilir Meta takohet me Kryetarin e Komun\u00ebs s\u00eb Ulqinit, z. Fatmir Gjeka Kryetari i Kuvendit, z. Ilir Meta zhvilloi nj\u00eb takim me","og_url":"https:\/\/www.visit-ulcinj.com\/blog\/2015\/07\/28\/meta-takohet-kryetarin-gjeka-ne-panairin-e-librit-ne-ulqin\/","og_site_name":"Lajme nga Ulqini","article_published_time":"2015-07-28T08:31:13+00:00","article_modified_time":"2015-07-29T08:22:47+00:00","og_image":[{"url":"http:\/\/www.visit-ulcinj.com\/blog\/wp-content\/uploads\/2015\/07\/Ilir-Meta-ne-panairin-e-librit-Ulqin-2015.jpg"}],"twitter_misc":{"Written by":"ulqini","Est. reading time":"5 minutes"},"schema":{"@context":"https:\/\/schema.org","@graph":[{"@type":"WebSite","@id":"https:\/\/www.visit-ulcinj.com\/blog\/#website","url":"https:\/\/www.visit-ulcinj.com\/blog\/","name":"Lajme nga Ulqini","description":"Lajme,Vijesti,Ulqini,Ulqin,Crna Gora,Mali i Zi","potentialAction":[{"@type":"SearchAction","target":{"@type":"EntryPoint","urlTemplate":"https:\/\/www.visit-ulcinj.com\/blog\/?s={search_term_string}"},"query-input":"required name=search_term_string"}],"inLanguage":"en-US"},{"@type":"ImageObject","inLanguage":"en-US","@id":"https:\/\/www.visit-ulcinj.com\/blog\/2015\/07\/28\/meta-takohet-kryetarin-gjeka-ne-panairin-e-librit-ne-ulqin\/#primaryimage","url":"http:\/\/www.visit-ulcinj.com\/blog\/wp-content\/uploads\/2015\/07\/Ilir-Meta-ne-panairin-e-librit-Ulqin-2015.jpg","contentUrl":"http:\/\/www.visit-ulcinj.com\/blog\/wp-content\/uploads\/2015\/07\/Ilir-Meta-ne-panairin-e-librit-Ulqin-2015.jpg"},{"@type":"WebPage","@id":"https:\/\/www.visit-ulcinj.com\/blog\/2015\/07\/28\/meta-takohet-kryetarin-gjeka-ne-panairin-e-librit-ne-ulqin\/#webpage","url":"https:\/\/www.visit-ulcinj.com\/blog\/2015\/07\/28\/meta-takohet-kryetarin-gjeka-ne-panairin-e-librit-ne-ulqin\/","name":"Meta takohet me Kryetarin Gjeka n\u00eb panairin e librit n\u00eb Ulqin - Video - Lajme nga Ulqini","isPartOf":{"@id":"https:\/\/www.visit-ulcinj.com\/blog\/#website"},"primaryImageOfPage":{"@id":"https:\/\/www.visit-ulcinj.com\/blog\/2015\/07\/28\/meta-takohet-kryetarin-gjeka-ne-panairin-e-librit-ne-ulqin\/#primaryimage"},"datePublished":"2015-07-28T08:31:13+00:00","dateModified":"2015-07-29T08:22:47+00:00","author":{"@id":"https:\/\/www.visit-ulcinj.com\/blog\/#\/schema\/person\/dcab619c614d3038751c63bc2aadc06d"},"description":"Kryetari i Kuvendit, z. Ilir Meta takohet me Kryetarin e Komun\u00ebs s\u00eb Ulqinit, z. Fatmir Gjeka Kryetari i Kuvendit, z. Ilir Meta zhvilloi nj\u00eb takim me","breadcrumb":{"@id":"https:\/\/www.visit-ulcinj.com\/blog\/2015\/07\/28\/meta-takohet-kryetarin-gjeka-ne-panairin-e-librit-ne-ulqin\/#breadcrumb"},"inLanguage":"en-US","potentialAction":[{"@type":"ReadAction","target":["https:\/\/www.visit-ulcinj.com\/blog\/2015\/07\/28\/meta-takohet-kryetarin-gjeka-ne-panairin-e-librit-ne-ulqin\/"]}]},{"@type":"BreadcrumbList","@id":"https:\/\/www.visit-ulcinj.com\/blog\/2015\/07\/28\/meta-takohet-kryetarin-gjeka-ne-panairin-e-librit-ne-ulqin\/#breadcrumb","itemListElement":[{"@type":"ListItem","position":1,"name":"Meta takohet me Kryetarin Gjeka n\u00eb panairin e librit n\u00eb Ulqin &#8211; Video"}]},{"@type":"Person","@id":"https:\/\/www.visit-ulcinj.com\/blog\/#\/schema\/person\/dcab619c614d3038751c63bc2aadc06d","name":"ulqini","sameAs":["http:\/\/www.visit-ulcinj.com"],"url":"https:\/\/www.visit-ulcinj.com\/blog\/author\/admin\/"}]}},"jetpack_featured_media_url":"","jetpack_sharing_enabled":true,"jetpack_shortlink":"https:\/\/wp.me\/pe6lTn-nTq","_links":{"self":[{"href":"https:\/\/www.visit-ulcinj.com\/blog\/wp-json\/wp\/v2\/posts\/91848"}],"collection":[{"href":"https:\/\/www.visit-ulcinj.com\/blog\/wp-json\/wp\/v2\/posts"}],"about":[{"href":"https:\/\/www.visit-ulcinj.com\/blog\/wp-json\/wp\/v2\/types\/post"}],"author":[{"embeddable":true,"href":"https:\/\/www.visit-ulcinj.com\/blog\/wp-json\/wp\/v2\/users\/1"}],"replies":[{"embeddable":true,"href":"https:\/\/www.visit-ulcinj.com\/blog\/wp-json\/wp\/v2\/comments?post=91848"}],"version-history":[{"count":6,"href":"https:\/\/www.visit-ulcinj.com\/blog\/wp-json\/wp\/v2\/posts\/91848\/revisions"}],"predecessor-version":[{"id":91902,"href":"https:\/\/www.visit-ulcinj.com\/blog\/wp-json\/wp\/v2\/posts\/91848\/revisions\/91902"}],"wp:attachment":[{"href":"https:\/\/www.visit-ulcinj.com\/blog\/wp-json\/wp\/v2\/media?parent=91848"}],"wp:term":[{"taxonomy":"category","embeddable":true,"href":"https:\/\/www.visit-ulcinj.com\/blog\/wp-json\/wp\/v2\/categories?post=91848"},{"taxonomy":"post_tag","embeddable":true,"href":"https:\/\/www.visit-ulcinj.com\/blog\/wp-json\/wp\/v2\/tags?post=91848"}],"curies":[{"name":"wp","href":"https:\/\/api.w.org\/{rel}","templated":true}]}}