{"id":91851,"date":"2015-07-28T09:38:25","date_gmt":"2015-07-28T08:38:25","guid":{"rendered":"http:\/\/www.visit-ulcinj.com\/blog\/?p=91851"},"modified":"2015-07-28T10:00:10","modified_gmt":"2015-07-28T09:00:10","slug":"ilir-meta-mori-pjese-ne-celjen-e-panairit-te-15-te-te-librit-ne-ulqin","status":"publish","type":"post","link":"https:\/\/www.visit-ulcinj.com\/blog\/2015\/07\/28\/ilir-meta-mori-pjese-ne-celjen-e-panairit-te-15-te-te-librit-ne-ulqin\/","title":{"rendered":"Ilir Meta mori pjes\u00eb n\u00eb \u00e7eljen e Panairit t\u00eb 15-t\u00eb t\u00eb Librit n\u00eb Ulqin &#8211; Video"},"content":{"rendered":"<p><strong><a href=\"http:\/\/www.visit-ulcinj.com\/blog\/wp-content\/uploads\/2015\/07\/Ilir-Meta-ne-Panairit-t\u00eb-15-t\u00eb-t\u00eb-Librit-n\u00eb-Ulqin-.jpg\"><img loading=\"lazy\" class=\"alignleft wp-image-91852\" src=\"http:\/\/www.visit-ulcinj.com\/blog\/wp-content\/uploads\/2015\/07\/Ilir-Meta-ne-Panairit-t\u00eb-15-t\u00eb-t\u00eb-Librit-n\u00eb-Ulqin-.jpg\" alt=\"Ilir Meta ne Panairit t\u00eb 15-t\u00eb t\u00eb Librit n\u00eb Ulqin-\" width=\"508\" height=\"339\" \/><\/a>Kryetari i Kuvendit, z. Ilir Meta mori pjes\u00eb n\u00eb \u00e7eljen e Panairit t\u00eb 15-t\u00eb t\u00eb Librit n\u00eb Ulqin<\/strong><\/p>\n<p>Kryetari i Kuvendit, z. Ilir Meta mori pjes\u00eb n\u00eb \u00e7eljen e Panairit t\u00eb 15-t\u00eb t\u00eb Librit i cili zhvillohet nga data 26 korrik-4 gusht 2015, n\u00eb sh\u00ebtitoren e Plazhit t\u00eb Vog\u00ebl n\u00eb qytetin e Ulqinit.<br \/>\nN\u00eb ceremonin\u00eb e hapjes ishin t\u00eb pranish\u00ebm ishin edhe Ministrja e Kultur\u00ebs s\u00eb Shqip\u00ebris\u00eb, znj. Mirela Kumbaro, Kryetari i Kuvendit t\u00eb Malit t\u00eb Zi,\u00a0 z. Ranko Krivokapi\u00e7, Ministri i Kultur\u00ebs t\u00eb Malit t\u00eb Zi, z. Pavle Goranovi\u00e7 dhe Ministri i Kultur\u00ebs t\u00eb Republik\u00ebs s\u00eb Kosov\u00ebs, z. Kujtim Shala si dhe mjaft shkrimtar\u00eb, akademik\u00eb e politikan\u00eb nga Mali i Zi, Shqip\u00ebria, Kosova e Maqedonia.<br \/>\nN\u00eb fillim t\u00eb fjal\u00ebs s\u00eb tij p\u00ebrsh\u00ebndet\u00ebse, z. Kryetari i Kuvendit, z. Ilir Meta fal\u00ebnderoi organizator\u00ebt p\u00ebr k\u00ebt\u00eb iniciativ\u00eb.<br \/>\n\u201cUn\u00eb do t\u00eb doja t\u00eb fal\u00ebnderoja Kryetarin e Parlamentit t\u00eb Malit t\u00eb Zi, mikun tim z. Ranko Krivokapi\u00e7 p\u00ebr pjes\u00ebmarrjen e tij n\u00eb k\u00ebt\u00eb eveniment mjaft t\u00eb r\u00ebnd\u00ebsish\u00ebm. Ashtu sikurse do t\u00eb doja t\u00eb fal\u00ebnderoja Kryetarin e Komun\u00ebs, z. Fatmir Gjeka dhe kolegun tim deputetin z. Fatmir To\u00e7in dhe Iren\u00ebn si Drejtore e Institutit p\u00ebr ftes\u00ebn e tyre. Do t\u00eb doja t\u00eb p\u00ebrsh\u00ebndesja Ministren ton\u00eb t\u00eb Kultur\u00ebs, znj. Kumbaro, por dhe ministrat e Kosov\u00ebs dhe t\u00eb Malit t\u00eb Zi dhe t\u00eb gjith\u00eb deputet\u00ebt dhe autoritetet.\u00a0 \u00cbsht\u00eb hera e par\u00eb p\u00ebr mua q\u00eb marr pjes\u00eb n\u00eb k\u00ebt\u00eb panair tashm\u00eb t\u00eb konsoliduar, t\u00eb p\u00ebrvitsh\u00ebm t\u00eb librit n\u00eb Ulqin dhe natyrisht q\u00eb \u00ebsht\u00eb nj\u00eb eksperienc\u00eb e re p\u00ebr mua, por aspak p\u00ebr shumic\u00ebn tuaj dhe sidomos p\u00ebr qytetar\u00ebt e Ulqinit\u201d, tha z. Meta.<br \/>\nKryetari i Kuvendit evidentoi fuqin\u00eb e jasht\u00ebzakonshme, q\u00eb sjell kultura e libri p\u00ebr bashk\u00ebpunimin dhe toleranc\u00ebn.<br \/>\n\u201cAjo q\u00eb dua t\u00eb theksoj \u00ebsht\u00eb se jo shum\u00eb koh\u00eb m\u00eb par\u00eb, n\u00eb vitin 1999, 16 vjet m\u00eb par\u00eb, pra nj\u00eb vit p\u00ebrpara se ky panair t\u00eb startonte, flak\u00ebt e luft\u00ebs n\u00eb Ballkan ende nuk ishin shuar dhe qytetar\u00ebt e Ulqinit mir\u00ebprisnin me mij\u00ebra qytetar\u00eb t\u00eb Kosov\u00ebs t\u00eb cil\u00ebt ishin t\u00eb p\u00ebrz\u00ebn\u00eb n\u00eb m\u00ebnyr\u00eb t\u00eb dhunshme nga gjenocidi i nj\u00eb regjimi barbar. Dhe t\u00eb mos harrojm\u00eb se 16 vjet nuk jan\u00eb shum\u00eb p\u00ebr t\u00eb par\u00eb k\u00ebt\u00eb progres t\u00eb jasht\u00ebzakonsh\u00ebm dhe p\u00ebr t\u00eb par\u00eb k\u00ebt\u00eb fuqi t\u00eb jasht\u00ebzakonshme q\u00eb sjell kultura, q\u00eb sjell libri, k\u00ebt\u00eb fuqi komunikimi, njohje, bashk\u00ebpunimi, tolerance\u201d, tha z. Meta.<br \/>\nZ. Ilir Meta deklaroi se ofrimi i k\u00ebtij bashkimi p\u00ebrmes librit \u00ebsht\u00eb nj\u00eb bashkim mjaft i fuqish\u00ebm dhe mjaft dometh\u00ebn\u00ebs p\u00ebr t\u00eb ardhmen ton\u00eb t\u00eb p\u00ebrbashk\u00ebt n\u00eb Bashkimin Europian.<br \/>\n\u201cDua t\u00eb p\u00ebrsh\u00ebndes iniciator\u00ebt e k\u00ebsaj nisme, t\u00eb k\u00ebtij panairi, t\u00eb k\u00ebtij festivali, t\u00eb k\u00ebtij institucioni tashm\u00eb rajonal i cili \u00ebsht\u00eb nj\u00eb institucion v\u00ebrtet mjaft dometh\u00ebn\u00ebs i bashk\u00ebpunimit, p\u00ebr p\u00ebrkushtimin e tyre, p\u00ebr p\u00ebrkujdesjen e tyre, p\u00ebr k\u00ebt\u00eb mund\u00ebsi q\u00eb na japin, p\u00ebr k\u00ebt\u00eb bashkim q\u00eb na ofrojn\u00eb p\u00ebrmes librit, p\u00ebrmes kultur\u00ebs, q\u00eb \u00ebsht\u00eb nj\u00eb bashkim mjaft i fuqish\u00ebm dhe mjaft dometh\u00ebn\u00ebs p\u00ebr t\u00eb ardhmen ton\u00eb t\u00eb p\u00ebrbashk\u00ebt n\u00eb Bashkimin Europian. N\u00eb k\u00ebt\u00eb panair sivjet do t\u00eb ekspozohen mbi 3500 tituj librash nga m\u00eb t\u00eb ndryshmit, me autor\u00eb nga Shqip\u00ebria, nga Maqedonia, nga Kosova, nga Mali i Zi. Dhe un\u00eb besoj shum\u00eb tek fuqia e librit, tek fuqia e kultur\u00ebs dhe jam i bindur se librat m\u00eb t\u00eb mir\u00eb e b\u00ebjn\u00eb bot\u00ebn m\u00eb t\u00eb mir\u00eb dhe i ndihmojn\u00eb njer\u00ebzit q\u00eb t\u00eb bashkojn\u00eb vlerat e tyre m\u00eb t\u00eb mira\u201d, &#8211; theksoi n\u00eb fjal\u00ebn e tij, Kryetari i Kuvendit, z. Ilir Meta.<\/p>\n<p><strong>Fjala e plot\u00eb e Kryetarit t\u00eb Kuvendit, z. Ilir Meta:<\/strong><\/p>\n<p><a href=\"http:\/\/www.visit-ulcinj.com\/blog\/wp-content\/uploads\/2015\/07\/Ilir-Meta-ne-Panairit-t\u00eb-15-t\u00eb-t\u00eb-Librit-n\u00eb-Ulqin-1.jpg\"><img loading=\"lazy\" class=\"alignleft wp-image-91853\" src=\"http:\/\/www.visit-ulcinj.com\/blog\/wp-content\/uploads\/2015\/07\/Ilir-Meta-ne-Panairit-t\u00eb-15-t\u00eb-t\u00eb-Librit-n\u00eb-Ulqin-1.jpg\" alt=\"Ilir Meta ne Panairit t\u00eb 15-t\u00eb t\u00eb Librit n\u00eb Ulqin-1\" width=\"508\" height=\"339\" \/><\/a><\/p>\n<p>Edhe un\u00eb do t\u00eb doja t\u00eb fal\u00ebnderoja Kryetarin e Parlamentit t\u00eb Malit t\u00eb Zi, mikun tim z. Ranko Krivokapi\u00e7 p\u00ebr pjes\u00ebmarrjen e tij n\u00eb k\u00ebt\u00eb eveniment mjaft t\u00eb r\u00ebnd\u00ebsish\u00ebm. Ashtu sikurse do t\u00eb doja t\u00eb fal\u00ebnderoja Kryetarin e Komun\u00ebs, z. Fatmir Gjeka dhe kolegun tim deputetin z. Fatmir To\u00e7in dhe Iren\u00ebn si Drejtore e Institutit p\u00ebr ftes\u00ebn e tyre. Do t\u00eb doja t\u00eb p\u00ebrsh\u00ebndesja Ministren ton\u00eb t\u00eb Kultur\u00ebs, znj. Kumbaro, por dhe ministrat e Kosov\u00ebs dhe t\u00eb Malit t\u00eb Zi dhe t\u00eb gjith\u00eb deputet\u00ebt dhe autoritetet.<br \/>\n\u00cbsht\u00eb hera e par\u00eb p\u00ebr mua q\u00eb marr pjes\u00eb n\u00eb k\u00ebt\u00eb panair tashm\u00eb t\u00eb konsoliduar, t\u00eb p\u00ebrvitsh\u00ebm t\u00eb librit n\u00eb Ulqin dhe natyrisht q\u00eb \u00ebsht\u00eb nj\u00eb eksperienc\u00eb e re p\u00ebr mua, por aspak p\u00ebr shumic\u00ebn tuaj dhe sidomos p\u00ebr qytetar\u00ebt e Ulqinit.<br \/>\nAjo q\u00eb dua t\u00eb theksoj \u00ebsht\u00eb se jo shum\u00eb koh\u00eb m\u00eb par\u00eb, n\u00eb vitin 1999, 16 vjet m\u00eb par\u00eb, pra nj\u00eb vit p\u00ebrpara se ky panair t\u00eb startonte, flak\u00ebt e luft\u00ebs n\u00eb Ballkan ende nuk ishin shuar dhe qytetar\u00ebt e Ulqinit mir\u00ebprisnin me mij\u00ebra qytetar\u00eb t\u00eb Kosov\u00ebs t\u00eb cil\u00ebt ishin t\u00eb p\u00ebrz\u00ebn\u00eb n\u00eb m\u00ebnyr\u00eb t\u00eb dhunshme nga gjenocidi i nj\u00eb regjimi barbar.<br \/>\nDhe t\u00eb mos harrojm\u00eb se 16 vjet nuk jan\u00eb shum\u00eb p\u00ebr t\u00eb par\u00eb k\u00ebt\u00eb progres t\u00eb jasht\u00ebzakonsh\u00ebm dhe p\u00ebr t\u00eb par\u00eb k\u00ebt\u00eb fuqi t\u00eb jasht\u00ebzakonshme q\u00eb sjell kultura, q\u00eb sjell libri, k\u00ebt\u00eb fuqi komunikimi, njohje, bashk\u00ebpunimi, tolerance.<br \/>\nNdaj, un\u00eb dua t\u00eb p\u00ebrsh\u00ebndes iniciator\u00ebt e k\u00ebsaj nisme, t\u00eb k\u00ebtij panairi, t\u00eb k\u00ebtij festivali, t\u00eb k\u00ebtij institucioni tashm\u00eb rajonal i cili \u00ebsht\u00eb nj\u00eb institucion v\u00ebrtet mjaft dometh\u00ebn\u00ebs i bashk\u00ebpunimit, p\u00ebr p\u00ebrkushtimin e tyre, p\u00ebr p\u00ebrkujdesjen e tyre, p\u00ebr k\u00ebt\u00eb mund\u00ebsi q\u00eb na japin, p\u00ebr k\u00ebt\u00eb bashkim q\u00eb na ofrojn\u00eb p\u00ebrmes librit, p\u00ebrmes kultur\u00ebs, q\u00eb \u00ebsht\u00eb nj\u00eb bashkim mjaft i fuqish\u00ebm dhe mjaft dometh\u00ebn\u00ebs p\u00ebr t\u00eb ardhmen ton\u00eb t\u00eb p\u00ebrbashk\u00ebt n\u00eb Bashkimin Europian.<br \/>\nN\u00eb k\u00ebt\u00eb panair sivjet do t\u00eb ekspozohen mbi 3500 tituj librash nga m\u00eb t\u00eb ndryshmit, me autor\u00eb nga Shqip\u00ebria, nga Maqedonia, nga Kosova, nga Mali i Zi. Dhe un\u00eb besoj shum\u00eb tek fuqia e librit, tek fuqia e kultur\u00ebs dhe jam i bindur se librat m\u00eb t\u00eb mir\u00eb e b\u00ebjn\u00eb bot\u00ebn m\u00eb t\u00eb mir\u00eb dhe i ndihmojn\u00eb njer\u00ebzit q\u00eb t\u00eb bashkojn\u00eb vlerat e tyre m\u00eb t\u00eb mira.<br \/>\nPrandaj, suksese organizator\u00ebve dhe suksese t\u00eb gjith\u00eb qytetar\u00ebve t\u00eb Ulqinit , mikprit\u00ebsve t\u00eb v\u00ebrtet t\u00eb k\u00ebtij panairi t\u00eb p\u00ebrvitsh\u00ebm.<\/p>\n<p><strong>Burimi: Kuvendi i Shqiperis\u00eb<\/strong><\/p>\n<!--YouTube Error: bad URL entered-->\n","protected":false},"excerpt":{"rendered":"<p>Kryetari i Kuvendit, z. Ilir Meta mori pjes\u00eb n\u00eb \u00e7eljen e Panairit t\u00eb 15-t\u00eb t\u00eb Librit n\u00eb Ulqin Kryetari i Kuvendit, z. Ilir Meta mori pjes\u00eb n\u00eb \u00e7eljen e Panairit t\u00eb 15-t\u00eb t\u00eb Librit i cili zhvillohet nga data 26 korrik-4 gusht 2015, n\u00eb sh\u00ebtitoren e Plazhit t\u00eb Vog\u00ebl n\u00eb qytetin e Ulqinit. N\u00eb ceremonin\u00eb [&hellip;]<\/p>\n","protected":false},"author":1,"featured_media":0,"comment_status":"closed","ping_status":"closed","sticky":false,"template":"","format":"standard","meta":{"spay_email":"","jetpack_publicize_message":"","jetpack_is_tweetstorm":false,"jetpack_publicize_feature_enabled":true},"categories":[4],"tags":[],"jetpack_publicize_connections":[],"yoast_head":"<!-- This site is optimized with the Yoast SEO plugin v19.1 - https:\/\/yoast.com\/wordpress\/plugins\/seo\/ -->\n<title>Ilir Meta mori pjes\u00eb n\u00eb \u00e7eljen e Panairit t\u00eb 15-t\u00eb t\u00eb Librit n\u00eb Ulqin - Video - Lajme nga Ulqini<\/title>\n<meta name=\"description\" content=\"Kryetari i Kuvendit, z. Ilir Meta mori pjes\u00eb n\u00eb \u00e7eljen e Panairit t\u00eb 15-t\u00eb t\u00eb Librit n\u00eb Ulqin Kryetari i Kuvendit, z. Ilir Meta mori pjes\u00eb n\u00eb \u00e7eljen e\" \/>\n<meta name=\"robots\" content=\"index, follow, max-snippet:-1, max-image-preview:large, max-video-preview:-1\" \/>\n<link rel=\"canonical\" href=\"https:\/\/www.visit-ulcinj.com\/blog\/2015\/07\/28\/ilir-meta-mori-pjese-ne-celjen-e-panairit-te-15-te-te-librit-ne-ulqin\/\" \/>\n<meta property=\"og:locale\" content=\"en_US\" \/>\n<meta property=\"og:type\" content=\"article\" \/>\n<meta property=\"og:title\" content=\"Ilir Meta mori pjes\u00eb n\u00eb \u00e7eljen e Panairit t\u00eb 15-t\u00eb t\u00eb Librit n\u00eb Ulqin - Video - Lajme nga Ulqini\" \/>\n<meta property=\"og:description\" content=\"Kryetari i Kuvendit, z. Ilir Meta mori pjes\u00eb n\u00eb \u00e7eljen e Panairit t\u00eb 15-t\u00eb t\u00eb Librit n\u00eb Ulqin Kryetari i Kuvendit, z. Ilir Meta mori pjes\u00eb n\u00eb \u00e7eljen e\" \/>\n<meta property=\"og:url\" content=\"https:\/\/www.visit-ulcinj.com\/blog\/2015\/07\/28\/ilir-meta-mori-pjese-ne-celjen-e-panairit-te-15-te-te-librit-ne-ulqin\/\" \/>\n<meta property=\"og:site_name\" content=\"Lajme nga Ulqini\" \/>\n<meta property=\"article:published_time\" content=\"2015-07-28T08:38:25+00:00\" \/>\n<meta property=\"article:modified_time\" content=\"2015-07-28T09:00:10+00:00\" \/>\n<meta name=\"twitter:label1\" content=\"Written by\" \/>\n\t<meta name=\"twitter:data1\" content=\"ulqini\" \/>\n\t<meta name=\"twitter:label2\" content=\"Est. reading time\" \/>\n\t<meta name=\"twitter:data2\" content=\"6 minutes\" \/>\n<script type=\"application\/ld+json\" class=\"yoast-schema-graph\">{\"@context\":\"https:\/\/schema.org\",\"@graph\":[{\"@type\":\"WebSite\",\"@id\":\"https:\/\/www.visit-ulcinj.com\/blog\/#website\",\"url\":\"https:\/\/www.visit-ulcinj.com\/blog\/\",\"name\":\"Lajme nga Ulqini\",\"description\":\"Lajme,Vijesti,Ulqini,Ulqin,Crna Gora,Mali i Zi\",\"potentialAction\":[{\"@type\":\"SearchAction\",\"target\":{\"@type\":\"EntryPoint\",\"urlTemplate\":\"https:\/\/www.visit-ulcinj.com\/blog\/?s={search_term_string}\"},\"query-input\":\"required name=search_term_string\"}],\"inLanguage\":\"en-US\"},{\"@type\":\"WebPage\",\"@id\":\"https:\/\/www.visit-ulcinj.com\/blog\/2015\/07\/28\/ilir-meta-mori-pjese-ne-celjen-e-panairit-te-15-te-te-librit-ne-ulqin\/#webpage\",\"url\":\"https:\/\/www.visit-ulcinj.com\/blog\/2015\/07\/28\/ilir-meta-mori-pjese-ne-celjen-e-panairit-te-15-te-te-librit-ne-ulqin\/\",\"name\":\"Ilir Meta mori pjes\u00eb n\u00eb \u00e7eljen e Panairit t\u00eb 15-t\u00eb t\u00eb Librit n\u00eb Ulqin - Video - Lajme nga Ulqini\",\"isPartOf\":{\"@id\":\"https:\/\/www.visit-ulcinj.com\/blog\/#website\"},\"datePublished\":\"2015-07-28T08:38:25+00:00\",\"dateModified\":\"2015-07-28T09:00:10+00:00\",\"author\":{\"@id\":\"https:\/\/www.visit-ulcinj.com\/blog\/#\/schema\/person\/dcab619c614d3038751c63bc2aadc06d\"},\"description\":\"Kryetari i Kuvendit, z. Ilir Meta mori pjes\u00eb n\u00eb \u00e7eljen e Panairit t\u00eb 15-t\u00eb t\u00eb Librit n\u00eb Ulqin Kryetari i Kuvendit, z. Ilir Meta mori pjes\u00eb n\u00eb \u00e7eljen e\",\"breadcrumb\":{\"@id\":\"https:\/\/www.visit-ulcinj.com\/blog\/2015\/07\/28\/ilir-meta-mori-pjese-ne-celjen-e-panairit-te-15-te-te-librit-ne-ulqin\/#breadcrumb\"},\"inLanguage\":\"en-US\",\"potentialAction\":[{\"@type\":\"ReadAction\",\"target\":[\"https:\/\/www.visit-ulcinj.com\/blog\/2015\/07\/28\/ilir-meta-mori-pjese-ne-celjen-e-panairit-te-15-te-te-librit-ne-ulqin\/\"]}]},{\"@type\":\"BreadcrumbList\",\"@id\":\"https:\/\/www.visit-ulcinj.com\/blog\/2015\/07\/28\/ilir-meta-mori-pjese-ne-celjen-e-panairit-te-15-te-te-librit-ne-ulqin\/#breadcrumb\",\"itemListElement\":[{\"@type\":\"ListItem\",\"position\":1,\"name\":\"Ilir Meta mori pjes\u00eb n\u00eb \u00e7eljen e Panairit t\u00eb 15-t\u00eb t\u00eb Librit n\u00eb Ulqin &#8211; Video\"}]},{\"@type\":\"Person\",\"@id\":\"https:\/\/www.visit-ulcinj.com\/blog\/#\/schema\/person\/dcab619c614d3038751c63bc2aadc06d\",\"name\":\"ulqini\",\"sameAs\":[\"http:\/\/www.visit-ulcinj.com\"],\"url\":\"https:\/\/www.visit-ulcinj.com\/blog\/author\/admin\/\"}]}<\/script>\n<!-- \/ Yoast SEO plugin. -->","yoast_head_json":{"title":"Ilir Meta mori pjes\u00eb n\u00eb \u00e7eljen e Panairit t\u00eb 15-t\u00eb t\u00eb Librit n\u00eb Ulqin - Video - Lajme nga Ulqini","description":"Kryetari i Kuvendit, z. Ilir Meta mori pjes\u00eb n\u00eb \u00e7eljen e Panairit t\u00eb 15-t\u00eb t\u00eb Librit n\u00eb Ulqin Kryetari i Kuvendit, z. Ilir Meta mori pjes\u00eb n\u00eb \u00e7eljen e","robots":{"index":"index","follow":"follow","max-snippet":"max-snippet:-1","max-image-preview":"max-image-preview:large","max-video-preview":"max-video-preview:-1"},"canonical":"https:\/\/www.visit-ulcinj.com\/blog\/2015\/07\/28\/ilir-meta-mori-pjese-ne-celjen-e-panairit-te-15-te-te-librit-ne-ulqin\/","og_locale":"en_US","og_type":"article","og_title":"Ilir Meta mori pjes\u00eb n\u00eb \u00e7eljen e Panairit t\u00eb 15-t\u00eb t\u00eb Librit n\u00eb Ulqin - Video - Lajme nga Ulqini","og_description":"Kryetari i Kuvendit, z. Ilir Meta mori pjes\u00eb n\u00eb \u00e7eljen e Panairit t\u00eb 15-t\u00eb t\u00eb Librit n\u00eb Ulqin Kryetari i Kuvendit, z. Ilir Meta mori pjes\u00eb n\u00eb \u00e7eljen e","og_url":"https:\/\/www.visit-ulcinj.com\/blog\/2015\/07\/28\/ilir-meta-mori-pjese-ne-celjen-e-panairit-te-15-te-te-librit-ne-ulqin\/","og_site_name":"Lajme nga Ulqini","article_published_time":"2015-07-28T08:38:25+00:00","article_modified_time":"2015-07-28T09:00:10+00:00","twitter_misc":{"Written by":"ulqini","Est. reading time":"6 minutes"},"schema":{"@context":"https:\/\/schema.org","@graph":[{"@type":"WebSite","@id":"https:\/\/www.visit-ulcinj.com\/blog\/#website","url":"https:\/\/www.visit-ulcinj.com\/blog\/","name":"Lajme nga Ulqini","description":"Lajme,Vijesti,Ulqini,Ulqin,Crna Gora,Mali i Zi","potentialAction":[{"@type":"SearchAction","target":{"@type":"EntryPoint","urlTemplate":"https:\/\/www.visit-ulcinj.com\/blog\/?s={search_term_string}"},"query-input":"required name=search_term_string"}],"inLanguage":"en-US"},{"@type":"WebPage","@id":"https:\/\/www.visit-ulcinj.com\/blog\/2015\/07\/28\/ilir-meta-mori-pjese-ne-celjen-e-panairit-te-15-te-te-librit-ne-ulqin\/#webpage","url":"https:\/\/www.visit-ulcinj.com\/blog\/2015\/07\/28\/ilir-meta-mori-pjese-ne-celjen-e-panairit-te-15-te-te-librit-ne-ulqin\/","name":"Ilir Meta mori pjes\u00eb n\u00eb \u00e7eljen e Panairit t\u00eb 15-t\u00eb t\u00eb Librit n\u00eb Ulqin - Video - Lajme nga Ulqini","isPartOf":{"@id":"https:\/\/www.visit-ulcinj.com\/blog\/#website"},"datePublished":"2015-07-28T08:38:25+00:00","dateModified":"2015-07-28T09:00:10+00:00","author":{"@id":"https:\/\/www.visit-ulcinj.com\/blog\/#\/schema\/person\/dcab619c614d3038751c63bc2aadc06d"},"description":"Kryetari i Kuvendit, z. Ilir Meta mori pjes\u00eb n\u00eb \u00e7eljen e Panairit t\u00eb 15-t\u00eb t\u00eb Librit n\u00eb Ulqin Kryetari i Kuvendit, z. Ilir Meta mori pjes\u00eb n\u00eb \u00e7eljen e","breadcrumb":{"@id":"https:\/\/www.visit-ulcinj.com\/blog\/2015\/07\/28\/ilir-meta-mori-pjese-ne-celjen-e-panairit-te-15-te-te-librit-ne-ulqin\/#breadcrumb"},"inLanguage":"en-US","potentialAction":[{"@type":"ReadAction","target":["https:\/\/www.visit-ulcinj.com\/blog\/2015\/07\/28\/ilir-meta-mori-pjese-ne-celjen-e-panairit-te-15-te-te-librit-ne-ulqin\/"]}]},{"@type":"BreadcrumbList","@id":"https:\/\/www.visit-ulcinj.com\/blog\/2015\/07\/28\/ilir-meta-mori-pjese-ne-celjen-e-panairit-te-15-te-te-librit-ne-ulqin\/#breadcrumb","itemListElement":[{"@type":"ListItem","position":1,"name":"Ilir Meta mori pjes\u00eb n\u00eb \u00e7eljen e Panairit t\u00eb 15-t\u00eb t\u00eb Librit n\u00eb Ulqin &#8211; Video"}]},{"@type":"Person","@id":"https:\/\/www.visit-ulcinj.com\/blog\/#\/schema\/person\/dcab619c614d3038751c63bc2aadc06d","name":"ulqini","sameAs":["http:\/\/www.visit-ulcinj.com"],"url":"https:\/\/www.visit-ulcinj.com\/blog\/author\/admin\/"}]}},"jetpack_featured_media_url":"","jetpack_sharing_enabled":true,"jetpack_shortlink":"https:\/\/wp.me\/pe6lTn-nTt","_links":{"self":[{"href":"https:\/\/www.visit-ulcinj.com\/blog\/wp-json\/wp\/v2\/posts\/91851"}],"collection":[{"href":"https:\/\/www.visit-ulcinj.com\/blog\/wp-json\/wp\/v2\/posts"}],"about":[{"href":"https:\/\/www.visit-ulcinj.com\/blog\/wp-json\/wp\/v2\/types\/post"}],"author":[{"embeddable":true,"href":"https:\/\/www.visit-ulcinj.com\/blog\/wp-json\/wp\/v2\/users\/1"}],"replies":[{"embeddable":true,"href":"https:\/\/www.visit-ulcinj.com\/blog\/wp-json\/wp\/v2\/comments?post=91851"}],"version-history":[{"count":3,"href":"https:\/\/www.visit-ulcinj.com\/blog\/wp-json\/wp\/v2\/posts\/91851\/revisions"}],"predecessor-version":[{"id":91863,"href":"https:\/\/www.visit-ulcinj.com\/blog\/wp-json\/wp\/v2\/posts\/91851\/revisions\/91863"}],"wp:attachment":[{"href":"https:\/\/www.visit-ulcinj.com\/blog\/wp-json\/wp\/v2\/media?parent=91851"}],"wp:term":[{"taxonomy":"category","embeddable":true,"href":"https:\/\/www.visit-ulcinj.com\/blog\/wp-json\/wp\/v2\/categories?post=91851"},{"taxonomy":"post_tag","embeddable":true,"href":"https:\/\/www.visit-ulcinj.com\/blog\/wp-json\/wp\/v2\/tags?post=91851"}],"curies":[{"name":"wp","href":"https:\/\/api.w.org\/{rel}","templated":true}]}}