{"id":91856,"date":"2015-07-28T09:43:25","date_gmt":"2015-07-28T08:43:25","guid":{"rendered":"http:\/\/www.visit-ulcinj.com\/blog\/?p=91856"},"modified":"2015-07-28T09:43:25","modified_gmt":"2015-07-28T08:43:25","slug":"ne-panairin-e-librit-ulqini-2015-prezantohen-mbi-3500-libra","status":"publish","type":"post","link":"https:\/\/www.visit-ulcinj.com\/blog\/2015\/07\/28\/ne-panairin-e-librit-ulqini-2015-prezantohen-mbi-3500-libra\/","title":{"rendered":"N\u00eb Panairin e Librit \u201cUlqini 2015\u201d prezantohen mbi 3500 libra"},"content":{"rendered":"<div id=\"stcpDiv\">\n<div>Panairi i 15 i Librit \u201cUlqini 2015\u201d, nga 26 korriku &#8211; 4 gusht \u00ebsht\u00eb veprimtaria e cila rikthen k\u00ebt\u00eb sezon v\u00ebmendjen nga libri. Ky aktivitet zhvillohet n\u00ebn kujdesin e kryetarit t\u00eb Komun\u00ebs s\u00eb Ulqinit, Fatmir Gjeka, panairi i sivjetsh\u00ebm realizon vazhdim\u00ebsin\u00eb e tradit\u00ebs s\u00eb organizimit t\u00eb k\u00ebsaj veprimtarie q\u00eb pritet me shum\u00eb interes nga pushuesit q\u00eb e kan\u00eb shum\u00ebfishuar numrin e banor\u00ebve t\u00eb Ulqinit gjat\u00eb k\u00ebtij sezoni. N\u00eb prag t\u00eb \u00e7eljes s\u00eb Panairit \u201cUlqini 2015\u201d, Komuna e Ulqinit organizoi nj\u00eb drek\u00eb miq\u00ebsore, ku merrnin pjes\u00eb Kryetari i Kuvendit Ilir Meta, ministrja e Kultur\u00ebs, Mirela Kumbaro, deputet\u00ebt Agron \u00c7ela dhe Mimoza Hafizi, etj.<\/div>\n<div><\/div>\n<div>Drek\u00ebn e hapi Kryetari i Komun\u00ebs s\u00eb Ulqinit, Fatmir Gjeka, i cili uroi mir\u00ebseardhjen dhe udh\u00eb t\u00eb mbar\u00eb k\u00ebtij panairi tradit\u00eb n\u00eb trojet shqiptare, iniciuar 15 vite m\u00eb par\u00eb nga Shoqata e Botuesve Shqiptar\u00eb dhe Sht\u00ebpia Botuese \u201cToena\u201d. Kryeparlamentari Meta e cil\u00ebsoi t\u00eb r\u00ebnd\u00ebsish\u00ebm organizimin e p\u00ebrvitsh\u00ebm t\u00eb k\u00ebtij panairi, duke pohuar se: \u201cduhet ta kthejm\u00eb Ulqinin n\u00eb nj\u00eb qend\u00ebr t\u00eb kultur\u00ebs artit dhe tradit\u00ebs\u201d. Gjat\u00eb k\u00ebsaj dreke miq\u00ebsore n\u00eb pik\u00ebn e bashkimit t\u00eb Bun\u00ebs me Adriatikun deputeti Fatmir To\u00e7i, duke fal\u00ebnderuar p\u00ebr pjes\u00ebmarrjen Kryetarin Meta, vler\u00ebsoi edhe pranin\u00eb n\u00eb k\u00ebt\u00eb panair t\u00eb shkrimtarit m\u00eb t\u00eb madhe t\u00eb k\u00ebtij 20 vje\u00e7ari, Fatos Kongoli, si i ftuar nderi i k\u00ebtij eventi kulturor. \u00a0N\u00eb k\u00ebt\u00eb panair, ve\u00e7 librave nga Shqip\u00ebria, Kosova e Maqedonia \u00a0ekspozohen edhe libra q\u00eb vijn\u00eb nga botues edhe nga Mali i Zi e pakicat e tjera komb\u00ebtare t\u00eb k\u00ebsaj republike. N\u00eb Panairin e librit n\u00eb Ulqin ofrohen p\u00ebr shitje mbi 3500 tituj librash.<\/div>\n<div><\/div>\n<div>Para s\u00eb gjithash let\u00ebrsi artistike t\u00eb autor\u00ebve shqiptar\u00eb e t\u00eb huaj, por edhe histori, botime enciklopedike, guida turistike, let\u00ebrsi p\u00ebr f\u00ebmij\u00eb, fjalor\u00eb e metoda p\u00ebr m\u00ebsimin e shqipes dhe t\u00eb gjuh\u00ebve t\u00eb huaja, libra utilitar\u00eb p\u00ebr profesione t\u00eb ndryshme, albume, katalog\u00eb, etj, p\u00ebr lexuesit ulqinak\u00eb dhe pushuesit e huaj. \u00cbsht\u00eb tradit\u00eb e Panairit t\u00eb Librit n\u00eb Ulqin q\u00eb t\u00eb ket\u00eb n\u00eb \u00e7do edicion t\u00eb ftuar t\u00eb ve\u00e7ant\u00eb, personalitete nga fusha e kultur\u00ebs, akademik\u00eb, administrata shtet\u00ebrore apo politika. K\u00ebshtu n\u00eb vitet e m\u00ebparshme shiritin e inaugurimit t\u00eb k\u00ebsaj veprimtarie e kan\u00eb prer\u00eb personalitete t\u00eb tilla si Drit\u00ebro Agolli, Rexhep Qosja, Ismail Kadare, Fatos Arapi, Fatos Kongoli, Ali Podrimja, Jevren Brkoviq, Luan Starova, Zuvdi Hoxhiq, Sreten Asanoviq, Aleksand\u00ebr Stip\u00e7eviq, ministrat e Kultur\u00ebs t\u00eb Shqip\u00ebris\u00eb e t\u00eb Malit t\u00eb Zi, akademik\u00eb e parlamentar\u00eb t\u00eb t\u00eb dy vendeve, si dhe ish-presidenti i Shqip\u00ebris\u00eb Rexhep Meidani. Nd\u00ebrsa n\u00eb 5-vjetorin e k\u00ebtij Panairi, pren\u00eb shiritin e tij president\u00ebt e dy vendeve, Alfred Moisiu i Shqip\u00ebris\u00eb dhe Filip Vujanoviq i Malit t\u00eb Zi.<\/div>\n<p>&#8211; See more at: http:\/\/www.sot.com.al\/kultura\/prezantohen-mbi-3500-libra-n%C3%AB-panairin-e-librit-%E2%80%9Culqini-2015%E2%80%9D#sthash.Rgm92d6l.dpuf<\/p><\/div>\n","protected":false},"excerpt":{"rendered":"<p>Panairi i 15 i Librit \u201cUlqini 2015\u201d, nga 26 korriku &#8211; 4 gusht \u00ebsht\u00eb veprimtaria e cila rikthen k\u00ebt\u00eb sezon v\u00ebmendjen nga libri. Ky aktivitet zhvillohet n\u00ebn kujdesin e kryetarit t\u00eb Komun\u00ebs s\u00eb Ulqinit, Fatmir Gjeka, panairi i sivjetsh\u00ebm realizon vazhdim\u00ebsin\u00eb e tradit\u00ebs s\u00eb organizimit t\u00eb k\u00ebsaj veprimtarie q\u00eb pritet me shum\u00eb interes nga pushuesit [&hellip;]<\/p>\n","protected":false},"author":1,"featured_media":0,"comment_status":"closed","ping_status":"closed","sticky":false,"template":"","format":"standard","meta":{"spay_email":"","jetpack_publicize_message":"","jetpack_is_tweetstorm":false,"jetpack_publicize_feature_enabled":true},"categories":[8],"tags":[],"jetpack_publicize_connections":[],"yoast_head":"<!-- This site is optimized with the Yoast SEO plugin v19.1 - https:\/\/yoast.com\/wordpress\/plugins\/seo\/ -->\n<title>N\u00eb Panairin e Librit \u201cUlqini 2015\u201d prezantohen mbi 3500 libra - Lajme nga Ulqini<\/title>\n<meta name=\"description\" content=\"Panairi i 15 i Librit \u201cUlqini 2015\u201d, nga 26 korriku - 4 gusht \u00ebsht\u00eb veprimtaria e cila rikthen k\u00ebt\u00eb sezon v\u00ebmendjen nga libri. Ky aktivitet zhvillohet n\u00ebn\" \/>\n<meta name=\"robots\" content=\"index, follow, max-snippet:-1, max-image-preview:large, max-video-preview:-1\" \/>\n<link rel=\"canonical\" href=\"https:\/\/www.visit-ulcinj.com\/blog\/2015\/07\/28\/ne-panairin-e-librit-ulqini-2015-prezantohen-mbi-3500-libra\/\" \/>\n<meta property=\"og:locale\" content=\"en_US\" \/>\n<meta property=\"og:type\" content=\"article\" \/>\n<meta property=\"og:title\" content=\"N\u00eb Panairin e Librit \u201cUlqini 2015\u201d prezantohen mbi 3500 libra - Lajme nga Ulqini\" \/>\n<meta property=\"og:description\" content=\"Panairi i 15 i Librit \u201cUlqini 2015\u201d, nga 26 korriku - 4 gusht \u00ebsht\u00eb veprimtaria e cila rikthen k\u00ebt\u00eb sezon v\u00ebmendjen nga libri. Ky aktivitet zhvillohet n\u00ebn\" \/>\n<meta property=\"og:url\" content=\"https:\/\/www.visit-ulcinj.com\/blog\/2015\/07\/28\/ne-panairin-e-librit-ulqini-2015-prezantohen-mbi-3500-libra\/\" \/>\n<meta property=\"og:site_name\" content=\"Lajme nga Ulqini\" \/>\n<meta property=\"article:published_time\" content=\"2015-07-28T08:43:25+00:00\" \/>\n<meta name=\"twitter:label1\" content=\"Written by\" \/>\n\t<meta name=\"twitter:data1\" content=\"ulqini\" \/>\n\t<meta name=\"twitter:label2\" content=\"Est. reading time\" \/>\n\t<meta name=\"twitter:data2\" content=\"3 minutes\" \/>\n<script type=\"application\/ld+json\" class=\"yoast-schema-graph\">{\"@context\":\"https:\/\/schema.org\",\"@graph\":[{\"@type\":\"WebSite\",\"@id\":\"https:\/\/www.visit-ulcinj.com\/blog\/#website\",\"url\":\"https:\/\/www.visit-ulcinj.com\/blog\/\",\"name\":\"Lajme nga Ulqini\",\"description\":\"Lajme,Vijesti,Ulqini,Ulqin,Crna Gora,Mali i Zi\",\"potentialAction\":[{\"@type\":\"SearchAction\",\"target\":{\"@type\":\"EntryPoint\",\"urlTemplate\":\"https:\/\/www.visit-ulcinj.com\/blog\/?s={search_term_string}\"},\"query-input\":\"required name=search_term_string\"}],\"inLanguage\":\"en-US\"},{\"@type\":\"WebPage\",\"@id\":\"https:\/\/www.visit-ulcinj.com\/blog\/2015\/07\/28\/ne-panairin-e-librit-ulqini-2015-prezantohen-mbi-3500-libra\/#webpage\",\"url\":\"https:\/\/www.visit-ulcinj.com\/blog\/2015\/07\/28\/ne-panairin-e-librit-ulqini-2015-prezantohen-mbi-3500-libra\/\",\"name\":\"N\u00eb Panairin e Librit \u201cUlqini 2015\u201d prezantohen mbi 3500 libra - Lajme nga Ulqini\",\"isPartOf\":{\"@id\":\"https:\/\/www.visit-ulcinj.com\/blog\/#website\"},\"datePublished\":\"2015-07-28T08:43:25+00:00\",\"dateModified\":\"2015-07-28T08:43:25+00:00\",\"author\":{\"@id\":\"https:\/\/www.visit-ulcinj.com\/blog\/#\/schema\/person\/dcab619c614d3038751c63bc2aadc06d\"},\"description\":\"Panairi i 15 i Librit \u201cUlqini 2015\u201d, nga 26 korriku - 4 gusht \u00ebsht\u00eb veprimtaria e cila rikthen k\u00ebt\u00eb sezon v\u00ebmendjen nga libri. Ky aktivitet zhvillohet n\u00ebn\",\"breadcrumb\":{\"@id\":\"https:\/\/www.visit-ulcinj.com\/blog\/2015\/07\/28\/ne-panairin-e-librit-ulqini-2015-prezantohen-mbi-3500-libra\/#breadcrumb\"},\"inLanguage\":\"en-US\",\"potentialAction\":[{\"@type\":\"ReadAction\",\"target\":[\"https:\/\/www.visit-ulcinj.com\/blog\/2015\/07\/28\/ne-panairin-e-librit-ulqini-2015-prezantohen-mbi-3500-libra\/\"]}]},{\"@type\":\"BreadcrumbList\",\"@id\":\"https:\/\/www.visit-ulcinj.com\/blog\/2015\/07\/28\/ne-panairin-e-librit-ulqini-2015-prezantohen-mbi-3500-libra\/#breadcrumb\",\"itemListElement\":[{\"@type\":\"ListItem\",\"position\":1,\"name\":\"N\u00eb Panairin e Librit \u201cUlqini 2015\u201d prezantohen mbi 3500 libra\"}]},{\"@type\":\"Person\",\"@id\":\"https:\/\/www.visit-ulcinj.com\/blog\/#\/schema\/person\/dcab619c614d3038751c63bc2aadc06d\",\"name\":\"ulqini\",\"sameAs\":[\"http:\/\/www.visit-ulcinj.com\"],\"url\":\"https:\/\/www.visit-ulcinj.com\/blog\/author\/admin\/\"}]}<\/script>\n<!-- \/ Yoast SEO plugin. -->","yoast_head_json":{"title":"N\u00eb Panairin e Librit \u201cUlqini 2015\u201d prezantohen mbi 3500 libra - Lajme nga Ulqini","description":"Panairi i 15 i Librit \u201cUlqini 2015\u201d, nga 26 korriku - 4 gusht \u00ebsht\u00eb veprimtaria e cila rikthen k\u00ebt\u00eb sezon v\u00ebmendjen nga libri. Ky aktivitet zhvillohet n\u00ebn","robots":{"index":"index","follow":"follow","max-snippet":"max-snippet:-1","max-image-preview":"max-image-preview:large","max-video-preview":"max-video-preview:-1"},"canonical":"https:\/\/www.visit-ulcinj.com\/blog\/2015\/07\/28\/ne-panairin-e-librit-ulqini-2015-prezantohen-mbi-3500-libra\/","og_locale":"en_US","og_type":"article","og_title":"N\u00eb Panairin e Librit \u201cUlqini 2015\u201d prezantohen mbi 3500 libra - Lajme nga Ulqini","og_description":"Panairi i 15 i Librit \u201cUlqini 2015\u201d, nga 26 korriku - 4 gusht \u00ebsht\u00eb veprimtaria e cila rikthen k\u00ebt\u00eb sezon v\u00ebmendjen nga libri. Ky aktivitet zhvillohet n\u00ebn","og_url":"https:\/\/www.visit-ulcinj.com\/blog\/2015\/07\/28\/ne-panairin-e-librit-ulqini-2015-prezantohen-mbi-3500-libra\/","og_site_name":"Lajme nga Ulqini","article_published_time":"2015-07-28T08:43:25+00:00","twitter_misc":{"Written by":"ulqini","Est. reading time":"3 minutes"},"schema":{"@context":"https:\/\/schema.org","@graph":[{"@type":"WebSite","@id":"https:\/\/www.visit-ulcinj.com\/blog\/#website","url":"https:\/\/www.visit-ulcinj.com\/blog\/","name":"Lajme nga Ulqini","description":"Lajme,Vijesti,Ulqini,Ulqin,Crna Gora,Mali i Zi","potentialAction":[{"@type":"SearchAction","target":{"@type":"EntryPoint","urlTemplate":"https:\/\/www.visit-ulcinj.com\/blog\/?s={search_term_string}"},"query-input":"required name=search_term_string"}],"inLanguage":"en-US"},{"@type":"WebPage","@id":"https:\/\/www.visit-ulcinj.com\/blog\/2015\/07\/28\/ne-panairin-e-librit-ulqini-2015-prezantohen-mbi-3500-libra\/#webpage","url":"https:\/\/www.visit-ulcinj.com\/blog\/2015\/07\/28\/ne-panairin-e-librit-ulqini-2015-prezantohen-mbi-3500-libra\/","name":"N\u00eb Panairin e Librit \u201cUlqini 2015\u201d prezantohen mbi 3500 libra - Lajme nga Ulqini","isPartOf":{"@id":"https:\/\/www.visit-ulcinj.com\/blog\/#website"},"datePublished":"2015-07-28T08:43:25+00:00","dateModified":"2015-07-28T08:43:25+00:00","author":{"@id":"https:\/\/www.visit-ulcinj.com\/blog\/#\/schema\/person\/dcab619c614d3038751c63bc2aadc06d"},"description":"Panairi i 15 i Librit \u201cUlqini 2015\u201d, nga 26 korriku - 4 gusht \u00ebsht\u00eb veprimtaria e cila rikthen k\u00ebt\u00eb sezon v\u00ebmendjen nga libri. Ky aktivitet zhvillohet n\u00ebn","breadcrumb":{"@id":"https:\/\/www.visit-ulcinj.com\/blog\/2015\/07\/28\/ne-panairin-e-librit-ulqini-2015-prezantohen-mbi-3500-libra\/#breadcrumb"},"inLanguage":"en-US","potentialAction":[{"@type":"ReadAction","target":["https:\/\/www.visit-ulcinj.com\/blog\/2015\/07\/28\/ne-panairin-e-librit-ulqini-2015-prezantohen-mbi-3500-libra\/"]}]},{"@type":"BreadcrumbList","@id":"https:\/\/www.visit-ulcinj.com\/blog\/2015\/07\/28\/ne-panairin-e-librit-ulqini-2015-prezantohen-mbi-3500-libra\/#breadcrumb","itemListElement":[{"@type":"ListItem","position":1,"name":"N\u00eb Panairin e Librit \u201cUlqini 2015\u201d prezantohen mbi 3500 libra"}]},{"@type":"Person","@id":"https:\/\/www.visit-ulcinj.com\/blog\/#\/schema\/person\/dcab619c614d3038751c63bc2aadc06d","name":"ulqini","sameAs":["http:\/\/www.visit-ulcinj.com"],"url":"https:\/\/www.visit-ulcinj.com\/blog\/author\/admin\/"}]}},"jetpack_featured_media_url":"","jetpack_sharing_enabled":true,"jetpack_shortlink":"https:\/\/wp.me\/pe6lTn-nTy","_links":{"self":[{"href":"https:\/\/www.visit-ulcinj.com\/blog\/wp-json\/wp\/v2\/posts\/91856"}],"collection":[{"href":"https:\/\/www.visit-ulcinj.com\/blog\/wp-json\/wp\/v2\/posts"}],"about":[{"href":"https:\/\/www.visit-ulcinj.com\/blog\/wp-json\/wp\/v2\/types\/post"}],"author":[{"embeddable":true,"href":"https:\/\/www.visit-ulcinj.com\/blog\/wp-json\/wp\/v2\/users\/1"}],"replies":[{"embeddable":true,"href":"https:\/\/www.visit-ulcinj.com\/blog\/wp-json\/wp\/v2\/comments?post=91856"}],"version-history":[{"count":1,"href":"https:\/\/www.visit-ulcinj.com\/blog\/wp-json\/wp\/v2\/posts\/91856\/revisions"}],"predecessor-version":[{"id":91857,"href":"https:\/\/www.visit-ulcinj.com\/blog\/wp-json\/wp\/v2\/posts\/91856\/revisions\/91857"}],"wp:attachment":[{"href":"https:\/\/www.visit-ulcinj.com\/blog\/wp-json\/wp\/v2\/media?parent=91856"}],"wp:term":[{"taxonomy":"category","embeddable":true,"href":"https:\/\/www.visit-ulcinj.com\/blog\/wp-json\/wp\/v2\/categories?post=91856"},{"taxonomy":"post_tag","embeddable":true,"href":"https:\/\/www.visit-ulcinj.com\/blog\/wp-json\/wp\/v2\/tags?post=91856"}],"curies":[{"name":"wp","href":"https:\/\/api.w.org\/{rel}","templated":true}]}}