{"id":91858,"date":"2015-07-28T09:54:01","date_gmt":"2015-07-28T08:54:01","guid":{"rendered":"http:\/\/www.visit-ulcinj.com\/blog\/?p=91858"},"modified":"2015-07-28T09:54:01","modified_gmt":"2015-07-28T08:54:01","slug":"kujtim-shala-panairi-librit-ne-ulqin-forcon-komunikimin-kulturor-ndershqiptar","status":"publish","type":"post","link":"https:\/\/www.visit-ulcinj.com\/blog\/2015\/07\/28\/kujtim-shala-panairi-librit-ne-ulqin-forcon-komunikimin-kulturor-ndershqiptar\/","title":{"rendered":"Kujtim Shala: Panairi i librit n\u00eb Ulqin forcon komunikimin kulturor nd\u00ebrshqiptar"},"content":{"rendered":"<p><a href=\"http:\/\/www.visit-ulcinj.com\/blog\/wp-content\/uploads\/2015\/07\/Kujtim-Shala-panairi-ulqin-2015.jpg\"><img loading=\"lazy\" class=\"alignleft wp-image-91859\" src=\"http:\/\/www.visit-ulcinj.com\/blog\/wp-content\/uploads\/2015\/07\/Kujtim-Shala-panairi-ulqin-2015.jpg\" alt=\"Kujtim-Shala-panairi-ulqin-2015\" width=\"508\" height=\"337\" \/><\/a>Mbr\u00ebm\u00eb n\u00eb Ulqin, \u00ebsht\u00eb hapur Panairi i Librit ku mor\u00ebn pjes\u00eb personalitete t\u00eb shumta t\u00eb jet\u00ebs politike, institucionale e kulturore t\u00eb Malit t\u00eb Zi, Kosov\u00ebs dhe Shqip\u00ebris\u00eb.<\/p>\n<p>N\u00eb k\u00ebt\u00eb ngjarje t\u00eb madhe p\u00ebr kultur\u00ebn dhe librin shqip n\u00eb Mal t\u00eb Zi, mori pjes\u00eb edhe ministri i Kultur\u00ebs, Rinis\u00eb dhe Sportit, Kujtim Shala, i cili, n\u00eb ceremonin\u00eb e hapjes s\u00eb panairit, nd\u00ebr t\u00eb tjera p\u00ebrmendi nevoj\u00ebn e intensifikimit t\u00eb bashk\u00ebpunimit nd\u00ebrkulturor mes hap\u00ebsirave shqiptare.<\/p>\n<p>Ministri Shala, n\u00eb fjal\u00ebn e rastit vuri theksin te nevoja q\u00eb t\u00eb forcohet kultura e leximit, dhe n\u00eb k\u00ebt\u00eb drejtim, panairet luajn\u00eb nj\u00eb rol t\u00eb r\u00ebnd\u00ebsish\u00ebm: \u201cKy panair \u00ebsht\u00eb nj\u00eb takim krijuesish, takim me libra t\u00eb rinj, libra t\u00eb tradit\u00ebs e t\u00eb t\u00eb gjitha fushave, si dhe promovon rritjen e kultur\u00ebs s\u00eb leximit, e cila \u00ebsht\u00eb domosdoshm\u00ebri p\u00ebr nj\u00eb shoq\u00ebri modern\u201d tha Shala<\/p>\n<p>Po ashtu, ministri Shala theksoi domosdoshm\u00ebrin\u00eb e bashk\u00ebpunimit nd\u00ebrkulturor mes shqiptar\u00ebve, sidomos pjes\u00ebmarrjen e botuesve nga t\u00eb gjitha vendet shqiptare n\u00eb ngjarje t\u00eb tilla si kjo \u201csepse n\u00eb k\u00ebt\u00eb m\u00ebnyr\u00eb forcohet komunikimi kulturor nd\u00ebrshqiptar dhe p\u00ebrpjekjet e p\u00ebrbashk\u00ebta drejt integrimit\u201d- shtoi Shala.<\/p>\n<p>N\u00eb k\u00ebt\u00eb funksion t\u00eb objektivi, ministri Shala tha se: \u201cQeveria e Kosov\u00ebs ka iniciuar arritjen e nj\u00eb Marr\u00ebveshje me Malin e Zi, n\u00eb funksion t\u00eb shtimit dhe t\u00eb bashk\u00ebrendimit t\u00eb aktiviteteve kulturore nd\u00ebrmjet dy vendeve, por dhe t\u00eb formalizimit t\u00eb raporteve, p\u00ebr t\u2019i b\u00ebr\u00eb ato institucionale, m\u00eb sistematike dhe m\u00eb t\u00eb dobishme.\u201d<\/p>\n<p><a href=\"http:\/\/www.visit-ulcinj.com\/blog\/wp-content\/uploads\/2015\/07\/Kujtim-Shala-Ulqin-1.jpg\"><img loading=\"lazy\" class=\"alignleft wp-image-91860\" src=\"http:\/\/www.visit-ulcinj.com\/blog\/wp-content\/uploads\/2015\/07\/Kujtim-Shala-Ulqin-1.jpg\" alt=\"Kujtim-Shala-Ulqin-1\" width=\"508\" height=\"337\" \/><\/a><\/p>\n<p>Duke e vu theksin te nevoja e intensifikimit t\u00eb komunikimit kulturor nd\u00ebrshqiptar, ministri Shala p\u00ebrmendi veprimet konkrete q\u00eb ka nd\u00ebrmarr\u00eb MKRS-ja p\u00ebr t\u00eb afruar mund\u00ebsi t\u00eb reja bashk\u00ebpunim kulturor nd\u00ebrshqiptar. Ai pohoi se \u201cMinistria e Kultur\u00ebs s\u00eb Kosov\u00ebs po punon q\u00eb t\u00eb arrij\u00eb nj\u00eb Memorandum bashk\u00ebpunimi me K\u00ebshillin Nacional t\u00eb Shqiptar\u00ebve n\u00eb Mal t\u00eb Zi, me t\u00eb cilin do t\u00eb sakt\u00ebsohen aktivitet kulturore, p\u00ebr t\u00eb cilat institucionet e kultur\u00ebs s\u00eb Kosov\u00ebs do t\u00eb ndihmojn\u00eb sistematikisht dhe sipas nj\u00eb axhende t\u00eb dakorduar.\u201d<\/p>\n<p>Shala nd\u00ebr t\u00eb tjera tha se me k\u00ebt\u00eb k\u00ebshill\u00eb ka zhvilluar takim dhe me drejtuesit e k\u00ebtij K\u00ebshilli \u201cJemi dakorduar q\u00eb t\u00eb punojm\u00eb s\u00eb bashku n\u00eb dobi t\u00eb aktiviteteve institucionale kulturore. \u201c<\/p>\n<p>Duke p\u00ebrfunduar fjal\u00ebn e rastit, ministri Shala theksoi nevoj\u00ebn q\u00eb t\u00eb punohet m\u00eb shum\u00eb q\u00eb,\u201d si vite m\u00eb par\u00eb, t\u00eb shp\u00ebrndahet libri q\u00eb botohet n\u00eb Kosov\u00eb e n\u00eb t\u00eb gjitha trevat shqiptare, n\u00eb ambientet shqiptare n\u00eb Mal t\u00eb Zi, n\u00eb bibliotekat publike dhe n\u00eb ato t\u00eb shkollave.\u201d<\/p>\n<p>N\u00eb ceremonin\u00eb e hapjes s\u00eb Panairit t\u00eb Ulqinit 2015, p\u00ebrve\u00e7 ministrit Shala mor\u00ebn pjes\u00eb kryetari i Kuvendit t\u00eb Shqip\u00ebris\u00eb, Ilir Meta, ministrja e Kultur\u00ebs s\u00eb Shqip\u00ebris\u00eb Mirela Kumbaro, si edhe kryetari i Kuvendit t\u00eb Kuvendit t\u00eb Malit t\u00eb Zi, Ranko Krivokapiq, ministri i Kultur\u00ebs t\u00eb Malit t\u00eb Zi, Pavle Goranoviq dhe shkrimtari Fatos Kongoli.<\/p>\n<p><strong>Burimi: Agjencia Telegrafike Shqiptare<\/strong><\/p>\n","protected":false},"excerpt":{"rendered":"<p>Mbr\u00ebm\u00eb n\u00eb Ulqin, \u00ebsht\u00eb hapur Panairi i Librit ku mor\u00ebn pjes\u00eb personalitete t\u00eb shumta t\u00eb jet\u00ebs politike, institucionale e kulturore t\u00eb Malit t\u00eb Zi, Kosov\u00ebs dhe Shqip\u00ebris\u00eb. N\u00eb k\u00ebt\u00eb ngjarje t\u00eb madhe p\u00ebr kultur\u00ebn dhe librin shqip n\u00eb Mal t\u00eb Zi, mori pjes\u00eb edhe ministri i Kultur\u00ebs, Rinis\u00eb dhe Sportit, Kujtim Shala, i cili, n\u00eb [&hellip;]<\/p>\n","protected":false},"author":1,"featured_media":0,"comment_status":"closed","ping_status":"closed","sticky":false,"template":"","format":"standard","meta":{"spay_email":"","jetpack_publicize_message":"","jetpack_is_tweetstorm":false,"jetpack_publicize_feature_enabled":true},"categories":[6950],"tags":[],"jetpack_publicize_connections":[],"yoast_head":"<!-- This site is optimized with the Yoast SEO plugin v19.1 - https:\/\/yoast.com\/wordpress\/plugins\/seo\/ -->\n<title>Kujtim Shala: Panairi i librit n\u00eb Ulqin forcon komunikimin kulturor nd\u00ebrshqiptar - Lajme nga Ulqini<\/title>\n<meta name=\"description\" content=\"Mbr\u00ebm\u00eb n\u00eb Ulqin, \u00ebsht\u00eb hapur Panairi i Librit ku mor\u00ebn pjes\u00eb personalitete t\u00eb shumta t\u00eb jet\u00ebs politike, institucionale e kulturore t\u00eb Malit t\u00eb Zi, Kosov\u00ebs\" \/>\n<meta name=\"robots\" content=\"index, follow, max-snippet:-1, max-image-preview:large, max-video-preview:-1\" \/>\n<link rel=\"canonical\" href=\"https:\/\/www.visit-ulcinj.com\/blog\/2015\/07\/28\/kujtim-shala-panairi-librit-ne-ulqin-forcon-komunikimin-kulturor-ndershqiptar\/\" \/>\n<meta property=\"og:locale\" content=\"en_US\" \/>\n<meta property=\"og:type\" content=\"article\" \/>\n<meta property=\"og:title\" content=\"Kujtim Shala: Panairi i librit n\u00eb Ulqin forcon komunikimin kulturor nd\u00ebrshqiptar - Lajme nga Ulqini\" \/>\n<meta property=\"og:description\" content=\"Mbr\u00ebm\u00eb n\u00eb Ulqin, \u00ebsht\u00eb hapur Panairi i Librit ku mor\u00ebn pjes\u00eb personalitete t\u00eb shumta t\u00eb jet\u00ebs politike, institucionale e kulturore t\u00eb Malit t\u00eb Zi, Kosov\u00ebs\" \/>\n<meta property=\"og:url\" content=\"https:\/\/www.visit-ulcinj.com\/blog\/2015\/07\/28\/kujtim-shala-panairi-librit-ne-ulqin-forcon-komunikimin-kulturor-ndershqiptar\/\" \/>\n<meta property=\"og:site_name\" content=\"Lajme nga Ulqini\" \/>\n<meta property=\"article:published_time\" content=\"2015-07-28T08:54:01+00:00\" \/>\n<meta property=\"og:image\" content=\"http:\/\/www.visit-ulcinj.com\/blog\/wp-content\/uploads\/2015\/07\/Kujtim-Shala-panairi-ulqin-2015.jpg\" \/>\n<meta name=\"twitter:label1\" content=\"Written by\" \/>\n\t<meta name=\"twitter:data1\" content=\"ulqini\" \/>\n\t<meta name=\"twitter:label2\" content=\"Est. reading time\" \/>\n\t<meta name=\"twitter:data2\" content=\"3 minutes\" \/>\n<script type=\"application\/ld+json\" class=\"yoast-schema-graph\">{\"@context\":\"https:\/\/schema.org\",\"@graph\":[{\"@type\":\"WebSite\",\"@id\":\"https:\/\/www.visit-ulcinj.com\/blog\/#website\",\"url\":\"https:\/\/www.visit-ulcinj.com\/blog\/\",\"name\":\"Lajme nga Ulqini\",\"description\":\"Lajme,Vijesti,Ulqini,Ulqin,Crna Gora,Mali i Zi\",\"potentialAction\":[{\"@type\":\"SearchAction\",\"target\":{\"@type\":\"EntryPoint\",\"urlTemplate\":\"https:\/\/www.visit-ulcinj.com\/blog\/?s={search_term_string}\"},\"query-input\":\"required name=search_term_string\"}],\"inLanguage\":\"en-US\"},{\"@type\":\"ImageObject\",\"inLanguage\":\"en-US\",\"@id\":\"https:\/\/www.visit-ulcinj.com\/blog\/2015\/07\/28\/kujtim-shala-panairi-librit-ne-ulqin-forcon-komunikimin-kulturor-ndershqiptar\/#primaryimage\",\"url\":\"http:\/\/www.visit-ulcinj.com\/blog\/wp-content\/uploads\/2015\/07\/Kujtim-Shala-panairi-ulqin-2015.jpg\",\"contentUrl\":\"http:\/\/www.visit-ulcinj.com\/blog\/wp-content\/uploads\/2015\/07\/Kujtim-Shala-panairi-ulqin-2015.jpg\"},{\"@type\":\"WebPage\",\"@id\":\"https:\/\/www.visit-ulcinj.com\/blog\/2015\/07\/28\/kujtim-shala-panairi-librit-ne-ulqin-forcon-komunikimin-kulturor-ndershqiptar\/#webpage\",\"url\":\"https:\/\/www.visit-ulcinj.com\/blog\/2015\/07\/28\/kujtim-shala-panairi-librit-ne-ulqin-forcon-komunikimin-kulturor-ndershqiptar\/\",\"name\":\"Kujtim Shala: Panairi i librit n\u00eb Ulqin forcon komunikimin kulturor nd\u00ebrshqiptar - Lajme nga Ulqini\",\"isPartOf\":{\"@id\":\"https:\/\/www.visit-ulcinj.com\/blog\/#website\"},\"primaryImageOfPage\":{\"@id\":\"https:\/\/www.visit-ulcinj.com\/blog\/2015\/07\/28\/kujtim-shala-panairi-librit-ne-ulqin-forcon-komunikimin-kulturor-ndershqiptar\/#primaryimage\"},\"datePublished\":\"2015-07-28T08:54:01+00:00\",\"dateModified\":\"2015-07-28T08:54:01+00:00\",\"author\":{\"@id\":\"https:\/\/www.visit-ulcinj.com\/blog\/#\/schema\/person\/dcab619c614d3038751c63bc2aadc06d\"},\"description\":\"Mbr\u00ebm\u00eb n\u00eb Ulqin, \u00ebsht\u00eb hapur Panairi i Librit ku mor\u00ebn pjes\u00eb personalitete t\u00eb shumta t\u00eb jet\u00ebs politike, institucionale e kulturore t\u00eb Malit t\u00eb Zi, Kosov\u00ebs\",\"breadcrumb\":{\"@id\":\"https:\/\/www.visit-ulcinj.com\/blog\/2015\/07\/28\/kujtim-shala-panairi-librit-ne-ulqin-forcon-komunikimin-kulturor-ndershqiptar\/#breadcrumb\"},\"inLanguage\":\"en-US\",\"potentialAction\":[{\"@type\":\"ReadAction\",\"target\":[\"https:\/\/www.visit-ulcinj.com\/blog\/2015\/07\/28\/kujtim-shala-panairi-librit-ne-ulqin-forcon-komunikimin-kulturor-ndershqiptar\/\"]}]},{\"@type\":\"BreadcrumbList\",\"@id\":\"https:\/\/www.visit-ulcinj.com\/blog\/2015\/07\/28\/kujtim-shala-panairi-librit-ne-ulqin-forcon-komunikimin-kulturor-ndershqiptar\/#breadcrumb\",\"itemListElement\":[{\"@type\":\"ListItem\",\"position\":1,\"name\":\"Kujtim Shala: Panairi i librit n\u00eb Ulqin forcon komunikimin kulturor nd\u00ebrshqiptar\"}]},{\"@type\":\"Person\",\"@id\":\"https:\/\/www.visit-ulcinj.com\/blog\/#\/schema\/person\/dcab619c614d3038751c63bc2aadc06d\",\"name\":\"ulqini\",\"sameAs\":[\"http:\/\/www.visit-ulcinj.com\"],\"url\":\"https:\/\/www.visit-ulcinj.com\/blog\/author\/admin\/\"}]}<\/script>\n<!-- \/ Yoast SEO plugin. -->","yoast_head_json":{"title":"Kujtim Shala: Panairi i librit n\u00eb Ulqin forcon komunikimin kulturor nd\u00ebrshqiptar - Lajme nga Ulqini","description":"Mbr\u00ebm\u00eb n\u00eb Ulqin, \u00ebsht\u00eb hapur Panairi i Librit ku mor\u00ebn pjes\u00eb personalitete t\u00eb shumta t\u00eb jet\u00ebs politike, institucionale e kulturore t\u00eb Malit t\u00eb Zi, Kosov\u00ebs","robots":{"index":"index","follow":"follow","max-snippet":"max-snippet:-1","max-image-preview":"max-image-preview:large","max-video-preview":"max-video-preview:-1"},"canonical":"https:\/\/www.visit-ulcinj.com\/blog\/2015\/07\/28\/kujtim-shala-panairi-librit-ne-ulqin-forcon-komunikimin-kulturor-ndershqiptar\/","og_locale":"en_US","og_type":"article","og_title":"Kujtim Shala: Panairi i librit n\u00eb Ulqin forcon komunikimin kulturor nd\u00ebrshqiptar - Lajme nga Ulqini","og_description":"Mbr\u00ebm\u00eb n\u00eb Ulqin, \u00ebsht\u00eb hapur Panairi i Librit ku mor\u00ebn pjes\u00eb personalitete t\u00eb shumta t\u00eb jet\u00ebs politike, institucionale e kulturore t\u00eb Malit t\u00eb Zi, Kosov\u00ebs","og_url":"https:\/\/www.visit-ulcinj.com\/blog\/2015\/07\/28\/kujtim-shala-panairi-librit-ne-ulqin-forcon-komunikimin-kulturor-ndershqiptar\/","og_site_name":"Lajme nga Ulqini","article_published_time":"2015-07-28T08:54:01+00:00","og_image":[{"url":"http:\/\/www.visit-ulcinj.com\/blog\/wp-content\/uploads\/2015\/07\/Kujtim-Shala-panairi-ulqin-2015.jpg"}],"twitter_misc":{"Written by":"ulqini","Est. reading time":"3 minutes"},"schema":{"@context":"https:\/\/schema.org","@graph":[{"@type":"WebSite","@id":"https:\/\/www.visit-ulcinj.com\/blog\/#website","url":"https:\/\/www.visit-ulcinj.com\/blog\/","name":"Lajme nga Ulqini","description":"Lajme,Vijesti,Ulqini,Ulqin,Crna Gora,Mali i Zi","potentialAction":[{"@type":"SearchAction","target":{"@type":"EntryPoint","urlTemplate":"https:\/\/www.visit-ulcinj.com\/blog\/?s={search_term_string}"},"query-input":"required name=search_term_string"}],"inLanguage":"en-US"},{"@type":"ImageObject","inLanguage":"en-US","@id":"https:\/\/www.visit-ulcinj.com\/blog\/2015\/07\/28\/kujtim-shala-panairi-librit-ne-ulqin-forcon-komunikimin-kulturor-ndershqiptar\/#primaryimage","url":"http:\/\/www.visit-ulcinj.com\/blog\/wp-content\/uploads\/2015\/07\/Kujtim-Shala-panairi-ulqin-2015.jpg","contentUrl":"http:\/\/www.visit-ulcinj.com\/blog\/wp-content\/uploads\/2015\/07\/Kujtim-Shala-panairi-ulqin-2015.jpg"},{"@type":"WebPage","@id":"https:\/\/www.visit-ulcinj.com\/blog\/2015\/07\/28\/kujtim-shala-panairi-librit-ne-ulqin-forcon-komunikimin-kulturor-ndershqiptar\/#webpage","url":"https:\/\/www.visit-ulcinj.com\/blog\/2015\/07\/28\/kujtim-shala-panairi-librit-ne-ulqin-forcon-komunikimin-kulturor-ndershqiptar\/","name":"Kujtim Shala: Panairi i librit n\u00eb Ulqin forcon komunikimin kulturor nd\u00ebrshqiptar - Lajme nga Ulqini","isPartOf":{"@id":"https:\/\/www.visit-ulcinj.com\/blog\/#website"},"primaryImageOfPage":{"@id":"https:\/\/www.visit-ulcinj.com\/blog\/2015\/07\/28\/kujtim-shala-panairi-librit-ne-ulqin-forcon-komunikimin-kulturor-ndershqiptar\/#primaryimage"},"datePublished":"2015-07-28T08:54:01+00:00","dateModified":"2015-07-28T08:54:01+00:00","author":{"@id":"https:\/\/www.visit-ulcinj.com\/blog\/#\/schema\/person\/dcab619c614d3038751c63bc2aadc06d"},"description":"Mbr\u00ebm\u00eb n\u00eb Ulqin, \u00ebsht\u00eb hapur Panairi i Librit ku mor\u00ebn pjes\u00eb personalitete t\u00eb shumta t\u00eb jet\u00ebs politike, institucionale e kulturore t\u00eb Malit t\u00eb Zi, Kosov\u00ebs","breadcrumb":{"@id":"https:\/\/www.visit-ulcinj.com\/blog\/2015\/07\/28\/kujtim-shala-panairi-librit-ne-ulqin-forcon-komunikimin-kulturor-ndershqiptar\/#breadcrumb"},"inLanguage":"en-US","potentialAction":[{"@type":"ReadAction","target":["https:\/\/www.visit-ulcinj.com\/blog\/2015\/07\/28\/kujtim-shala-panairi-librit-ne-ulqin-forcon-komunikimin-kulturor-ndershqiptar\/"]}]},{"@type":"BreadcrumbList","@id":"https:\/\/www.visit-ulcinj.com\/blog\/2015\/07\/28\/kujtim-shala-panairi-librit-ne-ulqin-forcon-komunikimin-kulturor-ndershqiptar\/#breadcrumb","itemListElement":[{"@type":"ListItem","position":1,"name":"Kujtim Shala: Panairi i librit n\u00eb Ulqin forcon komunikimin kulturor nd\u00ebrshqiptar"}]},{"@type":"Person","@id":"https:\/\/www.visit-ulcinj.com\/blog\/#\/schema\/person\/dcab619c614d3038751c63bc2aadc06d","name":"ulqini","sameAs":["http:\/\/www.visit-ulcinj.com"],"url":"https:\/\/www.visit-ulcinj.com\/blog\/author\/admin\/"}]}},"jetpack_featured_media_url":"","jetpack_sharing_enabled":true,"jetpack_shortlink":"https:\/\/wp.me\/pe6lTn-nTA","_links":{"self":[{"href":"https:\/\/www.visit-ulcinj.com\/blog\/wp-json\/wp\/v2\/posts\/91858"}],"collection":[{"href":"https:\/\/www.visit-ulcinj.com\/blog\/wp-json\/wp\/v2\/posts"}],"about":[{"href":"https:\/\/www.visit-ulcinj.com\/blog\/wp-json\/wp\/v2\/types\/post"}],"author":[{"embeddable":true,"href":"https:\/\/www.visit-ulcinj.com\/blog\/wp-json\/wp\/v2\/users\/1"}],"replies":[{"embeddable":true,"href":"https:\/\/www.visit-ulcinj.com\/blog\/wp-json\/wp\/v2\/comments?post=91858"}],"version-history":[{"count":1,"href":"https:\/\/www.visit-ulcinj.com\/blog\/wp-json\/wp\/v2\/posts\/91858\/revisions"}],"predecessor-version":[{"id":91861,"href":"https:\/\/www.visit-ulcinj.com\/blog\/wp-json\/wp\/v2\/posts\/91858\/revisions\/91861"}],"wp:attachment":[{"href":"https:\/\/www.visit-ulcinj.com\/blog\/wp-json\/wp\/v2\/media?parent=91858"}],"wp:term":[{"taxonomy":"category","embeddable":true,"href":"https:\/\/www.visit-ulcinj.com\/blog\/wp-json\/wp\/v2\/categories?post=91858"},{"taxonomy":"post_tag","embeddable":true,"href":"https:\/\/www.visit-ulcinj.com\/blog\/wp-json\/wp\/v2\/tags?post=91858"}],"curies":[{"name":"wp","href":"https:\/\/api.w.org\/{rel}","templated":true}]}}