{"id":91879,"date":"2015-07-28T14:40:09","date_gmt":"2015-07-28T13:40:09","guid":{"rendered":"http:\/\/www.visit-ulcinj.com\/blog\/?p=91879"},"modified":"2015-07-28T14:40:09","modified_gmt":"2015-07-28T13:40:09","slug":"panairi-librit-ne-ulqin-anashkalon-botuesit-kosovare","status":"publish","type":"post","link":"https:\/\/www.visit-ulcinj.com\/blog\/2015\/07\/28\/panairi-librit-ne-ulqin-anashkalon-botuesit-kosovare\/","title":{"rendered":"Panairi i Librit n\u00eb Ulqin anashkalon botuesit kosovar\u00eb"},"content":{"rendered":"<p class=\"paragrafPadd\"><a href=\"http:\/\/www.visit-ulcinj.com\/blog\/wp-content\/uploads\/2015\/07\/Panairi-i-Librit-n\u00eb-Ulqin.jpg\"><img loading=\"lazy\" class=\"alignleft wp-image-91880\" src=\"http:\/\/www.visit-ulcinj.com\/blog\/wp-content\/uploads\/2015\/07\/Panairi-i-Librit-n\u00eb-Ulqin.jpg\" alt=\"Panairi i Librit n\u00eb Ulqin\" width=\"508\" height=\"381\" srcset=\"https:\/\/www.visit-ulcinj.com\/blog\/wp-content\/uploads\/2015\/07\/Panairi-i-Librit-n\u00eb-Ulqin.jpg 960w, https:\/\/www.visit-ulcinj.com\/blog\/wp-content\/uploads\/2015\/07\/Panairi-i-Librit-n\u00eb-Ulqin-300x225.jpg 300w\" sizes=\"(max-width: 508px) 100vw, 508px\" \/><\/a>Panairi i Librit n\u00eb Ulqin tashm\u00eb i ka b\u00ebr\u00eb 15 vjet, aq sa \u00ebsht\u00eb edhe moskomunikimi i organizator\u00ebve t\u00eb k\u00ebsaj ngjarjeje kulturore me Shoqat\u00ebn e Botuesve t\u00eb Kosov\u00ebs. Pos ministrit t\u00eb Kultur\u00ebs, Kujtim Shala, dhe kat\u00ebr sht\u00ebpive botuese kosovare q\u00eb kan\u00eb shkuar individualisht, botuesit e tjer\u00eb nuk kan\u00eb marr\u00eb pjes\u00eb n\u00eb \u201cUlqini 2015\u201d.<\/p>\n<p class=\"paragrafPadd\">Retorik\u00ebn politike p\u00ebr bashk\u00ebpunim midis dy vendeve n\u00eb fush\u00ebn e librit e ka b\u00ebr\u00eb tejet t\u00eb zbeht\u00eb gjendja n\u00eb praktik\u00eb. Shoqata e Botuesve t\u00eb Kosov\u00ebs nuk ka pranuar kurrfar\u00eb ftese p\u00ebr t\u00eb marr\u00eb pjes\u00eb n\u00eb Panairin e Librit q\u00eb \u00ebsht\u00eb hapur t\u00eb diel\u00ebn mbr\u00ebma n\u00eb Ulqin, shkruan sot \u201cKoha Ditore\u201d.<\/p>\n<p class=\"paragrafPadd\">Munges\u00ebn e ftes\u00ebs p\u00ebr k\u00ebt\u00eb ngjarje kulturore, q\u00eb sivjet organizohet nga Instituti i Librit dhe i Promocionit nga Shqip\u00ebria n\u00eb bashk\u00ebpunim me Komun\u00ebn e Ulqinit, e ka konfirmuar n\u00ebnkryetari i Shoqat\u00ebs s\u00eb Botuesve t\u00eb Kosov\u00ebs, Besian Zeneli.<\/p>\n<p class=\"paragrafPadd\">\u201cNuk \u00ebsht\u00eb q\u00eb kemi bashk\u00ebpunim. N\u00eb qoft\u00eb se do t\u00eb na ishte ofruar di\u00e7ka do ta kishim shqyrtuar. \u00cbsht\u00eb e pamundur t\u00eb marrim pjes\u00eb derisa nuk na \u00ebsht\u00eb ofruar asgj\u00eb\u201d, ka th\u00ebn\u00eb Zeneli. Sipas tij, do t\u00eb duhej q\u00eb kjo qasje t\u00eb ndryshoj\u00eb.<\/p>\n<p class=\"paragrafPadd\">Sipas njoftimit t\u00eb organizator\u00ebve, vet\u00ebm \u201cSira\u201d, \u201dGama\u201d \u201cFaik Konica\u201d dhe \u201cIbas\u201d jan\u00eb botuesit kosovar\u00eb t\u00eb prezantuar n\u00eb \u201cUlqini 2015\u201d, ku bashk\u00eb me sht\u00ebpi botuese nga Shqip\u00ebria, Mali i Zi e Maqedonia kan\u00eb v\u00ebn\u00eb n\u00eb dispozicion t\u00eb lexuesve 3.500 tituj. Pos, ekspozit\u00ebs s\u00eb librit, Panairi sjell edhe aktivitete t\u00eb tjera. I ftuar special \u00ebsht\u00eb shkrimtari i njohur shqiptar, Fatos Kongoli.<\/p>\n<p class=\"paragrafPadd\">Por historia 15-vje\u00e7are e mosbashk\u00ebpunimit nuk e ka e ka penguar ministrin e Kultur\u00ebs, Kujtim Shala, q\u00eb t\u00eb jet\u00eb i pranish\u00ebm n\u00eb k\u00ebt\u00eb ngjarje, ku ka folur p\u00ebr lidhjet kulturore.<\/p>\n<p class=\"paragrafPadd\">\u201cKy panair \u00ebsht\u00eb nj\u00eb takim krijuesish, takim me libra t\u00eb rinj, libra t\u00eb tradit\u00ebs e t\u00eb t\u00eb gjitha fushave, si dhe promovon rritjen e kultur\u00ebs s\u00eb leximit, e cila \u00ebsht\u00eb domosdoshm\u00ebri p\u00ebr nj\u00eb shoq\u00ebri moderne\u201d, ka th\u00ebn\u00eb ministri Shala, sipas nj\u00eb komunikate t\u00eb d\u00ebrguar nga MKRS-ja. Sipas komunikat\u00ebs, ministri Shala theksoi domosdoshm\u00ebrin\u00eb e bashk\u00ebpunimit nd\u00ebrkulturor mes shqiptar\u00ebve, sidomos pjes\u00ebmarrjen e botuesve nga t\u00eb gjitha vendet shqiptare n\u00eb ngjarje t\u00eb tilla, ngase, sipas tij, n\u00eb k\u00ebt\u00eb m\u00ebnyr\u00eb forcohet komunikimi kulturor dhe p\u00ebrpjekjet e p\u00ebrbashk\u00ebta drejt integrimit.<\/p>\n<p class=\"paragrafPadd\">\u201cQeveria e Kosov\u00ebs ka iniciuar arritjen e nj\u00eb marr\u00ebveshjeje me Malin e Zi, n\u00eb funksion t\u00eb shtimit dhe t\u00eb bashk\u00ebrendimit t\u00eb aktiviteteve kulturore nd\u00ebrmjet dy vendeve, por dhe t\u00eb formalizimit t\u00eb raporteve, p\u00ebr t\u2019i b\u00ebr\u00eb ato institucionale, m\u00eb sistematike dhe m\u00eb t\u00eb dobishme\u201d, ka th\u00ebn\u00eb Shala. Sipas tij, duhet t\u00eb punohet m\u00eb shum\u00eb q\u00eb si vite m\u00eb par\u00eb t\u00eb shp\u00ebrndahet libri q\u00eb botohet n\u00eb Kosov\u00eb e n\u00eb t\u00eb gjitha trevat shqiptare, n\u00eb ambientet shqiptare n\u00eb Mal t\u00eb Zi, n\u00eb bibliotekat publike dhe n\u00eb ato t\u00eb shkollave.<\/p>\n<p class=\"paragrafPadd\">T\u00eb pranish\u00ebm n\u00eb hapjen e k\u00ebsaj ngjarjeje kulturore, q\u00eb do t\u00eb zgjas\u00eb deri n\u00eb dit\u00ebn e kat\u00ebrt t\u00eb gushtit, n\u00eb sh\u00ebtitoren af\u00ebr Plazhit t\u00eb Vog\u00ebl, ishin edhe p\u00ebrfaq\u00ebsues politik\u00eb t\u00eb Shqip\u00ebris\u00eb dhe Malit t\u00eb Zi.<\/p>\n<p class=\"paragrafPadd\">Kryetari i Kuvendit t\u00eb Shqip\u00ebris\u00eb, Ilir Meta, ka th\u00ebn\u00eb se qytetar\u00ebt e Ulqinit n\u00eb vitin 1999 mir\u00ebprisnin me mij\u00ebra qytetar\u00eb t\u00eb Kosov\u00ebs, t\u00eb cil\u00ebt ishin p\u00ebrz\u00ebn\u00eb n\u00eb m\u00ebnyr\u00eb t\u00eb dhunshme nga gjenocidi i nj\u00eb regjimi barbar.<\/p>\n<p class=\"paragrafPadd\">\u201cBashk\u00ebpunimi p\u00ebrmes librit, kultur\u00ebs, \u00ebsht\u00eb nj\u00eb bashkim mjaft i fuqish\u00ebm dhe dometh\u00ebn\u00ebs n\u00eb t\u00eb ardhmen ton\u00eb t\u00eb p\u00ebrbashk\u00ebt n\u00eb Bashkimin Evropian\u201d, ka th\u00ebn\u00eb Meta, n\u00eb ngjarjen q\u00eb e pranishme ka qen\u00eb edhe ministrja e Kultur\u00ebs n\u00eb Shqip\u00ebri, Mirela Kumbaro-Furxhi. Kryeparlamentari malazias, Ranko Krivokapiq, \u00ebsht\u00eb ndalur n\u00eb histori p\u00ebr n\u00eb ngjarje paksa m\u00eb t\u00eb vjetra sesa ato q\u00eb ka rr\u00ebfyer Meta.<\/p>\n<p class=\"paragrafPadd\">\u201cE dim\u00eb shum\u00eb mir\u00eb q\u00eb Shqip\u00ebrin\u00eb dhe Malin e Zi i lidh edhe familja e Cernojoviq\u00ebve, t\u00eb cil\u00ebt dy kombet i kan\u00eb lidhur edhe me an\u00eb t\u00eb librit. Ne nuk jemi t\u00eb vet\u00ebdijsh\u00ebm se sa t\u00eb lidhur ishin Mali i Zi, Shqip\u00ebria e krejt Ballkani, n\u00eb fushat e kultur\u00ebs, ekonomis\u00eb dhe t\u00eb politik\u00ebs gjat\u00eb mesjet\u00ebs. Bashkimi Evropian \u00ebsht\u00eb nj\u00eb pasqyr\u00eb e re e asaj lidhjeje q\u00eb po vjen n\u00eb Ballkan\u201d, ka th\u00ebn\u00eb ai.<\/p>\n<p class=\"paragrafPadd\">Panairi i Librit \u00ebsht\u00eb vet\u00ebm nj\u00eb intro e ngjarjeve kulturore t\u00eb qytetit bregdetar p\u00ebr k\u00ebt\u00eb vere. T\u00eb m\u00ebrkur\u00ebn e k\u00ebsaj jav\u00eb do t\u00eb nis\u00eb \u201cKalimera poetike\u201d q\u00eb organizohet nga shoqata e artist\u00ebve dhe intelektual\u00ebve \u201cArt klub\u201d, p\u00ebrderisa t\u00eb shtun\u00ebn n\u00eb Kalan\u00eb e qytet do t\u00eb hapet \u201cSkena verore\u201d, q\u00eb organizohet nga Qendra Kulturore e Ulqinit.<\/p>\n<p class=\"paragrafPadd\"><strong>Burimi: Lajmeshqip<\/strong><\/p>\n","protected":false},"excerpt":{"rendered":"<p>Panairi i Librit n\u00eb Ulqin tashm\u00eb i ka b\u00ebr\u00eb 15 vjet, aq sa \u00ebsht\u00eb edhe moskomunikimi i organizator\u00ebve t\u00eb k\u00ebsaj ngjarjeje kulturore me Shoqat\u00ebn e Botuesve t\u00eb Kosov\u00ebs. Pos ministrit t\u00eb Kultur\u00ebs, Kujtim Shala, dhe kat\u00ebr sht\u00ebpive botuese kosovare q\u00eb kan\u00eb shkuar individualisht, botuesit e tjer\u00eb nuk kan\u00eb marr\u00eb pjes\u00eb n\u00eb \u201cUlqini 2015\u201d. Retorik\u00ebn politike [&hellip;]<\/p>\n","protected":false},"author":1,"featured_media":0,"comment_status":"closed","ping_status":"closed","sticky":false,"template":"","format":"standard","meta":{"spay_email":"","jetpack_publicize_message":"","jetpack_is_tweetstorm":false,"jetpack_publicize_feature_enabled":true},"categories":[6950],"tags":[],"jetpack_publicize_connections":[],"yoast_head":"<!-- This site is optimized with the Yoast SEO plugin v19.1 - https:\/\/yoast.com\/wordpress\/plugins\/seo\/ -->\n<title>Panairi i Librit n\u00eb Ulqin anashkalon botuesit kosovar\u00eb - Lajme nga Ulqini<\/title>\n<meta name=\"description\" content=\"Panairi i Librit n\u00eb Ulqin tashm\u00eb i ka b\u00ebr\u00eb 15 vjet, aq sa \u00ebsht\u00eb edhe moskomunikimi i organizator\u00ebve t\u00eb k\u00ebsaj ngjarjeje kulturore me Shoqat\u00ebn e Botuesve t\u00eb\" \/>\n<meta name=\"robots\" content=\"index, follow, max-snippet:-1, max-image-preview:large, max-video-preview:-1\" \/>\n<link rel=\"canonical\" href=\"https:\/\/www.visit-ulcinj.com\/blog\/2015\/07\/28\/panairi-librit-ne-ulqin-anashkalon-botuesit-kosovare\/\" \/>\n<meta property=\"og:locale\" content=\"en_US\" \/>\n<meta property=\"og:type\" content=\"article\" \/>\n<meta property=\"og:title\" content=\"Panairi i Librit n\u00eb Ulqin anashkalon botuesit kosovar\u00eb - Lajme nga Ulqini\" \/>\n<meta property=\"og:description\" content=\"Panairi i Librit n\u00eb Ulqin tashm\u00eb i ka b\u00ebr\u00eb 15 vjet, aq sa \u00ebsht\u00eb edhe moskomunikimi i organizator\u00ebve t\u00eb k\u00ebsaj ngjarjeje kulturore me Shoqat\u00ebn e Botuesve t\u00eb\" \/>\n<meta property=\"og:url\" content=\"https:\/\/www.visit-ulcinj.com\/blog\/2015\/07\/28\/panairi-librit-ne-ulqin-anashkalon-botuesit-kosovare\/\" \/>\n<meta property=\"og:site_name\" content=\"Lajme nga Ulqini\" \/>\n<meta property=\"article:published_time\" content=\"2015-07-28T13:40:09+00:00\" \/>\n<meta name=\"twitter:label1\" content=\"Written by\" \/>\n\t<meta name=\"twitter:data1\" content=\"ulqini\" \/>\n\t<meta name=\"twitter:label2\" content=\"Est. reading time\" \/>\n\t<meta name=\"twitter:data2\" content=\"4 minutes\" \/>\n<script type=\"application\/ld+json\" class=\"yoast-schema-graph\">{\"@context\":\"https:\/\/schema.org\",\"@graph\":[{\"@type\":\"WebSite\",\"@id\":\"https:\/\/www.visit-ulcinj.com\/blog\/#website\",\"url\":\"https:\/\/www.visit-ulcinj.com\/blog\/\",\"name\":\"Lajme nga Ulqini\",\"description\":\"Lajme,Vijesti,Ulqini,Ulqin,Crna Gora,Mali i Zi\",\"potentialAction\":[{\"@type\":\"SearchAction\",\"target\":{\"@type\":\"EntryPoint\",\"urlTemplate\":\"https:\/\/www.visit-ulcinj.com\/blog\/?s={search_term_string}\"},\"query-input\":\"required name=search_term_string\"}],\"inLanguage\":\"en-US\"},{\"@type\":\"WebPage\",\"@id\":\"https:\/\/www.visit-ulcinj.com\/blog\/2015\/07\/28\/panairi-librit-ne-ulqin-anashkalon-botuesit-kosovare\/#webpage\",\"url\":\"https:\/\/www.visit-ulcinj.com\/blog\/2015\/07\/28\/panairi-librit-ne-ulqin-anashkalon-botuesit-kosovare\/\",\"name\":\"Panairi i Librit n\u00eb Ulqin anashkalon botuesit kosovar\u00eb - Lajme nga Ulqini\",\"isPartOf\":{\"@id\":\"https:\/\/www.visit-ulcinj.com\/blog\/#website\"},\"datePublished\":\"2015-07-28T13:40:09+00:00\",\"dateModified\":\"2015-07-28T13:40:09+00:00\",\"author\":{\"@id\":\"https:\/\/www.visit-ulcinj.com\/blog\/#\/schema\/person\/dcab619c614d3038751c63bc2aadc06d\"},\"description\":\"Panairi i Librit n\u00eb Ulqin tashm\u00eb i ka b\u00ebr\u00eb 15 vjet, aq sa \u00ebsht\u00eb edhe moskomunikimi i organizator\u00ebve t\u00eb k\u00ebsaj ngjarjeje kulturore me Shoqat\u00ebn e Botuesve t\u00eb\",\"breadcrumb\":{\"@id\":\"https:\/\/www.visit-ulcinj.com\/blog\/2015\/07\/28\/panairi-librit-ne-ulqin-anashkalon-botuesit-kosovare\/#breadcrumb\"},\"inLanguage\":\"en-US\",\"potentialAction\":[{\"@type\":\"ReadAction\",\"target\":[\"https:\/\/www.visit-ulcinj.com\/blog\/2015\/07\/28\/panairi-librit-ne-ulqin-anashkalon-botuesit-kosovare\/\"]}]},{\"@type\":\"BreadcrumbList\",\"@id\":\"https:\/\/www.visit-ulcinj.com\/blog\/2015\/07\/28\/panairi-librit-ne-ulqin-anashkalon-botuesit-kosovare\/#breadcrumb\",\"itemListElement\":[{\"@type\":\"ListItem\",\"position\":1,\"name\":\"Panairi i Librit n\u00eb Ulqin anashkalon botuesit kosovar\u00eb\"}]},{\"@type\":\"Person\",\"@id\":\"https:\/\/www.visit-ulcinj.com\/blog\/#\/schema\/person\/dcab619c614d3038751c63bc2aadc06d\",\"name\":\"ulqini\",\"sameAs\":[\"http:\/\/www.visit-ulcinj.com\"],\"url\":\"https:\/\/www.visit-ulcinj.com\/blog\/author\/admin\/\"}]}<\/script>\n<!-- \/ Yoast SEO plugin. -->","yoast_head_json":{"title":"Panairi i Librit n\u00eb Ulqin anashkalon botuesit kosovar\u00eb - Lajme nga Ulqini","description":"Panairi i Librit n\u00eb Ulqin tashm\u00eb i ka b\u00ebr\u00eb 15 vjet, aq sa \u00ebsht\u00eb edhe moskomunikimi i organizator\u00ebve t\u00eb k\u00ebsaj ngjarjeje kulturore me Shoqat\u00ebn e Botuesve t\u00eb","robots":{"index":"index","follow":"follow","max-snippet":"max-snippet:-1","max-image-preview":"max-image-preview:large","max-video-preview":"max-video-preview:-1"},"canonical":"https:\/\/www.visit-ulcinj.com\/blog\/2015\/07\/28\/panairi-librit-ne-ulqin-anashkalon-botuesit-kosovare\/","og_locale":"en_US","og_type":"article","og_title":"Panairi i Librit n\u00eb Ulqin anashkalon botuesit kosovar\u00eb - Lajme nga Ulqini","og_description":"Panairi i Librit n\u00eb Ulqin tashm\u00eb i ka b\u00ebr\u00eb 15 vjet, aq sa \u00ebsht\u00eb edhe moskomunikimi i organizator\u00ebve t\u00eb k\u00ebsaj ngjarjeje kulturore me Shoqat\u00ebn e Botuesve t\u00eb","og_url":"https:\/\/www.visit-ulcinj.com\/blog\/2015\/07\/28\/panairi-librit-ne-ulqin-anashkalon-botuesit-kosovare\/","og_site_name":"Lajme nga Ulqini","article_published_time":"2015-07-28T13:40:09+00:00","twitter_misc":{"Written by":"ulqini","Est. reading time":"4 minutes"},"schema":{"@context":"https:\/\/schema.org","@graph":[{"@type":"WebSite","@id":"https:\/\/www.visit-ulcinj.com\/blog\/#website","url":"https:\/\/www.visit-ulcinj.com\/blog\/","name":"Lajme nga Ulqini","description":"Lajme,Vijesti,Ulqini,Ulqin,Crna Gora,Mali i Zi","potentialAction":[{"@type":"SearchAction","target":{"@type":"EntryPoint","urlTemplate":"https:\/\/www.visit-ulcinj.com\/blog\/?s={search_term_string}"},"query-input":"required name=search_term_string"}],"inLanguage":"en-US"},{"@type":"WebPage","@id":"https:\/\/www.visit-ulcinj.com\/blog\/2015\/07\/28\/panairi-librit-ne-ulqin-anashkalon-botuesit-kosovare\/#webpage","url":"https:\/\/www.visit-ulcinj.com\/blog\/2015\/07\/28\/panairi-librit-ne-ulqin-anashkalon-botuesit-kosovare\/","name":"Panairi i Librit n\u00eb Ulqin anashkalon botuesit kosovar\u00eb - Lajme nga Ulqini","isPartOf":{"@id":"https:\/\/www.visit-ulcinj.com\/blog\/#website"},"datePublished":"2015-07-28T13:40:09+00:00","dateModified":"2015-07-28T13:40:09+00:00","author":{"@id":"https:\/\/www.visit-ulcinj.com\/blog\/#\/schema\/person\/dcab619c614d3038751c63bc2aadc06d"},"description":"Panairi i Librit n\u00eb Ulqin tashm\u00eb i ka b\u00ebr\u00eb 15 vjet, aq sa \u00ebsht\u00eb edhe moskomunikimi i organizator\u00ebve t\u00eb k\u00ebsaj ngjarjeje kulturore me Shoqat\u00ebn e Botuesve t\u00eb","breadcrumb":{"@id":"https:\/\/www.visit-ulcinj.com\/blog\/2015\/07\/28\/panairi-librit-ne-ulqin-anashkalon-botuesit-kosovare\/#breadcrumb"},"inLanguage":"en-US","potentialAction":[{"@type":"ReadAction","target":["https:\/\/www.visit-ulcinj.com\/blog\/2015\/07\/28\/panairi-librit-ne-ulqin-anashkalon-botuesit-kosovare\/"]}]},{"@type":"BreadcrumbList","@id":"https:\/\/www.visit-ulcinj.com\/blog\/2015\/07\/28\/panairi-librit-ne-ulqin-anashkalon-botuesit-kosovare\/#breadcrumb","itemListElement":[{"@type":"ListItem","position":1,"name":"Panairi i Librit n\u00eb Ulqin anashkalon botuesit kosovar\u00eb"}]},{"@type":"Person","@id":"https:\/\/www.visit-ulcinj.com\/blog\/#\/schema\/person\/dcab619c614d3038751c63bc2aadc06d","name":"ulqini","sameAs":["http:\/\/www.visit-ulcinj.com"],"url":"https:\/\/www.visit-ulcinj.com\/blog\/author\/admin\/"}]}},"jetpack_featured_media_url":"","jetpack_sharing_enabled":true,"jetpack_shortlink":"https:\/\/wp.me\/pe6lTn-nTV","_links":{"self":[{"href":"https:\/\/www.visit-ulcinj.com\/blog\/wp-json\/wp\/v2\/posts\/91879"}],"collection":[{"href":"https:\/\/www.visit-ulcinj.com\/blog\/wp-json\/wp\/v2\/posts"}],"about":[{"href":"https:\/\/www.visit-ulcinj.com\/blog\/wp-json\/wp\/v2\/types\/post"}],"author":[{"embeddable":true,"href":"https:\/\/www.visit-ulcinj.com\/blog\/wp-json\/wp\/v2\/users\/1"}],"replies":[{"embeddable":true,"href":"https:\/\/www.visit-ulcinj.com\/blog\/wp-json\/wp\/v2\/comments?post=91879"}],"version-history":[{"count":1,"href":"https:\/\/www.visit-ulcinj.com\/blog\/wp-json\/wp\/v2\/posts\/91879\/revisions"}],"predecessor-version":[{"id":91881,"href":"https:\/\/www.visit-ulcinj.com\/blog\/wp-json\/wp\/v2\/posts\/91879\/revisions\/91881"}],"wp:attachment":[{"href":"https:\/\/www.visit-ulcinj.com\/blog\/wp-json\/wp\/v2\/media?parent=91879"}],"wp:term":[{"taxonomy":"category","embeddable":true,"href":"https:\/\/www.visit-ulcinj.com\/blog\/wp-json\/wp\/v2\/categories?post=91879"},{"taxonomy":"post_tag","embeddable":true,"href":"https:\/\/www.visit-ulcinj.com\/blog\/wp-json\/wp\/v2\/tags?post=91879"}],"curies":[{"name":"wp","href":"https:\/\/api.w.org\/{rel}","templated":true}]}}