{"id":91889,"date":"2015-07-29T09:17:27","date_gmt":"2015-07-29T08:17:27","guid":{"rendered":"http:\/\/www.visit-ulcinj.com\/blog\/?p=91889"},"modified":"2015-07-29T11:04:45","modified_gmt":"2015-07-29T10:04:45","slug":"ke-po-kalon-pushimet-dafina-ne-ulqin-foto-video","status":"publish","type":"post","link":"https:\/\/www.visit-ulcinj.com\/blog\/2015\/07\/29\/ke-po-kalon-pushimet-dafina-ne-ulqin-foto-video\/","title":{"rendered":"Me k\u00eb po i kalon pushimet Dafina n\u00eb Ulqin? Foto + Video"},"content":{"rendered":"<p><a href=\"http:\/\/www.visit-ulcinj.com\/blog\/wp-content\/uploads\/2015\/07\/Dafina-Zeqiri-Dolcinium-Kite-Surf-Club-Ulqin.jpg\"><img loading=\"lazy\" class=\"alignleft wp-image-91890\" src=\"http:\/\/www.visit-ulcinj.com\/blog\/wp-content\/uploads\/2015\/07\/Dafina-Zeqiri-Dolcinium-Kite-Surf-Club-Ulqin.jpg\" alt=\"Dafina-Zeqiri-Dolcinium Kite Surf Club-Ulqin\" width=\"508\" height=\"298\" \/><\/a>Pamja e k\u00ebng\u00ebtares n\u00eb dy klipet e reja \u00ebsht\u00eb p\u00ebr tu marr\u00eb lakmi, dhe p\u00ebrve\u00e7 parukier\u00ebve e artist\u00ebve t\u00eb make-upit, edhe relaksimi n\u00eb plazhin <a href=\"https:\/\/www.google.ch\/url?sa=t&amp;rct=j&amp;q=&amp;esrc=s&amp;source=web&amp;cd=6&amp;cad=rja&amp;uact=8&amp;ved=0CDgQFjAFahUKEwiP25OI5__GAhUFJnIKHZIHAqU&amp;url=https%3A%2F%2Fwww.facebook.com%2Fdolcinium&amp;ei=E3-4Vc-FFYXMyAOSj4ioCg&amp;usg=AFQjCNF40zRdA_BnX0bG8WLNoTJusKUj0w&amp;sig2=HDKMEYcuNkPbcq44URU81g&amp;bvm=bv.98717601,d.bGQ\">Dolcinium Kite Surf Club<\/a> me shoq\u00ebri ka rol t\u00eb madh n\u00eb mbajtjen sa m\u00eb t\u00eb fresk\u00ebt t\u00eb pamjes s\u00eb Dafina Zeqirit.<\/p>\n<p>N\u00eb vazhdim, ju prezantojmn foto nga pushimi i Dafin\u00ebs n\u00eb plazhet e Ulqinit, ku ajo shihet se \u00ebsht\u00eb ngjitur n\u00eb qaf\u00eb t\u00eb nj\u00eb kolegut ose shokut t\u00eb saj.<\/p>\n<p><a href=\"http:\/\/www.visit-ulcinj.com\/blog\/wp-content\/uploads\/2015\/07\/Dafina-Zeqiri-Dolcinium-Kite-Surf-Club-Ulqin-4.jpg\"><img loading=\"lazy\" class=\"alignleft wp-image-91891\" src=\"http:\/\/www.visit-ulcinj.com\/blog\/wp-content\/uploads\/2015\/07\/Dafina-Zeqiri-Dolcinium-Kite-Surf-Club-Ulqin-4.jpg\" alt=\"Dafina-Zeqiri-Dolcinium Kite Surf Club-Ulqin-4\" width=\"508\" height=\"657\" \/><\/a><\/p>\n<p>Dafina Zeqiri,ka publikuar nj\u00eb fotografi n\u00eb profilin e saj n\u00eb Instagram s\u00eb bashku me Dj Flow.<\/p>\n<p>Kjo fotografi ku k\u00ebng\u00ebtarja dhe Dj Flow shihen shum\u00eb af\u00ebr dhe t\u00eb p\u00ebrqafuar me nj\u00ebri tjetrin na b\u00ebn\u00eb t\u00eb v\u00ebm\u00eb n\u00eb pik\u00ebpytje miq\u00ebsin\u00eb e tyre duke aluduar p\u00ebr nj\u00eb lidhje t\u00eb mundshme.<\/p>\n<p>&nbsp;<\/p>\n<p>N\u00ebse v\u00ebrtet\u00eb jan\u00eb n\u00eb lidhje do ta kuptojm\u00eb shum\u00eb shpejt,Dafina nuk ka mundur asnj\u00ebher\u00eb t\u00eb mbaj\u00eb t\u00eb fshehta lidhjet e saj, sidomos kur vjen ti kaloj pushimet n\u00eb Ulqin.<\/p>\n<!--YouTube Error: bad URL entered-->\n\n","protected":false},"excerpt":{"rendered":"<p>Pamja e k\u00ebng\u00ebtares n\u00eb dy klipet e reja \u00ebsht\u00eb p\u00ebr tu marr\u00eb lakmi, dhe p\u00ebrve\u00e7 parukier\u00ebve e artist\u00ebve t\u00eb make-upit, edhe relaksimi n\u00eb plazhin Dolcinium Kite Surf Club me shoq\u00ebri ka rol t\u00eb madh n\u00eb mbajtjen sa m\u00eb t\u00eb fresk\u00ebt t\u00eb pamjes s\u00eb Dafina Zeqirit. N\u00eb vazhdim, ju prezantojmn foto nga pushimi i Dafin\u00ebs n\u00eb [&hellip;]<\/p>\n","protected":false},"author":1,"featured_media":0,"comment_status":"closed","ping_status":"closed","sticky":false,"template":"","format":"standard","meta":{"spay_email":"","jetpack_publicize_message":"","jetpack_is_tweetstorm":false,"jetpack_publicize_feature_enabled":true},"categories":[1],"tags":[],"jetpack_publicize_connections":[],"yoast_head":"<!-- This site is optimized with the Yoast SEO plugin v19.1 - https:\/\/yoast.com\/wordpress\/plugins\/seo\/ -->\n<title>Me k\u00eb po i kalon pushimet Dafina n\u00eb Ulqin? Foto + Video - Lajme nga Ulqini<\/title>\n<meta name=\"description\" content=\"Pamja e k\u00ebng\u00ebtares n\u00eb dy klipet e reja \u00ebsht\u00eb p\u00ebr tu marr\u00eb lakmi, dhe p\u00ebrve\u00e7 parukier\u00ebve e artist\u00ebve t\u00eb make-upit, edhe relaksimi n\u00eb plazhin Dolcinium Kite\" \/>\n<meta name=\"robots\" content=\"index, follow, max-snippet:-1, max-image-preview:large, max-video-preview:-1\" \/>\n<link rel=\"canonical\" href=\"https:\/\/www.visit-ulcinj.com\/blog\/2015\/07\/29\/ke-po-kalon-pushimet-dafina-ne-ulqin-foto-video\/\" \/>\n<meta property=\"og:locale\" content=\"en_US\" \/>\n<meta property=\"og:type\" content=\"article\" \/>\n<meta property=\"og:title\" content=\"Me k\u00eb po i kalon pushimet Dafina n\u00eb Ulqin? Foto + Video - Lajme nga Ulqini\" \/>\n<meta property=\"og:description\" content=\"Pamja e k\u00ebng\u00ebtares n\u00eb dy klipet e reja \u00ebsht\u00eb p\u00ebr tu marr\u00eb lakmi, dhe p\u00ebrve\u00e7 parukier\u00ebve e artist\u00ebve t\u00eb make-upit, edhe relaksimi n\u00eb plazhin Dolcinium Kite\" \/>\n<meta property=\"og:url\" content=\"https:\/\/www.visit-ulcinj.com\/blog\/2015\/07\/29\/ke-po-kalon-pushimet-dafina-ne-ulqin-foto-video\/\" \/>\n<meta property=\"og:site_name\" content=\"Lajme nga Ulqini\" \/>\n<meta property=\"article:published_time\" content=\"2015-07-29T08:17:27+00:00\" \/>\n<meta property=\"article:modified_time\" content=\"2015-07-29T10:04:45+00:00\" \/>\n<meta property=\"og:image\" content=\"http:\/\/www.visit-ulcinj.com\/blog\/wp-content\/uploads\/2015\/07\/Dafina-Zeqiri-Dolcinium-Kite-Surf-Club-Ulqin.jpg\" \/>\n<meta name=\"twitter:label1\" content=\"Written by\" \/>\n\t<meta name=\"twitter:data1\" content=\"ulqini\" \/>\n\t<meta name=\"twitter:label2\" content=\"Est. reading time\" \/>\n\t<meta name=\"twitter:data2\" content=\"1 minute\" \/>\n<script type=\"application\/ld+json\" class=\"yoast-schema-graph\">{\"@context\":\"https:\/\/schema.org\",\"@graph\":[{\"@type\":\"WebSite\",\"@id\":\"https:\/\/www.visit-ulcinj.com\/blog\/#website\",\"url\":\"https:\/\/www.visit-ulcinj.com\/blog\/\",\"name\":\"Lajme nga Ulqini\",\"description\":\"Lajme,Vijesti,Ulqini,Ulqin,Crna Gora,Mali i Zi\",\"potentialAction\":[{\"@type\":\"SearchAction\",\"target\":{\"@type\":\"EntryPoint\",\"urlTemplate\":\"https:\/\/www.visit-ulcinj.com\/blog\/?s={search_term_string}\"},\"query-input\":\"required name=search_term_string\"}],\"inLanguage\":\"en-US\"},{\"@type\":\"ImageObject\",\"inLanguage\":\"en-US\",\"@id\":\"https:\/\/www.visit-ulcinj.com\/blog\/2015\/07\/29\/ke-po-kalon-pushimet-dafina-ne-ulqin-foto-video\/#primaryimage\",\"url\":\"http:\/\/www.visit-ulcinj.com\/blog\/wp-content\/uploads\/2015\/07\/Dafina-Zeqiri-Dolcinium-Kite-Surf-Club-Ulqin.jpg\",\"contentUrl\":\"http:\/\/www.visit-ulcinj.com\/blog\/wp-content\/uploads\/2015\/07\/Dafina-Zeqiri-Dolcinium-Kite-Surf-Club-Ulqin.jpg\"},{\"@type\":\"WebPage\",\"@id\":\"https:\/\/www.visit-ulcinj.com\/blog\/2015\/07\/29\/ke-po-kalon-pushimet-dafina-ne-ulqin-foto-video\/#webpage\",\"url\":\"https:\/\/www.visit-ulcinj.com\/blog\/2015\/07\/29\/ke-po-kalon-pushimet-dafina-ne-ulqin-foto-video\/\",\"name\":\"Me k\u00eb po i kalon pushimet Dafina n\u00eb Ulqin? Foto + Video - Lajme nga Ulqini\",\"isPartOf\":{\"@id\":\"https:\/\/www.visit-ulcinj.com\/blog\/#website\"},\"primaryImageOfPage\":{\"@id\":\"https:\/\/www.visit-ulcinj.com\/blog\/2015\/07\/29\/ke-po-kalon-pushimet-dafina-ne-ulqin-foto-video\/#primaryimage\"},\"datePublished\":\"2015-07-29T08:17:27+00:00\",\"dateModified\":\"2015-07-29T10:04:45+00:00\",\"author\":{\"@id\":\"https:\/\/www.visit-ulcinj.com\/blog\/#\/schema\/person\/dcab619c614d3038751c63bc2aadc06d\"},\"description\":\"Pamja e k\u00ebng\u00ebtares n\u00eb dy klipet e reja \u00ebsht\u00eb p\u00ebr tu marr\u00eb lakmi, dhe p\u00ebrve\u00e7 parukier\u00ebve e artist\u00ebve t\u00eb make-upit, edhe relaksimi n\u00eb plazhin Dolcinium Kite\",\"breadcrumb\":{\"@id\":\"https:\/\/www.visit-ulcinj.com\/blog\/2015\/07\/29\/ke-po-kalon-pushimet-dafina-ne-ulqin-foto-video\/#breadcrumb\"},\"inLanguage\":\"en-US\",\"potentialAction\":[{\"@type\":\"ReadAction\",\"target\":[\"https:\/\/www.visit-ulcinj.com\/blog\/2015\/07\/29\/ke-po-kalon-pushimet-dafina-ne-ulqin-foto-video\/\"]}]},{\"@type\":\"BreadcrumbList\",\"@id\":\"https:\/\/www.visit-ulcinj.com\/blog\/2015\/07\/29\/ke-po-kalon-pushimet-dafina-ne-ulqin-foto-video\/#breadcrumb\",\"itemListElement\":[{\"@type\":\"ListItem\",\"position\":1,\"name\":\"Me k\u00eb po i kalon pushimet Dafina n\u00eb Ulqin? Foto + Video\"}]},{\"@type\":\"Person\",\"@id\":\"https:\/\/www.visit-ulcinj.com\/blog\/#\/schema\/person\/dcab619c614d3038751c63bc2aadc06d\",\"name\":\"ulqini\",\"sameAs\":[\"http:\/\/www.visit-ulcinj.com\"],\"url\":\"https:\/\/www.visit-ulcinj.com\/blog\/author\/admin\/\"}]}<\/script>\n<!-- \/ Yoast SEO plugin. -->","yoast_head_json":{"title":"Me k\u00eb po i kalon pushimet Dafina n\u00eb Ulqin? Foto + Video - Lajme nga Ulqini","description":"Pamja e k\u00ebng\u00ebtares n\u00eb dy klipet e reja \u00ebsht\u00eb p\u00ebr tu marr\u00eb lakmi, dhe p\u00ebrve\u00e7 parukier\u00ebve e artist\u00ebve t\u00eb make-upit, edhe relaksimi n\u00eb plazhin Dolcinium Kite","robots":{"index":"index","follow":"follow","max-snippet":"max-snippet:-1","max-image-preview":"max-image-preview:large","max-video-preview":"max-video-preview:-1"},"canonical":"https:\/\/www.visit-ulcinj.com\/blog\/2015\/07\/29\/ke-po-kalon-pushimet-dafina-ne-ulqin-foto-video\/","og_locale":"en_US","og_type":"article","og_title":"Me k\u00eb po i kalon pushimet Dafina n\u00eb Ulqin? Foto + Video - Lajme nga Ulqini","og_description":"Pamja e k\u00ebng\u00ebtares n\u00eb dy klipet e reja \u00ebsht\u00eb p\u00ebr tu marr\u00eb lakmi, dhe p\u00ebrve\u00e7 parukier\u00ebve e artist\u00ebve t\u00eb make-upit, edhe relaksimi n\u00eb plazhin Dolcinium Kite","og_url":"https:\/\/www.visit-ulcinj.com\/blog\/2015\/07\/29\/ke-po-kalon-pushimet-dafina-ne-ulqin-foto-video\/","og_site_name":"Lajme nga Ulqini","article_published_time":"2015-07-29T08:17:27+00:00","article_modified_time":"2015-07-29T10:04:45+00:00","og_image":[{"url":"http:\/\/www.visit-ulcinj.com\/blog\/wp-content\/uploads\/2015\/07\/Dafina-Zeqiri-Dolcinium-Kite-Surf-Club-Ulqin.jpg"}],"twitter_misc":{"Written by":"ulqini","Est. reading time":"1 minute"},"schema":{"@context":"https:\/\/schema.org","@graph":[{"@type":"WebSite","@id":"https:\/\/www.visit-ulcinj.com\/blog\/#website","url":"https:\/\/www.visit-ulcinj.com\/blog\/","name":"Lajme nga Ulqini","description":"Lajme,Vijesti,Ulqini,Ulqin,Crna Gora,Mali i Zi","potentialAction":[{"@type":"SearchAction","target":{"@type":"EntryPoint","urlTemplate":"https:\/\/www.visit-ulcinj.com\/blog\/?s={search_term_string}"},"query-input":"required name=search_term_string"}],"inLanguage":"en-US"},{"@type":"ImageObject","inLanguage":"en-US","@id":"https:\/\/www.visit-ulcinj.com\/blog\/2015\/07\/29\/ke-po-kalon-pushimet-dafina-ne-ulqin-foto-video\/#primaryimage","url":"http:\/\/www.visit-ulcinj.com\/blog\/wp-content\/uploads\/2015\/07\/Dafina-Zeqiri-Dolcinium-Kite-Surf-Club-Ulqin.jpg","contentUrl":"http:\/\/www.visit-ulcinj.com\/blog\/wp-content\/uploads\/2015\/07\/Dafina-Zeqiri-Dolcinium-Kite-Surf-Club-Ulqin.jpg"},{"@type":"WebPage","@id":"https:\/\/www.visit-ulcinj.com\/blog\/2015\/07\/29\/ke-po-kalon-pushimet-dafina-ne-ulqin-foto-video\/#webpage","url":"https:\/\/www.visit-ulcinj.com\/blog\/2015\/07\/29\/ke-po-kalon-pushimet-dafina-ne-ulqin-foto-video\/","name":"Me k\u00eb po i kalon pushimet Dafina n\u00eb Ulqin? Foto + Video - Lajme nga Ulqini","isPartOf":{"@id":"https:\/\/www.visit-ulcinj.com\/blog\/#website"},"primaryImageOfPage":{"@id":"https:\/\/www.visit-ulcinj.com\/blog\/2015\/07\/29\/ke-po-kalon-pushimet-dafina-ne-ulqin-foto-video\/#primaryimage"},"datePublished":"2015-07-29T08:17:27+00:00","dateModified":"2015-07-29T10:04:45+00:00","author":{"@id":"https:\/\/www.visit-ulcinj.com\/blog\/#\/schema\/person\/dcab619c614d3038751c63bc2aadc06d"},"description":"Pamja e k\u00ebng\u00ebtares n\u00eb dy klipet e reja \u00ebsht\u00eb p\u00ebr tu marr\u00eb lakmi, dhe p\u00ebrve\u00e7 parukier\u00ebve e artist\u00ebve t\u00eb make-upit, edhe relaksimi n\u00eb plazhin Dolcinium Kite","breadcrumb":{"@id":"https:\/\/www.visit-ulcinj.com\/blog\/2015\/07\/29\/ke-po-kalon-pushimet-dafina-ne-ulqin-foto-video\/#breadcrumb"},"inLanguage":"en-US","potentialAction":[{"@type":"ReadAction","target":["https:\/\/www.visit-ulcinj.com\/blog\/2015\/07\/29\/ke-po-kalon-pushimet-dafina-ne-ulqin-foto-video\/"]}]},{"@type":"BreadcrumbList","@id":"https:\/\/www.visit-ulcinj.com\/blog\/2015\/07\/29\/ke-po-kalon-pushimet-dafina-ne-ulqin-foto-video\/#breadcrumb","itemListElement":[{"@type":"ListItem","position":1,"name":"Me k\u00eb po i kalon pushimet Dafina n\u00eb Ulqin? Foto + Video"}]},{"@type":"Person","@id":"https:\/\/www.visit-ulcinj.com\/blog\/#\/schema\/person\/dcab619c614d3038751c63bc2aadc06d","name":"ulqini","sameAs":["http:\/\/www.visit-ulcinj.com"],"url":"https:\/\/www.visit-ulcinj.com\/blog\/author\/admin\/"}]}},"jetpack_featured_media_url":"","jetpack_sharing_enabled":true,"jetpack_shortlink":"https:\/\/wp.me\/pe6lTn-nU5","_links":{"self":[{"href":"https:\/\/www.visit-ulcinj.com\/blog\/wp-json\/wp\/v2\/posts\/91889"}],"collection":[{"href":"https:\/\/www.visit-ulcinj.com\/blog\/wp-json\/wp\/v2\/posts"}],"about":[{"href":"https:\/\/www.visit-ulcinj.com\/blog\/wp-json\/wp\/v2\/types\/post"}],"author":[{"embeddable":true,"href":"https:\/\/www.visit-ulcinj.com\/blog\/wp-json\/wp\/v2\/users\/1"}],"replies":[{"embeddable":true,"href":"https:\/\/www.visit-ulcinj.com\/blog\/wp-json\/wp\/v2\/comments?post=91889"}],"version-history":[{"count":1,"href":"https:\/\/www.visit-ulcinj.com\/blog\/wp-json\/wp\/v2\/posts\/91889\/revisions"}],"predecessor-version":[{"id":91901,"href":"https:\/\/www.visit-ulcinj.com\/blog\/wp-json\/wp\/v2\/posts\/91889\/revisions\/91901"}],"wp:attachment":[{"href":"https:\/\/www.visit-ulcinj.com\/blog\/wp-json\/wp\/v2\/media?parent=91889"}],"wp:term":[{"taxonomy":"category","embeddable":true,"href":"https:\/\/www.visit-ulcinj.com\/blog\/wp-json\/wp\/v2\/categories?post=91889"},{"taxonomy":"post_tag","embeddable":true,"href":"https:\/\/www.visit-ulcinj.com\/blog\/wp-json\/wp\/v2\/tags?post=91889"}],"curies":[{"name":"wp","href":"https:\/\/api.w.org\/{rel}","templated":true}]}}