{"id":91903,"date":"2015-07-29T10:10:29","date_gmt":"2015-07-29T09:10:29","guid":{"rendered":"http:\/\/www.visit-ulcinj.com\/blog\/?p=91903"},"modified":"2015-07-29T10:10:29","modified_gmt":"2015-07-29T09:10:29","slug":"summer-fest-ulqin-31-korrik-ora-2030","status":"publish","type":"post","link":"https:\/\/www.visit-ulcinj.com\/blog\/2015\/07\/29\/summer-fest-ulqin-31-korrik-ora-2030\/","title":{"rendered":"Summer Fest ULQIN &#8211; 31 korrik ORA 20:30"},"content":{"rendered":"<p><strong>Summer Fest ULQIN dt.31 korrik ORA 20:30 tek plazhi i vog\u00ebl.<\/strong><\/p>\n<p><strong>N\u00ebn prezantimin e Luana dhe Marina Vjollca.<\/strong><br \/>\n&#8220;Dance Zone&#8221; nga Klajdi Selimi.<br \/>\nTrupa e Baletit e Top Channel.<br \/>\nTrupa e Cirkut Komb\u00ebtar.<span class=\"text_exposed_show\"><br \/>\n<\/span><\/p>\n<p><a href=\"http:\/\/www.visit-ulcinj.com\/blog\/wp-content\/uploads\/2015\/07\/Luana-Marina-dhe-Klajdi-Summer-Fest-Ulqin-2015.jpg\"><img loading=\"lazy\" class=\"alignleft wp-image-91904\" src=\"http:\/\/www.visit-ulcinj.com\/blog\/wp-content\/uploads\/2015\/07\/Luana-Marina-dhe-Klajdi-Summer-Fest-Ulqin-2015.jpg\" alt=\"Luana, Marina dhe Klajdi-Summer Fest Ulqin-2015\" width=\"508\" height=\"374\" \/><\/a><\/p>\n<p>Marina dhe Luana Vjollca do t\u00eb ribashkohen s\u00ebrish n\u00eb sken\u00eb, pasi dy motrat do t\u00eb jen\u00eb moderatore n\u00eb eventin muzikor veror \u201cSummer Fest 2015\u201d.<br \/>\nMotrat e famshme t\u00eb \u201cTop Channel\u201d do t\u00eb shoq\u00ebrohet n\u00eb sken\u00eb edhe nga balerini q\u00eb u b\u00eb i njohur tek \u201cAmici\u201d, Klajdi Selimi.<br \/>\nSi\u00e7 raportojn\u00eb mediat shqiptare, balerini do t\u2019u futtet n\u00eb mes dy motrave seksi. Derisa Marina dhe Luana do t\u00eb udh\u00ebheqin pjes\u00ebn e shout t\u00eb Klajdi si balerin do t\u00eb udh\u00ebheq\u00eb \u201cDance zone\u201d, rubrik\u00eb tashm\u00eb e njohur n\u00eb koncertet e \u201cSummer Fest\u201d.<br \/>\nHer\u00ebn e fundit kur dy motrat dol\u00ebn n\u00eb nj\u00eb sken\u00eb t\u00eb nj\u00eb ngjarje ishte finalja e festivalit Top Fest n\u00eb vitin e kaluar.<br \/>\n<span class=\"text_exposed_show\"><br \/>\nMe pjes\u00ebmarrjen e : SEMI JAUPAJ, MAJK, ONAT, ZANFINA ISMAILI, FLORIAN, LINDON, ADRIAN GAXHA<br \/>\nT\u00eb premten n\u00eb or\u00ebn 20:30!<br \/>\nMe mbeshtetjen e Komun\u00ebs Ulqin!<\/span><\/p>\n<!--YouTube Error: bad URL entered-->\n","protected":false},"excerpt":{"rendered":"<p>Summer Fest ULQIN dt.31 korrik ORA 20:30 tek plazhi i vog\u00ebl. N\u00ebn prezantimin e Luana dhe Marina Vjollca. &#8220;Dance Zone&#8221; nga Klajdi Selimi. Trupa e Baletit e Top Channel. Trupa e Cirkut Komb\u00ebtar. Marina dhe Luana Vjollca do t\u00eb ribashkohen s\u00ebrish n\u00eb sken\u00eb, pasi dy motrat do t\u00eb jen\u00eb moderatore n\u00eb eventin muzikor veror \u201cSummer [&hellip;]<\/p>\n","protected":false},"author":1,"featured_media":0,"comment_status":"closed","ping_status":"closed","sticky":false,"template":"","format":"standard","meta":{"spay_email":"","jetpack_publicize_message":"","jetpack_is_tweetstorm":false,"jetpack_publicize_feature_enabled":true},"categories":[1],"tags":[],"jetpack_publicize_connections":[],"yoast_head":"<!-- This site is optimized with the Yoast SEO plugin v19.1 - https:\/\/yoast.com\/wordpress\/plugins\/seo\/ -->\n<title>Summer Fest ULQIN - 31 korrik ORA 20:30 - Lajme nga Ulqini<\/title>\n<meta name=\"description\" content=\"Summer Fest ULQIN dt.31 korrik ORA 20:30 tek plazhi i vog\u00ebl. N\u00ebn prezantimin e Luana dhe Marina Vjollca. &quot;Dance Zone&quot; nga Klajdi Selimi. Trupa e Baletit e\" \/>\n<meta name=\"robots\" content=\"index, follow, max-snippet:-1, max-image-preview:large, max-video-preview:-1\" \/>\n<link rel=\"canonical\" href=\"https:\/\/www.visit-ulcinj.com\/blog\/2015\/07\/29\/summer-fest-ulqin-31-korrik-ora-2030\/\" \/>\n<meta property=\"og:locale\" content=\"en_US\" \/>\n<meta property=\"og:type\" content=\"article\" \/>\n<meta property=\"og:title\" content=\"Summer Fest ULQIN - 31 korrik ORA 20:30 - Lajme nga Ulqini\" \/>\n<meta property=\"og:description\" content=\"Summer Fest ULQIN dt.31 korrik ORA 20:30 tek plazhi i vog\u00ebl. N\u00ebn prezantimin e Luana dhe Marina Vjollca. &quot;Dance Zone&quot; nga Klajdi Selimi. Trupa e Baletit e\" \/>\n<meta property=\"og:url\" content=\"https:\/\/www.visit-ulcinj.com\/blog\/2015\/07\/29\/summer-fest-ulqin-31-korrik-ora-2030\/\" \/>\n<meta property=\"og:site_name\" content=\"Lajme nga Ulqini\" \/>\n<meta property=\"article:published_time\" content=\"2015-07-29T09:10:29+00:00\" \/>\n<meta property=\"og:image\" content=\"http:\/\/www.visit-ulcinj.com\/blog\/wp-content\/uploads\/2015\/07\/Luana-Marina-dhe-Klajdi-Summer-Fest-Ulqin-2015.jpg\" \/>\n<meta name=\"twitter:label1\" content=\"Written by\" \/>\n\t<meta name=\"twitter:data1\" content=\"ulqini\" \/>\n\t<meta name=\"twitter:label2\" content=\"Est. reading time\" \/>\n\t<meta name=\"twitter:data2\" content=\"1 minute\" \/>\n<script type=\"application\/ld+json\" class=\"yoast-schema-graph\">{\"@context\":\"https:\/\/schema.org\",\"@graph\":[{\"@type\":\"WebSite\",\"@id\":\"https:\/\/www.visit-ulcinj.com\/blog\/#website\",\"url\":\"https:\/\/www.visit-ulcinj.com\/blog\/\",\"name\":\"Lajme nga Ulqini\",\"description\":\"Lajme,Vijesti,Ulqini,Ulqin,Crna Gora,Mali i Zi\",\"potentialAction\":[{\"@type\":\"SearchAction\",\"target\":{\"@type\":\"EntryPoint\",\"urlTemplate\":\"https:\/\/www.visit-ulcinj.com\/blog\/?s={search_term_string}\"},\"query-input\":\"required name=search_term_string\"}],\"inLanguage\":\"en-US\"},{\"@type\":\"ImageObject\",\"inLanguage\":\"en-US\",\"@id\":\"https:\/\/www.visit-ulcinj.com\/blog\/2015\/07\/29\/summer-fest-ulqin-31-korrik-ora-2030\/#primaryimage\",\"url\":\"http:\/\/www.visit-ulcinj.com\/blog\/wp-content\/uploads\/2015\/07\/Luana-Marina-dhe-Klajdi-Summer-Fest-Ulqin-2015.jpg\",\"contentUrl\":\"http:\/\/www.visit-ulcinj.com\/blog\/wp-content\/uploads\/2015\/07\/Luana-Marina-dhe-Klajdi-Summer-Fest-Ulqin-2015.jpg\"},{\"@type\":\"WebPage\",\"@id\":\"https:\/\/www.visit-ulcinj.com\/blog\/2015\/07\/29\/summer-fest-ulqin-31-korrik-ora-2030\/#webpage\",\"url\":\"https:\/\/www.visit-ulcinj.com\/blog\/2015\/07\/29\/summer-fest-ulqin-31-korrik-ora-2030\/\",\"name\":\"Summer Fest ULQIN - 31 korrik ORA 20:30 - Lajme nga Ulqini\",\"isPartOf\":{\"@id\":\"https:\/\/www.visit-ulcinj.com\/blog\/#website\"},\"primaryImageOfPage\":{\"@id\":\"https:\/\/www.visit-ulcinj.com\/blog\/2015\/07\/29\/summer-fest-ulqin-31-korrik-ora-2030\/#primaryimage\"},\"datePublished\":\"2015-07-29T09:10:29+00:00\",\"dateModified\":\"2015-07-29T09:10:29+00:00\",\"author\":{\"@id\":\"https:\/\/www.visit-ulcinj.com\/blog\/#\/schema\/person\/dcab619c614d3038751c63bc2aadc06d\"},\"description\":\"Summer Fest ULQIN dt.31 korrik ORA 20:30 tek plazhi i vog\u00ebl. N\u00ebn prezantimin e Luana dhe Marina Vjollca. \\\"Dance Zone\\\" nga Klajdi Selimi. Trupa e Baletit e\",\"breadcrumb\":{\"@id\":\"https:\/\/www.visit-ulcinj.com\/blog\/2015\/07\/29\/summer-fest-ulqin-31-korrik-ora-2030\/#breadcrumb\"},\"inLanguage\":\"en-US\",\"potentialAction\":[{\"@type\":\"ReadAction\",\"target\":[\"https:\/\/www.visit-ulcinj.com\/blog\/2015\/07\/29\/summer-fest-ulqin-31-korrik-ora-2030\/\"]}]},{\"@type\":\"BreadcrumbList\",\"@id\":\"https:\/\/www.visit-ulcinj.com\/blog\/2015\/07\/29\/summer-fest-ulqin-31-korrik-ora-2030\/#breadcrumb\",\"itemListElement\":[{\"@type\":\"ListItem\",\"position\":1,\"name\":\"Summer Fest ULQIN &#8211; 31 korrik ORA 20:30\"}]},{\"@type\":\"Person\",\"@id\":\"https:\/\/www.visit-ulcinj.com\/blog\/#\/schema\/person\/dcab619c614d3038751c63bc2aadc06d\",\"name\":\"ulqini\",\"sameAs\":[\"http:\/\/www.visit-ulcinj.com\"],\"url\":\"https:\/\/www.visit-ulcinj.com\/blog\/author\/admin\/\"}]}<\/script>\n<!-- \/ Yoast SEO plugin. -->","yoast_head_json":{"title":"Summer Fest ULQIN - 31 korrik ORA 20:30 - Lajme nga Ulqini","description":"Summer Fest ULQIN dt.31 korrik ORA 20:30 tek plazhi i vog\u00ebl. N\u00ebn prezantimin e Luana dhe Marina Vjollca. \"Dance Zone\" nga Klajdi Selimi. Trupa e Baletit e","robots":{"index":"index","follow":"follow","max-snippet":"max-snippet:-1","max-image-preview":"max-image-preview:large","max-video-preview":"max-video-preview:-1"},"canonical":"https:\/\/www.visit-ulcinj.com\/blog\/2015\/07\/29\/summer-fest-ulqin-31-korrik-ora-2030\/","og_locale":"en_US","og_type":"article","og_title":"Summer Fest ULQIN - 31 korrik ORA 20:30 - Lajme nga Ulqini","og_description":"Summer Fest ULQIN dt.31 korrik ORA 20:30 tek plazhi i vog\u00ebl. N\u00ebn prezantimin e Luana dhe Marina Vjollca. \"Dance Zone\" nga Klajdi Selimi. Trupa e Baletit e","og_url":"https:\/\/www.visit-ulcinj.com\/blog\/2015\/07\/29\/summer-fest-ulqin-31-korrik-ora-2030\/","og_site_name":"Lajme nga Ulqini","article_published_time":"2015-07-29T09:10:29+00:00","og_image":[{"url":"http:\/\/www.visit-ulcinj.com\/blog\/wp-content\/uploads\/2015\/07\/Luana-Marina-dhe-Klajdi-Summer-Fest-Ulqin-2015.jpg"}],"twitter_misc":{"Written by":"ulqini","Est. reading time":"1 minute"},"schema":{"@context":"https:\/\/schema.org","@graph":[{"@type":"WebSite","@id":"https:\/\/www.visit-ulcinj.com\/blog\/#website","url":"https:\/\/www.visit-ulcinj.com\/blog\/","name":"Lajme nga Ulqini","description":"Lajme,Vijesti,Ulqini,Ulqin,Crna Gora,Mali i Zi","potentialAction":[{"@type":"SearchAction","target":{"@type":"EntryPoint","urlTemplate":"https:\/\/www.visit-ulcinj.com\/blog\/?s={search_term_string}"},"query-input":"required name=search_term_string"}],"inLanguage":"en-US"},{"@type":"ImageObject","inLanguage":"en-US","@id":"https:\/\/www.visit-ulcinj.com\/blog\/2015\/07\/29\/summer-fest-ulqin-31-korrik-ora-2030\/#primaryimage","url":"http:\/\/www.visit-ulcinj.com\/blog\/wp-content\/uploads\/2015\/07\/Luana-Marina-dhe-Klajdi-Summer-Fest-Ulqin-2015.jpg","contentUrl":"http:\/\/www.visit-ulcinj.com\/blog\/wp-content\/uploads\/2015\/07\/Luana-Marina-dhe-Klajdi-Summer-Fest-Ulqin-2015.jpg"},{"@type":"WebPage","@id":"https:\/\/www.visit-ulcinj.com\/blog\/2015\/07\/29\/summer-fest-ulqin-31-korrik-ora-2030\/#webpage","url":"https:\/\/www.visit-ulcinj.com\/blog\/2015\/07\/29\/summer-fest-ulqin-31-korrik-ora-2030\/","name":"Summer Fest ULQIN - 31 korrik ORA 20:30 - Lajme nga Ulqini","isPartOf":{"@id":"https:\/\/www.visit-ulcinj.com\/blog\/#website"},"primaryImageOfPage":{"@id":"https:\/\/www.visit-ulcinj.com\/blog\/2015\/07\/29\/summer-fest-ulqin-31-korrik-ora-2030\/#primaryimage"},"datePublished":"2015-07-29T09:10:29+00:00","dateModified":"2015-07-29T09:10:29+00:00","author":{"@id":"https:\/\/www.visit-ulcinj.com\/blog\/#\/schema\/person\/dcab619c614d3038751c63bc2aadc06d"},"description":"Summer Fest ULQIN dt.31 korrik ORA 20:30 tek plazhi i vog\u00ebl. N\u00ebn prezantimin e Luana dhe Marina Vjollca. \"Dance Zone\" nga Klajdi Selimi. Trupa e Baletit e","breadcrumb":{"@id":"https:\/\/www.visit-ulcinj.com\/blog\/2015\/07\/29\/summer-fest-ulqin-31-korrik-ora-2030\/#breadcrumb"},"inLanguage":"en-US","potentialAction":[{"@type":"ReadAction","target":["https:\/\/www.visit-ulcinj.com\/blog\/2015\/07\/29\/summer-fest-ulqin-31-korrik-ora-2030\/"]}]},{"@type":"BreadcrumbList","@id":"https:\/\/www.visit-ulcinj.com\/blog\/2015\/07\/29\/summer-fest-ulqin-31-korrik-ora-2030\/#breadcrumb","itemListElement":[{"@type":"ListItem","position":1,"name":"Summer Fest ULQIN &#8211; 31 korrik ORA 20:30"}]},{"@type":"Person","@id":"https:\/\/www.visit-ulcinj.com\/blog\/#\/schema\/person\/dcab619c614d3038751c63bc2aadc06d","name":"ulqini","sameAs":["http:\/\/www.visit-ulcinj.com"],"url":"https:\/\/www.visit-ulcinj.com\/blog\/author\/admin\/"}]}},"jetpack_featured_media_url":"","jetpack_sharing_enabled":true,"jetpack_shortlink":"https:\/\/wp.me\/pe6lTn-nUj","_links":{"self":[{"href":"https:\/\/www.visit-ulcinj.com\/blog\/wp-json\/wp\/v2\/posts\/91903"}],"collection":[{"href":"https:\/\/www.visit-ulcinj.com\/blog\/wp-json\/wp\/v2\/posts"}],"about":[{"href":"https:\/\/www.visit-ulcinj.com\/blog\/wp-json\/wp\/v2\/types\/post"}],"author":[{"embeddable":true,"href":"https:\/\/www.visit-ulcinj.com\/blog\/wp-json\/wp\/v2\/users\/1"}],"replies":[{"embeddable":true,"href":"https:\/\/www.visit-ulcinj.com\/blog\/wp-json\/wp\/v2\/comments?post=91903"}],"version-history":[{"count":1,"href":"https:\/\/www.visit-ulcinj.com\/blog\/wp-json\/wp\/v2\/posts\/91903\/revisions"}],"predecessor-version":[{"id":91905,"href":"https:\/\/www.visit-ulcinj.com\/blog\/wp-json\/wp\/v2\/posts\/91903\/revisions\/91905"}],"wp:attachment":[{"href":"https:\/\/www.visit-ulcinj.com\/blog\/wp-json\/wp\/v2\/media?parent=91903"}],"wp:term":[{"taxonomy":"category","embeddable":true,"href":"https:\/\/www.visit-ulcinj.com\/blog\/wp-json\/wp\/v2\/categories?post=91903"},{"taxonomy":"post_tag","embeddable":true,"href":"https:\/\/www.visit-ulcinj.com\/blog\/wp-json\/wp\/v2\/tags?post=91903"}],"curies":[{"name":"wp","href":"https:\/\/api.w.org\/{rel}","templated":true}]}}