{"id":91906,"date":"2015-07-29T10:52:36","date_gmt":"2015-07-29T09:52:36","guid":{"rendered":"http:\/\/www.visit-ulcinj.com\/blog\/?p=91906"},"modified":"2015-07-30T14:27:18","modified_gmt":"2015-07-30T13:27:18","slug":"bum-turistik-ne-ulqin-video","status":"publish","type":"post","link":"https:\/\/www.visit-ulcinj.com\/blog\/2015\/07\/29\/bum-turistik-ne-ulqin-video\/","title":{"rendered":"Bum turistik n\u00eb Ulqin &#8211; Video"},"content":{"rendered":"<p><a href=\"http:\/\/www.visit-ulcinj.com\/blog\/wp-content\/uploads\/2015\/07\/Plazhi-Saranada-Beach-Ulqin-.jpg\"><img loading=\"lazy\" class=\"alignleft wp-image-91907\" src=\"http:\/\/www.visit-ulcinj.com\/blog\/wp-content\/uploads\/2015\/07\/Plazhi-Saranada-Beach-Ulqin-.jpg\" alt=\"Plazhi-Saranada-Beach-Ulqin-\" width=\"508\" height=\"337\" srcset=\"https:\/\/www.visit-ulcinj.com\/blog\/wp-content\/uploads\/2015\/07\/Plazhi-Saranada-Beach-Ulqin-.jpg 960w, https:\/\/www.visit-ulcinj.com\/blog\/wp-content\/uploads\/2015\/07\/Plazhi-Saranada-Beach-Ulqin--300x199.jpg 300w\" sizes=\"(max-width: 508px) 100vw, 508px\" \/><\/a>Ulqini po p\u00ebrjeton k\u00ebt\u00eb ver\u00eb nj\u00eb rekord turistik. Kjo fundjav ka sh\u00ebnuar nj\u00eb bum turist\u00ebsh q\u00eb frekuentojne bregdetin e Ulqinit. T\u00eb joshur nga bukurit\u00eb natyrore dhe plazhet e pastra, edhe numri i pushuesve nga Kosova po vjen gjithnj\u00eb e n\u00eb rritje. Qeveria dhe OTeMZ b\u00ebjn thirrje p\u00ebr mosabuzim t\u00eb \u00e7mimesh. Askush nuk ka t\u00eb dh\u00ebna t\u00eb sakta, por besohet se n\u00eb k\u00ebt\u00eb qytet pushojn\u00eb rreth 100 mij\u00eb njer\u00ebz ose pes\u00eb her\u00eb m\u00eb shum\u00eb se ka banor\u00eb Ulqini.<\/p>\n<p>Jo vet\u00ebm kryetari i Komun\u00ebs s\u00eb Ulqinit Fatmir Gjeka, por edhe p\u00ebrfaq\u00ebsues t\u00eb hoteleve, plazheve, bizneseve dhe i njoh\u00ebsve t\u00eb turizmit, k\u00ebt\u00eb sezon turistike e vler\u00ebsojn\u00eb si nj\u00ebr\u00ebn nga m\u00eb t\u00eb mirat n\u00eb vitet e fundit. Tani \u00ebsht\u00eb e qart\u00eb q\u00eb rezultatet e k\u00ebtij sezoni n\u00eb rivier\u00ebn e Ulqinit do t\u00eb jen\u00eb shum\u00eb m\u00eb t\u00eb mir\u00eb se n\u00eb vitin 2014.<\/p>\n<p><a href=\"http:\/\/www.visit-ulcinj.com\/blog\/wp-content\/uploads\/2015\/07\/Plazhi-Saranada-Beach-Ulqin-1.jpg\"><img loading=\"lazy\" class=\"alignleft wp-image-91908\" src=\"http:\/\/www.visit-ulcinj.com\/blog\/wp-content\/uploads\/2015\/07\/Plazhi-Saranada-Beach-Ulqin-1.jpg\" alt=\"Plazhi-Saranada-Beach-Ulqin-1\" width=\"508\" height=\"337\" srcset=\"https:\/\/www.visit-ulcinj.com\/blog\/wp-content\/uploads\/2015\/07\/Plazhi-Saranada-Beach-Ulqin-1.jpg 960w, https:\/\/www.visit-ulcinj.com\/blog\/wp-content\/uploads\/2015\/07\/Plazhi-Saranada-Beach-Ulqin-1-300x199.jpg 300w\" sizes=\"(max-width: 508px) 100vw, 508px\" \/><\/a><\/p>\n<p>N\u00eb Organizat\u00ebn turistike komunale t\u00eb Ulqinit \/OTUL\/ thon\u00eb se sezoni i sivjetsh\u00ebm turistik \u00ebsht\u00eb nd\u00ebr m\u00eb t\u00eb mir\u00ebt n\u00eb vitet e fundit.<\/p>\n<p>Kryetari i komun\u00ebs tregon se pos turist\u00ebve kosovar, numri m\u00eb i madh i turist\u00ebve ka qen\u00eb edhe nga Bosnja dhe kan\u00eb arritur ti kthejn\u00eb mysafir\u00ebt e vjet\u00ebr nga Gjermania, Zvicra, Polonia, <span class=\"st\"><em>\u00c7<\/em><\/span>ekia, Sllovakia, Hungaria, Italia dhe ka pasur edhe nga Rusia.<\/p>\n<p><a href=\"http:\/\/www.visit-ulcinj.com\/blog\/wp-content\/uploads\/2015\/07\/Plazhi-Saranada-Beach-Ulqin-2.jpg\"><img loading=\"lazy\" class=\"alignleft wp-image-91909\" src=\"http:\/\/www.visit-ulcinj.com\/blog\/wp-content\/uploads\/2015\/07\/Plazhi-Saranada-Beach-Ulqin-2.jpg\" alt=\"Plazhi-Saranada-Beach-Ulqin-2\" width=\"508\" height=\"381\" srcset=\"https:\/\/www.visit-ulcinj.com\/blog\/wp-content\/uploads\/2015\/07\/Plazhi-Saranada-Beach-Ulqin-2.jpg 960w, https:\/\/www.visit-ulcinj.com\/blog\/wp-content\/uploads\/2015\/07\/Plazhi-Saranada-Beach-Ulqin-2-300x225.jpg 300w\" sizes=\"(max-width: 508px) 100vw, 508px\" \/><\/a><\/p>\n<p>I pari i komun\u00ebs tha se tashm\u00eb kan\u00eb nisur p\u00ebrgatitjet p\u00ebr sezonin 2014 dhe i fal\u00ebnderojn\u00eb t\u00eb gjith\u00eb qytetar\u00ebt e Kosov\u00ebs dhe t\u00eb Maqedonis\u00eb q\u00eb po vizitoj\u00eb Ulqinin dhe k\u00ebrkojn\u00eb q\u00eb Ulqinin mos ta l\u00ebn\u00eb pas dore, por ta ken\u00eb prioritet.<\/p>\n<p>Shum\u00eb pushues jan\u00eb besnik t\u00eb frekuentimit t\u00eb zon\u00ebs bregdetare, nd\u00ebrsa t\u00eb tjer\u00eb po e eksplorojn\u00eb p\u00ebr her\u00eb t\u00eb par\u00eb.<\/p>\n<p>T\u00eb k\u00ebnaqur me infrastruktur\u00ebn q\u00eb ofrohet, gastronomin\u00eb e larmishme dhe cmimet e arsyeshme, turist\u00ebt shprehen se do t\u00eb rikthen me patjet\u00ebr n\u00eb k\u00ebto brigje, nga m\u00eb t\u00eb bukurat n\u00eb Ballkan.<\/p>\n<p>Gjeka po ashtu tregoi se rruga Kruth\u00eb &#8211; Ulqin duhet t\u00eb zgjerohet e standardizohet ku dhe Qeveria ka b\u00ebr\u00eb projektin p\u00ebr nd\u00ebrtimin e rrug\u00ebs dhe s\u00eb shpejti do t\u00eb nisin punimet.<\/p>\n<!--YouTube Error: bad URL entered-->\n","protected":false},"excerpt":{"rendered":"<p>Ulqini po p\u00ebrjeton k\u00ebt\u00eb ver\u00eb nj\u00eb rekord turistik. Kjo fundjav ka sh\u00ebnuar nj\u00eb bum turist\u00ebsh q\u00eb frekuentojne bregdetin e Ulqinit. T\u00eb joshur nga bukurit\u00eb natyrore dhe plazhet e pastra, edhe numri i pushuesve nga Kosova po vjen gjithnj\u00eb e n\u00eb rritje. Qeveria dhe OTeMZ b\u00ebjn thirrje p\u00ebr mosabuzim t\u00eb \u00e7mimesh. Askush nuk ka t\u00eb dh\u00ebna [&hellip;]<\/p>\n","protected":false},"author":1,"featured_media":0,"comment_status":"closed","ping_status":"closed","sticky":false,"template":"","format":"standard","meta":{"spay_email":"","jetpack_publicize_message":"","jetpack_is_tweetstorm":false,"jetpack_publicize_feature_enabled":true},"categories":[10,1],"tags":[],"jetpack_publicize_connections":[],"yoast_head":"<!-- This site is optimized with the Yoast SEO plugin v19.1 - https:\/\/yoast.com\/wordpress\/plugins\/seo\/ -->\n<title>Bum turistik n\u00eb Ulqin - Video - Lajme nga Ulqini<\/title>\n<meta name=\"description\" content=\"Ulqini po p\u00ebrjeton k\u00ebt\u00eb ver\u00eb nj\u00eb rekord turistik. Kjo fundjav ka sh\u00ebnuar nj\u00eb bum turist\u00ebsh q\u00eb frekuentojne bregdetin e Ulqinit. T\u00eb joshur nga bukurit\u00eb\" \/>\n<meta name=\"robots\" content=\"index, follow, max-snippet:-1, max-image-preview:large, max-video-preview:-1\" \/>\n<link rel=\"canonical\" href=\"https:\/\/www.visit-ulcinj.com\/blog\/2015\/07\/29\/bum-turistik-ne-ulqin-video\/\" \/>\n<meta property=\"og:locale\" content=\"en_US\" \/>\n<meta property=\"og:type\" content=\"article\" \/>\n<meta property=\"og:title\" content=\"Bum turistik n\u00eb Ulqin - Video - Lajme nga Ulqini\" \/>\n<meta property=\"og:description\" content=\"Ulqini po p\u00ebrjeton k\u00ebt\u00eb ver\u00eb nj\u00eb rekord turistik. Kjo fundjav ka sh\u00ebnuar nj\u00eb bum turist\u00ebsh q\u00eb frekuentojne bregdetin e Ulqinit. T\u00eb joshur nga bukurit\u00eb\" \/>\n<meta property=\"og:url\" content=\"https:\/\/www.visit-ulcinj.com\/blog\/2015\/07\/29\/bum-turistik-ne-ulqin-video\/\" \/>\n<meta property=\"og:site_name\" content=\"Lajme nga Ulqini\" \/>\n<meta property=\"article:published_time\" content=\"2015-07-29T09:52:36+00:00\" \/>\n<meta property=\"article:modified_time\" content=\"2015-07-30T13:27:18+00:00\" \/>\n<meta property=\"og:image\" content=\"http:\/\/www.visit-ulcinj.com\/blog\/wp-content\/uploads\/2015\/07\/Plazhi-Saranada-Beach-Ulqin-.jpg\" \/>\n<meta name=\"twitter:label1\" content=\"Written by\" \/>\n\t<meta name=\"twitter:data1\" content=\"ulqini\" \/>\n\t<meta name=\"twitter:label2\" content=\"Est. reading time\" \/>\n\t<meta name=\"twitter:data2\" content=\"2 minutes\" \/>\n<script type=\"application\/ld+json\" class=\"yoast-schema-graph\">{\"@context\":\"https:\/\/schema.org\",\"@graph\":[{\"@type\":\"WebSite\",\"@id\":\"https:\/\/www.visit-ulcinj.com\/blog\/#website\",\"url\":\"https:\/\/www.visit-ulcinj.com\/blog\/\",\"name\":\"Lajme nga Ulqini\",\"description\":\"Lajme,Vijesti,Ulqini,Ulqin,Crna Gora,Mali i Zi\",\"potentialAction\":[{\"@type\":\"SearchAction\",\"target\":{\"@type\":\"EntryPoint\",\"urlTemplate\":\"https:\/\/www.visit-ulcinj.com\/blog\/?s={search_term_string}\"},\"query-input\":\"required name=search_term_string\"}],\"inLanguage\":\"en-US\"},{\"@type\":\"ImageObject\",\"inLanguage\":\"en-US\",\"@id\":\"https:\/\/www.visit-ulcinj.com\/blog\/2015\/07\/29\/bum-turistik-ne-ulqin-video\/#primaryimage\",\"url\":\"https:\/\/www.visit-ulcinj.com\/blog\/wp-content\/uploads\/2015\/07\/Plazhi-Saranada-Beach-Ulqin-.jpg\",\"contentUrl\":\"https:\/\/www.visit-ulcinj.com\/blog\/wp-content\/uploads\/2015\/07\/Plazhi-Saranada-Beach-Ulqin-.jpg\",\"width\":960,\"height\":636},{\"@type\":\"WebPage\",\"@id\":\"https:\/\/www.visit-ulcinj.com\/blog\/2015\/07\/29\/bum-turistik-ne-ulqin-video\/#webpage\",\"url\":\"https:\/\/www.visit-ulcinj.com\/blog\/2015\/07\/29\/bum-turistik-ne-ulqin-video\/\",\"name\":\"Bum turistik n\u00eb Ulqin - Video - Lajme nga Ulqini\",\"isPartOf\":{\"@id\":\"https:\/\/www.visit-ulcinj.com\/blog\/#website\"},\"primaryImageOfPage\":{\"@id\":\"https:\/\/www.visit-ulcinj.com\/blog\/2015\/07\/29\/bum-turistik-ne-ulqin-video\/#primaryimage\"},\"datePublished\":\"2015-07-29T09:52:36+00:00\",\"dateModified\":\"2015-07-30T13:27:18+00:00\",\"author\":{\"@id\":\"https:\/\/www.visit-ulcinj.com\/blog\/#\/schema\/person\/dcab619c614d3038751c63bc2aadc06d\"},\"description\":\"Ulqini po p\u00ebrjeton k\u00ebt\u00eb ver\u00eb nj\u00eb rekord turistik. Kjo fundjav ka sh\u00ebnuar nj\u00eb bum turist\u00ebsh q\u00eb frekuentojne bregdetin e Ulqinit. T\u00eb joshur nga bukurit\u00eb\",\"breadcrumb\":{\"@id\":\"https:\/\/www.visit-ulcinj.com\/blog\/2015\/07\/29\/bum-turistik-ne-ulqin-video\/#breadcrumb\"},\"inLanguage\":\"en-US\",\"potentialAction\":[{\"@type\":\"ReadAction\",\"target\":[\"https:\/\/www.visit-ulcinj.com\/blog\/2015\/07\/29\/bum-turistik-ne-ulqin-video\/\"]}]},{\"@type\":\"BreadcrumbList\",\"@id\":\"https:\/\/www.visit-ulcinj.com\/blog\/2015\/07\/29\/bum-turistik-ne-ulqin-video\/#breadcrumb\",\"itemListElement\":[{\"@type\":\"ListItem\",\"position\":1,\"name\":\"Bum turistik n\u00eb Ulqin &#8211; Video\"}]},{\"@type\":\"Person\",\"@id\":\"https:\/\/www.visit-ulcinj.com\/blog\/#\/schema\/person\/dcab619c614d3038751c63bc2aadc06d\",\"name\":\"ulqini\",\"sameAs\":[\"http:\/\/www.visit-ulcinj.com\"],\"url\":\"https:\/\/www.visit-ulcinj.com\/blog\/author\/admin\/\"}]}<\/script>\n<!-- \/ Yoast SEO plugin. -->","yoast_head_json":{"title":"Bum turistik n\u00eb Ulqin - Video - Lajme nga Ulqini","description":"Ulqini po p\u00ebrjeton k\u00ebt\u00eb ver\u00eb nj\u00eb rekord turistik. Kjo fundjav ka sh\u00ebnuar nj\u00eb bum turist\u00ebsh q\u00eb frekuentojne bregdetin e Ulqinit. T\u00eb joshur nga bukurit\u00eb","robots":{"index":"index","follow":"follow","max-snippet":"max-snippet:-1","max-image-preview":"max-image-preview:large","max-video-preview":"max-video-preview:-1"},"canonical":"https:\/\/www.visit-ulcinj.com\/blog\/2015\/07\/29\/bum-turistik-ne-ulqin-video\/","og_locale":"en_US","og_type":"article","og_title":"Bum turistik n\u00eb Ulqin - Video - Lajme nga Ulqini","og_description":"Ulqini po p\u00ebrjeton k\u00ebt\u00eb ver\u00eb nj\u00eb rekord turistik. Kjo fundjav ka sh\u00ebnuar nj\u00eb bum turist\u00ebsh q\u00eb frekuentojne bregdetin e Ulqinit. T\u00eb joshur nga bukurit\u00eb","og_url":"https:\/\/www.visit-ulcinj.com\/blog\/2015\/07\/29\/bum-turistik-ne-ulqin-video\/","og_site_name":"Lajme nga Ulqini","article_published_time":"2015-07-29T09:52:36+00:00","article_modified_time":"2015-07-30T13:27:18+00:00","og_image":[{"url":"http:\/\/www.visit-ulcinj.com\/blog\/wp-content\/uploads\/2015\/07\/Plazhi-Saranada-Beach-Ulqin-.jpg"}],"twitter_misc":{"Written by":"ulqini","Est. reading time":"2 minutes"},"schema":{"@context":"https:\/\/schema.org","@graph":[{"@type":"WebSite","@id":"https:\/\/www.visit-ulcinj.com\/blog\/#website","url":"https:\/\/www.visit-ulcinj.com\/blog\/","name":"Lajme nga Ulqini","description":"Lajme,Vijesti,Ulqini,Ulqin,Crna Gora,Mali i Zi","potentialAction":[{"@type":"SearchAction","target":{"@type":"EntryPoint","urlTemplate":"https:\/\/www.visit-ulcinj.com\/blog\/?s={search_term_string}"},"query-input":"required name=search_term_string"}],"inLanguage":"en-US"},{"@type":"ImageObject","inLanguage":"en-US","@id":"https:\/\/www.visit-ulcinj.com\/blog\/2015\/07\/29\/bum-turistik-ne-ulqin-video\/#primaryimage","url":"https:\/\/www.visit-ulcinj.com\/blog\/wp-content\/uploads\/2015\/07\/Plazhi-Saranada-Beach-Ulqin-.jpg","contentUrl":"https:\/\/www.visit-ulcinj.com\/blog\/wp-content\/uploads\/2015\/07\/Plazhi-Saranada-Beach-Ulqin-.jpg","width":960,"height":636},{"@type":"WebPage","@id":"https:\/\/www.visit-ulcinj.com\/blog\/2015\/07\/29\/bum-turistik-ne-ulqin-video\/#webpage","url":"https:\/\/www.visit-ulcinj.com\/blog\/2015\/07\/29\/bum-turistik-ne-ulqin-video\/","name":"Bum turistik n\u00eb Ulqin - Video - Lajme nga Ulqini","isPartOf":{"@id":"https:\/\/www.visit-ulcinj.com\/blog\/#website"},"primaryImageOfPage":{"@id":"https:\/\/www.visit-ulcinj.com\/blog\/2015\/07\/29\/bum-turistik-ne-ulqin-video\/#primaryimage"},"datePublished":"2015-07-29T09:52:36+00:00","dateModified":"2015-07-30T13:27:18+00:00","author":{"@id":"https:\/\/www.visit-ulcinj.com\/blog\/#\/schema\/person\/dcab619c614d3038751c63bc2aadc06d"},"description":"Ulqini po p\u00ebrjeton k\u00ebt\u00eb ver\u00eb nj\u00eb rekord turistik. Kjo fundjav ka sh\u00ebnuar nj\u00eb bum turist\u00ebsh q\u00eb frekuentojne bregdetin e Ulqinit. T\u00eb joshur nga bukurit\u00eb","breadcrumb":{"@id":"https:\/\/www.visit-ulcinj.com\/blog\/2015\/07\/29\/bum-turistik-ne-ulqin-video\/#breadcrumb"},"inLanguage":"en-US","potentialAction":[{"@type":"ReadAction","target":["https:\/\/www.visit-ulcinj.com\/blog\/2015\/07\/29\/bum-turistik-ne-ulqin-video\/"]}]},{"@type":"BreadcrumbList","@id":"https:\/\/www.visit-ulcinj.com\/blog\/2015\/07\/29\/bum-turistik-ne-ulqin-video\/#breadcrumb","itemListElement":[{"@type":"ListItem","position":1,"name":"Bum turistik n\u00eb Ulqin &#8211; Video"}]},{"@type":"Person","@id":"https:\/\/www.visit-ulcinj.com\/blog\/#\/schema\/person\/dcab619c614d3038751c63bc2aadc06d","name":"ulqini","sameAs":["http:\/\/www.visit-ulcinj.com"],"url":"https:\/\/www.visit-ulcinj.com\/blog\/author\/admin\/"}]}},"jetpack_featured_media_url":"","jetpack_sharing_enabled":true,"jetpack_shortlink":"https:\/\/wp.me\/pe6lTn-nUm","_links":{"self":[{"href":"https:\/\/www.visit-ulcinj.com\/blog\/wp-json\/wp\/v2\/posts\/91906"}],"collection":[{"href":"https:\/\/www.visit-ulcinj.com\/blog\/wp-json\/wp\/v2\/posts"}],"about":[{"href":"https:\/\/www.visit-ulcinj.com\/blog\/wp-json\/wp\/v2\/types\/post"}],"author":[{"embeddable":true,"href":"https:\/\/www.visit-ulcinj.com\/blog\/wp-json\/wp\/v2\/users\/1"}],"replies":[{"embeddable":true,"href":"https:\/\/www.visit-ulcinj.com\/blog\/wp-json\/wp\/v2\/comments?post=91906"}],"version-history":[{"count":3,"href":"https:\/\/www.visit-ulcinj.com\/blog\/wp-json\/wp\/v2\/posts\/91906\/revisions"}],"predecessor-version":[{"id":91912,"href":"https:\/\/www.visit-ulcinj.com\/blog\/wp-json\/wp\/v2\/posts\/91906\/revisions\/91912"}],"wp:attachment":[{"href":"https:\/\/www.visit-ulcinj.com\/blog\/wp-json\/wp\/v2\/media?parent=91906"}],"wp:term":[{"taxonomy":"category","embeddable":true,"href":"https:\/\/www.visit-ulcinj.com\/blog\/wp-json\/wp\/v2\/categories?post=91906"},{"taxonomy":"post_tag","embeddable":true,"href":"https:\/\/www.visit-ulcinj.com\/blog\/wp-json\/wp\/v2\/tags?post=91906"}],"curies":[{"name":"wp","href":"https:\/\/api.w.org\/{rel}","templated":true}]}}