{"id":91920,"date":"2015-07-30T14:22:42","date_gmt":"2015-07-30T13:22:42","guid":{"rendered":"http:\/\/www.visit-ulcinj.com\/blog\/?p=91920"},"modified":"2015-07-30T18:02:25","modified_gmt":"2015-07-30T17:02:25","slug":"perfaqesusesit-e-historise-se-suksesit-shqiptaro-amerikan-vizituan-qendren-ditore","status":"publish","type":"post","link":"https:\/\/www.visit-ulcinj.com\/blog\/2015\/07\/30\/perfaqesusesit-e-historise-se-suksesit-shqiptaro-amerikan-vizituan-qendren-ditore\/","title":{"rendered":"P\u00ebrfaq\u00ebsusesit e Historis\u00eb s\u00eb suksesit Shqiptaro-Amerikan vizituan Qendr\u00ebn ditore \u201c Sirena\u201d"},"content":{"rendered":"<p><strong><a href=\"http:\/\/www.visit-ulcinj.com\/blog\/wp-content\/uploads\/2015\/07\/Albanian-American-Success-Stories-soon-in-Ulqin-Hotel-Mediteran-Ulcinj.jpg\"><img loading=\"lazy\" class=\"alignleft wp-image-91532\" src=\"http:\/\/www.visit-ulcinj.com\/blog\/wp-content\/uploads\/2015\/07\/Albanian-American-Success-Stories-soon-in-Ulqin-Hotel-Mediteran-Ulcinj.jpg\" alt=\"Albanian American Success Stories soon in Ulqin, Hotel Mediteran-Ulcinj\" width=\"508\" height=\"597\" srcset=\"https:\/\/www.visit-ulcinj.com\/blog\/wp-content\/uploads\/2015\/07\/Albanian-American-Success-Stories-soon-in-Ulqin-Hotel-Mediteran-Ulcinj.jpg 817w, https:\/\/www.visit-ulcinj.com\/blog\/wp-content\/uploads\/2015\/07\/Albanian-American-Success-Stories-soon-in-Ulqin-Hotel-Mediteran-Ulcinj-255x300.jpg 255w\" sizes=\"(max-width: 508px) 100vw, 508px\" \/><\/a>M\u00eb 18.07.2015 nj\u00eb delegacion I bashk\u00ebatdhetar\u00ebve tan\u00eb nga SHBA , n\u00eb p\u00ebrb\u00ebrje:<\/strong><\/p>\n<ul>\n<li>Dr .Shpresa Xhakli, Qendra e Bashkuar p\u00ebr Autiz\u00ebm-Prishtin\u00eb<\/li>\n<li>Nick Markola , Drejtor i menaxhimit dhe i k\u00ebrkimeve n\u00eb bank\u00ebn \u201cFieldpoint Private Bank and Trust\u201d<\/li>\n<li>Etrita Ibroci, Drejtoresh\u00eb ekzekutive e Kompanis\u00eb \u201d Kepler Cheuveux\u201d dhe z. Bernard Cobaj , p\u00ebrfaqsui i Ambasad\u00ebs s\u00eb SHBA n\u00eb Mal te Zi, vizituan Qendr\u00ebn ditore p\u00ebr f\u00ebmij\u00eb dhe t\u00eb rinj me pengesa dhe v\u00ebshtir\u00ebsi n\u00eb zhvillim \u201c Sirena \u201c, n\u00eb Ulqin.<\/li>\n<\/ul>\n<p>&nbsp;<\/p>\n<p>Vizita e k\u00ebtyre personave ishte nj\u00eb privilegj p\u00ebr Qendr\u00ebn ditore \u201c Sirena\u201d, sepse ishin ata q\u00eb p\u00ebrfaqsojn\u00eb historin\u00eb e suksesit shqiptaro-amerikan.<\/p>\n<p>Bashk\u00ebbisedimi me k\u00ebta persona ishte i ngroht\u00eb por edhe plot emocione. I njohtova me kushtet, kodin etik dhe veprimtarin\u00eb e Qendr\u00ebs ditore. \u201c Sirena\u201d.<\/p>\n<p>Qendra \u00ebsht\u00eb n\u00eb sh\u00ebrbim t\u00eb mir\u00ebq\u00ebnies s\u00eb shfryt\u00ebzuesve, familjes s\u00eb tyre dhe bashk\u00ebsis\u00eb s\u00eb gj\u00ebr\u00eb shoq\u00ebrore. T\u00eb pun\u00ebsuarit n\u00eb pun\u00ebn e vet jan\u00eb t\u00eb obliguar t\u00eb nderojn\u00eb dhe t\u00eb respektojne t\u00eb drejtat themelore t\u00eb njeriut, t\u00eb drejtat e f\u00ebmij\u00ebve, dinjitetin, llollojshm\u00ebrin\u00eb komb\u00ebtare , fetare,racore,kulturore dhe cdo llojllojshm\u00ebri tjet\u00ebr me q\u00ebllim t\u00eb zhvillimit t\u00eb mardh\u00ebnieve humane dhe demokratike.<\/p>\n<p>N\u00eb fund t\u00eb gjith\u00eb s\u00eb bashku konstatuam se personat me pengesa dhe v\u00ebshtir\u00ebsi n\u00eb zhvillim jan\u00eb ata q\u00eb p\u00ebrcjellin mesazhin m\u00eb t\u00eb sinqert\u00eb dhe m\u00eb t\u00eb bukur t\u00eb optimizmit dhe t\u00eb jet\u00ebs.<\/p>\n<p>T\u00eb pranishmit pasi q\u00eb vizituan Qendr\u00ebn , premtuan bashk\u00ebpunim, p\u00ebrkujdesje dhe ndihma q\u00eb duksh\u00ebm do te ndikojn\u00eb n\u00eb p\u00ebrmir\u00ebsimin e mir\u00ebq\u00ebnies s\u00eb shfryt\u00ebzuesve.<\/p>\n<p>Zonjusha Etrita Ibroci dhe z. Nick Markolaj I mbuluan shpenzimet p\u00ebr artikuj ushqimor\u00eb t\u00eb krijuara gjer m\u00eb tani, me mund\u00ebsin\u00eb q\u00eb edhe n\u00eb t\u00eb ardhmen jan\u00eb siguruar mjete p\u00ebr artikuj ushqimor\u00eb.<\/p>\n<p>Ky shembull , dhe t\u00eb tjer\u00eb, te kjo popullat\u00eb dallon t\u00eb padukshmen sfidante me plot shpirtgj\u00ebr\u00ebsi dhe vet\u00ebbesim.<\/p>\n<p>F\u00ebmij\u00ebt, prind\u00ebrit dhe kolektivi I Qendr\u00ebs ditore\u201d Sirena\u201d p\u00ebrzem\u00ebrsisht falenderojn\u00eb p\u00ebrfaq\u00ebsusesit e Historis\u00eb s\u00eb suksesit shqiptaro-amerikan.<\/p>\n<p>Me respekt!<\/p>\n<p>&nbsp;<\/p>\n<p><strong>\u00a0Drejtori\u00a0 <\/strong><\/p>\n<p><strong>Bilal Alaj<\/strong><\/p>\n","protected":false},"excerpt":{"rendered":"<p>M\u00eb 18.07.2015 nj\u00eb delegacion I bashk\u00ebatdhetar\u00ebve tan\u00eb nga SHBA , n\u00eb p\u00ebrb\u00ebrje: Dr .Shpresa Xhakli, Qendra e Bashkuar p\u00ebr Autiz\u00ebm-Prishtin\u00eb Nick Markola , Drejtor i menaxhimit dhe i k\u00ebrkimeve n\u00eb bank\u00ebn \u201cFieldpoint Private Bank and Trust\u201d Etrita Ibroci, Drejtoresh\u00eb ekzekutive e Kompanis\u00eb \u201d Kepler Cheuveux\u201d dhe z. Bernard Cobaj , p\u00ebrfaqsui i Ambasad\u00ebs s\u00eb SHBA [&hellip;]<\/p>\n","protected":false},"author":1,"featured_media":0,"comment_status":"closed","ping_status":"closed","sticky":false,"template":"","format":"standard","meta":{"spay_email":"","jetpack_publicize_message":"","jetpack_is_tweetstorm":false,"jetpack_publicize_feature_enabled":true},"categories":[13],"tags":[],"jetpack_publicize_connections":[],"yoast_head":"<!-- This site is optimized with the Yoast SEO plugin v19.1 - https:\/\/yoast.com\/wordpress\/plugins\/seo\/ -->\n<title>P\u00ebrfaq\u00ebsusesit e Historis\u00eb s\u00eb suksesit Shqiptaro-Amerikan vizituan Qendr\u00ebn ditore \u201c Sirena\u201d - Lajme nga Ulqini<\/title>\n<meta name=\"description\" content=\"M\u00eb 18.07.2015 nj\u00eb delegacion I bashk\u00ebatdhetar\u00ebve tan\u00eb nga SHBA , n\u00eb p\u00ebrb\u00ebrje: Dr .Shpresa Xhakli, Qendra e Bashkuar p\u00ebr Autiz\u00ebm-Prishtin\u00eb Nick Markola ,\" \/>\n<meta name=\"robots\" content=\"index, follow, max-snippet:-1, max-image-preview:large, max-video-preview:-1\" \/>\n<link rel=\"canonical\" href=\"https:\/\/www.visit-ulcinj.com\/blog\/2015\/07\/30\/perfaqesusesit-e-historise-se-suksesit-shqiptaro-amerikan-vizituan-qendren-ditore\/\" \/>\n<meta property=\"og:locale\" content=\"en_US\" \/>\n<meta property=\"og:type\" content=\"article\" \/>\n<meta property=\"og:title\" content=\"P\u00ebrfaq\u00ebsusesit e Historis\u00eb s\u00eb suksesit Shqiptaro-Amerikan vizituan Qendr\u00ebn ditore \u201c Sirena\u201d - Lajme nga Ulqini\" \/>\n<meta property=\"og:description\" content=\"M\u00eb 18.07.2015 nj\u00eb delegacion I bashk\u00ebatdhetar\u00ebve tan\u00eb nga SHBA , n\u00eb p\u00ebrb\u00ebrje: Dr .Shpresa Xhakli, Qendra e Bashkuar p\u00ebr Autiz\u00ebm-Prishtin\u00eb Nick Markola ,\" \/>\n<meta property=\"og:url\" content=\"https:\/\/www.visit-ulcinj.com\/blog\/2015\/07\/30\/perfaqesusesit-e-historise-se-suksesit-shqiptaro-amerikan-vizituan-qendren-ditore\/\" \/>\n<meta property=\"og:site_name\" content=\"Lajme nga Ulqini\" \/>\n<meta property=\"article:published_time\" content=\"2015-07-30T13:22:42+00:00\" \/>\n<meta property=\"article:modified_time\" content=\"2015-07-30T17:02:25+00:00\" \/>\n<meta property=\"og:image\" content=\"http:\/\/www.visit-ulcinj.com\/blog\/wp-content\/uploads\/2015\/07\/Albanian-American-Success-Stories-soon-in-Ulqin-Hotel-Mediteran-Ulcinj.jpg\" \/>\n<meta name=\"twitter:label1\" content=\"Written by\" \/>\n\t<meta name=\"twitter:data1\" content=\"ulqini\" \/>\n\t<meta name=\"twitter:label2\" content=\"Est. reading time\" \/>\n\t<meta name=\"twitter:data2\" content=\"2 minutes\" \/>\n<script type=\"application\/ld+json\" class=\"yoast-schema-graph\">{\"@context\":\"https:\/\/schema.org\",\"@graph\":[{\"@type\":\"WebSite\",\"@id\":\"https:\/\/www.visit-ulcinj.com\/blog\/#website\",\"url\":\"https:\/\/www.visit-ulcinj.com\/blog\/\",\"name\":\"Lajme nga Ulqini\",\"description\":\"Lajme,Vijesti,Ulqini,Ulqin,Crna Gora,Mali i Zi\",\"potentialAction\":[{\"@type\":\"SearchAction\",\"target\":{\"@type\":\"EntryPoint\",\"urlTemplate\":\"https:\/\/www.visit-ulcinj.com\/blog\/?s={search_term_string}\"},\"query-input\":\"required name=search_term_string\"}],\"inLanguage\":\"en-US\"},{\"@type\":\"ImageObject\",\"inLanguage\":\"en-US\",\"@id\":\"https:\/\/www.visit-ulcinj.com\/blog\/2015\/07\/30\/perfaqesusesit-e-historise-se-suksesit-shqiptaro-amerikan-vizituan-qendren-ditore\/#primaryimage\",\"url\":\"https:\/\/www.visit-ulcinj.com\/blog\/wp-content\/uploads\/2015\/07\/Albanian-American-Success-Stories-soon-in-Ulqin-Hotel-Mediteran-Ulcinj.jpg\",\"contentUrl\":\"https:\/\/www.visit-ulcinj.com\/blog\/wp-content\/uploads\/2015\/07\/Albanian-American-Success-Stories-soon-in-Ulqin-Hotel-Mediteran-Ulcinj.jpg\",\"width\":817,\"height\":960},{\"@type\":\"WebPage\",\"@id\":\"https:\/\/www.visit-ulcinj.com\/blog\/2015\/07\/30\/perfaqesusesit-e-historise-se-suksesit-shqiptaro-amerikan-vizituan-qendren-ditore\/#webpage\",\"url\":\"https:\/\/www.visit-ulcinj.com\/blog\/2015\/07\/30\/perfaqesusesit-e-historise-se-suksesit-shqiptaro-amerikan-vizituan-qendren-ditore\/\",\"name\":\"P\u00ebrfaq\u00ebsusesit e Historis\u00eb s\u00eb suksesit Shqiptaro-Amerikan vizituan Qendr\u00ebn ditore \u201c Sirena\u201d - Lajme nga Ulqini\",\"isPartOf\":{\"@id\":\"https:\/\/www.visit-ulcinj.com\/blog\/#website\"},\"primaryImageOfPage\":{\"@id\":\"https:\/\/www.visit-ulcinj.com\/blog\/2015\/07\/30\/perfaqesusesit-e-historise-se-suksesit-shqiptaro-amerikan-vizituan-qendren-ditore\/#primaryimage\"},\"datePublished\":\"2015-07-30T13:22:42+00:00\",\"dateModified\":\"2015-07-30T17:02:25+00:00\",\"author\":{\"@id\":\"https:\/\/www.visit-ulcinj.com\/blog\/#\/schema\/person\/dcab619c614d3038751c63bc2aadc06d\"},\"description\":\"M\u00eb 18.07.2015 nj\u00eb delegacion I bashk\u00ebatdhetar\u00ebve tan\u00eb nga SHBA , n\u00eb p\u00ebrb\u00ebrje: Dr .Shpresa Xhakli, Qendra e Bashkuar p\u00ebr Autiz\u00ebm-Prishtin\u00eb Nick Markola ,\",\"breadcrumb\":{\"@id\":\"https:\/\/www.visit-ulcinj.com\/blog\/2015\/07\/30\/perfaqesusesit-e-historise-se-suksesit-shqiptaro-amerikan-vizituan-qendren-ditore\/#breadcrumb\"},\"inLanguage\":\"en-US\",\"potentialAction\":[{\"@type\":\"ReadAction\",\"target\":[\"https:\/\/www.visit-ulcinj.com\/blog\/2015\/07\/30\/perfaqesusesit-e-historise-se-suksesit-shqiptaro-amerikan-vizituan-qendren-ditore\/\"]}]},{\"@type\":\"BreadcrumbList\",\"@id\":\"https:\/\/www.visit-ulcinj.com\/blog\/2015\/07\/30\/perfaqesusesit-e-historise-se-suksesit-shqiptaro-amerikan-vizituan-qendren-ditore\/#breadcrumb\",\"itemListElement\":[{\"@type\":\"ListItem\",\"position\":1,\"name\":\"P\u00ebrfaq\u00ebsusesit e Historis\u00eb s\u00eb suksesit Shqiptaro-Amerikan vizituan Qendr\u00ebn ditore \u201c Sirena\u201d\"}]},{\"@type\":\"Person\",\"@id\":\"https:\/\/www.visit-ulcinj.com\/blog\/#\/schema\/person\/dcab619c614d3038751c63bc2aadc06d\",\"name\":\"ulqini\",\"sameAs\":[\"http:\/\/www.visit-ulcinj.com\"],\"url\":\"https:\/\/www.visit-ulcinj.com\/blog\/author\/admin\/\"}]}<\/script>\n<!-- \/ Yoast SEO plugin. -->","yoast_head_json":{"title":"P\u00ebrfaq\u00ebsusesit e Historis\u00eb s\u00eb suksesit Shqiptaro-Amerikan vizituan Qendr\u00ebn ditore \u201c Sirena\u201d - Lajme nga Ulqini","description":"M\u00eb 18.07.2015 nj\u00eb delegacion I bashk\u00ebatdhetar\u00ebve tan\u00eb nga SHBA , n\u00eb p\u00ebrb\u00ebrje: Dr .Shpresa Xhakli, Qendra e Bashkuar p\u00ebr Autiz\u00ebm-Prishtin\u00eb Nick Markola ,","robots":{"index":"index","follow":"follow","max-snippet":"max-snippet:-1","max-image-preview":"max-image-preview:large","max-video-preview":"max-video-preview:-1"},"canonical":"https:\/\/www.visit-ulcinj.com\/blog\/2015\/07\/30\/perfaqesusesit-e-historise-se-suksesit-shqiptaro-amerikan-vizituan-qendren-ditore\/","og_locale":"en_US","og_type":"article","og_title":"P\u00ebrfaq\u00ebsusesit e Historis\u00eb s\u00eb suksesit Shqiptaro-Amerikan vizituan Qendr\u00ebn ditore \u201c Sirena\u201d - Lajme nga Ulqini","og_description":"M\u00eb 18.07.2015 nj\u00eb delegacion I bashk\u00ebatdhetar\u00ebve tan\u00eb nga SHBA , n\u00eb p\u00ebrb\u00ebrje: Dr .Shpresa Xhakli, Qendra e Bashkuar p\u00ebr Autiz\u00ebm-Prishtin\u00eb Nick Markola ,","og_url":"https:\/\/www.visit-ulcinj.com\/blog\/2015\/07\/30\/perfaqesusesit-e-historise-se-suksesit-shqiptaro-amerikan-vizituan-qendren-ditore\/","og_site_name":"Lajme nga Ulqini","article_published_time":"2015-07-30T13:22:42+00:00","article_modified_time":"2015-07-30T17:02:25+00:00","og_image":[{"url":"http:\/\/www.visit-ulcinj.com\/blog\/wp-content\/uploads\/2015\/07\/Albanian-American-Success-Stories-soon-in-Ulqin-Hotel-Mediteran-Ulcinj.jpg"}],"twitter_misc":{"Written by":"ulqini","Est. reading time":"2 minutes"},"schema":{"@context":"https:\/\/schema.org","@graph":[{"@type":"WebSite","@id":"https:\/\/www.visit-ulcinj.com\/blog\/#website","url":"https:\/\/www.visit-ulcinj.com\/blog\/","name":"Lajme nga Ulqini","description":"Lajme,Vijesti,Ulqini,Ulqin,Crna Gora,Mali i Zi","potentialAction":[{"@type":"SearchAction","target":{"@type":"EntryPoint","urlTemplate":"https:\/\/www.visit-ulcinj.com\/blog\/?s={search_term_string}"},"query-input":"required name=search_term_string"}],"inLanguage":"en-US"},{"@type":"ImageObject","inLanguage":"en-US","@id":"https:\/\/www.visit-ulcinj.com\/blog\/2015\/07\/30\/perfaqesusesit-e-historise-se-suksesit-shqiptaro-amerikan-vizituan-qendren-ditore\/#primaryimage","url":"https:\/\/www.visit-ulcinj.com\/blog\/wp-content\/uploads\/2015\/07\/Albanian-American-Success-Stories-soon-in-Ulqin-Hotel-Mediteran-Ulcinj.jpg","contentUrl":"https:\/\/www.visit-ulcinj.com\/blog\/wp-content\/uploads\/2015\/07\/Albanian-American-Success-Stories-soon-in-Ulqin-Hotel-Mediteran-Ulcinj.jpg","width":817,"height":960},{"@type":"WebPage","@id":"https:\/\/www.visit-ulcinj.com\/blog\/2015\/07\/30\/perfaqesusesit-e-historise-se-suksesit-shqiptaro-amerikan-vizituan-qendren-ditore\/#webpage","url":"https:\/\/www.visit-ulcinj.com\/blog\/2015\/07\/30\/perfaqesusesit-e-historise-se-suksesit-shqiptaro-amerikan-vizituan-qendren-ditore\/","name":"P\u00ebrfaq\u00ebsusesit e Historis\u00eb s\u00eb suksesit Shqiptaro-Amerikan vizituan Qendr\u00ebn ditore \u201c Sirena\u201d - Lajme nga Ulqini","isPartOf":{"@id":"https:\/\/www.visit-ulcinj.com\/blog\/#website"},"primaryImageOfPage":{"@id":"https:\/\/www.visit-ulcinj.com\/blog\/2015\/07\/30\/perfaqesusesit-e-historise-se-suksesit-shqiptaro-amerikan-vizituan-qendren-ditore\/#primaryimage"},"datePublished":"2015-07-30T13:22:42+00:00","dateModified":"2015-07-30T17:02:25+00:00","author":{"@id":"https:\/\/www.visit-ulcinj.com\/blog\/#\/schema\/person\/dcab619c614d3038751c63bc2aadc06d"},"description":"M\u00eb 18.07.2015 nj\u00eb delegacion I bashk\u00ebatdhetar\u00ebve tan\u00eb nga SHBA , n\u00eb p\u00ebrb\u00ebrje: Dr .Shpresa Xhakli, Qendra e Bashkuar p\u00ebr Autiz\u00ebm-Prishtin\u00eb Nick Markola ,","breadcrumb":{"@id":"https:\/\/www.visit-ulcinj.com\/blog\/2015\/07\/30\/perfaqesusesit-e-historise-se-suksesit-shqiptaro-amerikan-vizituan-qendren-ditore\/#breadcrumb"},"inLanguage":"en-US","potentialAction":[{"@type":"ReadAction","target":["https:\/\/www.visit-ulcinj.com\/blog\/2015\/07\/30\/perfaqesusesit-e-historise-se-suksesit-shqiptaro-amerikan-vizituan-qendren-ditore\/"]}]},{"@type":"BreadcrumbList","@id":"https:\/\/www.visit-ulcinj.com\/blog\/2015\/07\/30\/perfaqesusesit-e-historise-se-suksesit-shqiptaro-amerikan-vizituan-qendren-ditore\/#breadcrumb","itemListElement":[{"@type":"ListItem","position":1,"name":"P\u00ebrfaq\u00ebsusesit e Historis\u00eb s\u00eb suksesit Shqiptaro-Amerikan vizituan Qendr\u00ebn ditore \u201c Sirena\u201d"}]},{"@type":"Person","@id":"https:\/\/www.visit-ulcinj.com\/blog\/#\/schema\/person\/dcab619c614d3038751c63bc2aadc06d","name":"ulqini","sameAs":["http:\/\/www.visit-ulcinj.com"],"url":"https:\/\/www.visit-ulcinj.com\/blog\/author\/admin\/"}]}},"jetpack_featured_media_url":"","jetpack_sharing_enabled":true,"jetpack_shortlink":"https:\/\/wp.me\/pe6lTn-nUA","_links":{"self":[{"href":"https:\/\/www.visit-ulcinj.com\/blog\/wp-json\/wp\/v2\/posts\/91920"}],"collection":[{"href":"https:\/\/www.visit-ulcinj.com\/blog\/wp-json\/wp\/v2\/posts"}],"about":[{"href":"https:\/\/www.visit-ulcinj.com\/blog\/wp-json\/wp\/v2\/types\/post"}],"author":[{"embeddable":true,"href":"https:\/\/www.visit-ulcinj.com\/blog\/wp-json\/wp\/v2\/users\/1"}],"replies":[{"embeddable":true,"href":"https:\/\/www.visit-ulcinj.com\/blog\/wp-json\/wp\/v2\/comments?post=91920"}],"version-history":[{"count":2,"href":"https:\/\/www.visit-ulcinj.com\/blog\/wp-json\/wp\/v2\/posts\/91920\/revisions"}],"predecessor-version":[{"id":91922,"href":"https:\/\/www.visit-ulcinj.com\/blog\/wp-json\/wp\/v2\/posts\/91920\/revisions\/91922"}],"wp:attachment":[{"href":"https:\/\/www.visit-ulcinj.com\/blog\/wp-json\/wp\/v2\/media?parent=91920"}],"wp:term":[{"taxonomy":"category","embeddable":true,"href":"https:\/\/www.visit-ulcinj.com\/blog\/wp-json\/wp\/v2\/categories?post=91920"},{"taxonomy":"post_tag","embeddable":true,"href":"https:\/\/www.visit-ulcinj.com\/blog\/wp-json\/wp\/v2\/tags?post=91920"}],"curies":[{"name":"wp","href":"https:\/\/api.w.org\/{rel}","templated":true}]}}