{"id":91923,"date":"2015-07-30T15:03:13","date_gmt":"2015-07-30T14:03:13","guid":{"rendered":"http:\/\/www.visit-ulcinj.com\/blog\/?p=91923"},"modified":"2015-07-30T18:01:45","modified_gmt":"2015-07-30T17:01:45","slug":"rritet-fluksi-i-makinave-ne-kufi-sukobin-muriqan-video","status":"publish","type":"post","link":"https:\/\/www.visit-ulcinj.com\/blog\/2015\/07\/30\/rritet-fluksi-i-makinave-ne-kufi-sukobin-muriqan-video\/","title":{"rendered":"Rritet fluksi i makinave n\u00eb kufi Sukobin &#8211; Muriqan &#8211; Video"},"content":{"rendered":"<p><strong>Raportimi i\u00a0 k\u00ebtij\u00eb lajmi vjen nga bashk\u00ebathetari yn\u00eb <span class=\"fcg\"><span class=\"fwb\"><a id=\"js_1s\" class=\"profileLink\" href=\"https:\/\/www.facebook.com\/dritan.kurti.39\" data-ft=\"{&quot;tn&quot;:&quot;l&quot;}\" data-hovercard=\"\/ajax\/hovercard\/user.php?id=100002030170646\">Dritan Kurti <\/a><\/span><\/span>Facebook, <span data-reactid=\".gw.1:5:1:$comment863453753732289_863469040397427:0.0.$right.0.$left.0.0.1\"><span data-ft=\"{&quot;tn&quot;:&quot;K&quot;}\" data-reactid=\".gw.1:5:1:$comment863453753732289_863469040397427:0.0.$right.0.$left.0.0.1.$comment-body\"><span class=\"UFICommentBody\" data-reactid=\".gw.1:5:1:$comment863453753732289_863469040397427:0.0.$right.0.$left.0.0.1.$comment-body.0\"><span data-reactid=\".gw.1:5:1:$comment863453753732289_863469040397427:0.0.$right.0.$left.0.0.1.$comment-body.0.$end:0:$text0:0\">Kryetar i Bashkesis Lokale Sukubin<\/span><\/span><\/span><\/span>.<br \/>\n<\/strong><\/p>\n<p>Lajmi i dites se sotme ne oret e para te mengjezit radhat e gjata ne kufi kane bllokuar levizjen ne rrugen Katerkolle-Sukubine .Nese sot keni planifikuar nje udhetim per Shkoder ANULOJE.<\/p>\n<p><iframe loading=\"lazy\" src=\"\/\/www.dailymotion.com\/embed\/video\/x2zrk9d?autoPlay=1\" width=\"508\" height=\"315\" frameborder=\"0\" allowfullscreen=\"allowfullscreen\"><\/iframe><br \/>\nFluksi i makinave q\u00eb po kthehen n\u00eb Shqip\u00ebri nga Mali i Zi ka shkaktuar radh\u00eb t\u00eb gjata n\u00eb dogan\u00ebn e Muriqanit. Qytetar\u00ebt ankohen se dokumentacioni p\u00ebrpunohet shum\u00eb ngadal\u00eb. P\u00ebr pasoj\u00eb, radha e makinave ka arritur n\u00eb m\u00eb shum\u00eb se 5 km.<\/p>\n<p><a href=\"http:\/\/www.visit-ulcinj.com\/blog\/wp-content\/uploads\/2015\/07\/fluksi-i-makinave-n\u00eb-kufi-Sukobin.jpg\"><img loading=\"lazy\" class=\"alignleft wp-image-91924\" src=\"http:\/\/www.visit-ulcinj.com\/blog\/wp-content\/uploads\/2015\/07\/fluksi-i-makinave-n\u00eb-kufi-Sukobin.jpg\" alt=\"fluksi i makinave n\u00eb kufi Sukobin\" width=\"508\" height=\"677\" \/><\/a><\/p>\n","protected":false},"excerpt":{"rendered":"<p>Raportimi i\u00a0 k\u00ebtij\u00eb lajmi vjen nga bashk\u00ebathetari yn\u00eb Dritan Kurti Facebook, Kryetar i Bashkesis Lokale Sukubin. Lajmi i dites se sotme ne oret e para te mengjezit radhat e gjata ne kufi kane bllokuar levizjen ne rrugen Katerkolle-Sukubine .Nese sot keni planifikuar nje udhetim per Shkoder ANULOJE. Fluksi i makinave q\u00eb po kthehen n\u00eb Shqip\u00ebri [&hellip;]<\/p>\n","protected":false},"author":1,"featured_media":0,"comment_status":"closed","ping_status":"closed","sticky":false,"template":"","format":"standard","meta":{"spay_email":"","jetpack_publicize_message":"","jetpack_is_tweetstorm":false,"jetpack_publicize_feature_enabled":true},"categories":[14],"tags":[],"jetpack_publicize_connections":[],"yoast_head":"<!-- This site is optimized with the Yoast SEO plugin v19.1 - https:\/\/yoast.com\/wordpress\/plugins\/seo\/ -->\n<title>Rritet fluksi i makinave n\u00eb kufi Sukobin - Muriqan - Video - Lajme nga Ulqini<\/title>\n<meta name=\"description\" content=\"Raportimi i\u00a0 k\u00ebtij\u00eb lajmi vjen nga bashk\u00ebathetari yn\u00eb Dritan Kurti Facebook, Kryetar i Bashkesis Lokale Sukubin. Lajmi i dites se sotme ne oret e para te\" \/>\n<meta name=\"robots\" content=\"index, follow, max-snippet:-1, max-image-preview:large, max-video-preview:-1\" \/>\n<link rel=\"canonical\" href=\"https:\/\/www.visit-ulcinj.com\/blog\/2015\/07\/30\/rritet-fluksi-i-makinave-ne-kufi-sukobin-muriqan-video\/\" \/>\n<meta property=\"og:locale\" content=\"en_US\" \/>\n<meta property=\"og:type\" content=\"article\" \/>\n<meta property=\"og:title\" content=\"Rritet fluksi i makinave n\u00eb kufi Sukobin - Muriqan - Video - Lajme nga Ulqini\" \/>\n<meta property=\"og:description\" content=\"Raportimi i\u00a0 k\u00ebtij\u00eb lajmi vjen nga bashk\u00ebathetari yn\u00eb Dritan Kurti Facebook, Kryetar i Bashkesis Lokale Sukubin. Lajmi i dites se sotme ne oret e para te\" \/>\n<meta property=\"og:url\" content=\"https:\/\/www.visit-ulcinj.com\/blog\/2015\/07\/30\/rritet-fluksi-i-makinave-ne-kufi-sukobin-muriqan-video\/\" \/>\n<meta property=\"og:site_name\" content=\"Lajme nga Ulqini\" \/>\n<meta property=\"article:published_time\" content=\"2015-07-30T14:03:13+00:00\" \/>\n<meta property=\"article:modified_time\" content=\"2015-07-30T17:01:45+00:00\" \/>\n<meta name=\"twitter:label1\" content=\"Written by\" \/>\n\t<meta name=\"twitter:data1\" content=\"ulqini\" \/>\n<script type=\"application\/ld+json\" class=\"yoast-schema-graph\">{\"@context\":\"https:\/\/schema.org\",\"@graph\":[{\"@type\":\"WebSite\",\"@id\":\"https:\/\/www.visit-ulcinj.com\/blog\/#website\",\"url\":\"https:\/\/www.visit-ulcinj.com\/blog\/\",\"name\":\"Lajme nga Ulqini\",\"description\":\"Lajme,Vijesti,Ulqini,Ulqin,Crna Gora,Mali i Zi\",\"potentialAction\":[{\"@type\":\"SearchAction\",\"target\":{\"@type\":\"EntryPoint\",\"urlTemplate\":\"https:\/\/www.visit-ulcinj.com\/blog\/?s={search_term_string}\"},\"query-input\":\"required name=search_term_string\"}],\"inLanguage\":\"en-US\"},{\"@type\":\"WebPage\",\"@id\":\"https:\/\/www.visit-ulcinj.com\/blog\/2015\/07\/30\/rritet-fluksi-i-makinave-ne-kufi-sukobin-muriqan-video\/#webpage\",\"url\":\"https:\/\/www.visit-ulcinj.com\/blog\/2015\/07\/30\/rritet-fluksi-i-makinave-ne-kufi-sukobin-muriqan-video\/\",\"name\":\"Rritet fluksi i makinave n\u00eb kufi Sukobin - Muriqan - Video - Lajme nga Ulqini\",\"isPartOf\":{\"@id\":\"https:\/\/www.visit-ulcinj.com\/blog\/#website\"},\"datePublished\":\"2015-07-30T14:03:13+00:00\",\"dateModified\":\"2015-07-30T17:01:45+00:00\",\"author\":{\"@id\":\"https:\/\/www.visit-ulcinj.com\/blog\/#\/schema\/person\/dcab619c614d3038751c63bc2aadc06d\"},\"description\":\"Raportimi i\u00a0 k\u00ebtij\u00eb lajmi vjen nga bashk\u00ebathetari yn\u00eb Dritan Kurti Facebook, Kryetar i Bashkesis Lokale Sukubin. Lajmi i dites se sotme ne oret e para te\",\"breadcrumb\":{\"@id\":\"https:\/\/www.visit-ulcinj.com\/blog\/2015\/07\/30\/rritet-fluksi-i-makinave-ne-kufi-sukobin-muriqan-video\/#breadcrumb\"},\"inLanguage\":\"en-US\",\"potentialAction\":[{\"@type\":\"ReadAction\",\"target\":[\"https:\/\/www.visit-ulcinj.com\/blog\/2015\/07\/30\/rritet-fluksi-i-makinave-ne-kufi-sukobin-muriqan-video\/\"]}]},{\"@type\":\"BreadcrumbList\",\"@id\":\"https:\/\/www.visit-ulcinj.com\/blog\/2015\/07\/30\/rritet-fluksi-i-makinave-ne-kufi-sukobin-muriqan-video\/#breadcrumb\",\"itemListElement\":[{\"@type\":\"ListItem\",\"position\":1,\"name\":\"Rritet fluksi i makinave n\u00eb kufi Sukobin &#8211; Muriqan &#8211; Video\"}]},{\"@type\":\"Person\",\"@id\":\"https:\/\/www.visit-ulcinj.com\/blog\/#\/schema\/person\/dcab619c614d3038751c63bc2aadc06d\",\"name\":\"ulqini\",\"sameAs\":[\"http:\/\/www.visit-ulcinj.com\"],\"url\":\"https:\/\/www.visit-ulcinj.com\/blog\/author\/admin\/\"}]}<\/script>\n<!-- \/ Yoast SEO plugin. -->","yoast_head_json":{"title":"Rritet fluksi i makinave n\u00eb kufi Sukobin - Muriqan - Video - Lajme nga Ulqini","description":"Raportimi i\u00a0 k\u00ebtij\u00eb lajmi vjen nga bashk\u00ebathetari yn\u00eb Dritan Kurti Facebook, Kryetar i Bashkesis Lokale Sukubin. Lajmi i dites se sotme ne oret e para te","robots":{"index":"index","follow":"follow","max-snippet":"max-snippet:-1","max-image-preview":"max-image-preview:large","max-video-preview":"max-video-preview:-1"},"canonical":"https:\/\/www.visit-ulcinj.com\/blog\/2015\/07\/30\/rritet-fluksi-i-makinave-ne-kufi-sukobin-muriqan-video\/","og_locale":"en_US","og_type":"article","og_title":"Rritet fluksi i makinave n\u00eb kufi Sukobin - Muriqan - Video - Lajme nga Ulqini","og_description":"Raportimi i\u00a0 k\u00ebtij\u00eb lajmi vjen nga bashk\u00ebathetari yn\u00eb Dritan Kurti Facebook, Kryetar i Bashkesis Lokale Sukubin. Lajmi i dites se sotme ne oret e para te","og_url":"https:\/\/www.visit-ulcinj.com\/blog\/2015\/07\/30\/rritet-fluksi-i-makinave-ne-kufi-sukobin-muriqan-video\/","og_site_name":"Lajme nga Ulqini","article_published_time":"2015-07-30T14:03:13+00:00","article_modified_time":"2015-07-30T17:01:45+00:00","twitter_misc":{"Written by":"ulqini"},"schema":{"@context":"https:\/\/schema.org","@graph":[{"@type":"WebSite","@id":"https:\/\/www.visit-ulcinj.com\/blog\/#website","url":"https:\/\/www.visit-ulcinj.com\/blog\/","name":"Lajme nga Ulqini","description":"Lajme,Vijesti,Ulqini,Ulqin,Crna Gora,Mali i Zi","potentialAction":[{"@type":"SearchAction","target":{"@type":"EntryPoint","urlTemplate":"https:\/\/www.visit-ulcinj.com\/blog\/?s={search_term_string}"},"query-input":"required name=search_term_string"}],"inLanguage":"en-US"},{"@type":"WebPage","@id":"https:\/\/www.visit-ulcinj.com\/blog\/2015\/07\/30\/rritet-fluksi-i-makinave-ne-kufi-sukobin-muriqan-video\/#webpage","url":"https:\/\/www.visit-ulcinj.com\/blog\/2015\/07\/30\/rritet-fluksi-i-makinave-ne-kufi-sukobin-muriqan-video\/","name":"Rritet fluksi i makinave n\u00eb kufi Sukobin - Muriqan - Video - Lajme nga Ulqini","isPartOf":{"@id":"https:\/\/www.visit-ulcinj.com\/blog\/#website"},"datePublished":"2015-07-30T14:03:13+00:00","dateModified":"2015-07-30T17:01:45+00:00","author":{"@id":"https:\/\/www.visit-ulcinj.com\/blog\/#\/schema\/person\/dcab619c614d3038751c63bc2aadc06d"},"description":"Raportimi i\u00a0 k\u00ebtij\u00eb lajmi vjen nga bashk\u00ebathetari yn\u00eb Dritan Kurti Facebook, Kryetar i Bashkesis Lokale Sukubin. Lajmi i dites se sotme ne oret e para te","breadcrumb":{"@id":"https:\/\/www.visit-ulcinj.com\/blog\/2015\/07\/30\/rritet-fluksi-i-makinave-ne-kufi-sukobin-muriqan-video\/#breadcrumb"},"inLanguage":"en-US","potentialAction":[{"@type":"ReadAction","target":["https:\/\/www.visit-ulcinj.com\/blog\/2015\/07\/30\/rritet-fluksi-i-makinave-ne-kufi-sukobin-muriqan-video\/"]}]},{"@type":"BreadcrumbList","@id":"https:\/\/www.visit-ulcinj.com\/blog\/2015\/07\/30\/rritet-fluksi-i-makinave-ne-kufi-sukobin-muriqan-video\/#breadcrumb","itemListElement":[{"@type":"ListItem","position":1,"name":"Rritet fluksi i makinave n\u00eb kufi Sukobin &#8211; Muriqan &#8211; Video"}]},{"@type":"Person","@id":"https:\/\/www.visit-ulcinj.com\/blog\/#\/schema\/person\/dcab619c614d3038751c63bc2aadc06d","name":"ulqini","sameAs":["http:\/\/www.visit-ulcinj.com"],"url":"https:\/\/www.visit-ulcinj.com\/blog\/author\/admin\/"}]}},"jetpack_featured_media_url":"","jetpack_sharing_enabled":true,"jetpack_shortlink":"https:\/\/wp.me\/pe6lTn-nUD","_links":{"self":[{"href":"https:\/\/www.visit-ulcinj.com\/blog\/wp-json\/wp\/v2\/posts\/91923"}],"collection":[{"href":"https:\/\/www.visit-ulcinj.com\/blog\/wp-json\/wp\/v2\/posts"}],"about":[{"href":"https:\/\/www.visit-ulcinj.com\/blog\/wp-json\/wp\/v2\/types\/post"}],"author":[{"embeddable":true,"href":"https:\/\/www.visit-ulcinj.com\/blog\/wp-json\/wp\/v2\/users\/1"}],"replies":[{"embeddable":true,"href":"https:\/\/www.visit-ulcinj.com\/blog\/wp-json\/wp\/v2\/comments?post=91923"}],"version-history":[{"count":4,"href":"https:\/\/www.visit-ulcinj.com\/blog\/wp-json\/wp\/v2\/posts\/91923\/revisions"}],"predecessor-version":[{"id":91935,"href":"https:\/\/www.visit-ulcinj.com\/blog\/wp-json\/wp\/v2\/posts\/91923\/revisions\/91935"}],"wp:attachment":[{"href":"https:\/\/www.visit-ulcinj.com\/blog\/wp-json\/wp\/v2\/media?parent=91923"}],"wp:term":[{"taxonomy":"category","embeddable":true,"href":"https:\/\/www.visit-ulcinj.com\/blog\/wp-json\/wp\/v2\/categories?post=91923"},{"taxonomy":"post_tag","embeddable":true,"href":"https:\/\/www.visit-ulcinj.com\/blog\/wp-json\/wp\/v2\/tags?post=91923"}],"curies":[{"name":"wp","href":"https:\/\/api.w.org\/{rel}","templated":true}]}}