{"id":91928,"date":"2015-07-30T15:22:12","date_gmt":"2015-07-30T14:22:12","guid":{"rendered":"http:\/\/www.visit-ulcinj.com\/blog\/?p=91928"},"modified":"2015-07-30T15:22:57","modified_gmt":"2015-07-30T14:22:57","slug":"miranovic-bazeni-ulcinjske-solane-se-pretvaraju-u-mrtvo","status":"publish","type":"post","link":"https:\/\/www.visit-ulcinj.com\/blog\/2015\/07\/30\/miranovic-bazeni-ulcinjske-solane-se-pretvaraju-u-mrtvo\/","title":{"rendered":"Miranovic: Bazeni ulcinjske solane se pretvaraju u mrtvo more"},"content":{"rendered":"<p><a href=\"http:\/\/www.visit-ulcinj.com\/blog\/wp-content\/uploads\/2015\/07\/Ulcinjska-Solana.jpg\"><img loading=\"lazy\" class=\"alignleft wp-image-91929\" src=\"http:\/\/www.visit-ulcinj.com\/blog\/wp-content\/uploads\/2015\/07\/Ulcinjska-Solana.jpg\" alt=\"Ulcinjska Solana\" width=\"508\" height=\"243\" srcset=\"https:\/\/www.visit-ulcinj.com\/blog\/wp-content\/uploads\/2015\/07\/Ulcinjska-Solana.jpg 900w, https:\/\/www.visit-ulcinj.com\/blog\/wp-content\/uploads\/2015\/07\/Ulcinjska-Solana-300x144.jpg 300w\" sizes=\"(max-width: 508px) 100vw, 508px\" \/><\/a>Podru\u010dje Solane \u201eBajo Sekuli\u0107&#8221; prava je ekolo\u0161ka bomba, jer se njeni bazeni pretvaraju u mrtvo more. Ako se ne\u0161to ne uradi, Ulcinju prijeti ekolo\u0161ka katastrofa -tvrdi za Pobjedu bi\u0161i radnik te kompanije Marko Miranovi\u0107.<\/p>\n<p>On je deset godina radio kao vodar u solani i upozorava da ono \u0161to se sada de\u0161ava prijeti da izazove katastrofu.<\/p>\n<p>&#8220;Voda iz bazena, koja je slatka i tu je pune dvije godine, ne ispumpava se, a morska voda se upumpava. Na taj na\u010din pravi se mrtvo more i ta voda ne pogoduje ni pticama, ni biodiverzitetu&#8221;, istakao je Miranovi\u0107.<\/p>\n<p>Prema njegovim rije\u010dima, na tim poslovima upo\u0161ljeni su ljudi koji nikada nijesu obavljali taj posao.<\/p>\n<p>&#8220;Zaposlili su ljude koji nemaju blage veze sa okretanjem vode. Nemam ni\u0161ta protiv njih, daleko od toga, jedan je na\u0161 biv\u0161i kolega u penziji Pero \u0110uri\u0161i\u0107, a drugi je Avdo Baljevi\u0107, on je po struci ma\u0161inbravar. Veliki novac je ulo\u017een da se sa\u010duva prostor solane, zar nije \u017ealosno da zbogu\u0161tede na radnoj snazi sve propadne&#8221;, kazao je Miranovi\u0107.<\/p>\n<p><a href=\"http:\/\/www.visit-ulcinj.com\/blog\/wp-content\/uploads\/2015\/06\/Marko-Miranovic.jpg\"><img loading=\"lazy\" class=\"alignleft wp-image-90882\" src=\"http:\/\/www.visit-ulcinj.com\/blog\/wp-content\/uploads\/2015\/06\/Marko-Miranovic.jpg\" alt=\"Marko-Miranovic\" width=\"508\" height=\"254\" srcset=\"https:\/\/www.visit-ulcinj.com\/blog\/wp-content\/uploads\/2015\/06\/Marko-Miranovic.jpg 660w, https:\/\/www.visit-ulcinj.com\/blog\/wp-content\/uploads\/2015\/06\/Marko-Miranovic-300x150.jpg 300w\" sizes=\"(max-width: 508px) 100vw, 508px\" \/><\/a><\/p>\n<p>On navodi da se sa solane ni\u0161ta ne upumpava ni u kanal Port Milene.<\/p>\n<p>&#8220;Znaju Ulcinjani koliko je to zna\u010dajno. Dovoljno je samo pro\u0107i tuda i osjetiti neprijatne mirise koji dopiru iz kanala. Pumpa za ispumpavanje slatke vode mora se hitno srediti. Za pumpama moraju raditi ljudi koji znaju posao. Mora do\u0107i \u010dovjek koji poznaje manipulaciju vodama. Ovo ne vodi ni\u010demu&#8221;, tvrdi Miranovi\u0107.<\/p>\n<p>Poslanice Evropskog parlamenta Aneliz Dods i Teri Rajntke uputile su pismo premijeru Milu \u0110ukanovi\u0107u u kom pozdravljaju prve korake ka o\u010duvanju solane. Me\u0111utim, sagovornik Pobjede smatrada se dovoljno ne radi.<\/p>\n<p>&#8220;Naglasile su i da proces progla\u0161enja solane za\u0161ti\u0107enim podru\u010djem treba zavr\u0161iti u septembru. Pozdravile su i odluku kojom se privremeno upravljanje preduze\u0107a Solana prepu\u0161ta JP \u201eNacionalni parkovi Crne Gore&#8221;, dok se ne prona\u0111e koncesionar. Ali, vjerujte mi, biodiverzitet solane se ne\u0107e o\u010duvati na ovaj na\u010din&#8221;, istakao je Miranovi\u0107.<\/p>\n<p>Ka\u017ee, da ne zna ko upravlja Solanom i ko daje savjete kako i \u0161ta treba raditi, ali je uvjeren da na\u010din na koji se sada radi nije dobar.<\/p>\n<p>&#8220;Ovako sigurno ne treba. I javnost mora da zna da prijeti Ozbiljna katastrofa. Stanje je krajnje alarmantno, neko mora reagovati&#8221;, istakao je Miranovi\u0107.<\/p>\n<p>Voda kroz kanal solane do njenih bazena potekla je 12. jula, nakon dvogodi\u0161nje pauze. Ranije je najavljeno da proces progla\u0161enja solane za\u0161ti\u0107enim podru\u010djem, kroz usvajanje prostornog plana op\u0161tine Ulcinj, treba da bude zavr\u0161en u septembru.<\/p>\n<p><strong>Izvor: RTCG<\/strong><\/p>\n","protected":false},"excerpt":{"rendered":"<p>Podru\u010dje Solane \u201eBajo Sekuli\u0107&#8221; prava je ekolo\u0161ka bomba, jer se njeni bazeni pretvaraju u mrtvo more. Ako se ne\u0161to ne uradi, Ulcinju prijeti ekolo\u0161ka katastrofa -tvrdi za Pobjedu bi\u0161i radnik te kompanije Marko Miranovi\u0107. On je deset godina radio kao vodar u solani i upozorava da ono \u0161to se sada de\u0161ava prijeti da izazove katastrofu. [&hellip;]<\/p>\n","protected":false},"author":1,"featured_media":0,"comment_status":"closed","ping_status":"closed","sticky":false,"template":"","format":"standard","meta":{"spay_email":"","jetpack_publicize_message":"","jetpack_is_tweetstorm":false,"jetpack_publicize_feature_enabled":true},"categories":[8337],"tags":[],"jetpack_publicize_connections":[],"yoast_head":"<!-- This site is optimized with the Yoast SEO plugin v19.1 - https:\/\/yoast.com\/wordpress\/plugins\/seo\/ -->\n<title>Miranovic: Bazeni ulcinjske solane se pretvaraju u mrtvo more - Lajme nga Ulqini<\/title>\n<meta name=\"description\" content=\"Podru\u010dje Solane \u201eBajo Sekuli\u0107&quot; prava je ekolo\u0161ka bomba, jer se njeni bazeni pretvaraju u mrtvo more. Ako se ne\u0161to ne uradi, Ulcinju prijeti ekolo\u0161ka\" \/>\n<meta name=\"robots\" content=\"index, follow, max-snippet:-1, max-image-preview:large, max-video-preview:-1\" \/>\n<link rel=\"canonical\" href=\"https:\/\/www.visit-ulcinj.com\/blog\/2015\/07\/30\/miranovic-bazeni-ulcinjske-solane-se-pretvaraju-u-mrtvo\/\" \/>\n<meta property=\"og:locale\" content=\"en_US\" \/>\n<meta property=\"og:type\" content=\"article\" \/>\n<meta property=\"og:title\" content=\"Miranovic: Bazeni ulcinjske solane se pretvaraju u mrtvo more - Lajme nga Ulqini\" \/>\n<meta property=\"og:description\" content=\"Podru\u010dje Solane \u201eBajo Sekuli\u0107&quot; prava je ekolo\u0161ka bomba, jer se njeni bazeni pretvaraju u mrtvo more. Ako se ne\u0161to ne uradi, Ulcinju prijeti ekolo\u0161ka\" \/>\n<meta property=\"og:url\" content=\"https:\/\/www.visit-ulcinj.com\/blog\/2015\/07\/30\/miranovic-bazeni-ulcinjske-solane-se-pretvaraju-u-mrtvo\/\" \/>\n<meta property=\"og:site_name\" content=\"Lajme nga Ulqini\" \/>\n<meta property=\"article:published_time\" content=\"2015-07-30T14:22:12+00:00\" \/>\n<meta property=\"article:modified_time\" content=\"2015-07-30T14:22:57+00:00\" \/>\n<meta property=\"og:image\" content=\"http:\/\/www.visit-ulcinj.com\/blog\/wp-content\/uploads\/2015\/07\/Ulcinjska-Solana.jpg\" \/>\n<meta name=\"twitter:label1\" content=\"Written by\" \/>\n\t<meta name=\"twitter:data1\" content=\"ulqini\" \/>\n\t<meta name=\"twitter:label2\" content=\"Est. reading time\" \/>\n\t<meta name=\"twitter:data2\" content=\"2 minutes\" \/>\n<script type=\"application\/ld+json\" class=\"yoast-schema-graph\">{\"@context\":\"https:\/\/schema.org\",\"@graph\":[{\"@type\":\"WebSite\",\"@id\":\"https:\/\/www.visit-ulcinj.com\/blog\/#website\",\"url\":\"https:\/\/www.visit-ulcinj.com\/blog\/\",\"name\":\"Lajme nga Ulqini\",\"description\":\"Lajme,Vijesti,Ulqini,Ulqin,Crna Gora,Mali i Zi\",\"potentialAction\":[{\"@type\":\"SearchAction\",\"target\":{\"@type\":\"EntryPoint\",\"urlTemplate\":\"https:\/\/www.visit-ulcinj.com\/blog\/?s={search_term_string}\"},\"query-input\":\"required name=search_term_string\"}],\"inLanguage\":\"en-US\"},{\"@type\":\"ImageObject\",\"inLanguage\":\"en-US\",\"@id\":\"https:\/\/www.visit-ulcinj.com\/blog\/2015\/07\/30\/miranovic-bazeni-ulcinjske-solane-se-pretvaraju-u-mrtvo\/#primaryimage\",\"url\":\"https:\/\/www.visit-ulcinj.com\/blog\/wp-content\/uploads\/2015\/07\/Ulcinjska-Solana.jpg\",\"contentUrl\":\"https:\/\/www.visit-ulcinj.com\/blog\/wp-content\/uploads\/2015\/07\/Ulcinjska-Solana.jpg\",\"width\":900,\"height\":431},{\"@type\":\"WebPage\",\"@id\":\"https:\/\/www.visit-ulcinj.com\/blog\/2015\/07\/30\/miranovic-bazeni-ulcinjske-solane-se-pretvaraju-u-mrtvo\/#webpage\",\"url\":\"https:\/\/www.visit-ulcinj.com\/blog\/2015\/07\/30\/miranovic-bazeni-ulcinjske-solane-se-pretvaraju-u-mrtvo\/\",\"name\":\"Miranovic: Bazeni ulcinjske solane se pretvaraju u mrtvo more - Lajme nga Ulqini\",\"isPartOf\":{\"@id\":\"https:\/\/www.visit-ulcinj.com\/blog\/#website\"},\"primaryImageOfPage\":{\"@id\":\"https:\/\/www.visit-ulcinj.com\/blog\/2015\/07\/30\/miranovic-bazeni-ulcinjske-solane-se-pretvaraju-u-mrtvo\/#primaryimage\"},\"datePublished\":\"2015-07-30T14:22:12+00:00\",\"dateModified\":\"2015-07-30T14:22:57+00:00\",\"author\":{\"@id\":\"https:\/\/www.visit-ulcinj.com\/blog\/#\/schema\/person\/dcab619c614d3038751c63bc2aadc06d\"},\"description\":\"Podru\u010dje Solane \u201eBajo Sekuli\u0107\\\" prava je ekolo\u0161ka bomba, jer se njeni bazeni pretvaraju u mrtvo more. Ako se ne\u0161to ne uradi, Ulcinju prijeti ekolo\u0161ka\",\"breadcrumb\":{\"@id\":\"https:\/\/www.visit-ulcinj.com\/blog\/2015\/07\/30\/miranovic-bazeni-ulcinjske-solane-se-pretvaraju-u-mrtvo\/#breadcrumb\"},\"inLanguage\":\"en-US\",\"potentialAction\":[{\"@type\":\"ReadAction\",\"target\":[\"https:\/\/www.visit-ulcinj.com\/blog\/2015\/07\/30\/miranovic-bazeni-ulcinjske-solane-se-pretvaraju-u-mrtvo\/\"]}]},{\"@type\":\"BreadcrumbList\",\"@id\":\"https:\/\/www.visit-ulcinj.com\/blog\/2015\/07\/30\/miranovic-bazeni-ulcinjske-solane-se-pretvaraju-u-mrtvo\/#breadcrumb\",\"itemListElement\":[{\"@type\":\"ListItem\",\"position\":1,\"name\":\"Miranovic: Bazeni ulcinjske solane se pretvaraju u mrtvo more\"}]},{\"@type\":\"Person\",\"@id\":\"https:\/\/www.visit-ulcinj.com\/blog\/#\/schema\/person\/dcab619c614d3038751c63bc2aadc06d\",\"name\":\"ulqini\",\"sameAs\":[\"http:\/\/www.visit-ulcinj.com\"],\"url\":\"https:\/\/www.visit-ulcinj.com\/blog\/author\/admin\/\"}]}<\/script>\n<!-- \/ Yoast SEO plugin. -->","yoast_head_json":{"title":"Miranovic: Bazeni ulcinjske solane se pretvaraju u mrtvo more - Lajme nga Ulqini","description":"Podru\u010dje Solane \u201eBajo Sekuli\u0107\" prava je ekolo\u0161ka bomba, jer se njeni bazeni pretvaraju u mrtvo more. Ako se ne\u0161to ne uradi, Ulcinju prijeti ekolo\u0161ka","robots":{"index":"index","follow":"follow","max-snippet":"max-snippet:-1","max-image-preview":"max-image-preview:large","max-video-preview":"max-video-preview:-1"},"canonical":"https:\/\/www.visit-ulcinj.com\/blog\/2015\/07\/30\/miranovic-bazeni-ulcinjske-solane-se-pretvaraju-u-mrtvo\/","og_locale":"en_US","og_type":"article","og_title":"Miranovic: Bazeni ulcinjske solane se pretvaraju u mrtvo more - Lajme nga Ulqini","og_description":"Podru\u010dje Solane \u201eBajo Sekuli\u0107\" prava je ekolo\u0161ka bomba, jer se njeni bazeni pretvaraju u mrtvo more. Ako se ne\u0161to ne uradi, Ulcinju prijeti ekolo\u0161ka","og_url":"https:\/\/www.visit-ulcinj.com\/blog\/2015\/07\/30\/miranovic-bazeni-ulcinjske-solane-se-pretvaraju-u-mrtvo\/","og_site_name":"Lajme nga Ulqini","article_published_time":"2015-07-30T14:22:12+00:00","article_modified_time":"2015-07-30T14:22:57+00:00","og_image":[{"url":"http:\/\/www.visit-ulcinj.com\/blog\/wp-content\/uploads\/2015\/07\/Ulcinjska-Solana.jpg"}],"twitter_misc":{"Written by":"ulqini","Est. reading time":"2 minutes"},"schema":{"@context":"https:\/\/schema.org","@graph":[{"@type":"WebSite","@id":"https:\/\/www.visit-ulcinj.com\/blog\/#website","url":"https:\/\/www.visit-ulcinj.com\/blog\/","name":"Lajme nga Ulqini","description":"Lajme,Vijesti,Ulqini,Ulqin,Crna Gora,Mali i Zi","potentialAction":[{"@type":"SearchAction","target":{"@type":"EntryPoint","urlTemplate":"https:\/\/www.visit-ulcinj.com\/blog\/?s={search_term_string}"},"query-input":"required name=search_term_string"}],"inLanguage":"en-US"},{"@type":"ImageObject","inLanguage":"en-US","@id":"https:\/\/www.visit-ulcinj.com\/blog\/2015\/07\/30\/miranovic-bazeni-ulcinjske-solane-se-pretvaraju-u-mrtvo\/#primaryimage","url":"https:\/\/www.visit-ulcinj.com\/blog\/wp-content\/uploads\/2015\/07\/Ulcinjska-Solana.jpg","contentUrl":"https:\/\/www.visit-ulcinj.com\/blog\/wp-content\/uploads\/2015\/07\/Ulcinjska-Solana.jpg","width":900,"height":431},{"@type":"WebPage","@id":"https:\/\/www.visit-ulcinj.com\/blog\/2015\/07\/30\/miranovic-bazeni-ulcinjske-solane-se-pretvaraju-u-mrtvo\/#webpage","url":"https:\/\/www.visit-ulcinj.com\/blog\/2015\/07\/30\/miranovic-bazeni-ulcinjske-solane-se-pretvaraju-u-mrtvo\/","name":"Miranovic: Bazeni ulcinjske solane se pretvaraju u mrtvo more - Lajme nga Ulqini","isPartOf":{"@id":"https:\/\/www.visit-ulcinj.com\/blog\/#website"},"primaryImageOfPage":{"@id":"https:\/\/www.visit-ulcinj.com\/blog\/2015\/07\/30\/miranovic-bazeni-ulcinjske-solane-se-pretvaraju-u-mrtvo\/#primaryimage"},"datePublished":"2015-07-30T14:22:12+00:00","dateModified":"2015-07-30T14:22:57+00:00","author":{"@id":"https:\/\/www.visit-ulcinj.com\/blog\/#\/schema\/person\/dcab619c614d3038751c63bc2aadc06d"},"description":"Podru\u010dje Solane \u201eBajo Sekuli\u0107\" prava je ekolo\u0161ka bomba, jer se njeni bazeni pretvaraju u mrtvo more. Ako se ne\u0161to ne uradi, Ulcinju prijeti ekolo\u0161ka","breadcrumb":{"@id":"https:\/\/www.visit-ulcinj.com\/blog\/2015\/07\/30\/miranovic-bazeni-ulcinjske-solane-se-pretvaraju-u-mrtvo\/#breadcrumb"},"inLanguage":"en-US","potentialAction":[{"@type":"ReadAction","target":["https:\/\/www.visit-ulcinj.com\/blog\/2015\/07\/30\/miranovic-bazeni-ulcinjske-solane-se-pretvaraju-u-mrtvo\/"]}]},{"@type":"BreadcrumbList","@id":"https:\/\/www.visit-ulcinj.com\/blog\/2015\/07\/30\/miranovic-bazeni-ulcinjske-solane-se-pretvaraju-u-mrtvo\/#breadcrumb","itemListElement":[{"@type":"ListItem","position":1,"name":"Miranovic: Bazeni ulcinjske solane se pretvaraju u mrtvo more"}]},{"@type":"Person","@id":"https:\/\/www.visit-ulcinj.com\/blog\/#\/schema\/person\/dcab619c614d3038751c63bc2aadc06d","name":"ulqini","sameAs":["http:\/\/www.visit-ulcinj.com"],"url":"https:\/\/www.visit-ulcinj.com\/blog\/author\/admin\/"}]}},"jetpack_featured_media_url":"","jetpack_sharing_enabled":true,"jetpack_shortlink":"https:\/\/wp.me\/pe6lTn-nUI","_links":{"self":[{"href":"https:\/\/www.visit-ulcinj.com\/blog\/wp-json\/wp\/v2\/posts\/91928"}],"collection":[{"href":"https:\/\/www.visit-ulcinj.com\/blog\/wp-json\/wp\/v2\/posts"}],"about":[{"href":"https:\/\/www.visit-ulcinj.com\/blog\/wp-json\/wp\/v2\/types\/post"}],"author":[{"embeddable":true,"href":"https:\/\/www.visit-ulcinj.com\/blog\/wp-json\/wp\/v2\/users\/1"}],"replies":[{"embeddable":true,"href":"https:\/\/www.visit-ulcinj.com\/blog\/wp-json\/wp\/v2\/comments?post=91928"}],"version-history":[{"count":2,"href":"https:\/\/www.visit-ulcinj.com\/blog\/wp-json\/wp\/v2\/posts\/91928\/revisions"}],"predecessor-version":[{"id":91931,"href":"https:\/\/www.visit-ulcinj.com\/blog\/wp-json\/wp\/v2\/posts\/91928\/revisions\/91931"}],"wp:attachment":[{"href":"https:\/\/www.visit-ulcinj.com\/blog\/wp-json\/wp\/v2\/media?parent=91928"}],"wp:term":[{"taxonomy":"category","embeddable":true,"href":"https:\/\/www.visit-ulcinj.com\/blog\/wp-json\/wp\/v2\/categories?post=91928"},{"taxonomy":"post_tag","embeddable":true,"href":"https:\/\/www.visit-ulcinj.com\/blog\/wp-json\/wp\/v2\/tags?post=91928"}],"curies":[{"name":"wp","href":"https:\/\/api.w.org\/{rel}","templated":true}]}}