{"id":91948,"date":"2015-07-31T14:30:22","date_gmt":"2015-07-31T13:30:22","guid":{"rendered":"http:\/\/www.visit-ulcinj.com\/blog\/?p=91948"},"modified":"2015-07-31T14:30:47","modified_gmt":"2015-07-31T13:30:47","slug":"abazoviqmarrja-e-fteses-per-nato-shpejton-nderrimin-e-pushtetit-ne-vend","status":"publish","type":"post","link":"https:\/\/www.visit-ulcinj.com\/blog\/2015\/07\/31\/abazoviqmarrja-e-fteses-per-nato-shpejton-nderrimin-e-pushtetit-ne-vend\/","title":{"rendered":"Abazoviq: Marrja e ftes\u00ebs p\u00ebr NATO, shpejton nd\u00ebrrimin e pushtetit n\u00eb vend"},"content":{"rendered":"<p><a href=\"http:\/\/www.visit-ulcinj.com\/blog\/wp-content\/uploads\/2015\/07\/DRITAN-ABAZOVIC.jpg\"><img loading=\"lazy\" class=\"alignleft wp-image-91949\" src=\"http:\/\/www.visit-ulcinj.com\/blog\/wp-content\/uploads\/2015\/07\/DRITAN-ABAZOVIC.jpg\" alt=\"DRITAN-ABAZOVIC\" width=\"508\" height=\"305\" srcset=\"https:\/\/www.visit-ulcinj.com\/blog\/wp-content\/uploads\/2015\/07\/DRITAN-ABAZOVIC.jpg 960w, https:\/\/www.visit-ulcinj.com\/blog\/wp-content\/uploads\/2015\/07\/DRITAN-ABAZOVIC-300x180.jpg 300w\" sizes=\"(max-width: 508px) 100vw, 508px\" \/><\/a>Deputeti i pavarur n\u00eb Kuvendin e Malit t\u00eb Zi, Dritan Abazoviq , tha se marrja e ftes\u00ebs p\u00ebr NATO shpejton procesin e nd\u00ebrrimit t\u00eb pushtetit n\u00eb vend.\u00a0\u00a0 Abazoviq theksoi se PDS-ja me siguri do t\u00eb tentoj\u00eb q\u00eb t\u00eb gjith\u00eb meritat p\u00ebr integrim n\u00eb NATO\u00a0 do ti marr p\u00ebr vete dhe t\u00eb p\u00ebrfitoj\u00eb nga kjo gj\u00eb, por kjo mund t\u00eb jet\u00eb vet\u00ebm afatshkurte. Besoj q\u00eb ftesa do t\u00eb mb\u00ebrrij\u00eb n\u00eb dhjetor, nd\u00ebrsa pushteti do t\u00eb ndryshoj\u00eb n\u00eb pranver\u00eb t\u00eb vitit t\u00eb ardhsh\u00ebm u shpreh Abazoviq, duke shtuar se PDS-ja \u00ebsht\u00eb subjekt i harxhuar dhe i tejkaluar.\u00a0 Ai tha se Aksioni i\u00a0 Bashkuara reformist -URA \u00ebsht\u00eb p\u00ebr ndryshim paq\u00ebsor dhe demokratik t\u00eb pushtetit, duke mos mohuar legjitimitetin e luft\u00ebs demokratike q\u00eb mund t\u00eb ndodh\u00eb edhe p\u00ebrmes protestave.\u00a0 Abazoviq \u00ebsht\u00eb i bindur se qeveria aktuale mund t\u00eb fitohet n\u00eb zgjedhjet e ardhshme. Duke komentuar deklarat\u00ebn e liderit t\u00eb L\u00ebvizjes p\u00ebr Ndryshime, Nebojsha Medojeviq, i cili tha se URA\u00a0 \u00ebsht\u00eb opozit\u00eb e bindur q\u00eb kontrollohet nga\u00a0 PDS-ja&#8221; Abazoviq thekson se pohimet e Medojeviqit &#8220;mund t\u00eb rendit\u00ebn n\u00eb kategorin\u00eb e deklaratave t\u00eb pakuptimta bombastike.<\/p>\n<p>TVCG<\/p>\n","protected":false},"excerpt":{"rendered":"<p>Deputeti i pavarur n\u00eb Kuvendin e Malit t\u00eb Zi, Dritan Abazoviq , tha se marrja e ftes\u00ebs p\u00ebr NATO shpejton procesin e nd\u00ebrrimit t\u00eb pushtetit n\u00eb vend.\u00a0\u00a0 Abazoviq theksoi se PDS-ja me siguri do t\u00eb tentoj\u00eb q\u00eb t\u00eb gjith\u00eb meritat p\u00ebr integrim n\u00eb NATO\u00a0 do ti marr p\u00ebr vete dhe t\u00eb p\u00ebrfitoj\u00eb nga kjo gj\u00eb, [&hellip;]<\/p>\n","protected":false},"author":1,"featured_media":0,"comment_status":"closed","ping_status":"closed","sticky":false,"template":"","format":"standard","meta":{"spay_email":"","jetpack_publicize_message":"","jetpack_is_tweetstorm":false,"jetpack_publicize_feature_enabled":true},"categories":[6],"tags":[],"jetpack_publicize_connections":[],"yoast_head":"<!-- This site is optimized with the Yoast SEO plugin v19.1 - https:\/\/yoast.com\/wordpress\/plugins\/seo\/ -->\n<title>Abazoviq: Marrja e ftes\u00ebs p\u00ebr NATO, shpejton nd\u00ebrrimin e pushtetit n\u00eb vend - Lajme nga Ulqini<\/title>\n<meta name=\"description\" content=\"Deputeti i pavarur n\u00eb Kuvendin e Malit t\u00eb Zi, Dritan Abazoviq , tha se marrja e ftes\u00ebs p\u00ebr NATO shpejton procesin e nd\u00ebrrimit t\u00eb pushtetit n\u00eb vend.\u00a0\u00a0\" \/>\n<meta name=\"robots\" content=\"index, follow, max-snippet:-1, max-image-preview:large, max-video-preview:-1\" \/>\n<link rel=\"canonical\" href=\"https:\/\/www.visit-ulcinj.com\/blog\/2015\/07\/31\/abazoviqmarrja-e-fteses-per-nato-shpejton-nderrimin-e-pushtetit-ne-vend\/\" \/>\n<meta property=\"og:locale\" content=\"en_US\" \/>\n<meta property=\"og:type\" content=\"article\" \/>\n<meta property=\"og:title\" content=\"Abazoviq: Marrja e ftes\u00ebs p\u00ebr NATO, shpejton nd\u00ebrrimin e pushtetit n\u00eb vend - Lajme nga Ulqini\" \/>\n<meta property=\"og:description\" content=\"Deputeti i pavarur n\u00eb Kuvendin e Malit t\u00eb Zi, Dritan Abazoviq , tha se marrja e ftes\u00ebs p\u00ebr NATO shpejton procesin e nd\u00ebrrimit t\u00eb pushtetit n\u00eb vend.\u00a0\u00a0\" \/>\n<meta property=\"og:url\" content=\"https:\/\/www.visit-ulcinj.com\/blog\/2015\/07\/31\/abazoviqmarrja-e-fteses-per-nato-shpejton-nderrimin-e-pushtetit-ne-vend\/\" \/>\n<meta property=\"og:site_name\" content=\"Lajme nga Ulqini\" \/>\n<meta property=\"article:published_time\" content=\"2015-07-31T13:30:22+00:00\" \/>\n<meta property=\"article:modified_time\" content=\"2015-07-31T13:30:47+00:00\" \/>\n<meta property=\"og:image\" content=\"http:\/\/www.visit-ulcinj.com\/blog\/wp-content\/uploads\/2015\/07\/DRITAN-ABAZOVIC.jpg\" \/>\n<meta name=\"twitter:label1\" content=\"Written by\" \/>\n\t<meta name=\"twitter:data1\" content=\"ulqini\" \/>\n\t<meta name=\"twitter:label2\" content=\"Est. reading time\" \/>\n\t<meta name=\"twitter:data2\" content=\"1 minute\" \/>\n<script type=\"application\/ld+json\" class=\"yoast-schema-graph\">{\"@context\":\"https:\/\/schema.org\",\"@graph\":[{\"@type\":\"WebSite\",\"@id\":\"https:\/\/www.visit-ulcinj.com\/blog\/#website\",\"url\":\"https:\/\/www.visit-ulcinj.com\/blog\/\",\"name\":\"Lajme nga Ulqini\",\"description\":\"Lajme,Vijesti,Ulqini,Ulqin,Crna Gora,Mali i Zi\",\"potentialAction\":[{\"@type\":\"SearchAction\",\"target\":{\"@type\":\"EntryPoint\",\"urlTemplate\":\"https:\/\/www.visit-ulcinj.com\/blog\/?s={search_term_string}\"},\"query-input\":\"required name=search_term_string\"}],\"inLanguage\":\"en-US\"},{\"@type\":\"ImageObject\",\"inLanguage\":\"en-US\",\"@id\":\"https:\/\/www.visit-ulcinj.com\/blog\/2015\/07\/31\/abazoviqmarrja-e-fteses-per-nato-shpejton-nderrimin-e-pushtetit-ne-vend\/#primaryimage\",\"url\":\"https:\/\/www.visit-ulcinj.com\/blog\/wp-content\/uploads\/2015\/07\/DRITAN-ABAZOVIC.jpg\",\"contentUrl\":\"https:\/\/www.visit-ulcinj.com\/blog\/wp-content\/uploads\/2015\/07\/DRITAN-ABAZOVIC.jpg\",\"width\":960,\"height\":576},{\"@type\":\"WebPage\",\"@id\":\"https:\/\/www.visit-ulcinj.com\/blog\/2015\/07\/31\/abazoviqmarrja-e-fteses-per-nato-shpejton-nderrimin-e-pushtetit-ne-vend\/#webpage\",\"url\":\"https:\/\/www.visit-ulcinj.com\/blog\/2015\/07\/31\/abazoviqmarrja-e-fteses-per-nato-shpejton-nderrimin-e-pushtetit-ne-vend\/\",\"name\":\"Abazoviq: Marrja e ftes\u00ebs p\u00ebr NATO, shpejton nd\u00ebrrimin e pushtetit n\u00eb vend - Lajme nga Ulqini\",\"isPartOf\":{\"@id\":\"https:\/\/www.visit-ulcinj.com\/blog\/#website\"},\"primaryImageOfPage\":{\"@id\":\"https:\/\/www.visit-ulcinj.com\/blog\/2015\/07\/31\/abazoviqmarrja-e-fteses-per-nato-shpejton-nderrimin-e-pushtetit-ne-vend\/#primaryimage\"},\"datePublished\":\"2015-07-31T13:30:22+00:00\",\"dateModified\":\"2015-07-31T13:30:47+00:00\",\"author\":{\"@id\":\"https:\/\/www.visit-ulcinj.com\/blog\/#\/schema\/person\/dcab619c614d3038751c63bc2aadc06d\"},\"description\":\"Deputeti i pavarur n\u00eb Kuvendin e Malit t\u00eb Zi, Dritan Abazoviq , tha se marrja e ftes\u00ebs p\u00ebr NATO shpejton procesin e nd\u00ebrrimit t\u00eb pushtetit n\u00eb vend.\u00a0\u00a0\",\"breadcrumb\":{\"@id\":\"https:\/\/www.visit-ulcinj.com\/blog\/2015\/07\/31\/abazoviqmarrja-e-fteses-per-nato-shpejton-nderrimin-e-pushtetit-ne-vend\/#breadcrumb\"},\"inLanguage\":\"en-US\",\"potentialAction\":[{\"@type\":\"ReadAction\",\"target\":[\"https:\/\/www.visit-ulcinj.com\/blog\/2015\/07\/31\/abazoviqmarrja-e-fteses-per-nato-shpejton-nderrimin-e-pushtetit-ne-vend\/\"]}]},{\"@type\":\"BreadcrumbList\",\"@id\":\"https:\/\/www.visit-ulcinj.com\/blog\/2015\/07\/31\/abazoviqmarrja-e-fteses-per-nato-shpejton-nderrimin-e-pushtetit-ne-vend\/#breadcrumb\",\"itemListElement\":[{\"@type\":\"ListItem\",\"position\":1,\"name\":\"Abazoviq: Marrja e ftes\u00ebs p\u00ebr NATO, shpejton nd\u00ebrrimin e pushtetit n\u00eb vend\"}]},{\"@type\":\"Person\",\"@id\":\"https:\/\/www.visit-ulcinj.com\/blog\/#\/schema\/person\/dcab619c614d3038751c63bc2aadc06d\",\"name\":\"ulqini\",\"sameAs\":[\"http:\/\/www.visit-ulcinj.com\"],\"url\":\"https:\/\/www.visit-ulcinj.com\/blog\/author\/admin\/\"}]}<\/script>\n<!-- \/ Yoast SEO plugin. -->","yoast_head_json":{"title":"Abazoviq: Marrja e ftes\u00ebs p\u00ebr NATO, shpejton nd\u00ebrrimin e pushtetit n\u00eb vend - Lajme nga Ulqini","description":"Deputeti i pavarur n\u00eb Kuvendin e Malit t\u00eb Zi, Dritan Abazoviq , tha se marrja e ftes\u00ebs p\u00ebr NATO shpejton procesin e nd\u00ebrrimit t\u00eb pushtetit n\u00eb vend.\u00a0\u00a0","robots":{"index":"index","follow":"follow","max-snippet":"max-snippet:-1","max-image-preview":"max-image-preview:large","max-video-preview":"max-video-preview:-1"},"canonical":"https:\/\/www.visit-ulcinj.com\/blog\/2015\/07\/31\/abazoviqmarrja-e-fteses-per-nato-shpejton-nderrimin-e-pushtetit-ne-vend\/","og_locale":"en_US","og_type":"article","og_title":"Abazoviq: Marrja e ftes\u00ebs p\u00ebr NATO, shpejton nd\u00ebrrimin e pushtetit n\u00eb vend - Lajme nga Ulqini","og_description":"Deputeti i pavarur n\u00eb Kuvendin e Malit t\u00eb Zi, Dritan Abazoviq , tha se marrja e ftes\u00ebs p\u00ebr NATO shpejton procesin e nd\u00ebrrimit t\u00eb pushtetit n\u00eb vend.\u00a0\u00a0","og_url":"https:\/\/www.visit-ulcinj.com\/blog\/2015\/07\/31\/abazoviqmarrja-e-fteses-per-nato-shpejton-nderrimin-e-pushtetit-ne-vend\/","og_site_name":"Lajme nga Ulqini","article_published_time":"2015-07-31T13:30:22+00:00","article_modified_time":"2015-07-31T13:30:47+00:00","og_image":[{"url":"http:\/\/www.visit-ulcinj.com\/blog\/wp-content\/uploads\/2015\/07\/DRITAN-ABAZOVIC.jpg"}],"twitter_misc":{"Written by":"ulqini","Est. reading time":"1 minute"},"schema":{"@context":"https:\/\/schema.org","@graph":[{"@type":"WebSite","@id":"https:\/\/www.visit-ulcinj.com\/blog\/#website","url":"https:\/\/www.visit-ulcinj.com\/blog\/","name":"Lajme nga Ulqini","description":"Lajme,Vijesti,Ulqini,Ulqin,Crna Gora,Mali i Zi","potentialAction":[{"@type":"SearchAction","target":{"@type":"EntryPoint","urlTemplate":"https:\/\/www.visit-ulcinj.com\/blog\/?s={search_term_string}"},"query-input":"required name=search_term_string"}],"inLanguage":"en-US"},{"@type":"ImageObject","inLanguage":"en-US","@id":"https:\/\/www.visit-ulcinj.com\/blog\/2015\/07\/31\/abazoviqmarrja-e-fteses-per-nato-shpejton-nderrimin-e-pushtetit-ne-vend\/#primaryimage","url":"https:\/\/www.visit-ulcinj.com\/blog\/wp-content\/uploads\/2015\/07\/DRITAN-ABAZOVIC.jpg","contentUrl":"https:\/\/www.visit-ulcinj.com\/blog\/wp-content\/uploads\/2015\/07\/DRITAN-ABAZOVIC.jpg","width":960,"height":576},{"@type":"WebPage","@id":"https:\/\/www.visit-ulcinj.com\/blog\/2015\/07\/31\/abazoviqmarrja-e-fteses-per-nato-shpejton-nderrimin-e-pushtetit-ne-vend\/#webpage","url":"https:\/\/www.visit-ulcinj.com\/blog\/2015\/07\/31\/abazoviqmarrja-e-fteses-per-nato-shpejton-nderrimin-e-pushtetit-ne-vend\/","name":"Abazoviq: Marrja e ftes\u00ebs p\u00ebr NATO, shpejton nd\u00ebrrimin e pushtetit n\u00eb vend - Lajme nga Ulqini","isPartOf":{"@id":"https:\/\/www.visit-ulcinj.com\/blog\/#website"},"primaryImageOfPage":{"@id":"https:\/\/www.visit-ulcinj.com\/blog\/2015\/07\/31\/abazoviqmarrja-e-fteses-per-nato-shpejton-nderrimin-e-pushtetit-ne-vend\/#primaryimage"},"datePublished":"2015-07-31T13:30:22+00:00","dateModified":"2015-07-31T13:30:47+00:00","author":{"@id":"https:\/\/www.visit-ulcinj.com\/blog\/#\/schema\/person\/dcab619c614d3038751c63bc2aadc06d"},"description":"Deputeti i pavarur n\u00eb Kuvendin e Malit t\u00eb Zi, Dritan Abazoviq , tha se marrja e ftes\u00ebs p\u00ebr NATO shpejton procesin e nd\u00ebrrimit t\u00eb pushtetit n\u00eb vend.\u00a0\u00a0","breadcrumb":{"@id":"https:\/\/www.visit-ulcinj.com\/blog\/2015\/07\/31\/abazoviqmarrja-e-fteses-per-nato-shpejton-nderrimin-e-pushtetit-ne-vend\/#breadcrumb"},"inLanguage":"en-US","potentialAction":[{"@type":"ReadAction","target":["https:\/\/www.visit-ulcinj.com\/blog\/2015\/07\/31\/abazoviqmarrja-e-fteses-per-nato-shpejton-nderrimin-e-pushtetit-ne-vend\/"]}]},{"@type":"BreadcrumbList","@id":"https:\/\/www.visit-ulcinj.com\/blog\/2015\/07\/31\/abazoviqmarrja-e-fteses-per-nato-shpejton-nderrimin-e-pushtetit-ne-vend\/#breadcrumb","itemListElement":[{"@type":"ListItem","position":1,"name":"Abazoviq: Marrja e ftes\u00ebs p\u00ebr NATO, shpejton nd\u00ebrrimin e pushtetit n\u00eb vend"}]},{"@type":"Person","@id":"https:\/\/www.visit-ulcinj.com\/blog\/#\/schema\/person\/dcab619c614d3038751c63bc2aadc06d","name":"ulqini","sameAs":["http:\/\/www.visit-ulcinj.com"],"url":"https:\/\/www.visit-ulcinj.com\/blog\/author\/admin\/"}]}},"jetpack_featured_media_url":"","jetpack_sharing_enabled":true,"jetpack_shortlink":"https:\/\/wp.me\/pe6lTn-nV2","_links":{"self":[{"href":"https:\/\/www.visit-ulcinj.com\/blog\/wp-json\/wp\/v2\/posts\/91948"}],"collection":[{"href":"https:\/\/www.visit-ulcinj.com\/blog\/wp-json\/wp\/v2\/posts"}],"about":[{"href":"https:\/\/www.visit-ulcinj.com\/blog\/wp-json\/wp\/v2\/types\/post"}],"author":[{"embeddable":true,"href":"https:\/\/www.visit-ulcinj.com\/blog\/wp-json\/wp\/v2\/users\/1"}],"replies":[{"embeddable":true,"href":"https:\/\/www.visit-ulcinj.com\/blog\/wp-json\/wp\/v2\/comments?post=91948"}],"version-history":[{"count":2,"href":"https:\/\/www.visit-ulcinj.com\/blog\/wp-json\/wp\/v2\/posts\/91948\/revisions"}],"predecessor-version":[{"id":91951,"href":"https:\/\/www.visit-ulcinj.com\/blog\/wp-json\/wp\/v2\/posts\/91948\/revisions\/91951"}],"wp:attachment":[{"href":"https:\/\/www.visit-ulcinj.com\/blog\/wp-json\/wp\/v2\/media?parent=91948"}],"wp:term":[{"taxonomy":"category","embeddable":true,"href":"https:\/\/www.visit-ulcinj.com\/blog\/wp-json\/wp\/v2\/categories?post=91948"},{"taxonomy":"post_tag","embeddable":true,"href":"https:\/\/www.visit-ulcinj.com\/blog\/wp-json\/wp\/v2\/tags?post=91948"}],"curies":[{"name":"wp","href":"https:\/\/api.w.org\/{rel}","templated":true}]}}