{"id":91952,"date":"2015-07-31T14:52:21","date_gmt":"2015-07-31T13:52:21","guid":{"rendered":"http:\/\/www.visit-ulcinj.com\/blog\/?p=91952"},"modified":"2015-08-01T12:38:15","modified_gmt":"2015-08-01T11:38:15","slug":"dezinformata-e-gazetes-zeri-ulqini-cmime-marramendese-per-pushuesit","status":"publish","type":"post","link":"https:\/\/www.visit-ulcinj.com\/blog\/2015\/07\/31\/dezinformata-e-gazetes-zeri-ulqini-cmime-marramendese-per-pushuesit\/","title":{"rendered":"Dezinformata e gazet\u00ebs Z\u00ebri:  Ulqini me \u00e7mime marramend\u00ebse p\u00ebr pushuesit"},"content":{"rendered":"<p><a href=\"http:\/\/www.visit-ulcinj.com\/blog\/wp-content\/uploads\/2015\/07\/Plazhi-Saranada-Beach-Ulqin-1.jpg\"><img loading=\"lazy\" class=\"alignleft wp-image-91908\" src=\"http:\/\/www.visit-ulcinj.com\/blog\/wp-content\/uploads\/2015\/07\/Plazhi-Saranada-Beach-Ulqin-1.jpg\" alt=\"Plazhi-Saranada-Beach-Ulqin-1\" width=\"508\" height=\"337\" srcset=\"https:\/\/www.visit-ulcinj.com\/blog\/wp-content\/uploads\/2015\/07\/Plazhi-Saranada-Beach-Ulqin-1.jpg 960w, https:\/\/www.visit-ulcinj.com\/blog\/wp-content\/uploads\/2015\/07\/Plazhi-Saranada-Beach-Ulqin-1-300x199.jpg 300w\" sizes=\"(max-width: 508px) 100vw, 508px\" \/><\/a>Turist\u00ebt, t\u00eb cil\u00ebt kan\u00eb vendosur q\u00eb k\u00ebt\u00eb vere t\u00eb nxeht\u00eb ta kalojn\u00eb n\u00eb Plazhin e Vog\u00ebl t\u00eb Ulqinit, jan\u00eb duke u p\u00ebrballur me \u00e7mime t\u00eb larta. Ato \u00e7mime jan\u00eb marramend\u00ebse krahasuar me vitin e kaluar. \u00c7mimet e ushqimit, t\u00eb pijeve dhe t\u00eb fjetjes jan\u00eb marramend\u00ebse, raporton portali Tetova Sot, mbasi portali &#8220;Z\u00ebri&#8221; ka shlyer artikullin n\u00eb pyetje.<\/p>\n<p>Nj\u00eb lexues i \u201cZeri.info\u201d ka d\u00ebrguar disa t\u00eb dh\u00ebna rreth \u00e7mimoreve q\u00eb po qarkullojn\u00eb n\u00eb Plazhin e Vog\u00ebl, n\u00eb Ulqin. P\u00ebr ta shuar etjen me uj\u00eb, nj\u00eb turisti n\u00eb bregdetin e Ulqinit i duhet t\u00eb paguaj\u00eb p\u00ebr nj\u00eb shishe gjysm\u00eblit\u00ebrshe me uj\u00eb 1.8 euro.<\/p>\n<p>Nj\u00eb nescafe kushton 2.50 euro, nj\u00eb pije freskuese n\u00eb k\u00ebt\u00eb plazh \u00ebsht\u00eb 2 deri n\u00eb 2.50 euro.<\/p>\n<p>Nd\u00ebrsa, ushqimi nga 6 euro e deri te m\u00eb e larta, var\u00ebsisht nga lloji.<\/p>\n<p>Nd\u00ebr t\u00eb tjera p\u00ebr nj\u00eb \u00e7ad\u00ebr plazhi, pushuesi duhet t\u00eb paguaj\u00eb10 euro dhe p\u00ebr fjetje p\u00ebr k\u00ebt\u00eb v\u00ebr\u00eb ulqinak\u00ebt kan\u00eb vendosur t\u00eb ofrojn\u00eb \u00e7mim prej 15 deri n\u00eb 20 euro p\u00ebr nj\u00eb nat\u00eb.\/Z\u00ebri<\/p>\n","protected":false},"excerpt":{"rendered":"<p>Turist\u00ebt, t\u00eb cil\u00ebt kan\u00eb vendosur q\u00eb k\u00ebt\u00eb vere t\u00eb nxeht\u00eb ta kalojn\u00eb n\u00eb Plazhin e Vog\u00ebl t\u00eb Ulqinit, jan\u00eb duke u p\u00ebrballur me \u00e7mime t\u00eb larta. Ato \u00e7mime jan\u00eb marramend\u00ebse krahasuar me vitin e kaluar. \u00c7mimet e ushqimit, t\u00eb pijeve dhe t\u00eb fjetjes jan\u00eb marramend\u00ebse, raporton portali Tetova Sot, mbasi portali &#8220;Z\u00ebri&#8221; ka shlyer artikullin [&hellip;]<\/p>\n","protected":false},"author":1,"featured_media":0,"comment_status":"closed","ping_status":"closed","sticky":false,"template":"","format":"standard","meta":{"spay_email":"","jetpack_publicize_message":"","jetpack_is_tweetstorm":false,"jetpack_publicize_feature_enabled":true},"categories":[1,13],"tags":[],"jetpack_publicize_connections":[],"yoast_head":"<!-- This site is optimized with the Yoast SEO plugin v19.1 - https:\/\/yoast.com\/wordpress\/plugins\/seo\/ -->\n<title>Dezinformata e gazet\u00ebs Z\u00ebri: Ulqini me \u00e7mime marramend\u00ebse p\u00ebr pushuesit - Lajme nga Ulqini<\/title>\n<meta name=\"description\" content=\"Turist\u00ebt, t\u00eb cil\u00ebt kan\u00eb vendosur q\u00eb k\u00ebt\u00eb vere t\u00eb nxeht\u00eb ta kalojn\u00eb n\u00eb Plazhin e Vog\u00ebl t\u00eb Ulqinit, jan\u00eb duke u p\u00ebrballur me \u00e7mime t\u00eb larta. Ato \u00e7mime jan\u00eb\" \/>\n<meta name=\"robots\" content=\"index, follow, max-snippet:-1, max-image-preview:large, max-video-preview:-1\" \/>\n<link rel=\"canonical\" href=\"https:\/\/www.visit-ulcinj.com\/blog\/2015\/07\/31\/dezinformata-e-gazetes-zeri-ulqini-cmime-marramendese-per-pushuesit\/\" \/>\n<meta property=\"og:locale\" content=\"en_US\" \/>\n<meta property=\"og:type\" content=\"article\" \/>\n<meta property=\"og:title\" content=\"Dezinformata e gazet\u00ebs Z\u00ebri: Ulqini me \u00e7mime marramend\u00ebse p\u00ebr pushuesit - Lajme nga Ulqini\" \/>\n<meta property=\"og:description\" content=\"Turist\u00ebt, t\u00eb cil\u00ebt kan\u00eb vendosur q\u00eb k\u00ebt\u00eb vere t\u00eb nxeht\u00eb ta kalojn\u00eb n\u00eb Plazhin e Vog\u00ebl t\u00eb Ulqinit, jan\u00eb duke u p\u00ebrballur me \u00e7mime t\u00eb larta. Ato \u00e7mime jan\u00eb\" \/>\n<meta property=\"og:url\" content=\"https:\/\/www.visit-ulcinj.com\/blog\/2015\/07\/31\/dezinformata-e-gazetes-zeri-ulqini-cmime-marramendese-per-pushuesit\/\" \/>\n<meta property=\"og:site_name\" content=\"Lajme nga Ulqini\" \/>\n<meta property=\"article:published_time\" content=\"2015-07-31T13:52:21+00:00\" \/>\n<meta property=\"article:modified_time\" content=\"2015-08-01T11:38:15+00:00\" \/>\n<meta property=\"og:image\" content=\"http:\/\/www.visit-ulcinj.com\/blog\/wp-content\/uploads\/2015\/07\/Plazhi-Saranada-Beach-Ulqin-1.jpg\" \/>\n<meta name=\"twitter:label1\" content=\"Written by\" \/>\n\t<meta name=\"twitter:data1\" content=\"ulqini\" \/>\n\t<meta name=\"twitter:label2\" content=\"Est. reading time\" \/>\n\t<meta name=\"twitter:data2\" content=\"1 minute\" \/>\n<script type=\"application\/ld+json\" class=\"yoast-schema-graph\">{\"@context\":\"https:\/\/schema.org\",\"@graph\":[{\"@type\":\"WebSite\",\"@id\":\"https:\/\/www.visit-ulcinj.com\/blog\/#website\",\"url\":\"https:\/\/www.visit-ulcinj.com\/blog\/\",\"name\":\"Lajme nga Ulqini\",\"description\":\"Lajme,Vijesti,Ulqini,Ulqin,Crna Gora,Mali i Zi\",\"potentialAction\":[{\"@type\":\"SearchAction\",\"target\":{\"@type\":\"EntryPoint\",\"urlTemplate\":\"https:\/\/www.visit-ulcinj.com\/blog\/?s={search_term_string}\"},\"query-input\":\"required name=search_term_string\"}],\"inLanguage\":\"en-US\"},{\"@type\":\"ImageObject\",\"inLanguage\":\"en-US\",\"@id\":\"https:\/\/www.visit-ulcinj.com\/blog\/2015\/07\/31\/dezinformata-e-gazetes-zeri-ulqini-cmime-marramendese-per-pushuesit\/#primaryimage\",\"url\":\"https:\/\/www.visit-ulcinj.com\/blog\/wp-content\/uploads\/2015\/07\/Plazhi-Saranada-Beach-Ulqin-1.jpg\",\"contentUrl\":\"https:\/\/www.visit-ulcinj.com\/blog\/wp-content\/uploads\/2015\/07\/Plazhi-Saranada-Beach-Ulqin-1.jpg\",\"width\":960,\"height\":636},{\"@type\":\"WebPage\",\"@id\":\"https:\/\/www.visit-ulcinj.com\/blog\/2015\/07\/31\/dezinformata-e-gazetes-zeri-ulqini-cmime-marramendese-per-pushuesit\/#webpage\",\"url\":\"https:\/\/www.visit-ulcinj.com\/blog\/2015\/07\/31\/dezinformata-e-gazetes-zeri-ulqini-cmime-marramendese-per-pushuesit\/\",\"name\":\"Dezinformata e gazet\u00ebs Z\u00ebri: Ulqini me \u00e7mime marramend\u00ebse p\u00ebr pushuesit - Lajme nga Ulqini\",\"isPartOf\":{\"@id\":\"https:\/\/www.visit-ulcinj.com\/blog\/#website\"},\"primaryImageOfPage\":{\"@id\":\"https:\/\/www.visit-ulcinj.com\/blog\/2015\/07\/31\/dezinformata-e-gazetes-zeri-ulqini-cmime-marramendese-per-pushuesit\/#primaryimage\"},\"datePublished\":\"2015-07-31T13:52:21+00:00\",\"dateModified\":\"2015-08-01T11:38:15+00:00\",\"author\":{\"@id\":\"https:\/\/www.visit-ulcinj.com\/blog\/#\/schema\/person\/dcab619c614d3038751c63bc2aadc06d\"},\"description\":\"Turist\u00ebt, t\u00eb cil\u00ebt kan\u00eb vendosur q\u00eb k\u00ebt\u00eb vere t\u00eb nxeht\u00eb ta kalojn\u00eb n\u00eb Plazhin e Vog\u00ebl t\u00eb Ulqinit, jan\u00eb duke u p\u00ebrballur me \u00e7mime t\u00eb larta. Ato \u00e7mime jan\u00eb\",\"breadcrumb\":{\"@id\":\"https:\/\/www.visit-ulcinj.com\/blog\/2015\/07\/31\/dezinformata-e-gazetes-zeri-ulqini-cmime-marramendese-per-pushuesit\/#breadcrumb\"},\"inLanguage\":\"en-US\",\"potentialAction\":[{\"@type\":\"ReadAction\",\"target\":[\"https:\/\/www.visit-ulcinj.com\/blog\/2015\/07\/31\/dezinformata-e-gazetes-zeri-ulqini-cmime-marramendese-per-pushuesit\/\"]}]},{\"@type\":\"BreadcrumbList\",\"@id\":\"https:\/\/www.visit-ulcinj.com\/blog\/2015\/07\/31\/dezinformata-e-gazetes-zeri-ulqini-cmime-marramendese-per-pushuesit\/#breadcrumb\",\"itemListElement\":[{\"@type\":\"ListItem\",\"position\":1,\"name\":\"Dezinformata e gazet\u00ebs Z\u00ebri: Ulqini me \u00e7mime marramend\u00ebse p\u00ebr pushuesit\"}]},{\"@type\":\"Person\",\"@id\":\"https:\/\/www.visit-ulcinj.com\/blog\/#\/schema\/person\/dcab619c614d3038751c63bc2aadc06d\",\"name\":\"ulqini\",\"sameAs\":[\"http:\/\/www.visit-ulcinj.com\"],\"url\":\"https:\/\/www.visit-ulcinj.com\/blog\/author\/admin\/\"}]}<\/script>\n<!-- \/ Yoast SEO plugin. -->","yoast_head_json":{"title":"Dezinformata e gazet\u00ebs Z\u00ebri: Ulqini me \u00e7mime marramend\u00ebse p\u00ebr pushuesit - Lajme nga Ulqini","description":"Turist\u00ebt, t\u00eb cil\u00ebt kan\u00eb vendosur q\u00eb k\u00ebt\u00eb vere t\u00eb nxeht\u00eb ta kalojn\u00eb n\u00eb Plazhin e Vog\u00ebl t\u00eb Ulqinit, jan\u00eb duke u p\u00ebrballur me \u00e7mime t\u00eb larta. Ato \u00e7mime jan\u00eb","robots":{"index":"index","follow":"follow","max-snippet":"max-snippet:-1","max-image-preview":"max-image-preview:large","max-video-preview":"max-video-preview:-1"},"canonical":"https:\/\/www.visit-ulcinj.com\/blog\/2015\/07\/31\/dezinformata-e-gazetes-zeri-ulqini-cmime-marramendese-per-pushuesit\/","og_locale":"en_US","og_type":"article","og_title":"Dezinformata e gazet\u00ebs Z\u00ebri: Ulqini me \u00e7mime marramend\u00ebse p\u00ebr pushuesit - Lajme nga Ulqini","og_description":"Turist\u00ebt, t\u00eb cil\u00ebt kan\u00eb vendosur q\u00eb k\u00ebt\u00eb vere t\u00eb nxeht\u00eb ta kalojn\u00eb n\u00eb Plazhin e Vog\u00ebl t\u00eb Ulqinit, jan\u00eb duke u p\u00ebrballur me \u00e7mime t\u00eb larta. Ato \u00e7mime jan\u00eb","og_url":"https:\/\/www.visit-ulcinj.com\/blog\/2015\/07\/31\/dezinformata-e-gazetes-zeri-ulqini-cmime-marramendese-per-pushuesit\/","og_site_name":"Lajme nga Ulqini","article_published_time":"2015-07-31T13:52:21+00:00","article_modified_time":"2015-08-01T11:38:15+00:00","og_image":[{"url":"http:\/\/www.visit-ulcinj.com\/blog\/wp-content\/uploads\/2015\/07\/Plazhi-Saranada-Beach-Ulqin-1.jpg"}],"twitter_misc":{"Written by":"ulqini","Est. reading time":"1 minute"},"schema":{"@context":"https:\/\/schema.org","@graph":[{"@type":"WebSite","@id":"https:\/\/www.visit-ulcinj.com\/blog\/#website","url":"https:\/\/www.visit-ulcinj.com\/blog\/","name":"Lajme nga Ulqini","description":"Lajme,Vijesti,Ulqini,Ulqin,Crna Gora,Mali i Zi","potentialAction":[{"@type":"SearchAction","target":{"@type":"EntryPoint","urlTemplate":"https:\/\/www.visit-ulcinj.com\/blog\/?s={search_term_string}"},"query-input":"required name=search_term_string"}],"inLanguage":"en-US"},{"@type":"ImageObject","inLanguage":"en-US","@id":"https:\/\/www.visit-ulcinj.com\/blog\/2015\/07\/31\/dezinformata-e-gazetes-zeri-ulqini-cmime-marramendese-per-pushuesit\/#primaryimage","url":"https:\/\/www.visit-ulcinj.com\/blog\/wp-content\/uploads\/2015\/07\/Plazhi-Saranada-Beach-Ulqin-1.jpg","contentUrl":"https:\/\/www.visit-ulcinj.com\/blog\/wp-content\/uploads\/2015\/07\/Plazhi-Saranada-Beach-Ulqin-1.jpg","width":960,"height":636},{"@type":"WebPage","@id":"https:\/\/www.visit-ulcinj.com\/blog\/2015\/07\/31\/dezinformata-e-gazetes-zeri-ulqini-cmime-marramendese-per-pushuesit\/#webpage","url":"https:\/\/www.visit-ulcinj.com\/blog\/2015\/07\/31\/dezinformata-e-gazetes-zeri-ulqini-cmime-marramendese-per-pushuesit\/","name":"Dezinformata e gazet\u00ebs Z\u00ebri: Ulqini me \u00e7mime marramend\u00ebse p\u00ebr pushuesit - Lajme nga Ulqini","isPartOf":{"@id":"https:\/\/www.visit-ulcinj.com\/blog\/#website"},"primaryImageOfPage":{"@id":"https:\/\/www.visit-ulcinj.com\/blog\/2015\/07\/31\/dezinformata-e-gazetes-zeri-ulqini-cmime-marramendese-per-pushuesit\/#primaryimage"},"datePublished":"2015-07-31T13:52:21+00:00","dateModified":"2015-08-01T11:38:15+00:00","author":{"@id":"https:\/\/www.visit-ulcinj.com\/blog\/#\/schema\/person\/dcab619c614d3038751c63bc2aadc06d"},"description":"Turist\u00ebt, t\u00eb cil\u00ebt kan\u00eb vendosur q\u00eb k\u00ebt\u00eb vere t\u00eb nxeht\u00eb ta kalojn\u00eb n\u00eb Plazhin e Vog\u00ebl t\u00eb Ulqinit, jan\u00eb duke u p\u00ebrballur me \u00e7mime t\u00eb larta. Ato \u00e7mime jan\u00eb","breadcrumb":{"@id":"https:\/\/www.visit-ulcinj.com\/blog\/2015\/07\/31\/dezinformata-e-gazetes-zeri-ulqini-cmime-marramendese-per-pushuesit\/#breadcrumb"},"inLanguage":"en-US","potentialAction":[{"@type":"ReadAction","target":["https:\/\/www.visit-ulcinj.com\/blog\/2015\/07\/31\/dezinformata-e-gazetes-zeri-ulqini-cmime-marramendese-per-pushuesit\/"]}]},{"@type":"BreadcrumbList","@id":"https:\/\/www.visit-ulcinj.com\/blog\/2015\/07\/31\/dezinformata-e-gazetes-zeri-ulqini-cmime-marramendese-per-pushuesit\/#breadcrumb","itemListElement":[{"@type":"ListItem","position":1,"name":"Dezinformata e gazet\u00ebs Z\u00ebri: Ulqini me \u00e7mime marramend\u00ebse p\u00ebr pushuesit"}]},{"@type":"Person","@id":"https:\/\/www.visit-ulcinj.com\/blog\/#\/schema\/person\/dcab619c614d3038751c63bc2aadc06d","name":"ulqini","sameAs":["http:\/\/www.visit-ulcinj.com"],"url":"https:\/\/www.visit-ulcinj.com\/blog\/author\/admin\/"}]}},"jetpack_featured_media_url":"","jetpack_sharing_enabled":true,"jetpack_shortlink":"https:\/\/wp.me\/pe6lTn-nV6","_links":{"self":[{"href":"https:\/\/www.visit-ulcinj.com\/blog\/wp-json\/wp\/v2\/posts\/91952"}],"collection":[{"href":"https:\/\/www.visit-ulcinj.com\/blog\/wp-json\/wp\/v2\/posts"}],"about":[{"href":"https:\/\/www.visit-ulcinj.com\/blog\/wp-json\/wp\/v2\/types\/post"}],"author":[{"embeddable":true,"href":"https:\/\/www.visit-ulcinj.com\/blog\/wp-json\/wp\/v2\/users\/1"}],"replies":[{"embeddable":true,"href":"https:\/\/www.visit-ulcinj.com\/blog\/wp-json\/wp\/v2\/comments?post=91952"}],"version-history":[{"count":1,"href":"https:\/\/www.visit-ulcinj.com\/blog\/wp-json\/wp\/v2\/posts\/91952\/revisions"}],"predecessor-version":[{"id":91953,"href":"https:\/\/www.visit-ulcinj.com\/blog\/wp-json\/wp\/v2\/posts\/91952\/revisions\/91953"}],"wp:attachment":[{"href":"https:\/\/www.visit-ulcinj.com\/blog\/wp-json\/wp\/v2\/media?parent=91952"}],"wp:term":[{"taxonomy":"category","embeddable":true,"href":"https:\/\/www.visit-ulcinj.com\/blog\/wp-json\/wp\/v2\/categories?post=91952"},{"taxonomy":"post_tag","embeddable":true,"href":"https:\/\/www.visit-ulcinj.com\/blog\/wp-json\/wp\/v2\/tags?post=91952"}],"curies":[{"name":"wp","href":"https:\/\/api.w.org\/{rel}","templated":true}]}}