{"id":91967,"date":"2015-08-01T12:18:03","date_gmt":"2015-08-01T11:18:03","guid":{"rendered":"http:\/\/www.visit-ulcinj.com\/blog\/?p=91967"},"modified":"2015-08-01T12:18:03","modified_gmt":"2015-08-01T11:18:03","slug":"perse-dikush-po-krijon-terror-mediatik-mbi-te-punesuarit-e-komunes-se-ulqinit-pa-te-drejte-dhe-kujt-sherbe-kj","status":"publish","type":"post","link":"https:\/\/www.visit-ulcinj.com\/blog\/2015\/08\/01\/perse-dikush-po-krijon-terror-mediatik-mbi-te-punesuarit-e-komunes-se-ulqinit-pa-te-drejte-dhe-kujt-sherbe-kj\/","title":{"rendered":"P\u00ebrse  dikush po krijon terror mediatik mbi t\u00eb pun\u00ebsuarit e komun\u00ebs s\u00eb Ulqinit- pa t\u00eb drejt\u00eb ?!!! dhe kujt i sh\u00ebrbe kj. ..?!!"},"content":{"rendered":"<p><strong><em><a href=\"http:\/\/www.visit-ulcinj.com\/blog\/wp-content\/uploads\/2015\/08\/Duam-Pune-ne-Ulqin.jpg\"><img loading=\"lazy\" class=\"alignleft wp-image-91968\" src=\"http:\/\/www.visit-ulcinj.com\/blog\/wp-content\/uploads\/2015\/08\/Duam-Pune-ne-Ulqin.jpg\" alt=\"Duam-Pune-ne-Ulqin\" width=\"508\" height=\"296\" \/><\/a>Shkruan Muhamet Nika<\/em><\/strong><\/p>\n<p>Besojm\u00eb q\u00eb jeni dakord me ne kur themi se gj\u00ebja m\u00eb e sh\u00ebmtuar dhe e neveritshme n\u00eb jet\u00eb p\u00ebr nga natyra njer\u00ebzore duhet t\u00eb jen\u00eb hermafrodit\u00ebt- dy gjinor\u00ebt .<\/p>\n<p>Krijesa mashkullore n\u00eb trup femre ose e kund\u00ebrta q\u00eb k\u00ebnaqen brenda\u00a0\u00a0 llojit. Shprehur n\u00eb gjuh\u00ebn politike , i bie q\u00eb hermafrodit\u00eb, t\u00eb jen\u00eb garniturat politike, q\u00eb n\u00eb sjellje dhe veprim nj\u00ebkoh\u00ebsisht jan\u00eb pozit\u00eb dhe opozit\u00eb e vet\u00ebs \u2013 e dal\u00eb nga populli.<\/p>\n<p>Gj\u00ebrat e tilla nga shkenca trajtohen si kap\u00ebrcime gjenetike. Nd\u00ebrsa sipas tradit\u00ebs dhe besimit popullor ballkanik, kur dy gjinor\u00ebt vinin n\u00eb jet\u00eb , st\u00ebrgjyshet tona i merrnin me kujdes ata, i fusnin n\u00eb nj\u00eb ark\u00eb dhe i tresnin diku n\u00eb mal- pyll. Fati i tyre i m\u00eb tejsh\u00ebm vet\u00ebm se mund t\u00eb merret me mend.<\/p>\n<p><strong><em>Por shtrohet nj\u00eb pyetje, q\u00eb \u00ebsht\u00eb:<\/em><\/strong><\/p>\n<p>\u00c7far\u00eb t\u00eb b\u00ebhet, kur t\u00eb till\u00ebt , vijn\u00eb n\u00eb sken\u00ebn-jet\u00ebn politike e shoq\u00ebrore si mutacione hermafrodit\u00ebsh politik\u00eb?! E q\u00eb nj\u00ebkoh\u00ebsisht imitojn\u00eb\u00a0\u00a0 pozit\u00ebn dhe opozit\u00ebn &#8211; Kuptohet se neveria dhe habia qytetare \u00ebsht\u00eb shum\u00ebfish m\u00eb e madhe.<\/p>\n<p>Te ky mendim erdh\u00ebm, mjerisht kur pam\u00eb natyr\u00ebn e do lajmeve t\u00eb ndryshme politike n\u00eb Ulqin, rreth funksionimit t\u00eb pushtetit vendor. Sepse njeriu ,nga ata q\u00eb thuhen, e kupton se- Nj\u00eb bela(\u00e7udi ) gjenetike e kap\u00ebrcimit gjenetik ka ndodhur edhe n\u00eb sken\u00ebn politike t\u00eb qytetit. Dhe se , disa q\u00eb vet\u00eb jan\u00eb n\u00eb pushtet \u2013 pozit\u00eb, kritikojn\u00eb pushtetin sikur t\u00eb ishin opozit\u00eb. Po \u00e7far\u00eb t\u00eb b\u00ebj\u00eb at\u00ebher\u00eb opozita politike?!! Me siguri ,asaj i mbet\u00ebt vet\u00ebm t\u00eb masturboj\u00eb para popullit. Kuptohet n\u00ebse , th\u00ebn\u00eb n\u00eb m\u00ebnyr\u00eb metaforike, nuk del dikush \u00eb t\u2019i fus n\u00eb ark\u00eb , apo thes(pak r\u00ebnd\u00ebsi ka) dhe t\u2019i tres diku n\u00eb mal&#8230;, \u00e7ka edhe mund t\u00eb ngjaj\u00eb&#8230;?!!<\/p>\n<p>Koha do t\u00eb d\u00ebshmoj\u00eb q\u00eb kjo politik\u00eb e tyrja \u00ebsht\u00eb m\u00eb e keqja e madhe e vet\u00eb zgjedhur. Ajo e urta popullore thot\u00eb: \u201c populli s\u2019ha bar..\u201d<\/p>\n<p>Fjal\u00ebn konkretisht e kemi p\u00ebr ata t\u00eb cil\u00ebt ankohen q\u00eb n\u00eb komun\u00eb ka shum\u00eb t\u00eb pun\u00ebsuar,q\u00eb marrin rrog\u00ebn kot dhe se qeveria k\u00ebrkon zvog\u00eblimin e numrit t\u00eb pun\u00ebtor\u00ebve..?!<\/p>\n<p><strong><em>Po si rri \u00e7\u00ebshtja e pun\u00ebsimit enorm n\u00eb komun\u00eb?!!!<\/em><\/strong><\/p>\n<p>P\u00ebr opinion njoftojm\u00eb se gjendja n\u00eb komun\u00eb nuk \u00ebsht\u00eb edhe aq alarmante sa\u00e7 prezantohet nga disa. E q\u00ebllimin pse e b\u00ebjn\u00eb k\u00ebt\u00eb mund ta din\u00eb vet\u00ebm ata.<\/p>\n<p>Komuna e Ulqinit e ballafaquar me problemin e mbi pun\u00ebsimit, duke u rrekur q\u00eb sa m\u00eb drejt\u00eb dhe pa dhimb ta zgjidh k\u00ebt\u00eb, bashk\u00eb me nj\u00eb num\u00ebr t\u00eb vog\u00ebl komunash t\u00eb Malit t\u00eb Zi( koha e G.Hajding\u00ebs), pranoi q\u00eb me qeveri t\u00eb n\u00ebnshkruaj planin e sanimit t\u00eb gjendjes.<\/p>\n<p>Sipas planit t\u00eb ofruar dhe t\u00eb n\u00ebnshkruar, komunat p\u00ebrfitojn\u00eb shum\u00eb leht\u00ebsi n\u00eb k\u00ebt\u00eb \u00e7\u00ebshtje. Nd\u00ebr sa disa nga kriteret m\u00eb t\u00eb r\u00ebnd\u00ebsishme q\u00eb duhen zbatuar jan\u00eb:<\/p>\n<ul>\n<li>Zvog\u00eblimin e administrat\u00ebs lokale sipas parametrave evropiane , q\u00eb n\u00ebnkupton rreth 100 t\u00eb pun\u00ebsuar , para 3 vitesh , komuna e Ulqinit, kish rreth 200 t\u00eb till\u00eb?!!<\/li>\n<li>Mos marrja n\u00eb pun\u00eb pa vendim t\u00eb qeveris\u00eb deri n\u00eb vitin 2018- q\u00eb \u00ebsht\u00eb kah respektohet&#8230;?!<\/li>\n<li>Zvog\u00eblimin e t\u00eb ardhurave t\u00eb pun\u00ebtor\u00ebve- q\u00eb ndodhi(koha e Cungut) , por u keqp\u00ebrdor ?!!<\/li>\n<li>P\u00ebr t\u00eb pun\u00ebsuarit , pas vitit 2010 t\u00eb mos merren para sysh obligimet n\u00eb shlyerje t\u00eb detyrimeve ndaj tyre n\u00eb rast t\u00eb largimit nga puna?!!<\/li>\n<li>T\u00eb shikohet ligjshm\u00ebria e pranimit n\u00eb pun\u00eb te t\u00eb pun\u00ebsuarve.<\/li>\n<\/ul>\n<p>Pas n\u00ebnshkrimit t\u00eb planit t\u00eb sanimit, u b\u00ebn\u00eb raportet e ndryshme dhe kontrolli administrativ i cili trajtoi pun\u00ebsimin e\u00a0\u00a0 tyre . Rezultoi, hetoi se q\u00eb nga koha e komunizmit e deri te pushteti i Gjek\u00ebs , n\u00eb komun\u00eb ishin pun\u00ebsuar n\u00eb m\u00ebnyr\u00eb t\u00eb pa ligjshme rreth 85 veta. Disa nga ato , jan\u00eb edhe af\u00ebr pensionit.<\/p>\n<ul>\n<li>Se n\u00eb komun\u00eb gjat\u00eb 3 viteve t\u00eb shkuara , numri i pun\u00ebtor\u00ebve , ra p\u00ebr 20 veta, aktualisht mund t\u00eb jen\u00eb t\u00eb pun\u00ebsuar rreth 143-6 veta.<\/li>\n<li>Se duhet t\u00eb zvog\u00eblohet edhe vet\u00ebm p\u00ebr 20 veta deri n\u00eb vitin 2018, q\u00eb shikuar holl\u00eb e holl\u00eb , nuk \u00ebsht\u00eb se kemi t\u00eb b\u00ebjm\u00eb me nj\u00eb situat\u00eb alarmante.<\/li>\n<\/ul>\n<p>Por q\u00eb edhe me nd\u00ebrrimet politike q\u00eb ndodh\u00ebn pas largimit t\u00eb koalicionit UDSH \u2013DPS, kuptohet q\u00eb pati dhe ka keqtrajtime t\u00eb planit t\u00eb sanimit dhe shkelje t\u00eb ndryshme t\u00eb procedurave ligjore.<\/p>\n<p>Problemi num\u00ebr nj\u00eb n\u00eb komun\u00eb \u00ebsht\u00eb, sipas ministris\u00eb, q\u00eb kryeadministratori i saj \u00ebsht\u00eb me vite kah toleron nj\u00eb gjendje \u201dVD-UD\u201d, t\u00eb ushtruesve t\u00eb detyr\u00ebs. \u00c7ka do t\u00eb thot\u00eb se kuadri, stafi udh\u00ebheq\u00ebs i deleguar nga partit\u00eb, nuk i plot\u00ebson kriteret q\u00eb parasheh ligji- p\u00ebrjashtim k\u00ebtu b\u00ebn\u00eb vet\u00ebm PD.. Q\u00eb rrogat u ul\u00ebn n\u00eb m\u00ebnyr\u00eb t\u00eb paligjshme \u2013Koha e Cungut , n\u00eb mas\u00ebn 30%, por q\u00eb me k\u00ebt\u00eb nuk u zvog\u00ebluan shpenzimet operative n\u00eb favor t\u00eb investimeve,si\u00e7 k\u00ebrkohet nga ligji, dhe se me k\u00ebto t\u00eb holla u mbuluan rrogat e 30 militant\u00ebve partiak\u00eb t\u00eb pun\u00ebsuar nga ana e subjektit t\u00eb Forc\u00ebs..<\/p>\n<p>Sa p\u00ebr t\u00eb pun\u00ebsuarit me kontrat\u00eb q\u00eb aktualisht punojn\u00eb n\u00eb komun\u00eb(kuptohet se nuk \u00ebsht\u00eb mir\u00eb), por k\u00ebt\u00eb praktik\u00eb , nga komunat e republik\u00ebs , e ka edhe Tivari etj. Mir\u00ebpo k\u00ebt\u00eb e zbaton nj\u00ebkoh\u00ebsisht edhe qeveri.<\/p>\n<p>Atyre dihet se nuk u paguhet sigurimi e as stazhi, por as q\u00eb i kushtojn\u00eb komun\u00ebs m\u00eb shum\u00eb se nj\u00eb l\u00ebnd\u00eb gjyq\u00ebsore nga ata t\u00eb 3 viteve t\u00eb fundit , q\u00eb jan\u00eb si rezultat i mosdijes s\u00eb administrat\u00ebs , apo pse jo edhe e krimit t\u00eb organizuar. E kjo do t\u00eb ishte \u00e7\u00ebshtje n\u00eb vete, q\u00eb pritet dhe duhet t\u00eb iniciohet.<\/p>\n<p>Kujtojm\u00eb se vet\u00ebm gjat\u00eb k\u00ebsaj periudhe , u mor\u00ebn nga bllokadat gjyq\u00ebsore , rreth 3 milion\u00eb euro nga buxheti ?!<\/p>\n<p>Dhe n\u00eb fund fare, sipas plani t\u00eb n\u00ebnshkruar, n\u00ebse komuna , nuk e b\u00ebn racionalizimin e vendeve t\u00eb pun\u00ebs, at\u00ebher\u00eb k\u00ebt\u00eb, sipas marr\u00ebveshjes s\u00eb n\u00ebnshkruar, ka t\u00eb drejt\u00eb ta b\u00ebj\u00eb qeveria ?!!<\/p>\n<p>&nbsp;<\/p>\n<p><strong>Pik\u00ebpamjet e shprehura n\u00eb faqen \u201cOPINIONE\u201d nuk p\u00ebrfaq\u00ebsojn\u00eb domosdoshm\u00ebrisht politik\u00ebn redaksionale t\u00eb \u201eLajmeve nga Ulqini\u201e<\/strong><\/p>\n","protected":false},"excerpt":{"rendered":"<p>Shkruan Muhamet Nika Besojm\u00eb q\u00eb jeni dakord me ne kur themi se gj\u00ebja m\u00eb e sh\u00ebmtuar dhe e neveritshme n\u00eb jet\u00eb p\u00ebr nga natyra njer\u00ebzore duhet t\u00eb jen\u00eb hermafrodit\u00ebt- dy gjinor\u00ebt . Krijesa mashkullore n\u00eb trup femre ose e kund\u00ebrta q\u00eb k\u00ebnaqen brenda\u00a0\u00a0 llojit. Shprehur n\u00eb gjuh\u00ebn politike , i bie q\u00eb hermafrodit\u00eb, t\u00eb jen\u00eb [&hellip;]<\/p>\n","protected":false},"author":1,"featured_media":0,"comment_status":"closed","ping_status":"closed","sticky":false,"template":"","format":"standard","meta":{"spay_email":"","jetpack_publicize_message":"","jetpack_is_tweetstorm":false,"jetpack_publicize_feature_enabled":true},"categories":[14249],"tags":[],"jetpack_publicize_connections":[],"yoast_head":"<!-- This site is optimized with the Yoast SEO plugin v19.1 - https:\/\/yoast.com\/wordpress\/plugins\/seo\/ -->\n<title>P\u00ebrse dikush po krijon terror mediatik mbi t\u00eb pun\u00ebsuarit e komun\u00ebs s\u00eb Ulqinit- pa t\u00eb drejt\u00eb ?!!! dhe kujt i sh\u00ebrbe kj. ..?!! - Lajme nga Ulqini<\/title>\n<meta name=\"description\" content=\"Shkruan Muhamet Nika Besojm\u00eb q\u00eb jeni dakord me ne kur themi se gj\u00ebja m\u00eb e sh\u00ebmtuar dhe e neveritshme n\u00eb jet\u00eb p\u00ebr nga natyra njer\u00ebzore duhet t\u00eb jen\u00eb\" \/>\n<meta name=\"robots\" content=\"index, follow, max-snippet:-1, max-image-preview:large, max-video-preview:-1\" \/>\n<link rel=\"canonical\" href=\"https:\/\/www.visit-ulcinj.com\/blog\/2015\/08\/01\/perse-dikush-po-krijon-terror-mediatik-mbi-te-punesuarit-e-komunes-se-ulqinit-pa-te-drejte-dhe-kujt-sherbe-kj\/\" \/>\n<meta property=\"og:locale\" content=\"en_US\" \/>\n<meta property=\"og:type\" content=\"article\" \/>\n<meta property=\"og:title\" content=\"P\u00ebrse dikush po krijon terror mediatik mbi t\u00eb pun\u00ebsuarit e komun\u00ebs s\u00eb Ulqinit- pa t\u00eb drejt\u00eb ?!!! dhe kujt i sh\u00ebrbe kj. ..?!! - Lajme nga Ulqini\" \/>\n<meta property=\"og:description\" content=\"Shkruan Muhamet Nika Besojm\u00eb q\u00eb jeni dakord me ne kur themi se gj\u00ebja m\u00eb e sh\u00ebmtuar dhe e neveritshme n\u00eb jet\u00eb p\u00ebr nga natyra njer\u00ebzore duhet t\u00eb jen\u00eb\" \/>\n<meta property=\"og:url\" content=\"https:\/\/www.visit-ulcinj.com\/blog\/2015\/08\/01\/perse-dikush-po-krijon-terror-mediatik-mbi-te-punesuarit-e-komunes-se-ulqinit-pa-te-drejte-dhe-kujt-sherbe-kj\/\" \/>\n<meta property=\"og:site_name\" content=\"Lajme nga Ulqini\" \/>\n<meta property=\"article:published_time\" content=\"2015-08-01T11:18:03+00:00\" \/>\n<meta property=\"og:image\" content=\"http:\/\/www.visit-ulcinj.com\/blog\/wp-content\/uploads\/2015\/08\/Duam-Pune-ne-Ulqin.jpg\" \/>\n<meta name=\"twitter:label1\" content=\"Written by\" \/>\n\t<meta name=\"twitter:data1\" content=\"ulqini\" \/>\n\t<meta name=\"twitter:label2\" content=\"Est. reading time\" \/>\n\t<meta name=\"twitter:data2\" content=\"5 minutes\" \/>\n<script type=\"application\/ld+json\" class=\"yoast-schema-graph\">{\"@context\":\"https:\/\/schema.org\",\"@graph\":[{\"@type\":\"WebSite\",\"@id\":\"https:\/\/www.visit-ulcinj.com\/blog\/#website\",\"url\":\"https:\/\/www.visit-ulcinj.com\/blog\/\",\"name\":\"Lajme nga Ulqini\",\"description\":\"Lajme,Vijesti,Ulqini,Ulqin,Crna Gora,Mali i Zi\",\"potentialAction\":[{\"@type\":\"SearchAction\",\"target\":{\"@type\":\"EntryPoint\",\"urlTemplate\":\"https:\/\/www.visit-ulcinj.com\/blog\/?s={search_term_string}\"},\"query-input\":\"required name=search_term_string\"}],\"inLanguage\":\"en-US\"},{\"@type\":\"ImageObject\",\"inLanguage\":\"en-US\",\"@id\":\"https:\/\/www.visit-ulcinj.com\/blog\/2015\/08\/01\/perse-dikush-po-krijon-terror-mediatik-mbi-te-punesuarit-e-komunes-se-ulqinit-pa-te-drejte-dhe-kujt-sherbe-kj\/#primaryimage\",\"url\":\"http:\/\/www.visit-ulcinj.com\/blog\/wp-content\/uploads\/2015\/08\/Duam-Pune-ne-Ulqin.jpg\",\"contentUrl\":\"http:\/\/www.visit-ulcinj.com\/blog\/wp-content\/uploads\/2015\/08\/Duam-Pune-ne-Ulqin.jpg\"},{\"@type\":\"WebPage\",\"@id\":\"https:\/\/www.visit-ulcinj.com\/blog\/2015\/08\/01\/perse-dikush-po-krijon-terror-mediatik-mbi-te-punesuarit-e-komunes-se-ulqinit-pa-te-drejte-dhe-kujt-sherbe-kj\/#webpage\",\"url\":\"https:\/\/www.visit-ulcinj.com\/blog\/2015\/08\/01\/perse-dikush-po-krijon-terror-mediatik-mbi-te-punesuarit-e-komunes-se-ulqinit-pa-te-drejte-dhe-kujt-sherbe-kj\/\",\"name\":\"P\u00ebrse dikush po krijon terror mediatik mbi t\u00eb pun\u00ebsuarit e komun\u00ebs s\u00eb Ulqinit- pa t\u00eb drejt\u00eb ?!!! dhe kujt i sh\u00ebrbe kj. ..?!! - Lajme nga Ulqini\",\"isPartOf\":{\"@id\":\"https:\/\/www.visit-ulcinj.com\/blog\/#website\"},\"primaryImageOfPage\":{\"@id\":\"https:\/\/www.visit-ulcinj.com\/blog\/2015\/08\/01\/perse-dikush-po-krijon-terror-mediatik-mbi-te-punesuarit-e-komunes-se-ulqinit-pa-te-drejte-dhe-kujt-sherbe-kj\/#primaryimage\"},\"datePublished\":\"2015-08-01T11:18:03+00:00\",\"dateModified\":\"2015-08-01T11:18:03+00:00\",\"author\":{\"@id\":\"https:\/\/www.visit-ulcinj.com\/blog\/#\/schema\/person\/dcab619c614d3038751c63bc2aadc06d\"},\"description\":\"Shkruan Muhamet Nika Besojm\u00eb q\u00eb jeni dakord me ne kur themi se gj\u00ebja m\u00eb e sh\u00ebmtuar dhe e neveritshme n\u00eb jet\u00eb p\u00ebr nga natyra njer\u00ebzore duhet t\u00eb jen\u00eb\",\"breadcrumb\":{\"@id\":\"https:\/\/www.visit-ulcinj.com\/blog\/2015\/08\/01\/perse-dikush-po-krijon-terror-mediatik-mbi-te-punesuarit-e-komunes-se-ulqinit-pa-te-drejte-dhe-kujt-sherbe-kj\/#breadcrumb\"},\"inLanguage\":\"en-US\",\"potentialAction\":[{\"@type\":\"ReadAction\",\"target\":[\"https:\/\/www.visit-ulcinj.com\/blog\/2015\/08\/01\/perse-dikush-po-krijon-terror-mediatik-mbi-te-punesuarit-e-komunes-se-ulqinit-pa-te-drejte-dhe-kujt-sherbe-kj\/\"]}]},{\"@type\":\"BreadcrumbList\",\"@id\":\"https:\/\/www.visit-ulcinj.com\/blog\/2015\/08\/01\/perse-dikush-po-krijon-terror-mediatik-mbi-te-punesuarit-e-komunes-se-ulqinit-pa-te-drejte-dhe-kujt-sherbe-kj\/#breadcrumb\",\"itemListElement\":[{\"@type\":\"ListItem\",\"position\":1,\"name\":\"P\u00ebrse dikush po krijon terror mediatik mbi t\u00eb pun\u00ebsuarit e komun\u00ebs s\u00eb Ulqinit- pa t\u00eb drejt\u00eb ?!!! dhe kujt i sh\u00ebrbe kj. ..?!!\"}]},{\"@type\":\"Person\",\"@id\":\"https:\/\/www.visit-ulcinj.com\/blog\/#\/schema\/person\/dcab619c614d3038751c63bc2aadc06d\",\"name\":\"ulqini\",\"sameAs\":[\"http:\/\/www.visit-ulcinj.com\"],\"url\":\"https:\/\/www.visit-ulcinj.com\/blog\/author\/admin\/\"}]}<\/script>\n<!-- \/ Yoast SEO plugin. -->","yoast_head_json":{"title":"P\u00ebrse dikush po krijon terror mediatik mbi t\u00eb pun\u00ebsuarit e komun\u00ebs s\u00eb Ulqinit- pa t\u00eb drejt\u00eb ?!!! dhe kujt i sh\u00ebrbe kj. ..?!! - Lajme nga Ulqini","description":"Shkruan Muhamet Nika Besojm\u00eb q\u00eb jeni dakord me ne kur themi se gj\u00ebja m\u00eb e sh\u00ebmtuar dhe e neveritshme n\u00eb jet\u00eb p\u00ebr nga natyra njer\u00ebzore duhet t\u00eb jen\u00eb","robots":{"index":"index","follow":"follow","max-snippet":"max-snippet:-1","max-image-preview":"max-image-preview:large","max-video-preview":"max-video-preview:-1"},"canonical":"https:\/\/www.visit-ulcinj.com\/blog\/2015\/08\/01\/perse-dikush-po-krijon-terror-mediatik-mbi-te-punesuarit-e-komunes-se-ulqinit-pa-te-drejte-dhe-kujt-sherbe-kj\/","og_locale":"en_US","og_type":"article","og_title":"P\u00ebrse dikush po krijon terror mediatik mbi t\u00eb pun\u00ebsuarit e komun\u00ebs s\u00eb Ulqinit- pa t\u00eb drejt\u00eb ?!!! dhe kujt i sh\u00ebrbe kj. ..?!! - Lajme nga Ulqini","og_description":"Shkruan Muhamet Nika Besojm\u00eb q\u00eb jeni dakord me ne kur themi se gj\u00ebja m\u00eb e sh\u00ebmtuar dhe e neveritshme n\u00eb jet\u00eb p\u00ebr nga natyra njer\u00ebzore duhet t\u00eb jen\u00eb","og_url":"https:\/\/www.visit-ulcinj.com\/blog\/2015\/08\/01\/perse-dikush-po-krijon-terror-mediatik-mbi-te-punesuarit-e-komunes-se-ulqinit-pa-te-drejte-dhe-kujt-sherbe-kj\/","og_site_name":"Lajme nga Ulqini","article_published_time":"2015-08-01T11:18:03+00:00","og_image":[{"url":"http:\/\/www.visit-ulcinj.com\/blog\/wp-content\/uploads\/2015\/08\/Duam-Pune-ne-Ulqin.jpg"}],"twitter_misc":{"Written by":"ulqini","Est. reading time":"5 minutes"},"schema":{"@context":"https:\/\/schema.org","@graph":[{"@type":"WebSite","@id":"https:\/\/www.visit-ulcinj.com\/blog\/#website","url":"https:\/\/www.visit-ulcinj.com\/blog\/","name":"Lajme nga Ulqini","description":"Lajme,Vijesti,Ulqini,Ulqin,Crna Gora,Mali i Zi","potentialAction":[{"@type":"SearchAction","target":{"@type":"EntryPoint","urlTemplate":"https:\/\/www.visit-ulcinj.com\/blog\/?s={search_term_string}"},"query-input":"required name=search_term_string"}],"inLanguage":"en-US"},{"@type":"ImageObject","inLanguage":"en-US","@id":"https:\/\/www.visit-ulcinj.com\/blog\/2015\/08\/01\/perse-dikush-po-krijon-terror-mediatik-mbi-te-punesuarit-e-komunes-se-ulqinit-pa-te-drejte-dhe-kujt-sherbe-kj\/#primaryimage","url":"http:\/\/www.visit-ulcinj.com\/blog\/wp-content\/uploads\/2015\/08\/Duam-Pune-ne-Ulqin.jpg","contentUrl":"http:\/\/www.visit-ulcinj.com\/blog\/wp-content\/uploads\/2015\/08\/Duam-Pune-ne-Ulqin.jpg"},{"@type":"WebPage","@id":"https:\/\/www.visit-ulcinj.com\/blog\/2015\/08\/01\/perse-dikush-po-krijon-terror-mediatik-mbi-te-punesuarit-e-komunes-se-ulqinit-pa-te-drejte-dhe-kujt-sherbe-kj\/#webpage","url":"https:\/\/www.visit-ulcinj.com\/blog\/2015\/08\/01\/perse-dikush-po-krijon-terror-mediatik-mbi-te-punesuarit-e-komunes-se-ulqinit-pa-te-drejte-dhe-kujt-sherbe-kj\/","name":"P\u00ebrse dikush po krijon terror mediatik mbi t\u00eb pun\u00ebsuarit e komun\u00ebs s\u00eb Ulqinit- pa t\u00eb drejt\u00eb ?!!! dhe kujt i sh\u00ebrbe kj. ..?!! - Lajme nga Ulqini","isPartOf":{"@id":"https:\/\/www.visit-ulcinj.com\/blog\/#website"},"primaryImageOfPage":{"@id":"https:\/\/www.visit-ulcinj.com\/blog\/2015\/08\/01\/perse-dikush-po-krijon-terror-mediatik-mbi-te-punesuarit-e-komunes-se-ulqinit-pa-te-drejte-dhe-kujt-sherbe-kj\/#primaryimage"},"datePublished":"2015-08-01T11:18:03+00:00","dateModified":"2015-08-01T11:18:03+00:00","author":{"@id":"https:\/\/www.visit-ulcinj.com\/blog\/#\/schema\/person\/dcab619c614d3038751c63bc2aadc06d"},"description":"Shkruan Muhamet Nika Besojm\u00eb q\u00eb jeni dakord me ne kur themi se gj\u00ebja m\u00eb e sh\u00ebmtuar dhe e neveritshme n\u00eb jet\u00eb p\u00ebr nga natyra njer\u00ebzore duhet t\u00eb jen\u00eb","breadcrumb":{"@id":"https:\/\/www.visit-ulcinj.com\/blog\/2015\/08\/01\/perse-dikush-po-krijon-terror-mediatik-mbi-te-punesuarit-e-komunes-se-ulqinit-pa-te-drejte-dhe-kujt-sherbe-kj\/#breadcrumb"},"inLanguage":"en-US","potentialAction":[{"@type":"ReadAction","target":["https:\/\/www.visit-ulcinj.com\/blog\/2015\/08\/01\/perse-dikush-po-krijon-terror-mediatik-mbi-te-punesuarit-e-komunes-se-ulqinit-pa-te-drejte-dhe-kujt-sherbe-kj\/"]}]},{"@type":"BreadcrumbList","@id":"https:\/\/www.visit-ulcinj.com\/blog\/2015\/08\/01\/perse-dikush-po-krijon-terror-mediatik-mbi-te-punesuarit-e-komunes-se-ulqinit-pa-te-drejte-dhe-kujt-sherbe-kj\/#breadcrumb","itemListElement":[{"@type":"ListItem","position":1,"name":"P\u00ebrse dikush po krijon terror mediatik mbi t\u00eb pun\u00ebsuarit e komun\u00ebs s\u00eb Ulqinit- pa t\u00eb drejt\u00eb ?!!! dhe kujt i sh\u00ebrbe kj. ..?!!"}]},{"@type":"Person","@id":"https:\/\/www.visit-ulcinj.com\/blog\/#\/schema\/person\/dcab619c614d3038751c63bc2aadc06d","name":"ulqini","sameAs":["http:\/\/www.visit-ulcinj.com"],"url":"https:\/\/www.visit-ulcinj.com\/blog\/author\/admin\/"}]}},"jetpack_featured_media_url":"","jetpack_sharing_enabled":true,"jetpack_shortlink":"https:\/\/wp.me\/pe6lTn-nVl","_links":{"self":[{"href":"https:\/\/www.visit-ulcinj.com\/blog\/wp-json\/wp\/v2\/posts\/91967"}],"collection":[{"href":"https:\/\/www.visit-ulcinj.com\/blog\/wp-json\/wp\/v2\/posts"}],"about":[{"href":"https:\/\/www.visit-ulcinj.com\/blog\/wp-json\/wp\/v2\/types\/post"}],"author":[{"embeddable":true,"href":"https:\/\/www.visit-ulcinj.com\/blog\/wp-json\/wp\/v2\/users\/1"}],"replies":[{"embeddable":true,"href":"https:\/\/www.visit-ulcinj.com\/blog\/wp-json\/wp\/v2\/comments?post=91967"}],"version-history":[{"count":1,"href":"https:\/\/www.visit-ulcinj.com\/blog\/wp-json\/wp\/v2\/posts\/91967\/revisions"}],"predecessor-version":[{"id":91969,"href":"https:\/\/www.visit-ulcinj.com\/blog\/wp-json\/wp\/v2\/posts\/91967\/revisions\/91969"}],"wp:attachment":[{"href":"https:\/\/www.visit-ulcinj.com\/blog\/wp-json\/wp\/v2\/media?parent=91967"}],"wp:term":[{"taxonomy":"category","embeddable":true,"href":"https:\/\/www.visit-ulcinj.com\/blog\/wp-json\/wp\/v2\/categories?post=91967"},{"taxonomy":"post_tag","embeddable":true,"href":"https:\/\/www.visit-ulcinj.com\/blog\/wp-json\/wp\/v2\/tags?post=91967"}],"curies":[{"name":"wp","href":"https:\/\/api.w.org\/{rel}","templated":true}]}}