{"id":91976,"date":"2015-08-01T14:02:12","date_gmt":"2015-08-01T13:02:12","guid":{"rendered":"http:\/\/www.visit-ulcinj.com\/blog\/?p=91976"},"modified":"2015-08-01T15:41:21","modified_gmt":"2015-08-01T14:41:21","slug":"arrestohet-tuna-dhe-cozman-ne-ulqin-kapen-marihuane","status":"publish","type":"post","link":"https:\/\/www.visit-ulcinj.com\/blog\/2015\/08\/01\/arrestohet-tuna-dhe-cozman-ne-ulqin-kapen-marihuane\/","title":{"rendered":"Arrestohet Tuna dhe Cozman n\u00eb Ulqin, kap\u00ebn me marihuan\u00eb"},"content":{"rendered":"<p><a href=\"http:\/\/www.visit-ulcinj.com\/blog\/wp-content\/uploads\/2014\/07\/TUNA.COZMAN-ULQIN.jpg\"><img loading=\"lazy\" class=\"alignleft wp-image-83868\" src=\"http:\/\/www.visit-ulcinj.com\/blog\/wp-content\/uploads\/2014\/07\/TUNA.COZMAN-ULQIN.jpg\" alt=\"TUNA.COZMAN-ULQIN\" width=\"508\" height=\"283\" \/><\/a>Problemet e Tun\u00ebs dhe t\u00eb dashurit t\u00eb saj, Cozman, nuk kan\u00eb t\u00eb ndalur. Burime t\u00eb Indeksonline thon\u00eb se policia malazeze mbr\u00ebm\u00eb e ka arrestuar Tun\u00ebn dhe Cozmanin n\u00eb Ulqin pasi q\u00eb tek ata \u00ebsht\u00eb gjetur l\u00ebnd\u00eb narkotike marihuan\u00eb.<\/p>\n<p>Kjo ka ndikuar q\u00eb mbr\u00ebmja e organizuar n\u00eb Ulqin t\u00eb d\u00ebshtoj\u00eb.<\/p>\n<p>T\u00eb kujtojm\u00eb se Tuna dhe Cozman jav\u00eb m\u00eb par\u00eb jan\u00eb kapur edhe n\u00eb Tiran\u00eb me \u201cbari\u201d, bile Cozman u liruar vet\u00ebm pasi q\u00eb pagoi mij\u00ebra euro dor\u00ebzani.<\/p>\n<p><a href=\"http:\/\/www.visit-ulcinj.com\/blog\/wp-content\/uploads\/2015\/08\/Cozman-Ulqin.jpg\"><img loading=\"lazy\" class=\"alignleft wp-image-91979\" src=\"http:\/\/www.visit-ulcinj.com\/blog\/wp-content\/uploads\/2015\/08\/Cozman-Ulqin.jpg\" alt=\"Cozman-Ulqin\" width=\"508\" height=\"376\" \/><\/a><\/p>\n<p>E kjo goditje p\u00ebr \u00e7iftin e famsh\u00ebm t\u00eb estrad\u00ebs vije n\u00eb nj\u00eb koh\u00eb jo fort t\u00eb mir\u00eb p\u00ebr ta, pasi q\u00eb ve\u00e7sa kan\u00eb publikuar projektin e ri \u201cHolla\u201d.<\/p>\n<p><strong>Shekulli<\/strong><\/p>\n<!--YouTube Error: bad URL entered-->\n","protected":false},"excerpt":{"rendered":"<p>Problemet e Tun\u00ebs dhe t\u00eb dashurit t\u00eb saj, Cozman, nuk kan\u00eb t\u00eb ndalur. Burime t\u00eb Indeksonline thon\u00eb se policia malazeze mbr\u00ebm\u00eb e ka arrestuar Tun\u00ebn dhe Cozmanin n\u00eb Ulqin pasi q\u00eb tek ata \u00ebsht\u00eb gjetur l\u00ebnd\u00eb narkotike marihuan\u00eb. Kjo ka ndikuar q\u00eb mbr\u00ebmja e organizuar n\u00eb Ulqin t\u00eb d\u00ebshtoj\u00eb. T\u00eb kujtojm\u00eb se Tuna dhe Cozman [&hellip;]<\/p>\n","protected":false},"author":1,"featured_media":0,"comment_status":"closed","ping_status":"closed","sticky":false,"template":"","format":"standard","meta":{"spay_email":"","jetpack_publicize_message":"","jetpack_is_tweetstorm":false,"jetpack_publicize_feature_enabled":true},"categories":[1],"tags":[],"jetpack_publicize_connections":[],"yoast_head":"<!-- This site is optimized with the Yoast SEO plugin v19.1 - https:\/\/yoast.com\/wordpress\/plugins\/seo\/ -->\n<title>Arrestohet Tuna dhe Cozman n\u00eb Ulqin, kap\u00ebn me marihuan\u00eb - Lajme nga Ulqini<\/title>\n<meta name=\"description\" content=\"Problemet e Tun\u00ebs dhe t\u00eb dashurit t\u00eb saj, Cozman, nuk kan\u00eb t\u00eb ndalur. Burime t\u00eb Indeksonline thon\u00eb se policia malazeze mbr\u00ebm\u00eb e ka arrestuar Tun\u00ebn dhe\" \/>\n<meta name=\"robots\" content=\"index, follow, max-snippet:-1, max-image-preview:large, max-video-preview:-1\" \/>\n<link rel=\"canonical\" href=\"https:\/\/www.visit-ulcinj.com\/blog\/2015\/08\/01\/arrestohet-tuna-dhe-cozman-ne-ulqin-kapen-marihuane\/\" \/>\n<meta property=\"og:locale\" content=\"en_US\" \/>\n<meta property=\"og:type\" content=\"article\" \/>\n<meta property=\"og:title\" content=\"Arrestohet Tuna dhe Cozman n\u00eb Ulqin, kap\u00ebn me marihuan\u00eb - Lajme nga Ulqini\" \/>\n<meta property=\"og:description\" content=\"Problemet e Tun\u00ebs dhe t\u00eb dashurit t\u00eb saj, Cozman, nuk kan\u00eb t\u00eb ndalur. Burime t\u00eb Indeksonline thon\u00eb se policia malazeze mbr\u00ebm\u00eb e ka arrestuar Tun\u00ebn dhe\" \/>\n<meta property=\"og:url\" content=\"https:\/\/www.visit-ulcinj.com\/blog\/2015\/08\/01\/arrestohet-tuna-dhe-cozman-ne-ulqin-kapen-marihuane\/\" \/>\n<meta property=\"og:site_name\" content=\"Lajme nga Ulqini\" \/>\n<meta property=\"article:published_time\" content=\"2015-08-01T13:02:12+00:00\" \/>\n<meta property=\"article:modified_time\" content=\"2015-08-01T14:41:21+00:00\" \/>\n<meta property=\"og:image\" content=\"http:\/\/www.visit-ulcinj.com\/blog\/wp-content\/uploads\/2014\/07\/TUNA.COZMAN-ULQIN.jpg\" \/>\n<meta name=\"twitter:label1\" content=\"Written by\" \/>\n\t<meta name=\"twitter:data1\" content=\"ulqini\" \/>\n\t<meta name=\"twitter:label2\" content=\"Est. reading time\" \/>\n\t<meta name=\"twitter:data2\" content=\"1 minute\" \/>\n<script type=\"application\/ld+json\" class=\"yoast-schema-graph\">{\"@context\":\"https:\/\/schema.org\",\"@graph\":[{\"@type\":\"WebSite\",\"@id\":\"https:\/\/www.visit-ulcinj.com\/blog\/#website\",\"url\":\"https:\/\/www.visit-ulcinj.com\/blog\/\",\"name\":\"Lajme nga Ulqini\",\"description\":\"Lajme,Vijesti,Ulqini,Ulqin,Crna Gora,Mali i Zi\",\"potentialAction\":[{\"@type\":\"SearchAction\",\"target\":{\"@type\":\"EntryPoint\",\"urlTemplate\":\"https:\/\/www.visit-ulcinj.com\/blog\/?s={search_term_string}\"},\"query-input\":\"required name=search_term_string\"}],\"inLanguage\":\"en-US\"},{\"@type\":\"ImageObject\",\"inLanguage\":\"en-US\",\"@id\":\"https:\/\/www.visit-ulcinj.com\/blog\/2015\/08\/01\/arrestohet-tuna-dhe-cozman-ne-ulqin-kapen-marihuane\/#primaryimage\",\"url\":\"http:\/\/www.visit-ulcinj.com\/blog\/wp-content\/uploads\/2014\/07\/TUNA.COZMAN-ULQIN.jpg\",\"contentUrl\":\"http:\/\/www.visit-ulcinj.com\/blog\/wp-content\/uploads\/2014\/07\/TUNA.COZMAN-ULQIN.jpg\"},{\"@type\":\"WebPage\",\"@id\":\"https:\/\/www.visit-ulcinj.com\/blog\/2015\/08\/01\/arrestohet-tuna-dhe-cozman-ne-ulqin-kapen-marihuane\/#webpage\",\"url\":\"https:\/\/www.visit-ulcinj.com\/blog\/2015\/08\/01\/arrestohet-tuna-dhe-cozman-ne-ulqin-kapen-marihuane\/\",\"name\":\"Arrestohet Tuna dhe Cozman n\u00eb Ulqin, kap\u00ebn me marihuan\u00eb - Lajme nga Ulqini\",\"isPartOf\":{\"@id\":\"https:\/\/www.visit-ulcinj.com\/blog\/#website\"},\"primaryImageOfPage\":{\"@id\":\"https:\/\/www.visit-ulcinj.com\/blog\/2015\/08\/01\/arrestohet-tuna-dhe-cozman-ne-ulqin-kapen-marihuane\/#primaryimage\"},\"datePublished\":\"2015-08-01T13:02:12+00:00\",\"dateModified\":\"2015-08-01T14:41:21+00:00\",\"author\":{\"@id\":\"https:\/\/www.visit-ulcinj.com\/blog\/#\/schema\/person\/dcab619c614d3038751c63bc2aadc06d\"},\"description\":\"Problemet e Tun\u00ebs dhe t\u00eb dashurit t\u00eb saj, Cozman, nuk kan\u00eb t\u00eb ndalur. Burime t\u00eb Indeksonline thon\u00eb se policia malazeze mbr\u00ebm\u00eb e ka arrestuar Tun\u00ebn dhe\",\"breadcrumb\":{\"@id\":\"https:\/\/www.visit-ulcinj.com\/blog\/2015\/08\/01\/arrestohet-tuna-dhe-cozman-ne-ulqin-kapen-marihuane\/#breadcrumb\"},\"inLanguage\":\"en-US\",\"potentialAction\":[{\"@type\":\"ReadAction\",\"target\":[\"https:\/\/www.visit-ulcinj.com\/blog\/2015\/08\/01\/arrestohet-tuna-dhe-cozman-ne-ulqin-kapen-marihuane\/\"]}]},{\"@type\":\"BreadcrumbList\",\"@id\":\"https:\/\/www.visit-ulcinj.com\/blog\/2015\/08\/01\/arrestohet-tuna-dhe-cozman-ne-ulqin-kapen-marihuane\/#breadcrumb\",\"itemListElement\":[{\"@type\":\"ListItem\",\"position\":1,\"name\":\"Arrestohet Tuna dhe Cozman n\u00eb Ulqin, kap\u00ebn me marihuan\u00eb\"}]},{\"@type\":\"Person\",\"@id\":\"https:\/\/www.visit-ulcinj.com\/blog\/#\/schema\/person\/dcab619c614d3038751c63bc2aadc06d\",\"name\":\"ulqini\",\"sameAs\":[\"http:\/\/www.visit-ulcinj.com\"],\"url\":\"https:\/\/www.visit-ulcinj.com\/blog\/author\/admin\/\"}]}<\/script>\n<!-- \/ Yoast SEO plugin. -->","yoast_head_json":{"title":"Arrestohet Tuna dhe Cozman n\u00eb Ulqin, kap\u00ebn me marihuan\u00eb - Lajme nga Ulqini","description":"Problemet e Tun\u00ebs dhe t\u00eb dashurit t\u00eb saj, Cozman, nuk kan\u00eb t\u00eb ndalur. Burime t\u00eb Indeksonline thon\u00eb se policia malazeze mbr\u00ebm\u00eb e ka arrestuar Tun\u00ebn dhe","robots":{"index":"index","follow":"follow","max-snippet":"max-snippet:-1","max-image-preview":"max-image-preview:large","max-video-preview":"max-video-preview:-1"},"canonical":"https:\/\/www.visit-ulcinj.com\/blog\/2015\/08\/01\/arrestohet-tuna-dhe-cozman-ne-ulqin-kapen-marihuane\/","og_locale":"en_US","og_type":"article","og_title":"Arrestohet Tuna dhe Cozman n\u00eb Ulqin, kap\u00ebn me marihuan\u00eb - Lajme nga Ulqini","og_description":"Problemet e Tun\u00ebs dhe t\u00eb dashurit t\u00eb saj, Cozman, nuk kan\u00eb t\u00eb ndalur. Burime t\u00eb Indeksonline thon\u00eb se policia malazeze mbr\u00ebm\u00eb e ka arrestuar Tun\u00ebn dhe","og_url":"https:\/\/www.visit-ulcinj.com\/blog\/2015\/08\/01\/arrestohet-tuna-dhe-cozman-ne-ulqin-kapen-marihuane\/","og_site_name":"Lajme nga Ulqini","article_published_time":"2015-08-01T13:02:12+00:00","article_modified_time":"2015-08-01T14:41:21+00:00","og_image":[{"url":"http:\/\/www.visit-ulcinj.com\/blog\/wp-content\/uploads\/2014\/07\/TUNA.COZMAN-ULQIN.jpg"}],"twitter_misc":{"Written by":"ulqini","Est. reading time":"1 minute"},"schema":{"@context":"https:\/\/schema.org","@graph":[{"@type":"WebSite","@id":"https:\/\/www.visit-ulcinj.com\/blog\/#website","url":"https:\/\/www.visit-ulcinj.com\/blog\/","name":"Lajme nga Ulqini","description":"Lajme,Vijesti,Ulqini,Ulqin,Crna Gora,Mali i Zi","potentialAction":[{"@type":"SearchAction","target":{"@type":"EntryPoint","urlTemplate":"https:\/\/www.visit-ulcinj.com\/blog\/?s={search_term_string}"},"query-input":"required name=search_term_string"}],"inLanguage":"en-US"},{"@type":"ImageObject","inLanguage":"en-US","@id":"https:\/\/www.visit-ulcinj.com\/blog\/2015\/08\/01\/arrestohet-tuna-dhe-cozman-ne-ulqin-kapen-marihuane\/#primaryimage","url":"http:\/\/www.visit-ulcinj.com\/blog\/wp-content\/uploads\/2014\/07\/TUNA.COZMAN-ULQIN.jpg","contentUrl":"http:\/\/www.visit-ulcinj.com\/blog\/wp-content\/uploads\/2014\/07\/TUNA.COZMAN-ULQIN.jpg"},{"@type":"WebPage","@id":"https:\/\/www.visit-ulcinj.com\/blog\/2015\/08\/01\/arrestohet-tuna-dhe-cozman-ne-ulqin-kapen-marihuane\/#webpage","url":"https:\/\/www.visit-ulcinj.com\/blog\/2015\/08\/01\/arrestohet-tuna-dhe-cozman-ne-ulqin-kapen-marihuane\/","name":"Arrestohet Tuna dhe Cozman n\u00eb Ulqin, kap\u00ebn me marihuan\u00eb - Lajme nga Ulqini","isPartOf":{"@id":"https:\/\/www.visit-ulcinj.com\/blog\/#website"},"primaryImageOfPage":{"@id":"https:\/\/www.visit-ulcinj.com\/blog\/2015\/08\/01\/arrestohet-tuna-dhe-cozman-ne-ulqin-kapen-marihuane\/#primaryimage"},"datePublished":"2015-08-01T13:02:12+00:00","dateModified":"2015-08-01T14:41:21+00:00","author":{"@id":"https:\/\/www.visit-ulcinj.com\/blog\/#\/schema\/person\/dcab619c614d3038751c63bc2aadc06d"},"description":"Problemet e Tun\u00ebs dhe t\u00eb dashurit t\u00eb saj, Cozman, nuk kan\u00eb t\u00eb ndalur. Burime t\u00eb Indeksonline thon\u00eb se policia malazeze mbr\u00ebm\u00eb e ka arrestuar Tun\u00ebn dhe","breadcrumb":{"@id":"https:\/\/www.visit-ulcinj.com\/blog\/2015\/08\/01\/arrestohet-tuna-dhe-cozman-ne-ulqin-kapen-marihuane\/#breadcrumb"},"inLanguage":"en-US","potentialAction":[{"@type":"ReadAction","target":["https:\/\/www.visit-ulcinj.com\/blog\/2015\/08\/01\/arrestohet-tuna-dhe-cozman-ne-ulqin-kapen-marihuane\/"]}]},{"@type":"BreadcrumbList","@id":"https:\/\/www.visit-ulcinj.com\/blog\/2015\/08\/01\/arrestohet-tuna-dhe-cozman-ne-ulqin-kapen-marihuane\/#breadcrumb","itemListElement":[{"@type":"ListItem","position":1,"name":"Arrestohet Tuna dhe Cozman n\u00eb Ulqin, kap\u00ebn me marihuan\u00eb"}]},{"@type":"Person","@id":"https:\/\/www.visit-ulcinj.com\/blog\/#\/schema\/person\/dcab619c614d3038751c63bc2aadc06d","name":"ulqini","sameAs":["http:\/\/www.visit-ulcinj.com"],"url":"https:\/\/www.visit-ulcinj.com\/blog\/author\/admin\/"}]}},"jetpack_featured_media_url":"","jetpack_sharing_enabled":true,"jetpack_shortlink":"https:\/\/wp.me\/pe6lTn-nVu","_links":{"self":[{"href":"https:\/\/www.visit-ulcinj.com\/blog\/wp-json\/wp\/v2\/posts\/91976"}],"collection":[{"href":"https:\/\/www.visit-ulcinj.com\/blog\/wp-json\/wp\/v2\/posts"}],"about":[{"href":"https:\/\/www.visit-ulcinj.com\/blog\/wp-json\/wp\/v2\/types\/post"}],"author":[{"embeddable":true,"href":"https:\/\/www.visit-ulcinj.com\/blog\/wp-json\/wp\/v2\/users\/1"}],"replies":[{"embeddable":true,"href":"https:\/\/www.visit-ulcinj.com\/blog\/wp-json\/wp\/v2\/comments?post=91976"}],"version-history":[{"count":4,"href":"https:\/\/www.visit-ulcinj.com\/blog\/wp-json\/wp\/v2\/posts\/91976\/revisions"}],"predecessor-version":[{"id":91981,"href":"https:\/\/www.visit-ulcinj.com\/blog\/wp-json\/wp\/v2\/posts\/91976\/revisions\/91981"}],"wp:attachment":[{"href":"https:\/\/www.visit-ulcinj.com\/blog\/wp-json\/wp\/v2\/media?parent=91976"}],"wp:term":[{"taxonomy":"category","embeddable":true,"href":"https:\/\/www.visit-ulcinj.com\/blog\/wp-json\/wp\/v2\/categories?post=91976"},{"taxonomy":"post_tag","embeddable":true,"href":"https:\/\/www.visit-ulcinj.com\/blog\/wp-json\/wp\/v2\/tags?post=91976"}],"curies":[{"name":"wp","href":"https:\/\/api.w.org\/{rel}","templated":true}]}}