{"id":91983,"date":"2015-08-01T14:26:38","date_gmt":"2015-08-01T13:26:38","guid":{"rendered":"http:\/\/www.visit-ulcinj.com\/blog\/?p=91983"},"modified":"2015-08-01T14:26:38","modified_gmt":"2015-08-01T13:26:38","slug":"radha-kilometrike-dje-ne-kufirin-sukubin-muriqan","status":"publish","type":"post","link":"https:\/\/www.visit-ulcinj.com\/blog\/2015\/08\/01\/radha-kilometrike-dje-ne-kufirin-sukubin-muriqan\/","title":{"rendered":"Radha kilometrike dje n\u00eb kufirin Sukubin &#8211; Muriqan"},"content":{"rendered":"<div id=\"stcpDiv\"><strong>Radh\u00eb kaotike n\u00eb kufijt\u00eb me Malin e Zi, me or\u00eb t\u00eb t\u00ebra n\u00ebn diellin e nxeht\u00eb<\/strong><\/div>\n<div><a href=\"http:\/\/www.visit-ulcinj.com\/blog\/wp-content\/uploads\/2015\/08\/Kufiri-Sukobin-Muriqan.jpg\"><img loading=\"lazy\" class=\"alignleft wp-image-91984\" src=\"http:\/\/www.visit-ulcinj.com\/blog\/wp-content\/uploads\/2015\/08\/Kufiri-Sukobin-Muriqan.jpg\" alt=\"Kufiri-Sukobin-Muriqan\" width=\"508\" height=\"286\" \/><\/a><\/div>\n<div><\/div>\n<div>\n<div id=\"stcpDiv\">Qytetar\u00ebt q\u00eb presin p\u00ebr t\u00eb kaluar kufirin jan\u00eb kryesisht shtetas t\u00eb Kosov\u00ebs, q\u00eb jetojn\u00eb n\u00eb Gjermani dhe Zvic\u00ebr, por nj\u00eb pjes\u00eb e mir\u00eb e tyre jan\u00eb edhe turist\u00eb nga vende t\u00eb ndryshme q\u00eb i drejtohen Ulqinit. Ata faj\u00ebsojn\u00eb autoritetet shqiptare p\u00ebr k\u00ebt\u00eb situat\u00eb t\u00eb r\u00ebnduar. Sipas tyre, n\u00eb pik\u00ebn ton\u00eb kufitare punohet me nj\u00eb sportel.<\/p>\n<p>Sezoni turistik ka shkaktuar radh\u00eb kilometrike t\u00eb automjeteve q\u00eb k\u00ebrkonin t\u00eb hynin n\u00eb Shqip\u00ebri dhe anasjelltas p\u00ebrmes dogan\u00ebs s\u00eb Muriqanit. Kjo situat\u00eb q\u00eb vazhdon prej kat\u00ebr dit\u00ebsh \u00ebsht\u00eb krijuar n\u00eb t\u00eb dy an\u00ebt e kufirit n\u00eb at\u00eb shqiptar dhe t\u00eb Malit t\u00eb Zi, nd\u00ebrsa pritja e nj\u00eb automjeti varionte nga 3 deri n\u00eb 5 or\u00eb.<\/p>\n<p>Qytetar\u00ebt q\u00eb presin p\u00ebr t\u00eb kaluar kufirin jan\u00eb kryesisht shtetas t\u00eb Kosov\u00ebs, q\u00eb jetojn\u00eb n\u00eb Gjermani dhe Zvic\u00ebr, por nj\u00eb pjes\u00eb e mir\u00eb e tyre jan\u00eb edhe turist\u00eb nga vende t\u00eb ndryshme q\u00eb i drejtohen Ulqinit.<br \/>\nQytetar\u00eb nga Kosova, Mali i Zi, si dhe turist\u00ebt e huaj t\u00eb cil\u00ebt kan\u00eb zgjedhur t\u00eb kalojn\u00eb p\u00ebrmes Muriqanit p\u00ebr t\u00eb kaluar pushimet n\u00eb bregdetin shqiptar, kan\u00eb mbetur t\u00eb bllokuar p\u00ebr m\u00eb shum\u00eb se 3 or\u00eb n\u00eb pik\u00ebn kufitare.<\/p>\n<p>Duke q\u00ebndruar p\u00ebr disa or\u00eb n\u00eb mes t\u00eb vap\u00ebs, drejtuesit e automjeteve shpeshher\u00eb n\u00eb shenj\u00eb pak\u00ebnaq\u00ebsie kan\u00eb mbajtur t\u00eb shtypur p\u00ebr disa minuta borit\u00eb e makinave. Ve\u00e7an\u00ebrisht fundjava shton l\u00ebvizjet dhe n\u00ebse do t\u00eb ndiqet kjo praktik\u00eb, situata do t\u00eb jet\u00eb m\u00eb kaotike n\u00eb k\u00ebt\u00eb pik\u00eb kalimi kufitar.<br \/>\nSipas qytetar\u00ebve, t\u00eb cil\u00ebt prej disa or\u00ebsh q\u00ebndrojn\u00eb n\u00eb pritje t\u00eb kalimit t\u00eb kufirit, deri tani nuk \u00ebsht\u00eb shfaqur asnj\u00eb nga punonj\u00ebsit e policis\u00eb apo personat p\u00ebrgjegj\u00ebs p\u00ebr t\u2019i sqaruar, se cili \u00ebsht\u00eb problemi i krijimit t\u00eb k\u00ebtyre radh\u00ebve t\u00eb gjata.<\/p>\n<p>Sipas d\u00ebshmive t\u00eb qytetar\u00ebve, b\u00ebhet e ditur se prej disa or\u00ebsh jan\u00eb krijuar k\u00ebto radh\u00eb t\u00eb gjata, ku makinat e fundit as nuk e shohin dot kufirin.<br \/>\nF\u00ebmij\u00eb e t\u00eb moshuar jan\u00eb t\u00eb detyruar t\u00eb q\u00ebndrojn\u00eb n\u00eb mes t\u00eb vap\u00ebs dhe disa prej tyre kan\u00eb patur edhe probleme sh\u00ebndet\u00ebsore. Shqet\u00ebsimi i tyre \u00ebsht\u00eb se nuk din\u00eb asgj\u00eb se \u00e7far\u00eb do t\u00eb b\u00ebhet p\u00ebr zgjidhjen e k\u00ebsaj situate.<\/p>\n<p>\u201cVij prej Prishtine dhe dua t\u00eb shkoj n\u00eb Ulqin p\u00ebr pushime. Kam kat\u00ebr or\u00eb q\u00eb rri k\u00ebtu n\u00eb mes t\u00eb vap\u00ebs me familjen time. Nuk durohet m\u00eb, f\u00ebmij\u00ebt po plasin nga vapa. Askush nuk interesohet p\u00ebr ne\u201d, thot\u00eb nj\u00eb pushues nga Kosova.<br \/>\nUdh\u00ebtar\u00ebt faj\u00ebsojn\u00eb autoritetet shqiptare p\u00ebr k\u00ebt\u00eb situat\u00eb t\u00eb r\u00ebnduar. Sipas tyre, n\u00eb pik\u00ebn ton\u00eb kufitare punohet me nj\u00eb sportel, nd\u00ebrsa n\u00eb k\u00ebt\u00eb koh\u00eb t\u00eb kulmit t\u00eb sezonit turistik duhej t\u00eb viheshin n\u00eb pun\u00eb m\u00eb shum\u00eb sportele p\u00ebr t\u00eb shmangur radh\u00ebt e gjata.<\/p>\n<p>Nd\u00ebrsa autoritetet shqiptare faj\u00ebsojn\u00eb shtetin malazez p\u00ebr nj\u00eb urdh\u00ebr t\u00eb papritur nga Ministria e Brendshme e Malit t\u00eb Zi.<\/p>\n<p>Sipas k\u00ebtij urdhri, pasaportat e shtetasve q\u00eb kalojn\u00eb kufirin nga kontroll i p\u00ebrshpejtuar ka kaluar n\u00eb kontroll normal. Kaq ka mjaftuar q\u00eb radh\u00ebt n\u00eb pik\u00ebn e kalimit kufitar Muriqan-Sukobin\u00eb t\u2019i kalojn\u00eb 5 kilometra.<\/p><\/div>\n<div><\/div>\n<div><strong>NAO.al<\/strong><\/div>\n<\/div>\n","protected":false},"excerpt":{"rendered":"<p>Radh\u00eb kaotike n\u00eb kufijt\u00eb me Malin e Zi, me or\u00eb t\u00eb t\u00ebra n\u00ebn diellin e nxeht\u00eb Qytetar\u00ebt q\u00eb presin p\u00ebr t\u00eb kaluar kufirin jan\u00eb kryesisht shtetas t\u00eb Kosov\u00ebs, q\u00eb jetojn\u00eb n\u00eb Gjermani dhe Zvic\u00ebr, por nj\u00eb pjes\u00eb e mir\u00eb e tyre jan\u00eb edhe turist\u00eb nga vende t\u00eb ndryshme q\u00eb i drejtohen Ulqinit. Ata faj\u00ebsojn\u00eb autoritetet [&hellip;]<\/p>\n","protected":false},"author":1,"featured_media":0,"comment_status":"closed","ping_status":"closed","sticky":false,"template":"","format":"standard","meta":{"spay_email":"","jetpack_publicize_message":"","jetpack_is_tweetstorm":false,"jetpack_publicize_feature_enabled":true},"categories":[6950],"tags":[],"jetpack_publicize_connections":[],"yoast_head":"<!-- This site is optimized with the Yoast SEO plugin v19.1 - https:\/\/yoast.com\/wordpress\/plugins\/seo\/ -->\n<title>Radha kilometrike dje n\u00eb kufirin Sukubin - Muriqan - Lajme nga Ulqini<\/title>\n<meta name=\"description\" content=\"Radh\u00eb kaotike n\u00eb kufijt\u00eb me Malin e Zi, me or\u00eb t\u00eb t\u00ebra n\u00ebn diellin e nxeht\u00eb Qytetar\u00ebt q\u00eb presin p\u00ebr t\u00eb kaluar kufirin jan\u00eb kryesisht shtetas t\u00eb Kosov\u00ebs,\" \/>\n<meta name=\"robots\" content=\"index, follow, max-snippet:-1, max-image-preview:large, max-video-preview:-1\" \/>\n<link rel=\"canonical\" href=\"https:\/\/www.visit-ulcinj.com\/blog\/2015\/08\/01\/radha-kilometrike-dje-ne-kufirin-sukubin-muriqan\/\" \/>\n<meta property=\"og:locale\" content=\"en_US\" \/>\n<meta property=\"og:type\" content=\"article\" \/>\n<meta property=\"og:title\" content=\"Radha kilometrike dje n\u00eb kufirin Sukubin - Muriqan - Lajme nga Ulqini\" \/>\n<meta property=\"og:description\" content=\"Radh\u00eb kaotike n\u00eb kufijt\u00eb me Malin e Zi, me or\u00eb t\u00eb t\u00ebra n\u00ebn diellin e nxeht\u00eb Qytetar\u00ebt q\u00eb presin p\u00ebr t\u00eb kaluar kufirin jan\u00eb kryesisht shtetas t\u00eb Kosov\u00ebs,\" \/>\n<meta property=\"og:url\" content=\"https:\/\/www.visit-ulcinj.com\/blog\/2015\/08\/01\/radha-kilometrike-dje-ne-kufirin-sukubin-muriqan\/\" \/>\n<meta property=\"og:site_name\" content=\"Lajme nga Ulqini\" \/>\n<meta property=\"article:published_time\" content=\"2015-08-01T13:26:38+00:00\" \/>\n<meta property=\"og:image\" content=\"http:\/\/www.visit-ulcinj.com\/blog\/wp-content\/uploads\/2015\/08\/Kufiri-Sukobin-Muriqan.jpg\" \/>\n<meta name=\"twitter:label1\" content=\"Written by\" \/>\n\t<meta name=\"twitter:data1\" content=\"ulqini\" \/>\n\t<meta name=\"twitter:label2\" content=\"Est. reading time\" \/>\n\t<meta name=\"twitter:data2\" content=\"3 minutes\" \/>\n<script type=\"application\/ld+json\" class=\"yoast-schema-graph\">{\"@context\":\"https:\/\/schema.org\",\"@graph\":[{\"@type\":\"WebSite\",\"@id\":\"https:\/\/www.visit-ulcinj.com\/blog\/#website\",\"url\":\"https:\/\/www.visit-ulcinj.com\/blog\/\",\"name\":\"Lajme nga Ulqini\",\"description\":\"Lajme,Vijesti,Ulqini,Ulqin,Crna Gora,Mali i Zi\",\"potentialAction\":[{\"@type\":\"SearchAction\",\"target\":{\"@type\":\"EntryPoint\",\"urlTemplate\":\"https:\/\/www.visit-ulcinj.com\/blog\/?s={search_term_string}\"},\"query-input\":\"required name=search_term_string\"}],\"inLanguage\":\"en-US\"},{\"@type\":\"ImageObject\",\"inLanguage\":\"en-US\",\"@id\":\"https:\/\/www.visit-ulcinj.com\/blog\/2015\/08\/01\/radha-kilometrike-dje-ne-kufirin-sukubin-muriqan\/#primaryimage\",\"url\":\"http:\/\/www.visit-ulcinj.com\/blog\/wp-content\/uploads\/2015\/08\/Kufiri-Sukobin-Muriqan.jpg\",\"contentUrl\":\"http:\/\/www.visit-ulcinj.com\/blog\/wp-content\/uploads\/2015\/08\/Kufiri-Sukobin-Muriqan.jpg\"},{\"@type\":\"WebPage\",\"@id\":\"https:\/\/www.visit-ulcinj.com\/blog\/2015\/08\/01\/radha-kilometrike-dje-ne-kufirin-sukubin-muriqan\/#webpage\",\"url\":\"https:\/\/www.visit-ulcinj.com\/blog\/2015\/08\/01\/radha-kilometrike-dje-ne-kufirin-sukubin-muriqan\/\",\"name\":\"Radha kilometrike dje n\u00eb kufirin Sukubin - Muriqan - Lajme nga Ulqini\",\"isPartOf\":{\"@id\":\"https:\/\/www.visit-ulcinj.com\/blog\/#website\"},\"primaryImageOfPage\":{\"@id\":\"https:\/\/www.visit-ulcinj.com\/blog\/2015\/08\/01\/radha-kilometrike-dje-ne-kufirin-sukubin-muriqan\/#primaryimage\"},\"datePublished\":\"2015-08-01T13:26:38+00:00\",\"dateModified\":\"2015-08-01T13:26:38+00:00\",\"author\":{\"@id\":\"https:\/\/www.visit-ulcinj.com\/blog\/#\/schema\/person\/dcab619c614d3038751c63bc2aadc06d\"},\"description\":\"Radh\u00eb kaotike n\u00eb kufijt\u00eb me Malin e Zi, me or\u00eb t\u00eb t\u00ebra n\u00ebn diellin e nxeht\u00eb Qytetar\u00ebt q\u00eb presin p\u00ebr t\u00eb kaluar kufirin jan\u00eb kryesisht shtetas t\u00eb Kosov\u00ebs,\",\"breadcrumb\":{\"@id\":\"https:\/\/www.visit-ulcinj.com\/blog\/2015\/08\/01\/radha-kilometrike-dje-ne-kufirin-sukubin-muriqan\/#breadcrumb\"},\"inLanguage\":\"en-US\",\"potentialAction\":[{\"@type\":\"ReadAction\",\"target\":[\"https:\/\/www.visit-ulcinj.com\/blog\/2015\/08\/01\/radha-kilometrike-dje-ne-kufirin-sukubin-muriqan\/\"]}]},{\"@type\":\"BreadcrumbList\",\"@id\":\"https:\/\/www.visit-ulcinj.com\/blog\/2015\/08\/01\/radha-kilometrike-dje-ne-kufirin-sukubin-muriqan\/#breadcrumb\",\"itemListElement\":[{\"@type\":\"ListItem\",\"position\":1,\"name\":\"Radha kilometrike dje n\u00eb kufirin Sukubin &#8211; Muriqan\"}]},{\"@type\":\"Person\",\"@id\":\"https:\/\/www.visit-ulcinj.com\/blog\/#\/schema\/person\/dcab619c614d3038751c63bc2aadc06d\",\"name\":\"ulqini\",\"sameAs\":[\"http:\/\/www.visit-ulcinj.com\"],\"url\":\"https:\/\/www.visit-ulcinj.com\/blog\/author\/admin\/\"}]}<\/script>\n<!-- \/ Yoast SEO plugin. -->","yoast_head_json":{"title":"Radha kilometrike dje n\u00eb kufirin Sukubin - Muriqan - Lajme nga Ulqini","description":"Radh\u00eb kaotike n\u00eb kufijt\u00eb me Malin e Zi, me or\u00eb t\u00eb t\u00ebra n\u00ebn diellin e nxeht\u00eb Qytetar\u00ebt q\u00eb presin p\u00ebr t\u00eb kaluar kufirin jan\u00eb kryesisht shtetas t\u00eb Kosov\u00ebs,","robots":{"index":"index","follow":"follow","max-snippet":"max-snippet:-1","max-image-preview":"max-image-preview:large","max-video-preview":"max-video-preview:-1"},"canonical":"https:\/\/www.visit-ulcinj.com\/blog\/2015\/08\/01\/radha-kilometrike-dje-ne-kufirin-sukubin-muriqan\/","og_locale":"en_US","og_type":"article","og_title":"Radha kilometrike dje n\u00eb kufirin Sukubin - Muriqan - Lajme nga Ulqini","og_description":"Radh\u00eb kaotike n\u00eb kufijt\u00eb me Malin e Zi, me or\u00eb t\u00eb t\u00ebra n\u00ebn diellin e nxeht\u00eb Qytetar\u00ebt q\u00eb presin p\u00ebr t\u00eb kaluar kufirin jan\u00eb kryesisht shtetas t\u00eb Kosov\u00ebs,","og_url":"https:\/\/www.visit-ulcinj.com\/blog\/2015\/08\/01\/radha-kilometrike-dje-ne-kufirin-sukubin-muriqan\/","og_site_name":"Lajme nga Ulqini","article_published_time":"2015-08-01T13:26:38+00:00","og_image":[{"url":"http:\/\/www.visit-ulcinj.com\/blog\/wp-content\/uploads\/2015\/08\/Kufiri-Sukobin-Muriqan.jpg"}],"twitter_misc":{"Written by":"ulqini","Est. reading time":"3 minutes"},"schema":{"@context":"https:\/\/schema.org","@graph":[{"@type":"WebSite","@id":"https:\/\/www.visit-ulcinj.com\/blog\/#website","url":"https:\/\/www.visit-ulcinj.com\/blog\/","name":"Lajme nga Ulqini","description":"Lajme,Vijesti,Ulqini,Ulqin,Crna Gora,Mali i Zi","potentialAction":[{"@type":"SearchAction","target":{"@type":"EntryPoint","urlTemplate":"https:\/\/www.visit-ulcinj.com\/blog\/?s={search_term_string}"},"query-input":"required name=search_term_string"}],"inLanguage":"en-US"},{"@type":"ImageObject","inLanguage":"en-US","@id":"https:\/\/www.visit-ulcinj.com\/blog\/2015\/08\/01\/radha-kilometrike-dje-ne-kufirin-sukubin-muriqan\/#primaryimage","url":"http:\/\/www.visit-ulcinj.com\/blog\/wp-content\/uploads\/2015\/08\/Kufiri-Sukobin-Muriqan.jpg","contentUrl":"http:\/\/www.visit-ulcinj.com\/blog\/wp-content\/uploads\/2015\/08\/Kufiri-Sukobin-Muriqan.jpg"},{"@type":"WebPage","@id":"https:\/\/www.visit-ulcinj.com\/blog\/2015\/08\/01\/radha-kilometrike-dje-ne-kufirin-sukubin-muriqan\/#webpage","url":"https:\/\/www.visit-ulcinj.com\/blog\/2015\/08\/01\/radha-kilometrike-dje-ne-kufirin-sukubin-muriqan\/","name":"Radha kilometrike dje n\u00eb kufirin Sukubin - Muriqan - Lajme nga Ulqini","isPartOf":{"@id":"https:\/\/www.visit-ulcinj.com\/blog\/#website"},"primaryImageOfPage":{"@id":"https:\/\/www.visit-ulcinj.com\/blog\/2015\/08\/01\/radha-kilometrike-dje-ne-kufirin-sukubin-muriqan\/#primaryimage"},"datePublished":"2015-08-01T13:26:38+00:00","dateModified":"2015-08-01T13:26:38+00:00","author":{"@id":"https:\/\/www.visit-ulcinj.com\/blog\/#\/schema\/person\/dcab619c614d3038751c63bc2aadc06d"},"description":"Radh\u00eb kaotike n\u00eb kufijt\u00eb me Malin e Zi, me or\u00eb t\u00eb t\u00ebra n\u00ebn diellin e nxeht\u00eb Qytetar\u00ebt q\u00eb presin p\u00ebr t\u00eb kaluar kufirin jan\u00eb kryesisht shtetas t\u00eb Kosov\u00ebs,","breadcrumb":{"@id":"https:\/\/www.visit-ulcinj.com\/blog\/2015\/08\/01\/radha-kilometrike-dje-ne-kufirin-sukubin-muriqan\/#breadcrumb"},"inLanguage":"en-US","potentialAction":[{"@type":"ReadAction","target":["https:\/\/www.visit-ulcinj.com\/blog\/2015\/08\/01\/radha-kilometrike-dje-ne-kufirin-sukubin-muriqan\/"]}]},{"@type":"BreadcrumbList","@id":"https:\/\/www.visit-ulcinj.com\/blog\/2015\/08\/01\/radha-kilometrike-dje-ne-kufirin-sukubin-muriqan\/#breadcrumb","itemListElement":[{"@type":"ListItem","position":1,"name":"Radha kilometrike dje n\u00eb kufirin Sukubin &#8211; Muriqan"}]},{"@type":"Person","@id":"https:\/\/www.visit-ulcinj.com\/blog\/#\/schema\/person\/dcab619c614d3038751c63bc2aadc06d","name":"ulqini","sameAs":["http:\/\/www.visit-ulcinj.com"],"url":"https:\/\/www.visit-ulcinj.com\/blog\/author\/admin\/"}]}},"jetpack_featured_media_url":"","jetpack_sharing_enabled":true,"jetpack_shortlink":"https:\/\/wp.me\/pe6lTn-nVB","_links":{"self":[{"href":"https:\/\/www.visit-ulcinj.com\/blog\/wp-json\/wp\/v2\/posts\/91983"}],"collection":[{"href":"https:\/\/www.visit-ulcinj.com\/blog\/wp-json\/wp\/v2\/posts"}],"about":[{"href":"https:\/\/www.visit-ulcinj.com\/blog\/wp-json\/wp\/v2\/types\/post"}],"author":[{"embeddable":true,"href":"https:\/\/www.visit-ulcinj.com\/blog\/wp-json\/wp\/v2\/users\/1"}],"replies":[{"embeddable":true,"href":"https:\/\/www.visit-ulcinj.com\/blog\/wp-json\/wp\/v2\/comments?post=91983"}],"version-history":[{"count":1,"href":"https:\/\/www.visit-ulcinj.com\/blog\/wp-json\/wp\/v2\/posts\/91983\/revisions"}],"predecessor-version":[{"id":91985,"href":"https:\/\/www.visit-ulcinj.com\/blog\/wp-json\/wp\/v2\/posts\/91983\/revisions\/91985"}],"wp:attachment":[{"href":"https:\/\/www.visit-ulcinj.com\/blog\/wp-json\/wp\/v2\/media?parent=91983"}],"wp:term":[{"taxonomy":"category","embeddable":true,"href":"https:\/\/www.visit-ulcinj.com\/blog\/wp-json\/wp\/v2\/categories?post=91983"},{"taxonomy":"post_tag","embeddable":true,"href":"https:\/\/www.visit-ulcinj.com\/blog\/wp-json\/wp\/v2\/tags?post=91983"}],"curies":[{"name":"wp","href":"https:\/\/api.w.org\/{rel}","templated":true}]}}