{"id":91986,"date":"2015-08-01T14:51:48","date_gmt":"2015-08-01T13:51:48","guid":{"rendered":"http:\/\/www.visit-ulcinj.com\/blog\/?p=91986"},"modified":"2015-08-02T19:58:53","modified_gmt":"2015-08-02T18:58:53","slug":"kosova-ndihmon-shqiptaret-e-malit-te-zi-tekste-shkollore","status":"publish","type":"post","link":"https:\/\/www.visit-ulcinj.com\/blog\/2015\/08\/01\/kosova-ndihmon-shqiptaret-e-malit-te-zi-tekste-shkollore\/","title":{"rendered":"\u201cKosova ndihmon shqiptar\u00ebt e Malit t\u00eb Zi me tekste shkollore\u201d"},"content":{"rendered":"<p><a href=\"http:\/\/www.visit-ulcinj.com\/blog\/wp-content\/uploads\/2015\/08\/bajram-nimanbegu.jpg\"><img loading=\"lazy\" class=\"alignleft wp-image-91987\" src=\"http:\/\/www.visit-ulcinj.com\/blog\/wp-content\/uploads\/2015\/08\/bajram-nimanbegu.jpg\" alt=\"bajram-nimanbegu\" width=\"508\" height=\"338\" srcset=\"https:\/\/www.visit-ulcinj.com\/blog\/wp-content\/uploads\/2015\/08\/bajram-nimanbegu.jpg 448w, https:\/\/www.visit-ulcinj.com\/blog\/wp-content\/uploads\/2015\/08\/bajram-nimanbegu-300x200.jpg 300w\" sizes=\"(max-width: 508px) 100vw, 508px\" \/><\/a>Ministri i Arsimit, Shkenc\u00ebs dhe Teknologjis\u00eb, z. Arsim Bajrami, n\u00eb dit\u00ebn e dyt\u00eb t\u00eb vizit\u00ebs n\u00eb Mal t\u00eb Zi, \u00ebsht\u00eb pritur nga kryetari i Komun\u00ebs s\u00eb Ulqinit, z. Fatmir Gjeka, nd\u00ebrsa \u00ebsht\u00eb takuar edhe me an\u00ebtar\u00ebt e K\u00ebshillit Komb\u00ebtar t\u00eb Shqiptar\u00ebve t\u00eb Malit t\u00eb Zi.<\/p>\n<p>N\u00eb t\u00eb dy takimet \u00ebsht\u00eb biseduar p\u00ebr gjendjen e arsimit n\u00eb gjuh\u00ebn shqipe n\u00eb Mal t\u00eb Zi, p\u00ebr mund\u00ebsit\u00eb e bashk\u00ebpunimit n\u00eb t\u00eb mir\u00eb t\u00eb ngritjes s\u00eb cil\u00ebsis\u00eb, si dhe p\u00ebr ndihm\u00ebn q\u00eb mund t\u00eb jap\u00eb Republika e Kosov\u00ebs n\u00eb k\u00ebt\u00eb drejtim.<\/p>\n<p>Gjat\u00eb takimit me kryetarin e Komun\u00ebs s\u00eb Ulqinit, ministri Bajrami ka konfirmuar gatishm\u00ebrin\u00eb e Qeveris\u00eb s\u00eb Kosov\u00ebs dhe Ministris\u00eb s\u00eb Arsimit q\u00eb t\u00eb ndihmoj\u00eb n\u00eb avancimin e standardeve t\u00eb m\u00ebsimit n\u00eb gjuh\u00ebn shqipe n\u00eb t\u00eb gjitha nivelet.<br \/>\n\u201cKemi nj\u00eb konsensus t\u00eb plot\u00eb me ministrin e Arsimit t\u00eb Malit t\u00eb Zi q\u00eb t\u00eb punojm\u00eb s\u00eb bashku p\u00ebr ruajtjen e standardeve t\u00eb m\u00ebsimit shqip, p\u00ebr rritjen e numrit t\u00eb nx\u00ebn\u00ebsve n\u00eb shkollat shqipe, p\u00ebr p\u00ebrmir\u00ebsimin e kualitetit t\u00eb teksteve m\u00ebsimore\u201d, ka thene ministri Bajrami.<\/p>\n<p>Ministri e ka informuar kryetarin e Ulqinit edhe p\u00ebr mund\u00ebsit\u00eb q\u00eb ka ofruar MAShT p\u00ebr student\u00ebt shqiptar\u00eb t\u00eb Malit t\u00eb Zi. \u201cAsnj\u00eb student nga Mali i Zi nuk do t\u00eb mbetet pa qasje n\u00eb universitetet e Kosov\u00ebs. Ofrova mund\u00ebsin\u00eb q\u00eb p\u00ebrve\u00e7 studimeve bazike, t\u00eb kemi student\u00eb edhe n\u00eb studimet e masterit dhe doktoratur\u00ebs\u201d.<\/p>\n<p><a href=\"http:\/\/www.visit-ulcinj.com\/blog\/wp-content\/uploads\/2015\/08\/bajrami-gjeka.jpg\"><img loading=\"lazy\" class=\"alignleft wp-image-91988\" src=\"http:\/\/www.visit-ulcinj.com\/blog\/wp-content\/uploads\/2015\/08\/bajrami-gjeka.jpg\" alt=\"bajrami-gjeka\" width=\"508\" height=\"337\" srcset=\"https:\/\/www.visit-ulcinj.com\/blog\/wp-content\/uploads\/2015\/08\/bajrami-gjeka.jpg 1000w, https:\/\/www.visit-ulcinj.com\/blog\/wp-content\/uploads\/2015\/08\/bajrami-gjeka-300x199.jpg 300w\" sizes=\"(max-width: 508px) 100vw, 508px\" \/><\/a><\/p>\n<p>Nd\u00ebrsa, kryetari Gjeka ka theksuar nevoj\u00ebn e madhe q\u00eb kan\u00eb shqiptar\u00ebt n\u00eb Mal t\u00eb Zi p\u00ebr p\u00ebrkrahje nga MAShT. Ai e fal\u00ebnderoi ministrin Bajrami q\u00eb po krijon mund\u00ebsi p\u00ebr p\u00ebrgatitjen e kuadrove, t\u00eb cilat jan\u00eb shum\u00eb t\u00eb nevojshme p\u00ebr shqiptar\u00ebt.<\/p>\n<p>Edhe n\u00eb takimin me K\u00ebshillin Komb\u00ebtar t\u00eb Shqiptar\u00ebve, ministri Bajrami tha se Qeveria e Kosov\u00ebs do t\u00eb jap\u00eb gjith\u00eb ndihm\u00ebn e nevojshme p\u00ebr m\u00ebsimin shqip n\u00eb Mal t\u00eb Zi, sikur q\u00eb po b\u00ebn edhe p\u00ebr Lugin\u00ebn e Preshev\u00ebs.<\/p>\n<p>Me k\u00ebt\u00eb rast, ministri Bajrami iu b\u00ebri thirrje drejtor\u00ebve t\u00eb shkollave dhe m\u00ebsimdh\u00ebn\u00ebsve t\u00eb m\u00ebsimit n\u00eb gjuh\u00ebn shqipe q\u00eb t\u00eb shfryt\u00ebzojn\u00eb mund\u00ebsin\u00eb p\u00ebr studime master n\u00eb gjasht\u00eb programet e Fakultetit t\u00eb Edukimit, n\u00eb m\u00ebnyr\u00eb q\u00eb shkolla shqipe t\u00eb k\u00ebt\u00eb m\u00ebsimdh\u00ebn\u00ebs dhe drejtor\u00eb t\u00eb p\u00ebrgatitur, e q\u00eb do t\u00eb ngrisin cil\u00ebsin\u00eb n\u00eb arsim.<\/p>\n<p>Gjithashtu, ministri Bajrami dhe an\u00ebtar\u00ebt e K\u00ebshillit jan\u00eb pajtuar p\u00ebr \u00e7\u00ebshtjen e teksteve. \u201cDo t\u00eb ndihmojm\u00eb me tekste. U mor\u00ebm vesh q\u00eb bashk\u00ebpunimi yn\u00eb t\u00eb shkoj\u00eb p\u00ebrtej nj\u00eb Abetareje\u201d, tha ministri Bajrami.<\/p>\n<p>Kryetari i K\u00ebshillit, z. Genc Nimanbegu, tha se ministri Bajrami ka dh\u00ebn\u00eb shum\u00eb lajme t\u00eb mira p\u00ebr prind\u00ebrit shqiptar\u00eb n\u00eb Mal t\u00eb Zi, p\u00ebr nx\u00ebn\u00ebsit dhe student\u00ebt dhe u shpreh i sigurt se bashk\u00ebpunimi do t\u00eb jap\u00eb rezultate t\u00eb mira n\u00eb t\u00eb ardhmen.<\/p>\n<p>T\u00eb gjitha \u00e7\u00ebshtjet q\u00eb jan\u00eb biseduar gjat\u00eb takimeve dyditore q\u00eb ka pasur ministri Bajrami n\u00eb Mal t\u00eb Zi sa i p\u00ebrket arsimit n\u00eb gjuh\u00ebn shqipe, do t\u00eb konkretizohen me nj\u00eb Marr\u00ebveshje Bashk\u00ebpunimi q\u00eb pritet t\u00eb n\u00ebnshkruhet mes dy shteteve.<\/p>\n<p><strong>RTV21 Media<\/strong><\/p>\n","protected":false},"excerpt":{"rendered":"<p>Ministri i Arsimit, Shkenc\u00ebs dhe Teknologjis\u00eb, z. Arsim Bajrami, n\u00eb dit\u00ebn e dyt\u00eb t\u00eb vizit\u00ebs n\u00eb Mal t\u00eb Zi, \u00ebsht\u00eb pritur nga kryetari i Komun\u00ebs s\u00eb Ulqinit, z. Fatmir Gjeka, nd\u00ebrsa \u00ebsht\u00eb takuar edhe me an\u00ebtar\u00ebt e K\u00ebshillit Komb\u00ebtar t\u00eb Shqiptar\u00ebve t\u00eb Malit t\u00eb Zi. N\u00eb t\u00eb dy takimet \u00ebsht\u00eb biseduar p\u00ebr gjendjen e arsimit [&hellip;]<\/p>\n","protected":false},"author":1,"featured_media":0,"comment_status":"closed","ping_status":"closed","sticky":false,"template":"","format":"standard","meta":{"spay_email":"","jetpack_publicize_message":"","jetpack_is_tweetstorm":false,"jetpack_publicize_feature_enabled":true},"categories":[1,14],"tags":[],"jetpack_publicize_connections":[],"yoast_head":"<!-- This site is optimized with the Yoast SEO plugin v19.1 - https:\/\/yoast.com\/wordpress\/plugins\/seo\/ -->\n<title>\u201cKosova ndihmon shqiptar\u00ebt e Malit t\u00eb Zi me tekste shkollore\u201d - Lajme nga Ulqini<\/title>\n<meta name=\"description\" content=\"Ministri i Arsimit, Shkenc\u00ebs dhe Teknologjis\u00eb, z. Arsim Bajrami, n\u00eb dit\u00ebn e dyt\u00eb t\u00eb vizit\u00ebs n\u00eb Mal t\u00eb Zi, \u00ebsht\u00eb pritur nga kryetari i Komun\u00ebs s\u00eb Ulqinit,\" \/>\n<meta name=\"robots\" content=\"index, follow, max-snippet:-1, max-image-preview:large, max-video-preview:-1\" \/>\n<link rel=\"canonical\" href=\"https:\/\/www.visit-ulcinj.com\/blog\/2015\/08\/01\/kosova-ndihmon-shqiptaret-e-malit-te-zi-tekste-shkollore\/\" \/>\n<meta property=\"og:locale\" content=\"en_US\" \/>\n<meta property=\"og:type\" content=\"article\" \/>\n<meta property=\"og:title\" content=\"\u201cKosova ndihmon shqiptar\u00ebt e Malit t\u00eb Zi me tekste shkollore\u201d - Lajme nga Ulqini\" \/>\n<meta property=\"og:description\" content=\"Ministri i Arsimit, Shkenc\u00ebs dhe Teknologjis\u00eb, z. Arsim Bajrami, n\u00eb dit\u00ebn e dyt\u00eb t\u00eb vizit\u00ebs n\u00eb Mal t\u00eb Zi, \u00ebsht\u00eb pritur nga kryetari i Komun\u00ebs s\u00eb Ulqinit,\" \/>\n<meta property=\"og:url\" content=\"https:\/\/www.visit-ulcinj.com\/blog\/2015\/08\/01\/kosova-ndihmon-shqiptaret-e-malit-te-zi-tekste-shkollore\/\" \/>\n<meta property=\"og:site_name\" content=\"Lajme nga Ulqini\" \/>\n<meta property=\"article:published_time\" content=\"2015-08-01T13:51:48+00:00\" \/>\n<meta property=\"article:modified_time\" content=\"2015-08-02T18:58:53+00:00\" \/>\n<meta property=\"og:image\" content=\"http:\/\/www.visit-ulcinj.com\/blog\/wp-content\/uploads\/2015\/08\/bajram-nimanbegu.jpg\" \/>\n<meta name=\"twitter:label1\" content=\"Written by\" \/>\n\t<meta name=\"twitter:data1\" content=\"ulqini\" \/>\n\t<meta name=\"twitter:label2\" content=\"Est. reading time\" \/>\n\t<meta name=\"twitter:data2\" content=\"3 minutes\" \/>\n<script type=\"application\/ld+json\" class=\"yoast-schema-graph\">{\"@context\":\"https:\/\/schema.org\",\"@graph\":[{\"@type\":\"WebSite\",\"@id\":\"https:\/\/www.visit-ulcinj.com\/blog\/#website\",\"url\":\"https:\/\/www.visit-ulcinj.com\/blog\/\",\"name\":\"Lajme nga Ulqini\",\"description\":\"Lajme,Vijesti,Ulqini,Ulqin,Crna Gora,Mali i Zi\",\"potentialAction\":[{\"@type\":\"SearchAction\",\"target\":{\"@type\":\"EntryPoint\",\"urlTemplate\":\"https:\/\/www.visit-ulcinj.com\/blog\/?s={search_term_string}\"},\"query-input\":\"required name=search_term_string\"}],\"inLanguage\":\"en-US\"},{\"@type\":\"ImageObject\",\"inLanguage\":\"en-US\",\"@id\":\"https:\/\/www.visit-ulcinj.com\/blog\/2015\/08\/01\/kosova-ndihmon-shqiptaret-e-malit-te-zi-tekste-shkollore\/#primaryimage\",\"url\":\"https:\/\/www.visit-ulcinj.com\/blog\/wp-content\/uploads\/2015\/08\/bajram-nimanbegu.jpg\",\"contentUrl\":\"https:\/\/www.visit-ulcinj.com\/blog\/wp-content\/uploads\/2015\/08\/bajram-nimanbegu.jpg\",\"width\":448,\"height\":298},{\"@type\":\"WebPage\",\"@id\":\"https:\/\/www.visit-ulcinj.com\/blog\/2015\/08\/01\/kosova-ndihmon-shqiptaret-e-malit-te-zi-tekste-shkollore\/#webpage\",\"url\":\"https:\/\/www.visit-ulcinj.com\/blog\/2015\/08\/01\/kosova-ndihmon-shqiptaret-e-malit-te-zi-tekste-shkollore\/\",\"name\":\"\u201cKosova ndihmon shqiptar\u00ebt e Malit t\u00eb Zi me tekste shkollore\u201d - Lajme nga Ulqini\",\"isPartOf\":{\"@id\":\"https:\/\/www.visit-ulcinj.com\/blog\/#website\"},\"primaryImageOfPage\":{\"@id\":\"https:\/\/www.visit-ulcinj.com\/blog\/2015\/08\/01\/kosova-ndihmon-shqiptaret-e-malit-te-zi-tekste-shkollore\/#primaryimage\"},\"datePublished\":\"2015-08-01T13:51:48+00:00\",\"dateModified\":\"2015-08-02T18:58:53+00:00\",\"author\":{\"@id\":\"https:\/\/www.visit-ulcinj.com\/blog\/#\/schema\/person\/dcab619c614d3038751c63bc2aadc06d\"},\"description\":\"Ministri i Arsimit, Shkenc\u00ebs dhe Teknologjis\u00eb, z. Arsim Bajrami, n\u00eb dit\u00ebn e dyt\u00eb t\u00eb vizit\u00ebs n\u00eb Mal t\u00eb Zi, \u00ebsht\u00eb pritur nga kryetari i Komun\u00ebs s\u00eb Ulqinit,\",\"breadcrumb\":{\"@id\":\"https:\/\/www.visit-ulcinj.com\/blog\/2015\/08\/01\/kosova-ndihmon-shqiptaret-e-malit-te-zi-tekste-shkollore\/#breadcrumb\"},\"inLanguage\":\"en-US\",\"potentialAction\":[{\"@type\":\"ReadAction\",\"target\":[\"https:\/\/www.visit-ulcinj.com\/blog\/2015\/08\/01\/kosova-ndihmon-shqiptaret-e-malit-te-zi-tekste-shkollore\/\"]}]},{\"@type\":\"BreadcrumbList\",\"@id\":\"https:\/\/www.visit-ulcinj.com\/blog\/2015\/08\/01\/kosova-ndihmon-shqiptaret-e-malit-te-zi-tekste-shkollore\/#breadcrumb\",\"itemListElement\":[{\"@type\":\"ListItem\",\"position\":1,\"name\":\"\u201cKosova ndihmon shqiptar\u00ebt e Malit t\u00eb Zi me tekste shkollore\u201d\"}]},{\"@type\":\"Person\",\"@id\":\"https:\/\/www.visit-ulcinj.com\/blog\/#\/schema\/person\/dcab619c614d3038751c63bc2aadc06d\",\"name\":\"ulqini\",\"sameAs\":[\"http:\/\/www.visit-ulcinj.com\"],\"url\":\"https:\/\/www.visit-ulcinj.com\/blog\/author\/admin\/\"}]}<\/script>\n<!-- \/ Yoast SEO plugin. -->","yoast_head_json":{"title":"\u201cKosova ndihmon shqiptar\u00ebt e Malit t\u00eb Zi me tekste shkollore\u201d - Lajme nga Ulqini","description":"Ministri i Arsimit, Shkenc\u00ebs dhe Teknologjis\u00eb, z. Arsim Bajrami, n\u00eb dit\u00ebn e dyt\u00eb t\u00eb vizit\u00ebs n\u00eb Mal t\u00eb Zi, \u00ebsht\u00eb pritur nga kryetari i Komun\u00ebs s\u00eb Ulqinit,","robots":{"index":"index","follow":"follow","max-snippet":"max-snippet:-1","max-image-preview":"max-image-preview:large","max-video-preview":"max-video-preview:-1"},"canonical":"https:\/\/www.visit-ulcinj.com\/blog\/2015\/08\/01\/kosova-ndihmon-shqiptaret-e-malit-te-zi-tekste-shkollore\/","og_locale":"en_US","og_type":"article","og_title":"\u201cKosova ndihmon shqiptar\u00ebt e Malit t\u00eb Zi me tekste shkollore\u201d - Lajme nga Ulqini","og_description":"Ministri i Arsimit, Shkenc\u00ebs dhe Teknologjis\u00eb, z. Arsim Bajrami, n\u00eb dit\u00ebn e dyt\u00eb t\u00eb vizit\u00ebs n\u00eb Mal t\u00eb Zi, \u00ebsht\u00eb pritur nga kryetari i Komun\u00ebs s\u00eb Ulqinit,","og_url":"https:\/\/www.visit-ulcinj.com\/blog\/2015\/08\/01\/kosova-ndihmon-shqiptaret-e-malit-te-zi-tekste-shkollore\/","og_site_name":"Lajme nga Ulqini","article_published_time":"2015-08-01T13:51:48+00:00","article_modified_time":"2015-08-02T18:58:53+00:00","og_image":[{"url":"http:\/\/www.visit-ulcinj.com\/blog\/wp-content\/uploads\/2015\/08\/bajram-nimanbegu.jpg"}],"twitter_misc":{"Written by":"ulqini","Est. reading time":"3 minutes"},"schema":{"@context":"https:\/\/schema.org","@graph":[{"@type":"WebSite","@id":"https:\/\/www.visit-ulcinj.com\/blog\/#website","url":"https:\/\/www.visit-ulcinj.com\/blog\/","name":"Lajme nga Ulqini","description":"Lajme,Vijesti,Ulqini,Ulqin,Crna Gora,Mali i Zi","potentialAction":[{"@type":"SearchAction","target":{"@type":"EntryPoint","urlTemplate":"https:\/\/www.visit-ulcinj.com\/blog\/?s={search_term_string}"},"query-input":"required name=search_term_string"}],"inLanguage":"en-US"},{"@type":"ImageObject","inLanguage":"en-US","@id":"https:\/\/www.visit-ulcinj.com\/blog\/2015\/08\/01\/kosova-ndihmon-shqiptaret-e-malit-te-zi-tekste-shkollore\/#primaryimage","url":"https:\/\/www.visit-ulcinj.com\/blog\/wp-content\/uploads\/2015\/08\/bajram-nimanbegu.jpg","contentUrl":"https:\/\/www.visit-ulcinj.com\/blog\/wp-content\/uploads\/2015\/08\/bajram-nimanbegu.jpg","width":448,"height":298},{"@type":"WebPage","@id":"https:\/\/www.visit-ulcinj.com\/blog\/2015\/08\/01\/kosova-ndihmon-shqiptaret-e-malit-te-zi-tekste-shkollore\/#webpage","url":"https:\/\/www.visit-ulcinj.com\/blog\/2015\/08\/01\/kosova-ndihmon-shqiptaret-e-malit-te-zi-tekste-shkollore\/","name":"\u201cKosova ndihmon shqiptar\u00ebt e Malit t\u00eb Zi me tekste shkollore\u201d - Lajme nga Ulqini","isPartOf":{"@id":"https:\/\/www.visit-ulcinj.com\/blog\/#website"},"primaryImageOfPage":{"@id":"https:\/\/www.visit-ulcinj.com\/blog\/2015\/08\/01\/kosova-ndihmon-shqiptaret-e-malit-te-zi-tekste-shkollore\/#primaryimage"},"datePublished":"2015-08-01T13:51:48+00:00","dateModified":"2015-08-02T18:58:53+00:00","author":{"@id":"https:\/\/www.visit-ulcinj.com\/blog\/#\/schema\/person\/dcab619c614d3038751c63bc2aadc06d"},"description":"Ministri i Arsimit, Shkenc\u00ebs dhe Teknologjis\u00eb, z. Arsim Bajrami, n\u00eb dit\u00ebn e dyt\u00eb t\u00eb vizit\u00ebs n\u00eb Mal t\u00eb Zi, \u00ebsht\u00eb pritur nga kryetari i Komun\u00ebs s\u00eb Ulqinit,","breadcrumb":{"@id":"https:\/\/www.visit-ulcinj.com\/blog\/2015\/08\/01\/kosova-ndihmon-shqiptaret-e-malit-te-zi-tekste-shkollore\/#breadcrumb"},"inLanguage":"en-US","potentialAction":[{"@type":"ReadAction","target":["https:\/\/www.visit-ulcinj.com\/blog\/2015\/08\/01\/kosova-ndihmon-shqiptaret-e-malit-te-zi-tekste-shkollore\/"]}]},{"@type":"BreadcrumbList","@id":"https:\/\/www.visit-ulcinj.com\/blog\/2015\/08\/01\/kosova-ndihmon-shqiptaret-e-malit-te-zi-tekste-shkollore\/#breadcrumb","itemListElement":[{"@type":"ListItem","position":1,"name":"\u201cKosova ndihmon shqiptar\u00ebt e Malit t\u00eb Zi me tekste shkollore\u201d"}]},{"@type":"Person","@id":"https:\/\/www.visit-ulcinj.com\/blog\/#\/schema\/person\/dcab619c614d3038751c63bc2aadc06d","name":"ulqini","sameAs":["http:\/\/www.visit-ulcinj.com"],"url":"https:\/\/www.visit-ulcinj.com\/blog\/author\/admin\/"}]}},"jetpack_featured_media_url":"","jetpack_sharing_enabled":true,"jetpack_shortlink":"https:\/\/wp.me\/pe6lTn-nVE","_links":{"self":[{"href":"https:\/\/www.visit-ulcinj.com\/blog\/wp-json\/wp\/v2\/posts\/91986"}],"collection":[{"href":"https:\/\/www.visit-ulcinj.com\/blog\/wp-json\/wp\/v2\/posts"}],"about":[{"href":"https:\/\/www.visit-ulcinj.com\/blog\/wp-json\/wp\/v2\/types\/post"}],"author":[{"embeddable":true,"href":"https:\/\/www.visit-ulcinj.com\/blog\/wp-json\/wp\/v2\/users\/1"}],"replies":[{"embeddable":true,"href":"https:\/\/www.visit-ulcinj.com\/blog\/wp-json\/wp\/v2\/comments?post=91986"}],"version-history":[{"count":1,"href":"https:\/\/www.visit-ulcinj.com\/blog\/wp-json\/wp\/v2\/posts\/91986\/revisions"}],"predecessor-version":[{"id":91989,"href":"https:\/\/www.visit-ulcinj.com\/blog\/wp-json\/wp\/v2\/posts\/91986\/revisions\/91989"}],"wp:attachment":[{"href":"https:\/\/www.visit-ulcinj.com\/blog\/wp-json\/wp\/v2\/media?parent=91986"}],"wp:term":[{"taxonomy":"category","embeddable":true,"href":"https:\/\/www.visit-ulcinj.com\/blog\/wp-json\/wp\/v2\/categories?post=91986"},{"taxonomy":"post_tag","embeddable":true,"href":"https:\/\/www.visit-ulcinj.com\/blog\/wp-json\/wp\/v2\/tags?post=91986"}],"curies":[{"name":"wp","href":"https:\/\/api.w.org\/{rel}","templated":true}]}}