{"id":91990,"date":"2015-08-01T15:14:05","date_gmt":"2015-08-01T14:14:05","guid":{"rendered":"http:\/\/www.visit-ulcinj.com\/blog\/?p=91990"},"modified":"2015-08-01T15:14:05","modified_gmt":"2015-08-01T14:14:05","slug":"zeri-tuna-dhe-cosman-nuk-jane-arrestuar","status":"publish","type":"post","link":"https:\/\/www.visit-ulcinj.com\/blog\/2015\/08\/01\/zeri-tuna-dhe-cosman-nuk-jane-arrestuar\/","title":{"rendered":"Z\u00ebri: Tuna dhe Cosman nuk jan\u00eb arrestuar"},"content":{"rendered":"<div class=\"inside-text-paragraphs\">\n<p><a href=\"http:\/\/www.visit-ulcinj.com\/blog\/wp-content\/uploads\/2014\/07\/tuna-cosman-ULQIN.jpg\"><img loading=\"lazy\" class=\"alignleft wp-image-83869 size-full\" src=\"http:\/\/www.visit-ulcinj.com\/blog\/wp-content\/uploads\/2014\/07\/tuna-cosman-ULQIN.jpg\" alt=\"tuna-cosman-ULQIN\" width=\"350\" height=\"229\" srcset=\"https:\/\/www.visit-ulcinj.com\/blog\/wp-content\/uploads\/2014\/07\/tuna-cosman-ULQIN.jpg 350w, https:\/\/www.visit-ulcinj.com\/blog\/wp-content\/uploads\/2014\/07\/tuna-cosman-ULQIN-300x196.jpg 300w\" sizes=\"(max-width: 350px) 100vw, 350px\" \/><\/a>Lajmi se Tuna dhe i dashuri i saj nj\u00ebkoh\u00ebsisht k\u00ebng\u00ebtari Cozman jan\u00eb arrestuar mbr\u00ebm\u00eb n\u00eb Ulqin, duket se nuk \u00ebsht\u00eb i v\u00ebrtet. Sipas disa mediave, Tuna dhe Cozman jan\u00eb arrestuar mbr\u00ebm\u00eb nga policia malazeze pasi q\u00eb u \u00ebsht\u00eb z\u00ebn\u00eb sasi e vog\u00ebl e marihuan\u00ebs.<\/p>\n<p>Por k\u00ebt\u00eb e ka demantuar menaxhmenti i k\u00ebng\u00ebtar\u00ebve duke e quajtur si shpifje t\u00eb ul\u00ebt.<\/p>\n<p>\u201cArtist\u00ebt jan\u00eb n\u00eb Prishtin\u00eb dhe nuk kan\u00eb udh\u00ebtuar fare n\u00eb Ulqin. Lajmi p\u00ebr arrestimin e tyre nuk \u00ebsht\u00eb i v\u00ebrtet\u201d, thuhet n\u00eb reagimin e menaxhmentit t\u00eb k\u00ebng\u00ebtar\u00ebve.<\/p>\n<p>Tuna dhe Cozman nuk kan\u00eb mundur t\u00eb shkojn\u00eb fare n\u00eb Ulqin p\u00ebr shkak t\u00eb kolonave t\u00eb gjata dhe aksidenteve n\u00eb autostrad\u00ebn \u201cIbrahim Rugova\u201d. Ata sipas menaxhmentit jan\u00eb n\u00eb Prishtin\u00eb dhe sot do t\u00eb performojn\u00eb n\u00eb Vushtrri. \/Zeri\/<\/p>\n<\/div>\n","protected":false},"excerpt":{"rendered":"<p>Lajmi se Tuna dhe i dashuri i saj nj\u00ebkoh\u00ebsisht k\u00ebng\u00ebtari Cozman jan\u00eb arrestuar mbr\u00ebm\u00eb n\u00eb Ulqin, duket se nuk \u00ebsht\u00eb i v\u00ebrtet. Sipas disa mediave, Tuna dhe Cozman jan\u00eb arrestuar mbr\u00ebm\u00eb nga policia malazeze pasi q\u00eb u \u00ebsht\u00eb z\u00ebn\u00eb sasi e vog\u00ebl e marihuan\u00ebs. Por k\u00ebt\u00eb e ka demantuar menaxhmenti i k\u00ebng\u00ebtar\u00ebve duke e quajtur [&hellip;]<\/p>\n","protected":false},"author":1,"featured_media":0,"comment_status":"closed","ping_status":"closed","sticky":false,"template":"","format":"standard","meta":{"spay_email":"","jetpack_publicize_message":"","jetpack_is_tweetstorm":false,"jetpack_publicize_feature_enabled":true},"categories":[6950],"tags":[],"jetpack_publicize_connections":[],"yoast_head":"<!-- This site is optimized with the Yoast SEO plugin v19.1 - https:\/\/yoast.com\/wordpress\/plugins\/seo\/ -->\n<title>Z\u00ebri: Tuna dhe Cosman nuk jan\u00eb arrestuar - Lajme nga Ulqini<\/title>\n<meta name=\"description\" content=\"Lajmi se Tuna dhe i dashuri i saj nj\u00ebkoh\u00ebsisht k\u00ebng\u00ebtari Cozman jan\u00eb arrestuar mbr\u00ebm\u00eb n\u00eb Ulqin, duket se nuk \u00ebsht\u00eb i v\u00ebrtet. Sipas disa mediave, Tuna dhe\" \/>\n<meta name=\"robots\" content=\"index, follow, max-snippet:-1, max-image-preview:large, max-video-preview:-1\" \/>\n<link rel=\"canonical\" href=\"https:\/\/www.visit-ulcinj.com\/blog\/2015\/08\/01\/zeri-tuna-dhe-cosman-nuk-jane-arrestuar\/\" \/>\n<meta property=\"og:locale\" content=\"en_US\" \/>\n<meta property=\"og:type\" content=\"article\" \/>\n<meta property=\"og:title\" content=\"Z\u00ebri: Tuna dhe Cosman nuk jan\u00eb arrestuar - Lajme nga Ulqini\" \/>\n<meta property=\"og:description\" content=\"Lajmi se Tuna dhe i dashuri i saj nj\u00ebkoh\u00ebsisht k\u00ebng\u00ebtari Cozman jan\u00eb arrestuar mbr\u00ebm\u00eb n\u00eb Ulqin, duket se nuk \u00ebsht\u00eb i v\u00ebrtet. Sipas disa mediave, Tuna dhe\" \/>\n<meta property=\"og:url\" content=\"https:\/\/www.visit-ulcinj.com\/blog\/2015\/08\/01\/zeri-tuna-dhe-cosman-nuk-jane-arrestuar\/\" \/>\n<meta property=\"og:site_name\" content=\"Lajme nga Ulqini\" \/>\n<meta property=\"article:published_time\" content=\"2015-08-01T14:14:05+00:00\" \/>\n<meta property=\"og:image\" content=\"http:\/\/www.visit-ulcinj.com\/blog\/wp-content\/uploads\/2014\/07\/tuna-cosman-ULQIN.jpg\" \/>\n<meta name=\"twitter:label1\" content=\"Written by\" \/>\n\t<meta name=\"twitter:data1\" content=\"ulqini\" \/>\n\t<meta name=\"twitter:label2\" content=\"Est. reading time\" \/>\n\t<meta name=\"twitter:data2\" content=\"1 minute\" \/>\n<script type=\"application\/ld+json\" class=\"yoast-schema-graph\">{\"@context\":\"https:\/\/schema.org\",\"@graph\":[{\"@type\":\"WebSite\",\"@id\":\"https:\/\/www.visit-ulcinj.com\/blog\/#website\",\"url\":\"https:\/\/www.visit-ulcinj.com\/blog\/\",\"name\":\"Lajme nga Ulqini\",\"description\":\"Lajme,Vijesti,Ulqini,Ulqin,Crna Gora,Mali i Zi\",\"potentialAction\":[{\"@type\":\"SearchAction\",\"target\":{\"@type\":\"EntryPoint\",\"urlTemplate\":\"https:\/\/www.visit-ulcinj.com\/blog\/?s={search_term_string}\"},\"query-input\":\"required name=search_term_string\"}],\"inLanguage\":\"en-US\"},{\"@type\":\"ImageObject\",\"inLanguage\":\"en-US\",\"@id\":\"https:\/\/www.visit-ulcinj.com\/blog\/2015\/08\/01\/zeri-tuna-dhe-cosman-nuk-jane-arrestuar\/#primaryimage\",\"url\":\"https:\/\/www.visit-ulcinj.com\/blog\/wp-content\/uploads\/2014\/07\/tuna-cosman-ULQIN.jpg\",\"contentUrl\":\"https:\/\/www.visit-ulcinj.com\/blog\/wp-content\/uploads\/2014\/07\/tuna-cosman-ULQIN.jpg\",\"width\":350,\"height\":229},{\"@type\":\"WebPage\",\"@id\":\"https:\/\/www.visit-ulcinj.com\/blog\/2015\/08\/01\/zeri-tuna-dhe-cosman-nuk-jane-arrestuar\/#webpage\",\"url\":\"https:\/\/www.visit-ulcinj.com\/blog\/2015\/08\/01\/zeri-tuna-dhe-cosman-nuk-jane-arrestuar\/\",\"name\":\"Z\u00ebri: Tuna dhe Cosman nuk jan\u00eb arrestuar - Lajme nga Ulqini\",\"isPartOf\":{\"@id\":\"https:\/\/www.visit-ulcinj.com\/blog\/#website\"},\"primaryImageOfPage\":{\"@id\":\"https:\/\/www.visit-ulcinj.com\/blog\/2015\/08\/01\/zeri-tuna-dhe-cosman-nuk-jane-arrestuar\/#primaryimage\"},\"datePublished\":\"2015-08-01T14:14:05+00:00\",\"dateModified\":\"2015-08-01T14:14:05+00:00\",\"author\":{\"@id\":\"https:\/\/www.visit-ulcinj.com\/blog\/#\/schema\/person\/dcab619c614d3038751c63bc2aadc06d\"},\"description\":\"Lajmi se Tuna dhe i dashuri i saj nj\u00ebkoh\u00ebsisht k\u00ebng\u00ebtari Cozman jan\u00eb arrestuar mbr\u00ebm\u00eb n\u00eb Ulqin, duket se nuk \u00ebsht\u00eb i v\u00ebrtet. Sipas disa mediave, Tuna dhe\",\"breadcrumb\":{\"@id\":\"https:\/\/www.visit-ulcinj.com\/blog\/2015\/08\/01\/zeri-tuna-dhe-cosman-nuk-jane-arrestuar\/#breadcrumb\"},\"inLanguage\":\"en-US\",\"potentialAction\":[{\"@type\":\"ReadAction\",\"target\":[\"https:\/\/www.visit-ulcinj.com\/blog\/2015\/08\/01\/zeri-tuna-dhe-cosman-nuk-jane-arrestuar\/\"]}]},{\"@type\":\"BreadcrumbList\",\"@id\":\"https:\/\/www.visit-ulcinj.com\/blog\/2015\/08\/01\/zeri-tuna-dhe-cosman-nuk-jane-arrestuar\/#breadcrumb\",\"itemListElement\":[{\"@type\":\"ListItem\",\"position\":1,\"name\":\"Z\u00ebri: Tuna dhe Cosman nuk jan\u00eb arrestuar\"}]},{\"@type\":\"Person\",\"@id\":\"https:\/\/www.visit-ulcinj.com\/blog\/#\/schema\/person\/dcab619c614d3038751c63bc2aadc06d\",\"name\":\"ulqini\",\"sameAs\":[\"http:\/\/www.visit-ulcinj.com\"],\"url\":\"https:\/\/www.visit-ulcinj.com\/blog\/author\/admin\/\"}]}<\/script>\n<!-- \/ Yoast SEO plugin. -->","yoast_head_json":{"title":"Z\u00ebri: Tuna dhe Cosman nuk jan\u00eb arrestuar - Lajme nga Ulqini","description":"Lajmi se Tuna dhe i dashuri i saj nj\u00ebkoh\u00ebsisht k\u00ebng\u00ebtari Cozman jan\u00eb arrestuar mbr\u00ebm\u00eb n\u00eb Ulqin, duket se nuk \u00ebsht\u00eb i v\u00ebrtet. Sipas disa mediave, Tuna dhe","robots":{"index":"index","follow":"follow","max-snippet":"max-snippet:-1","max-image-preview":"max-image-preview:large","max-video-preview":"max-video-preview:-1"},"canonical":"https:\/\/www.visit-ulcinj.com\/blog\/2015\/08\/01\/zeri-tuna-dhe-cosman-nuk-jane-arrestuar\/","og_locale":"en_US","og_type":"article","og_title":"Z\u00ebri: Tuna dhe Cosman nuk jan\u00eb arrestuar - Lajme nga Ulqini","og_description":"Lajmi se Tuna dhe i dashuri i saj nj\u00ebkoh\u00ebsisht k\u00ebng\u00ebtari Cozman jan\u00eb arrestuar mbr\u00ebm\u00eb n\u00eb Ulqin, duket se nuk \u00ebsht\u00eb i v\u00ebrtet. Sipas disa mediave, Tuna dhe","og_url":"https:\/\/www.visit-ulcinj.com\/blog\/2015\/08\/01\/zeri-tuna-dhe-cosman-nuk-jane-arrestuar\/","og_site_name":"Lajme nga Ulqini","article_published_time":"2015-08-01T14:14:05+00:00","og_image":[{"url":"http:\/\/www.visit-ulcinj.com\/blog\/wp-content\/uploads\/2014\/07\/tuna-cosman-ULQIN.jpg"}],"twitter_misc":{"Written by":"ulqini","Est. reading time":"1 minute"},"schema":{"@context":"https:\/\/schema.org","@graph":[{"@type":"WebSite","@id":"https:\/\/www.visit-ulcinj.com\/blog\/#website","url":"https:\/\/www.visit-ulcinj.com\/blog\/","name":"Lajme nga Ulqini","description":"Lajme,Vijesti,Ulqini,Ulqin,Crna Gora,Mali i Zi","potentialAction":[{"@type":"SearchAction","target":{"@type":"EntryPoint","urlTemplate":"https:\/\/www.visit-ulcinj.com\/blog\/?s={search_term_string}"},"query-input":"required name=search_term_string"}],"inLanguage":"en-US"},{"@type":"ImageObject","inLanguage":"en-US","@id":"https:\/\/www.visit-ulcinj.com\/blog\/2015\/08\/01\/zeri-tuna-dhe-cosman-nuk-jane-arrestuar\/#primaryimage","url":"https:\/\/www.visit-ulcinj.com\/blog\/wp-content\/uploads\/2014\/07\/tuna-cosman-ULQIN.jpg","contentUrl":"https:\/\/www.visit-ulcinj.com\/blog\/wp-content\/uploads\/2014\/07\/tuna-cosman-ULQIN.jpg","width":350,"height":229},{"@type":"WebPage","@id":"https:\/\/www.visit-ulcinj.com\/blog\/2015\/08\/01\/zeri-tuna-dhe-cosman-nuk-jane-arrestuar\/#webpage","url":"https:\/\/www.visit-ulcinj.com\/blog\/2015\/08\/01\/zeri-tuna-dhe-cosman-nuk-jane-arrestuar\/","name":"Z\u00ebri: Tuna dhe Cosman nuk jan\u00eb arrestuar - Lajme nga Ulqini","isPartOf":{"@id":"https:\/\/www.visit-ulcinj.com\/blog\/#website"},"primaryImageOfPage":{"@id":"https:\/\/www.visit-ulcinj.com\/blog\/2015\/08\/01\/zeri-tuna-dhe-cosman-nuk-jane-arrestuar\/#primaryimage"},"datePublished":"2015-08-01T14:14:05+00:00","dateModified":"2015-08-01T14:14:05+00:00","author":{"@id":"https:\/\/www.visit-ulcinj.com\/blog\/#\/schema\/person\/dcab619c614d3038751c63bc2aadc06d"},"description":"Lajmi se Tuna dhe i dashuri i saj nj\u00ebkoh\u00ebsisht k\u00ebng\u00ebtari Cozman jan\u00eb arrestuar mbr\u00ebm\u00eb n\u00eb Ulqin, duket se nuk \u00ebsht\u00eb i v\u00ebrtet. Sipas disa mediave, Tuna dhe","breadcrumb":{"@id":"https:\/\/www.visit-ulcinj.com\/blog\/2015\/08\/01\/zeri-tuna-dhe-cosman-nuk-jane-arrestuar\/#breadcrumb"},"inLanguage":"en-US","potentialAction":[{"@type":"ReadAction","target":["https:\/\/www.visit-ulcinj.com\/blog\/2015\/08\/01\/zeri-tuna-dhe-cosman-nuk-jane-arrestuar\/"]}]},{"@type":"BreadcrumbList","@id":"https:\/\/www.visit-ulcinj.com\/blog\/2015\/08\/01\/zeri-tuna-dhe-cosman-nuk-jane-arrestuar\/#breadcrumb","itemListElement":[{"@type":"ListItem","position":1,"name":"Z\u00ebri: Tuna dhe Cosman nuk jan\u00eb arrestuar"}]},{"@type":"Person","@id":"https:\/\/www.visit-ulcinj.com\/blog\/#\/schema\/person\/dcab619c614d3038751c63bc2aadc06d","name":"ulqini","sameAs":["http:\/\/www.visit-ulcinj.com"],"url":"https:\/\/www.visit-ulcinj.com\/blog\/author\/admin\/"}]}},"jetpack_featured_media_url":"","jetpack_sharing_enabled":true,"jetpack_shortlink":"https:\/\/wp.me\/pe6lTn-nVI","_links":{"self":[{"href":"https:\/\/www.visit-ulcinj.com\/blog\/wp-json\/wp\/v2\/posts\/91990"}],"collection":[{"href":"https:\/\/www.visit-ulcinj.com\/blog\/wp-json\/wp\/v2\/posts"}],"about":[{"href":"https:\/\/www.visit-ulcinj.com\/blog\/wp-json\/wp\/v2\/types\/post"}],"author":[{"embeddable":true,"href":"https:\/\/www.visit-ulcinj.com\/blog\/wp-json\/wp\/v2\/users\/1"}],"replies":[{"embeddable":true,"href":"https:\/\/www.visit-ulcinj.com\/blog\/wp-json\/wp\/v2\/comments?post=91990"}],"version-history":[{"count":1,"href":"https:\/\/www.visit-ulcinj.com\/blog\/wp-json\/wp\/v2\/posts\/91990\/revisions"}],"predecessor-version":[{"id":91991,"href":"https:\/\/www.visit-ulcinj.com\/blog\/wp-json\/wp\/v2\/posts\/91990\/revisions\/91991"}],"wp:attachment":[{"href":"https:\/\/www.visit-ulcinj.com\/blog\/wp-json\/wp\/v2\/media?parent=91990"}],"wp:term":[{"taxonomy":"category","embeddable":true,"href":"https:\/\/www.visit-ulcinj.com\/blog\/wp-json\/wp\/v2\/categories?post=91990"},{"taxonomy":"post_tag","embeddable":true,"href":"https:\/\/www.visit-ulcinj.com\/blog\/wp-json\/wp\/v2\/tags?post=91990"}],"curies":[{"name":"wp","href":"https:\/\/api.w.org\/{rel}","templated":true}]}}