{"id":91998,"date":"2015-08-02T19:57:24","date_gmt":"2015-08-02T18:57:24","guid":{"rendered":"http:\/\/www.visit-ulcinj.com\/blog\/?p=91998"},"modified":"2015-08-03T08:10:44","modified_gmt":"2015-08-03T07:10:44","slug":"digjet-ne-shtoj-te-ulqinit","status":"publish","type":"post","link":"https:\/\/www.visit-ulcinj.com\/blog\/2015\/08\/02\/digjet-ne-shtoj-te-ulqinit\/","title":{"rendered":"Digjet n\u00eb Shtoj t\u00eb Ulqinit"},"content":{"rendered":"<p><a href=\"http:\/\/www.visit-ulcinj.com\/blog\/wp-content\/uploads\/2015\/08\/digjet-ne-Shtoj-te-Ulqinit.jpg\"><img loading=\"lazy\" class=\"alignleft wp-image-91999\" src=\"http:\/\/www.visit-ulcinj.com\/blog\/wp-content\/uploads\/2015\/08\/digjet-ne-Shtoj-te-Ulqinit.jpg\" alt=\"digjet ne Shtoj te Ulqinit\" width=\"508\" height=\"286\" srcset=\"https:\/\/www.visit-ulcinj.com\/blog\/wp-content\/uploads\/2015\/08\/digjet-ne-Shtoj-te-Ulqinit.jpg 960w, https:\/\/www.visit-ulcinj.com\/blog\/wp-content\/uploads\/2015\/08\/digjet-ne-Shtoj-te-Ulqinit-300x169.jpg 300w\" sizes=\"(max-width: 508px) 100vw, 508px\" \/><\/a>Zjarri shp\u00ebrtheu para disa or\u00ebve n\u00eb\u00a0 Shtoj t\u00eb Ulqinit. Nd\u00ebrkoh\u00eb, forcat zjarrfik\u00ebse nga Ulqini kan\u00eb mb\u00ebrritur n\u00eb vendngjarje.<\/p>\n<p>Policia e Ulqinit asht\u00eb duke b\u00ebr\u00eb hetime, dhe po punohet p\u00ebr kapjen e autorit.<\/p>\n<p><strong>Foto: <a id=\"js_n\" href=\"https:\/\/www.facebook.com\/vatrogasno.ulcinj?fref=photo\" data-hovercard=\"\/ajax\/hovercard\/user.php?id=100001187715009\">Vatrogasno Ulcinj <\/a>Facebook<\/strong><\/p>\n<p><a href=\"http:\/\/www.visit-ulcinj.com\/blog\/wp-content\/uploads\/2015\/08\/digjet-ne-Shtoj-te-Ulqinit-1.jpg\"><img loading=\"lazy\" class=\"alignleft wp-image-92000\" src=\"http:\/\/www.visit-ulcinj.com\/blog\/wp-content\/uploads\/2015\/08\/digjet-ne-Shtoj-te-Ulqinit-1.jpg\" alt=\"digjet ne Shtoj te Ulqinit-1\" width=\"508\" height=\"286\" srcset=\"https:\/\/www.visit-ulcinj.com\/blog\/wp-content\/uploads\/2015\/08\/digjet-ne-Shtoj-te-Ulqinit-1.jpg 960w, https:\/\/www.visit-ulcinj.com\/blog\/wp-content\/uploads\/2015\/08\/digjet-ne-Shtoj-te-Ulqinit-1-300x169.jpg 300w\" sizes=\"(max-width: 508px) 100vw, 508px\" \/><\/a><\/p>\n<p>&nbsp;<\/p>\n<p><a href=\"http:\/\/www.visit-ulcinj.com\/blog\/wp-content\/uploads\/2015\/08\/digjet-ne-Shtoj-te-Ulqinit-2.jpg\"><img loading=\"lazy\" class=\"alignleft wp-image-92001\" src=\"http:\/\/www.visit-ulcinj.com\/blog\/wp-content\/uploads\/2015\/08\/digjet-ne-Shtoj-te-Ulqinit-2.jpg\" alt=\"digjet ne Shtoj te Ulqinit-2\" width=\"508\" height=\"381\" srcset=\"https:\/\/www.visit-ulcinj.com\/blog\/wp-content\/uploads\/2015\/08\/digjet-ne-Shtoj-te-Ulqinit-2.jpg 960w, https:\/\/www.visit-ulcinj.com\/blog\/wp-content\/uploads\/2015\/08\/digjet-ne-Shtoj-te-Ulqinit-2-300x225.jpg 300w\" sizes=\"(max-width: 508px) 100vw, 508px\" \/><\/a> <a href=\"http:\/\/www.visit-ulcinj.com\/blog\/wp-content\/uploads\/2015\/08\/digjet-ne-Shtoj-te-Ulqinit-3.jpg\"><img loading=\"lazy\" class=\"alignleft wp-image-92002\" src=\"http:\/\/www.visit-ulcinj.com\/blog\/wp-content\/uploads\/2015\/08\/digjet-ne-Shtoj-te-Ulqinit-3.jpg\" alt=\"digjet ne Shtoj te Ulqinit-3\" width=\"508\" height=\"906\" srcset=\"https:\/\/www.visit-ulcinj.com\/blog\/wp-content\/uploads\/2015\/08\/digjet-ne-Shtoj-te-Ulqinit-3.jpg 538w, https:\/\/www.visit-ulcinj.com\/blog\/wp-content\/uploads\/2015\/08\/digjet-ne-Shtoj-te-Ulqinit-3-168x300.jpg 168w\" sizes=\"(max-width: 508px) 100vw, 508px\" \/><\/a> <a href=\"http:\/\/www.visit-ulcinj.com\/blog\/wp-content\/uploads\/2015\/08\/digjet-ne-Shtoj-te-Ulqinit-4.jpg\"><img loading=\"lazy\" class=\"alignleft wp-image-92003\" src=\"http:\/\/www.visit-ulcinj.com\/blog\/wp-content\/uploads\/2015\/08\/digjet-ne-Shtoj-te-Ulqinit-4.jpg\" alt=\"digjet ne Shtoj te Ulqinit-4\" width=\"508\" height=\"285\" srcset=\"https:\/\/www.visit-ulcinj.com\/blog\/wp-content\/uploads\/2015\/08\/digjet-ne-Shtoj-te-Ulqinit-4.jpg 960w, https:\/\/www.visit-ulcinj.com\/blog\/wp-content\/uploads\/2015\/08\/digjet-ne-Shtoj-te-Ulqinit-4-300x168.jpg 300w\" sizes=\"(max-width: 508px) 100vw, 508px\" \/><\/a><\/p>\n","protected":false},"excerpt":{"rendered":"<p>Zjarri shp\u00ebrtheu para disa or\u00ebve n\u00eb\u00a0 Shtoj t\u00eb Ulqinit. Nd\u00ebrkoh\u00eb, forcat zjarrfik\u00ebse nga Ulqini kan\u00eb mb\u00ebrritur n\u00eb vendngjarje. Policia e Ulqinit asht\u00eb duke b\u00ebr\u00eb hetime, dhe po punohet p\u00ebr kapjen e autorit. Foto: Vatrogasno Ulcinj Facebook &nbsp;<\/p>\n","protected":false},"author":1,"featured_media":0,"comment_status":"closed","ping_status":"closed","sticky":false,"template":"","format":"standard","meta":{"spay_email":"","jetpack_publicize_message":"","jetpack_is_tweetstorm":false,"jetpack_publicize_feature_enabled":true},"categories":[1,6950],"tags":[],"jetpack_publicize_connections":[],"yoast_head":"<!-- This site is optimized with the Yoast SEO plugin v19.1 - https:\/\/yoast.com\/wordpress\/plugins\/seo\/ -->\n<title>Digjet n\u00eb Shtoj t\u00eb Ulqinit - Lajme nga Ulqini<\/title>\n<meta name=\"description\" content=\"Zjarri shp\u00ebrtheu para disa or\u00ebve n\u00eb\u00a0 Shtoj t\u00eb Ulqinit. Nd\u00ebrkoh\u00eb, forcat zjarrfik\u00ebse nga Ulqini kan\u00eb mb\u00ebrritur n\u00eb vendngjarje. Policia e Ulqinit asht\u00eb duke\" \/>\n<meta name=\"robots\" content=\"index, follow, max-snippet:-1, max-image-preview:large, max-video-preview:-1\" \/>\n<link rel=\"canonical\" href=\"https:\/\/www.visit-ulcinj.com\/blog\/2015\/08\/02\/digjet-ne-shtoj-te-ulqinit\/\" \/>\n<meta property=\"og:locale\" content=\"en_US\" \/>\n<meta property=\"og:type\" content=\"article\" \/>\n<meta property=\"og:title\" content=\"Digjet n\u00eb Shtoj t\u00eb Ulqinit - Lajme nga Ulqini\" \/>\n<meta property=\"og:description\" content=\"Zjarri shp\u00ebrtheu para disa or\u00ebve n\u00eb\u00a0 Shtoj t\u00eb Ulqinit. Nd\u00ebrkoh\u00eb, forcat zjarrfik\u00ebse nga Ulqini kan\u00eb mb\u00ebrritur n\u00eb vendngjarje. Policia e Ulqinit asht\u00eb duke\" \/>\n<meta property=\"og:url\" content=\"https:\/\/www.visit-ulcinj.com\/blog\/2015\/08\/02\/digjet-ne-shtoj-te-ulqinit\/\" \/>\n<meta property=\"og:site_name\" content=\"Lajme nga Ulqini\" \/>\n<meta property=\"article:published_time\" content=\"2015-08-02T18:57:24+00:00\" \/>\n<meta property=\"article:modified_time\" content=\"2015-08-03T07:10:44+00:00\" \/>\n<meta property=\"og:image\" content=\"http:\/\/www.visit-ulcinj.com\/blog\/wp-content\/uploads\/2015\/08\/digjet-ne-Shtoj-te-Ulqinit.jpg\" \/>\n<meta name=\"twitter:label1\" content=\"Written by\" \/>\n\t<meta name=\"twitter:data1\" content=\"ulqini\" \/>\n<script type=\"application\/ld+json\" class=\"yoast-schema-graph\">{\"@context\":\"https:\/\/schema.org\",\"@graph\":[{\"@type\":\"WebSite\",\"@id\":\"https:\/\/www.visit-ulcinj.com\/blog\/#website\",\"url\":\"https:\/\/www.visit-ulcinj.com\/blog\/\",\"name\":\"Lajme nga Ulqini\",\"description\":\"Lajme,Vijesti,Ulqini,Ulqin,Crna Gora,Mali i Zi\",\"potentialAction\":[{\"@type\":\"SearchAction\",\"target\":{\"@type\":\"EntryPoint\",\"urlTemplate\":\"https:\/\/www.visit-ulcinj.com\/blog\/?s={search_term_string}\"},\"query-input\":\"required name=search_term_string\"}],\"inLanguage\":\"en-US\"},{\"@type\":\"ImageObject\",\"inLanguage\":\"en-US\",\"@id\":\"https:\/\/www.visit-ulcinj.com\/blog\/2015\/08\/02\/digjet-ne-shtoj-te-ulqinit\/#primaryimage\",\"url\":\"https:\/\/www.visit-ulcinj.com\/blog\/wp-content\/uploads\/2015\/08\/digjet-ne-Shtoj-te-Ulqinit.jpg\",\"contentUrl\":\"https:\/\/www.visit-ulcinj.com\/blog\/wp-content\/uploads\/2015\/08\/digjet-ne-Shtoj-te-Ulqinit.jpg\",\"width\":960,\"height\":540},{\"@type\":\"WebPage\",\"@id\":\"https:\/\/www.visit-ulcinj.com\/blog\/2015\/08\/02\/digjet-ne-shtoj-te-ulqinit\/#webpage\",\"url\":\"https:\/\/www.visit-ulcinj.com\/blog\/2015\/08\/02\/digjet-ne-shtoj-te-ulqinit\/\",\"name\":\"Digjet n\u00eb Shtoj t\u00eb Ulqinit - Lajme nga Ulqini\",\"isPartOf\":{\"@id\":\"https:\/\/www.visit-ulcinj.com\/blog\/#website\"},\"primaryImageOfPage\":{\"@id\":\"https:\/\/www.visit-ulcinj.com\/blog\/2015\/08\/02\/digjet-ne-shtoj-te-ulqinit\/#primaryimage\"},\"datePublished\":\"2015-08-02T18:57:24+00:00\",\"dateModified\":\"2015-08-03T07:10:44+00:00\",\"author\":{\"@id\":\"https:\/\/www.visit-ulcinj.com\/blog\/#\/schema\/person\/dcab619c614d3038751c63bc2aadc06d\"},\"description\":\"Zjarri shp\u00ebrtheu para disa or\u00ebve n\u00eb\u00a0 Shtoj t\u00eb Ulqinit. Nd\u00ebrkoh\u00eb, forcat zjarrfik\u00ebse nga Ulqini kan\u00eb mb\u00ebrritur n\u00eb vendngjarje. Policia e Ulqinit asht\u00eb duke\",\"breadcrumb\":{\"@id\":\"https:\/\/www.visit-ulcinj.com\/blog\/2015\/08\/02\/digjet-ne-shtoj-te-ulqinit\/#breadcrumb\"},\"inLanguage\":\"en-US\",\"potentialAction\":[{\"@type\":\"ReadAction\",\"target\":[\"https:\/\/www.visit-ulcinj.com\/blog\/2015\/08\/02\/digjet-ne-shtoj-te-ulqinit\/\"]}]},{\"@type\":\"BreadcrumbList\",\"@id\":\"https:\/\/www.visit-ulcinj.com\/blog\/2015\/08\/02\/digjet-ne-shtoj-te-ulqinit\/#breadcrumb\",\"itemListElement\":[{\"@type\":\"ListItem\",\"position\":1,\"name\":\"Digjet n\u00eb Shtoj t\u00eb Ulqinit\"}]},{\"@type\":\"Person\",\"@id\":\"https:\/\/www.visit-ulcinj.com\/blog\/#\/schema\/person\/dcab619c614d3038751c63bc2aadc06d\",\"name\":\"ulqini\",\"sameAs\":[\"http:\/\/www.visit-ulcinj.com\"],\"url\":\"https:\/\/www.visit-ulcinj.com\/blog\/author\/admin\/\"}]}<\/script>\n<!-- \/ Yoast SEO plugin. -->","yoast_head_json":{"title":"Digjet n\u00eb Shtoj t\u00eb Ulqinit - Lajme nga Ulqini","description":"Zjarri shp\u00ebrtheu para disa or\u00ebve n\u00eb\u00a0 Shtoj t\u00eb Ulqinit. Nd\u00ebrkoh\u00eb, forcat zjarrfik\u00ebse nga Ulqini kan\u00eb mb\u00ebrritur n\u00eb vendngjarje. Policia e Ulqinit asht\u00eb duke","robots":{"index":"index","follow":"follow","max-snippet":"max-snippet:-1","max-image-preview":"max-image-preview:large","max-video-preview":"max-video-preview:-1"},"canonical":"https:\/\/www.visit-ulcinj.com\/blog\/2015\/08\/02\/digjet-ne-shtoj-te-ulqinit\/","og_locale":"en_US","og_type":"article","og_title":"Digjet n\u00eb Shtoj t\u00eb Ulqinit - Lajme nga Ulqini","og_description":"Zjarri shp\u00ebrtheu para disa or\u00ebve n\u00eb\u00a0 Shtoj t\u00eb Ulqinit. Nd\u00ebrkoh\u00eb, forcat zjarrfik\u00ebse nga Ulqini kan\u00eb mb\u00ebrritur n\u00eb vendngjarje. Policia e Ulqinit asht\u00eb duke","og_url":"https:\/\/www.visit-ulcinj.com\/blog\/2015\/08\/02\/digjet-ne-shtoj-te-ulqinit\/","og_site_name":"Lajme nga Ulqini","article_published_time":"2015-08-02T18:57:24+00:00","article_modified_time":"2015-08-03T07:10:44+00:00","og_image":[{"url":"http:\/\/www.visit-ulcinj.com\/blog\/wp-content\/uploads\/2015\/08\/digjet-ne-Shtoj-te-Ulqinit.jpg"}],"twitter_misc":{"Written by":"ulqini"},"schema":{"@context":"https:\/\/schema.org","@graph":[{"@type":"WebSite","@id":"https:\/\/www.visit-ulcinj.com\/blog\/#website","url":"https:\/\/www.visit-ulcinj.com\/blog\/","name":"Lajme nga Ulqini","description":"Lajme,Vijesti,Ulqini,Ulqin,Crna Gora,Mali i Zi","potentialAction":[{"@type":"SearchAction","target":{"@type":"EntryPoint","urlTemplate":"https:\/\/www.visit-ulcinj.com\/blog\/?s={search_term_string}"},"query-input":"required name=search_term_string"}],"inLanguage":"en-US"},{"@type":"ImageObject","inLanguage":"en-US","@id":"https:\/\/www.visit-ulcinj.com\/blog\/2015\/08\/02\/digjet-ne-shtoj-te-ulqinit\/#primaryimage","url":"https:\/\/www.visit-ulcinj.com\/blog\/wp-content\/uploads\/2015\/08\/digjet-ne-Shtoj-te-Ulqinit.jpg","contentUrl":"https:\/\/www.visit-ulcinj.com\/blog\/wp-content\/uploads\/2015\/08\/digjet-ne-Shtoj-te-Ulqinit.jpg","width":960,"height":540},{"@type":"WebPage","@id":"https:\/\/www.visit-ulcinj.com\/blog\/2015\/08\/02\/digjet-ne-shtoj-te-ulqinit\/#webpage","url":"https:\/\/www.visit-ulcinj.com\/blog\/2015\/08\/02\/digjet-ne-shtoj-te-ulqinit\/","name":"Digjet n\u00eb Shtoj t\u00eb Ulqinit - Lajme nga Ulqini","isPartOf":{"@id":"https:\/\/www.visit-ulcinj.com\/blog\/#website"},"primaryImageOfPage":{"@id":"https:\/\/www.visit-ulcinj.com\/blog\/2015\/08\/02\/digjet-ne-shtoj-te-ulqinit\/#primaryimage"},"datePublished":"2015-08-02T18:57:24+00:00","dateModified":"2015-08-03T07:10:44+00:00","author":{"@id":"https:\/\/www.visit-ulcinj.com\/blog\/#\/schema\/person\/dcab619c614d3038751c63bc2aadc06d"},"description":"Zjarri shp\u00ebrtheu para disa or\u00ebve n\u00eb\u00a0 Shtoj t\u00eb Ulqinit. Nd\u00ebrkoh\u00eb, forcat zjarrfik\u00ebse nga Ulqini kan\u00eb mb\u00ebrritur n\u00eb vendngjarje. Policia e Ulqinit asht\u00eb duke","breadcrumb":{"@id":"https:\/\/www.visit-ulcinj.com\/blog\/2015\/08\/02\/digjet-ne-shtoj-te-ulqinit\/#breadcrumb"},"inLanguage":"en-US","potentialAction":[{"@type":"ReadAction","target":["https:\/\/www.visit-ulcinj.com\/blog\/2015\/08\/02\/digjet-ne-shtoj-te-ulqinit\/"]}]},{"@type":"BreadcrumbList","@id":"https:\/\/www.visit-ulcinj.com\/blog\/2015\/08\/02\/digjet-ne-shtoj-te-ulqinit\/#breadcrumb","itemListElement":[{"@type":"ListItem","position":1,"name":"Digjet n\u00eb Shtoj t\u00eb Ulqinit"}]},{"@type":"Person","@id":"https:\/\/www.visit-ulcinj.com\/blog\/#\/schema\/person\/dcab619c614d3038751c63bc2aadc06d","name":"ulqini","sameAs":["http:\/\/www.visit-ulcinj.com"],"url":"https:\/\/www.visit-ulcinj.com\/blog\/author\/admin\/"}]}},"jetpack_featured_media_url":"","jetpack_sharing_enabled":true,"jetpack_shortlink":"https:\/\/wp.me\/pe6lTn-nVQ","_links":{"self":[{"href":"https:\/\/www.visit-ulcinj.com\/blog\/wp-json\/wp\/v2\/posts\/91998"}],"collection":[{"href":"https:\/\/www.visit-ulcinj.com\/blog\/wp-json\/wp\/v2\/posts"}],"about":[{"href":"https:\/\/www.visit-ulcinj.com\/blog\/wp-json\/wp\/v2\/types\/post"}],"author":[{"embeddable":true,"href":"https:\/\/www.visit-ulcinj.com\/blog\/wp-json\/wp\/v2\/users\/1"}],"replies":[{"embeddable":true,"href":"https:\/\/www.visit-ulcinj.com\/blog\/wp-json\/wp\/v2\/comments?post=91998"}],"version-history":[{"count":1,"href":"https:\/\/www.visit-ulcinj.com\/blog\/wp-json\/wp\/v2\/posts\/91998\/revisions"}],"predecessor-version":[{"id":92004,"href":"https:\/\/www.visit-ulcinj.com\/blog\/wp-json\/wp\/v2\/posts\/91998\/revisions\/92004"}],"wp:attachment":[{"href":"https:\/\/www.visit-ulcinj.com\/blog\/wp-json\/wp\/v2\/media?parent=91998"}],"wp:term":[{"taxonomy":"category","embeddable":true,"href":"https:\/\/www.visit-ulcinj.com\/blog\/wp-json\/wp\/v2\/categories?post=91998"},{"taxonomy":"post_tag","embeddable":true,"href":"https:\/\/www.visit-ulcinj.com\/blog\/wp-json\/wp\/v2\/tags?post=91998"}],"curies":[{"name":"wp","href":"https:\/\/api.w.org\/{rel}","templated":true}]}}