{"id":920,"date":"2008-03-16T06:09:03","date_gmt":"2008-03-16T11:09:03","guid":{"rendered":"http:\/\/www.visit-ulcinj.com\/blog\/2008\/03\/16\/mehmet-bardhi-vlast-cerupa-opstine\/"},"modified":"2008-03-16T15:01:59","modified_gmt":"2008-03-16T20:01:59","slug":"mehmet-bardhi-vlast-cerupa-opstine","status":"publish","type":"post","link":"https:\/\/www.visit-ulcinj.com\/blog\/2008\/03\/16\/mehmet-bardhi-vlast-cerupa-opstine\/","title":{"rendered":"Mehmet Bardhi: Vlast ?erupa op\u0161tine"},"content":{"rendered":"<p><a href=\"http:\/\/www.visit-ulcinj.com\/blog\/wp-content\/uploads\/2008\/03\/mehmet-bardhi1.jpg\" rel=\"lightbox[pics-1205664849]\" title=\"Mehmet Bardhi_ulcinj\"><img loading=\"lazy\" src=\"http:\/\/www.visit-ulcinj.com\/blog\/wp-content\/uploads\/2008\/03\/mehmet-bardhi1.thumbnail.jpg\" alt=\"Mehmet Bardhi_ulcinj\" align=\"left\" height=\"150\" width=\"200\" \/><\/a><strong>Skup\u0161tine manjinskih naroda do 19. aprila<\/strong><br \/>\nManjinski savjeti bi?e politizovani u po?etku zbog u?e\u0161?a predstavnika partija u njihovom radu, ali ?e u narednim fazama to biti prevazi?eno ulaskom politi?ki neanga\u017eovanih li?nosti, ocijenio je ju?e sekretar Ministarstva za za\u0161titu ljudskih i manjinskih prava Orhan \u0160ahmanovi?.<br \/>\nOn je &#8220;Danu&#8221; saop\u0161tio da ?e dio ?lanova biti biran na osnovu funkcije, dakle ministri, poslanici, predsjednici partija, predsjednici klubova odbornika i predsjednici op\u0161tina. Ostale ?e birati elektorska skup\u0161tina. Manjinski narod mo\u017ee imati samo jedan savjet &#8211; saop\u0161tio je \u0160ahmanovi?.<br \/>\nPrimjer zloupotrebe savjeta bi?e zapo\u0161ljavanje, jer posao ne mogu dobiti strana?ki nepodobni, tvrdi lider Demokratskog saveza Albanaca Mehmed Bardhi, jer na ?elu savjeta bi?e ljudi bliski vladaju?oj koaliciji.<br \/>\n&#8211; Formiraju fond i savjete, a niko ne pominje decentralizaciju, restituciju ili privatizaciju. \u0160ta ?e nam savjeti kada vlast ?erupa op\u0161tine u kojima su manjinski narodi ve?ina. Dok nas ne prihvate kao ravnopravne ?inioce u dru\u0161tvu, nema napretka. Nijesu ratifikovali evropsku Povelju o lokalnoj samoupravi, gu\u0161e nam osnovna prava, a sada ho?e i Evropsku uniju da preveslaju. E, ne mo\u017ee &#8211; poru?uje Bardhi.<a href=\"http:\/\/www.visit-ulcinj.com\/blog\/wp-content\/uploads\/2008\/03\/vasel-sinishtaj.jpg\" rel=\"lightbox[pics920]\" title=\"Vasel Sinishtaj_tuzi\"><img loading=\"lazy\" src=\"http:\/\/www.visit-ulcinj.com\/blog\/wp-content\/uploads\/2008\/03\/vasel-sinishtaj.thumbnail.jpg\" alt=\"Vasel Sinishtaj_tuzi\" align=\"right\" height=\"200\" width=\"150\" \/><\/a><br \/>\nPoliti?ke partije ?e sigurno poku\u0161ati da zloupotrijebe rad savjeta, smatra lider Albanske alterantive Vaselj Sini\u0161taj, koji ?e kao poslanik biti izabran u albanski savjet.<br \/>\n&#8211; Vrlo ?udno nam je za\u0161to se albanski ?lanovi biraju u Ulcinju. Po\u0161to Demokratska unija Albanaca ima vlast u tom gradu, elektorska skup\u0161tina ?e vjerovatno biti politi?ka promocija za njih. Time se ve? pokre?e pitanje politi?ke instrumentalizacije &#8211; ocjenjuje Sini\u0161taj.<br \/>\nZakon je takav kakav je i ne mo\u017ee biti rasprave osim rije\u0161enosti da svi ?lanovi savjeta budu posve?eni vitalnim nacionalnim interesima, navode u Informativnoj slu\u017ebi Bo\u0161nja?ke stranke.<br \/>\n&#8211; Procedura nala\u017ee da dio savjeta ?ine ljudi birani na osnovu funkcije, ali kada su u pitanju kandidati za bo\u0161nja?ki savjet u njemu ?e biti istinski reprezenti svog naroda. Uostalom, zalaganje partija iz manjinskih naroda je prevashodno za\u0161tita svog nacionalnog interesa &#8211; saop\u0161teno je iz BS-a.<br \/>\nOd 35 ?lanova bo\u0161nja?kog savjeta 19 se bira na osnovu funkcije, a 16 ?e izabrati elektori.<\/p>\n<p>M.V.<\/p>\n<p><strong>Potvrditi nacionalnu pripadnost<\/strong><\/p>\n<p>Kandidat za ?lana savjeta manjinske zajednice, koja u ukupnom stanovni\u0161tvu u?estvuje manje od tri odsto, mora sakupiti 30 potpisa podr\u0161ke sunarodnika, a za one koje broje od tri do pet odsto 60, poja\u0161njava \u0160ahmanovi?.<br \/>\n&#8211; Kandidati iz zajednica koji u?estvuju vi\u0161e od pet odsto moraju imati 100 potpisa. Na inicijative za raspisivanje izbora za elektorske skup\u0161tine odgovara ministarstvo. Kandidat mora da potpi\u0161e izjavu o nacionalnoj pripadnosti i prihvatanju kandidature, a mora dostaviti i potvrdu o bira?kom pravu &#8211; rekao je \u0160ahmanovi?.<\/p>\n<p><strong>Novi izborni model<\/strong><\/p>\n<p>Hrvatski savjet sprema statut i poslovnik, bi?e izabrano predsjedni\u0161tvo, a ve?ina ?lanova su istovremeno ?lanovi Hrvatske gra?anske inicijative, rekla nam je predsjednik HGI Marija Vu?inovi?.<br \/>\n&#8211; U formi predloga, dodu\u0161e, predvi?eno je i ovla\u0161?enje savjeta da kreira izborne liste za manjine, a da zastupljeni na listi koji osvoje najvi\u0161e glasova bez obzira na cenzus za ulazak u parlament bivaju izabrani u lokalne i crnogorsku Skup\u0161tinu. Uobli?avanju predloga pristupilo bi se prilikom izrade i usagla\u0161avanja sa Ustavom izbornih zakona. Sli?an model postoji u Hrvatskoj. Na tome je posebno insistirala Demokratska unija Albanaca kao dio predizborne podr\u0161ke kandidatu vladaju?e koalicije Filipu Vujanovi?u &#8211; kazala je Vu?inovi?eva.<br \/>\nOna, me?utim, nije mogla da objasni kakva bi uloga manjinskih partija bila u takvom sistemu. U Hrvatskoj, ona je odvojena jer pravo predlaganja za zastupnike manjina imaju stranke, bira?i i udru\u017eenja nacionalnih manjina, s tim \u0161to se proces izrade liste mo\u017ee koordinirati. Pri tom je Ustavnim zakonom definisano na koliko zastupnika manjine imaju pravo.<\/p>\n<p><strong>Kalendar<\/strong><\/p>\n<p>Bo\u0161njaci ?e savjet formirati 15. marta, Romi 22, a Muslimani 29. Planirano je da albanski savjet bude formiran 19. aprila u Ulcinju. Hrvatska manjina formirala je savjet 31. januara.<\/p>\n<table border=\"0\" cellpadding=\"0\" cellspacing=\"2\" width=\"100%\">\n<tr>\n<td width=\"100\">&nbsp;<\/td>\n<td><strong><a href=\"mailto:mehmet.bardhi@skupstina.mn.yu%3C\" title=\"Ulcinj-ulqini-ulqin,montenegro\" target=\"_blank\">mehmet.bardhi@skupstina.mn.y<\/a><\/strong><\/td>\n<\/tr>\n<\/table>\n<p>www.dan.cg.yu\/<\/p>\n<p>[googlevideo]http:\/\/video.aol.com\/video-detail\/mehmet-bardhi&#8211;mal-i-zi-shqiptaret-kerkojne-zyrtarizim-te-gjuhes-shqipe\/3048771477[\/googlevideo]<\/p>\n","protected":false},"excerpt":{"rendered":"<p><img loading=\"lazy\" src=\"http:\/\/www.visit-ulcinj.com\/blog\/wp-content\/uploads\/2008\/03\/mehmet-bardhi1.thumbnail.jpg\" alt=\"Mehmet Bardhi_ulcinj\" align=\"left\" height=\"140\" width=\"140\" \/><\/p>\n","protected":false},"author":1,"featured_media":0,"comment_status":"open","ping_status":"closed","sticky":false,"template":"","format":"standard","meta":{"spay_email":"","jetpack_publicize_message":"","jetpack_is_tweetstorm":false,"jetpack_publicize_feature_enabled":true},"categories":[6],"tags":[],"jetpack_publicize_connections":[],"yoast_head":"<!-- This site is optimized with the Yoast SEO plugin v19.1 - https:\/\/yoast.com\/wordpress\/plugins\/seo\/ -->\n<title>Mehmet Bardhi: Vlast ?erupa op\u0161tine - Lajme nga Ulqini<\/title>\n<meta name=\"robots\" content=\"index, follow, max-snippet:-1, max-image-preview:large, max-video-preview:-1\" \/>\n<link rel=\"canonical\" href=\"https:\/\/www.visit-ulcinj.com\/blog\/2008\/03\/16\/mehmet-bardhi-vlast-cerupa-opstine\/\" \/>\n<meta property=\"og:locale\" content=\"en_US\" \/>\n<meta property=\"og:type\" content=\"article\" \/>\n<meta property=\"og:title\" content=\"Mehmet Bardhi: Vlast ?erupa op\u0161tine - Lajme nga Ulqini\" \/>\n<meta property=\"og:url\" content=\"https:\/\/www.visit-ulcinj.com\/blog\/2008\/03\/16\/mehmet-bardhi-vlast-cerupa-opstine\/\" \/>\n<meta property=\"og:site_name\" content=\"Lajme nga Ulqini\" \/>\n<meta property=\"article:published_time\" content=\"2008-03-16T11:09:03+00:00\" \/>\n<meta property=\"article:modified_time\" content=\"2008-03-16T20:01:59+00:00\" \/>\n<meta property=\"og:image\" content=\"http:\/\/www.visit-ulcinj.com\/blog\/wp-content\/uploads\/2008\/03\/mehmet-bardhi1.thumbnail.jpg\" \/>\n<meta name=\"twitter:label1\" content=\"Written by\" \/>\n\t<meta name=\"twitter:data1\" content=\"ulqini\" \/>\n\t<meta name=\"twitter:label2\" content=\"Est. reading time\" \/>\n\t<meta name=\"twitter:data2\" content=\"3 minutes\" \/>\n<script type=\"application\/ld+json\" class=\"yoast-schema-graph\">{\"@context\":\"https:\/\/schema.org\",\"@graph\":[{\"@type\":\"WebSite\",\"@id\":\"https:\/\/www.visit-ulcinj.com\/blog\/#website\",\"url\":\"https:\/\/www.visit-ulcinj.com\/blog\/\",\"name\":\"Lajme nga Ulqini\",\"description\":\"Lajme,Vijesti,Ulqini,Ulqin,Crna Gora,Mali i Zi\",\"potentialAction\":[{\"@type\":\"SearchAction\",\"target\":{\"@type\":\"EntryPoint\",\"urlTemplate\":\"https:\/\/www.visit-ulcinj.com\/blog\/?s={search_term_string}\"},\"query-input\":\"required name=search_term_string\"}],\"inLanguage\":\"en-US\"},{\"@type\":\"ImageObject\",\"inLanguage\":\"en-US\",\"@id\":\"https:\/\/www.visit-ulcinj.com\/blog\/2008\/03\/16\/mehmet-bardhi-vlast-cerupa-opstine\/#primaryimage\",\"url\":\"http:\/\/www.visit-ulcinj.com\/blog\/wp-content\/uploads\/2008\/03\/mehmet-bardhi1.thumbnail.jpg\",\"contentUrl\":\"http:\/\/www.visit-ulcinj.com\/blog\/wp-content\/uploads\/2008\/03\/mehmet-bardhi1.thumbnail.jpg\"},{\"@type\":\"WebPage\",\"@id\":\"https:\/\/www.visit-ulcinj.com\/blog\/2008\/03\/16\/mehmet-bardhi-vlast-cerupa-opstine\/#webpage\",\"url\":\"https:\/\/www.visit-ulcinj.com\/blog\/2008\/03\/16\/mehmet-bardhi-vlast-cerupa-opstine\/\",\"name\":\"Mehmet Bardhi: Vlast ?erupa op\u0161tine - Lajme nga Ulqini\",\"isPartOf\":{\"@id\":\"https:\/\/www.visit-ulcinj.com\/blog\/#website\"},\"primaryImageOfPage\":{\"@id\":\"https:\/\/www.visit-ulcinj.com\/blog\/2008\/03\/16\/mehmet-bardhi-vlast-cerupa-opstine\/#primaryimage\"},\"datePublished\":\"2008-03-16T11:09:03+00:00\",\"dateModified\":\"2008-03-16T20:01:59+00:00\",\"author\":{\"@id\":\"https:\/\/www.visit-ulcinj.com\/blog\/#\/schema\/person\/dcab619c614d3038751c63bc2aadc06d\"},\"breadcrumb\":{\"@id\":\"https:\/\/www.visit-ulcinj.com\/blog\/2008\/03\/16\/mehmet-bardhi-vlast-cerupa-opstine\/#breadcrumb\"},\"inLanguage\":\"en-US\",\"potentialAction\":[{\"@type\":\"ReadAction\",\"target\":[\"https:\/\/www.visit-ulcinj.com\/blog\/2008\/03\/16\/mehmet-bardhi-vlast-cerupa-opstine\/\"]}]},{\"@type\":\"BreadcrumbList\",\"@id\":\"https:\/\/www.visit-ulcinj.com\/blog\/2008\/03\/16\/mehmet-bardhi-vlast-cerupa-opstine\/#breadcrumb\",\"itemListElement\":[{\"@type\":\"ListItem\",\"position\":1,\"name\":\"Mehmet Bardhi: Vlast ?erupa op\u0161tine\"}]},{\"@type\":\"Person\",\"@id\":\"https:\/\/www.visit-ulcinj.com\/blog\/#\/schema\/person\/dcab619c614d3038751c63bc2aadc06d\",\"name\":\"ulqini\",\"sameAs\":[\"http:\/\/www.visit-ulcinj.com\"],\"url\":\"https:\/\/www.visit-ulcinj.com\/blog\/author\/admin\/\"}]}<\/script>\n<!-- \/ Yoast SEO plugin. -->","yoast_head_json":{"title":"Mehmet Bardhi: Vlast ?erupa op\u0161tine - Lajme nga Ulqini","robots":{"index":"index","follow":"follow","max-snippet":"max-snippet:-1","max-image-preview":"max-image-preview:large","max-video-preview":"max-video-preview:-1"},"canonical":"https:\/\/www.visit-ulcinj.com\/blog\/2008\/03\/16\/mehmet-bardhi-vlast-cerupa-opstine\/","og_locale":"en_US","og_type":"article","og_title":"Mehmet Bardhi: Vlast ?erupa op\u0161tine - Lajme nga Ulqini","og_url":"https:\/\/www.visit-ulcinj.com\/blog\/2008\/03\/16\/mehmet-bardhi-vlast-cerupa-opstine\/","og_site_name":"Lajme nga Ulqini","article_published_time":"2008-03-16T11:09:03+00:00","article_modified_time":"2008-03-16T20:01:59+00:00","og_image":[{"url":"http:\/\/www.visit-ulcinj.com\/blog\/wp-content\/uploads\/2008\/03\/mehmet-bardhi1.thumbnail.jpg"}],"twitter_misc":{"Written by":"ulqini","Est. reading time":"3 minutes"},"schema":{"@context":"https:\/\/schema.org","@graph":[{"@type":"WebSite","@id":"https:\/\/www.visit-ulcinj.com\/blog\/#website","url":"https:\/\/www.visit-ulcinj.com\/blog\/","name":"Lajme nga Ulqini","description":"Lajme,Vijesti,Ulqini,Ulqin,Crna Gora,Mali i Zi","potentialAction":[{"@type":"SearchAction","target":{"@type":"EntryPoint","urlTemplate":"https:\/\/www.visit-ulcinj.com\/blog\/?s={search_term_string}"},"query-input":"required name=search_term_string"}],"inLanguage":"en-US"},{"@type":"ImageObject","inLanguage":"en-US","@id":"https:\/\/www.visit-ulcinj.com\/blog\/2008\/03\/16\/mehmet-bardhi-vlast-cerupa-opstine\/#primaryimage","url":"http:\/\/www.visit-ulcinj.com\/blog\/wp-content\/uploads\/2008\/03\/mehmet-bardhi1.thumbnail.jpg","contentUrl":"http:\/\/www.visit-ulcinj.com\/blog\/wp-content\/uploads\/2008\/03\/mehmet-bardhi1.thumbnail.jpg"},{"@type":"WebPage","@id":"https:\/\/www.visit-ulcinj.com\/blog\/2008\/03\/16\/mehmet-bardhi-vlast-cerupa-opstine\/#webpage","url":"https:\/\/www.visit-ulcinj.com\/blog\/2008\/03\/16\/mehmet-bardhi-vlast-cerupa-opstine\/","name":"Mehmet Bardhi: Vlast ?erupa op\u0161tine - Lajme nga Ulqini","isPartOf":{"@id":"https:\/\/www.visit-ulcinj.com\/blog\/#website"},"primaryImageOfPage":{"@id":"https:\/\/www.visit-ulcinj.com\/blog\/2008\/03\/16\/mehmet-bardhi-vlast-cerupa-opstine\/#primaryimage"},"datePublished":"2008-03-16T11:09:03+00:00","dateModified":"2008-03-16T20:01:59+00:00","author":{"@id":"https:\/\/www.visit-ulcinj.com\/blog\/#\/schema\/person\/dcab619c614d3038751c63bc2aadc06d"},"breadcrumb":{"@id":"https:\/\/www.visit-ulcinj.com\/blog\/2008\/03\/16\/mehmet-bardhi-vlast-cerupa-opstine\/#breadcrumb"},"inLanguage":"en-US","potentialAction":[{"@type":"ReadAction","target":["https:\/\/www.visit-ulcinj.com\/blog\/2008\/03\/16\/mehmet-bardhi-vlast-cerupa-opstine\/"]}]},{"@type":"BreadcrumbList","@id":"https:\/\/www.visit-ulcinj.com\/blog\/2008\/03\/16\/mehmet-bardhi-vlast-cerupa-opstine\/#breadcrumb","itemListElement":[{"@type":"ListItem","position":1,"name":"Mehmet Bardhi: Vlast ?erupa op\u0161tine"}]},{"@type":"Person","@id":"https:\/\/www.visit-ulcinj.com\/blog\/#\/schema\/person\/dcab619c614d3038751c63bc2aadc06d","name":"ulqini","sameAs":["http:\/\/www.visit-ulcinj.com"],"url":"https:\/\/www.visit-ulcinj.com\/blog\/author\/admin\/"}]}},"jetpack_featured_media_url":"","jetpack_sharing_enabled":true,"jetpack_shortlink":"https:\/\/wp.me\/pe6lTn-eQ","_links":{"self":[{"href":"https:\/\/www.visit-ulcinj.com\/blog\/wp-json\/wp\/v2\/posts\/920"}],"collection":[{"href":"https:\/\/www.visit-ulcinj.com\/blog\/wp-json\/wp\/v2\/posts"}],"about":[{"href":"https:\/\/www.visit-ulcinj.com\/blog\/wp-json\/wp\/v2\/types\/post"}],"author":[{"embeddable":true,"href":"https:\/\/www.visit-ulcinj.com\/blog\/wp-json\/wp\/v2\/users\/1"}],"replies":[{"embeddable":true,"href":"https:\/\/www.visit-ulcinj.com\/blog\/wp-json\/wp\/v2\/comments?post=920"}],"version-history":[{"count":0,"href":"https:\/\/www.visit-ulcinj.com\/blog\/wp-json\/wp\/v2\/posts\/920\/revisions"}],"wp:attachment":[{"href":"https:\/\/www.visit-ulcinj.com\/blog\/wp-json\/wp\/v2\/media?parent=920"}],"wp:term":[{"taxonomy":"category","embeddable":true,"href":"https:\/\/www.visit-ulcinj.com\/blog\/wp-json\/wp\/v2\/categories?post=920"},{"taxonomy":"post_tag","embeddable":true,"href":"https:\/\/www.visit-ulcinj.com\/blog\/wp-json\/wp\/v2\/tags?post=920"}],"curies":[{"name":"wp","href":"https:\/\/api.w.org\/{rel}","templated":true}]}}