{"id":92005,"date":"2015-08-03T07:51:31","date_gmt":"2015-08-03T06:51:31","guid":{"rendered":"http:\/\/www.visit-ulcinj.com\/blog\/?p=92005"},"modified":"2015-08-03T07:51:31","modified_gmt":"2015-08-03T06:51:31","slug":"ndodhin-edhe-keto-pune","status":"publish","type":"post","link":"https:\/\/www.visit-ulcinj.com\/blog\/2015\/08\/03\/ndodhin-edhe-keto-pune\/","title":{"rendered":"Ndodhin edhe k\u00ebto pun\u00eb"},"content":{"rendered":"<p><strong><a href=\"http:\/\/www.visit-ulcinj.com\/blog\/wp-content\/uploads\/2015\/08\/Ljuko-Paljetak-Kalimera-poetike-Ulqin.jpg\"><img loading=\"lazy\" class=\"alignleft wp-image-92006\" src=\"http:\/\/www.visit-ulcinj.com\/blog\/wp-content\/uploads\/2015\/08\/Ljuko-Paljetak-Kalimera-poetike-Ulqin.jpg\" alt=\"Kalimera-Poetike-Ulqin\" width=\"508\" height=\"381\" srcset=\"https:\/\/www.visit-ulcinj.com\/blog\/wp-content\/uploads\/2015\/08\/Ljuko-Paljetak-Kalimera-poetike-Ulqin.jpg 640w, https:\/\/www.visit-ulcinj.com\/blog\/wp-content\/uploads\/2015\/08\/Ljuko-Paljetak-Kalimera-poetike-Ulqin-300x225.jpg 300w\" sizes=\"(max-width: 508px) 100vw, 508px\" \/><\/a>Shkruan: Muhamet Nika<\/strong><\/p>\n<p>T\u00eb enjten, m\u00eb 30 korrik 2015, n\u00eb kuad\u00ebr t\u00eb Kalimer\u00ebs Poetike t\u00eb organizuar n\u00eb Muzeun e Kalas\u00eb s\u00eb Ulqinit, n\u00eb mbr\u00ebmjen autoriale me shkrimtarin akademik Luko Paljetak nga Dubrovniku ndodhi nj\u00eb skandal kulturor nd\u00ebr mjet\u00eb kultur\u00ebs ulqinake dhe asaj t\u00eb Dubrovnikut, me kusht po themi, q\u00eb t\u00eb ishte e v\u00ebrtet\u00eb z\u00ebnia rob e Servantesit n\u00eb Ulqin&#8230;?!<\/p>\n<p>N\u00eb fakt moderatori i mbr\u00ebmjes : Mirash Martinoviq, nj\u00eb shkrimtar malazias i njohur si njoh\u00ebs i mir\u00eb i antikitetit ilirik dhe autor i romanit p\u00ebr Teut\u00ebn, duke dashur q\u00eb mysafirin ta ambientoj\u00eb sa m\u00eb mir\u00eb me kalan\u00eb e Ulqinit q\u00eb te Paljetak krijonte ndjenj\u00ebn e qytetit t\u00eb vet,\u00a0\u00a0 moderatori mysafirin e pyeti: Si e ndieni veten , Z. Paljetak, n\u00eb k\u00ebt\u00eb shesh q\u00eb quhet sheshi i rob\u00ebrve ku q\u00ebndroi edhe Servantesi &#8230;?!<\/p>\n<p>Akademiku Kroat pa p\u00ebrfunduar mir\u00eb pyetjen moderatori, nuk hezitoi dhe e pati p\u00ebrgjigj\u00ebn n\u00eb maje t\u00eb gjuh\u00ebs , duke i prer\u00eb sa m\u00eb shkurt q\u00eb mundi : \u201c Un\u00eb vij nga nj\u00eb qytet, q\u00eb moti historikisht i ka th\u00ebn\u00eb lamtumir\u00eb p\u00ebrgjithmon\u00eb kusaris\u00eb dhe kapjes rob&#8230;( t\u00eb shkrimtar\u00ebve.)\u201d?! Me k\u00ebt\u00eb jepte t\u00eb kuptonte se d\u00ebshironte t\u00eb konfirmonte superioritetin e vlerave t\u00eb qytetit t\u00eb vet n\u00eb raport me(anti) vlerat e Ulqinit&#8230;?!<\/p>\n<p>E un\u00eb me shok\u00eb.. , si duket n\u00eb heshtje pyet\u00ebm : Po kujt dreqin i shkon n\u00eb mend t\u00eb garoj\u00eb n\u00eb kultur\u00eb me anti-vlera, gjat\u00eb \u00e7do takimi kulturor n\u00eb Ulqin?! Th\u00ebn\u00eb t\u00eb v\u00ebrtet\u00ebn nuk e ndjeva vet\u00ebn mir\u00eb, kur edhe kryetar i parlamentit,R. Krivokapiq, n\u00eb hapje t\u00eb panairit t\u00eb sivjetsh\u00ebm n\u00eb fjal\u00ebn hyr\u00ebse, para turm\u00ebs , na e p\u00ebrmendi k\u00ebt\u00eb\u201dtrim\u00ebri\u201d, q\u00eb po na turp\u00ebron skajshm\u00ebrisht?!<\/p>\n<p>Po kush na e hodhi ne, si kultur\u00eb k\u00ebt\u00eb turp&#8230;?!<\/p>\n<p>Athua aq shum\u00eb kemi nevoj\u00eb t\u00eb fantazojm\u00eb e trillojm\u00eb dhe q\u00eb pirat\u00ebrin\u00eb e rob\u00ebrin\u00eb t\u2019i marrim si vlera t\u00eb krenaris\u00eb dhe trash\u00ebgimis\u00eb son\u00eb komb\u00ebtare ulqinake&#8230;?!<\/p>\n<p>Pas darke\u201czehri im\u201c ishte edhe m\u00eb i madh kur n\u00eb hyrje t\u00eb kalas\u00eb pash\u00eb t\u00eb ishte v\u00ebn\u00eb nj\u00eb pano e ndri\u00e7uar , ku ishte i vizatuar \u201eNJ\u00cb KUSAR I MADH\u201c dhe nj\u00eb Servantes i vog\u00ebl dhe ku thuhej se Servantesi i vog\u00ebl ishte z\u00ebn\u00eb rob NGA KUSAR I MADH- ALAMET.?! Shqet\u00ebsimi ishte i pa p\u00ebrshkruar kur m\u00ebsuam se panon\u00eb na e kish v\u00ebn\u00eb organizata turistike(e piratesis\u00eb&#8230;)?!!<\/p>\n<p>Mir\u00eb q\u00eb n\u00eb mbr\u00ebmje me Palet\u00ebn q\u00eblluan edhe ata q\u00eb fantazojn\u00eb legjenda komprometuese n\u00eb em\u00ebr t\u00eb propagand\u00ebs turistike.<\/p>\n<p>Palet\u00ebs u pa se nuk i b\u00ebnte mir\u00eb ky lloj i propagand\u00ebs turistike e mbase kjo nuk i b\u00ebn mir\u00eb as Ulqinit.<\/p>\n<p>Rasti i ekcesit ishte nj\u00eb katassis (pastrim shpirt\u00ebror..),<\/p>\n<p>p\u00ebr t\u00eb cilin fliste Aristoteli n\u00eb teorin\u00eb e tij p\u00ebr rolin pozitiv t\u00eb tragjedis\u00eb q\u00eb ka ajo te mast..?!!<\/p>\n<p>&nbsp;<\/p>\n<p><strong>Pik\u00ebpamjet e shprehura n\u00eb faqen \u201cOPINIONE\u201d nuk p\u00ebrfaq\u00ebsojn\u00eb domosdoshm\u00ebrisht politik\u00ebn redaksionale t\u00eb \u201eLajmeve nga Ulqini\u201e<\/strong><\/p>\n","protected":false},"excerpt":{"rendered":"<p>Shkruan: Muhamet Nika T\u00eb enjten, m\u00eb 30 korrik 2015, n\u00eb kuad\u00ebr t\u00eb Kalimer\u00ebs Poetike t\u00eb organizuar n\u00eb Muzeun e Kalas\u00eb s\u00eb Ulqinit, n\u00eb mbr\u00ebmjen autoriale me shkrimtarin akademik Luko Paljetak nga Dubrovniku ndodhi nj\u00eb skandal kulturor nd\u00ebr mjet\u00eb kultur\u00ebs ulqinake dhe asaj t\u00eb Dubrovnikut, me kusht po themi, q\u00eb t\u00eb ishte e v\u00ebrtet\u00eb z\u00ebnia rob [&hellip;]<\/p>\n","protected":false},"author":1,"featured_media":0,"comment_status":"closed","ping_status":"closed","sticky":false,"template":"","format":"standard","meta":{"spay_email":"","jetpack_publicize_message":"","jetpack_is_tweetstorm":false,"jetpack_publicize_feature_enabled":true},"categories":[14249],"tags":[],"jetpack_publicize_connections":[],"yoast_head":"<!-- This site is optimized with the Yoast SEO plugin v19.1 - https:\/\/yoast.com\/wordpress\/plugins\/seo\/ -->\n<title>Ndodhin edhe k\u00ebto pun\u00eb - Lajme nga Ulqini<\/title>\n<meta name=\"description\" content=\"Shkruan: Muhamet Nika T\u00eb enjten, m\u00eb 30 korrik 2015, n\u00eb kuad\u00ebr t\u00eb Kalimer\u00ebs Poetike t\u00eb organizuar n\u00eb Muzeun e Kalas\u00eb s\u00eb Ulqinit, n\u00eb mbr\u00ebmjen autoriale me\" \/>\n<meta name=\"robots\" content=\"index, follow, max-snippet:-1, max-image-preview:large, max-video-preview:-1\" \/>\n<link rel=\"canonical\" href=\"https:\/\/www.visit-ulcinj.com\/blog\/2015\/08\/03\/ndodhin-edhe-keto-pune\/\" \/>\n<meta property=\"og:locale\" content=\"en_US\" \/>\n<meta property=\"og:type\" content=\"article\" \/>\n<meta property=\"og:title\" content=\"Ndodhin edhe k\u00ebto pun\u00eb - Lajme nga Ulqini\" \/>\n<meta property=\"og:description\" content=\"Shkruan: Muhamet Nika T\u00eb enjten, m\u00eb 30 korrik 2015, n\u00eb kuad\u00ebr t\u00eb Kalimer\u00ebs Poetike t\u00eb organizuar n\u00eb Muzeun e Kalas\u00eb s\u00eb Ulqinit, n\u00eb mbr\u00ebmjen autoriale me\" \/>\n<meta property=\"og:url\" content=\"https:\/\/www.visit-ulcinj.com\/blog\/2015\/08\/03\/ndodhin-edhe-keto-pune\/\" \/>\n<meta property=\"og:site_name\" content=\"Lajme nga Ulqini\" \/>\n<meta property=\"article:published_time\" content=\"2015-08-03T06:51:31+00:00\" \/>\n<meta property=\"og:image\" content=\"http:\/\/www.visit-ulcinj.com\/blog\/wp-content\/uploads\/2015\/08\/Ljuko-Paljetak-Kalimera-poetike-Ulqin.jpg\" \/>\n<meta name=\"twitter:label1\" content=\"Written by\" \/>\n\t<meta name=\"twitter:data1\" content=\"ulqini\" \/>\n\t<meta name=\"twitter:label2\" content=\"Est. reading time\" \/>\n\t<meta name=\"twitter:data2\" content=\"3 minutes\" \/>\n<script type=\"application\/ld+json\" class=\"yoast-schema-graph\">{\"@context\":\"https:\/\/schema.org\",\"@graph\":[{\"@type\":\"WebSite\",\"@id\":\"https:\/\/www.visit-ulcinj.com\/blog\/#website\",\"url\":\"https:\/\/www.visit-ulcinj.com\/blog\/\",\"name\":\"Lajme nga Ulqini\",\"description\":\"Lajme,Vijesti,Ulqini,Ulqin,Crna Gora,Mali i Zi\",\"potentialAction\":[{\"@type\":\"SearchAction\",\"target\":{\"@type\":\"EntryPoint\",\"urlTemplate\":\"https:\/\/www.visit-ulcinj.com\/blog\/?s={search_term_string}\"},\"query-input\":\"required name=search_term_string\"}],\"inLanguage\":\"en-US\"},{\"@type\":\"ImageObject\",\"inLanguage\":\"en-US\",\"@id\":\"https:\/\/www.visit-ulcinj.com\/blog\/2015\/08\/03\/ndodhin-edhe-keto-pune\/#primaryimage\",\"url\":\"https:\/\/www.visit-ulcinj.com\/blog\/wp-content\/uploads\/2015\/08\/Ljuko-Paljetak-Kalimera-poetike-Ulqin.jpg\",\"contentUrl\":\"https:\/\/www.visit-ulcinj.com\/blog\/wp-content\/uploads\/2015\/08\/Ljuko-Paljetak-Kalimera-poetike-Ulqin.jpg\",\"width\":640,\"height\":480},{\"@type\":\"WebPage\",\"@id\":\"https:\/\/www.visit-ulcinj.com\/blog\/2015\/08\/03\/ndodhin-edhe-keto-pune\/#webpage\",\"url\":\"https:\/\/www.visit-ulcinj.com\/blog\/2015\/08\/03\/ndodhin-edhe-keto-pune\/\",\"name\":\"Ndodhin edhe k\u00ebto pun\u00eb - Lajme nga Ulqini\",\"isPartOf\":{\"@id\":\"https:\/\/www.visit-ulcinj.com\/blog\/#website\"},\"primaryImageOfPage\":{\"@id\":\"https:\/\/www.visit-ulcinj.com\/blog\/2015\/08\/03\/ndodhin-edhe-keto-pune\/#primaryimage\"},\"datePublished\":\"2015-08-03T06:51:31+00:00\",\"dateModified\":\"2015-08-03T06:51:31+00:00\",\"author\":{\"@id\":\"https:\/\/www.visit-ulcinj.com\/blog\/#\/schema\/person\/dcab619c614d3038751c63bc2aadc06d\"},\"description\":\"Shkruan: Muhamet Nika T\u00eb enjten, m\u00eb 30 korrik 2015, n\u00eb kuad\u00ebr t\u00eb Kalimer\u00ebs Poetike t\u00eb organizuar n\u00eb Muzeun e Kalas\u00eb s\u00eb Ulqinit, n\u00eb mbr\u00ebmjen autoriale me\",\"breadcrumb\":{\"@id\":\"https:\/\/www.visit-ulcinj.com\/blog\/2015\/08\/03\/ndodhin-edhe-keto-pune\/#breadcrumb\"},\"inLanguage\":\"en-US\",\"potentialAction\":[{\"@type\":\"ReadAction\",\"target\":[\"https:\/\/www.visit-ulcinj.com\/blog\/2015\/08\/03\/ndodhin-edhe-keto-pune\/\"]}]},{\"@type\":\"BreadcrumbList\",\"@id\":\"https:\/\/www.visit-ulcinj.com\/blog\/2015\/08\/03\/ndodhin-edhe-keto-pune\/#breadcrumb\",\"itemListElement\":[{\"@type\":\"ListItem\",\"position\":1,\"name\":\"Ndodhin edhe k\u00ebto pun\u00eb\"}]},{\"@type\":\"Person\",\"@id\":\"https:\/\/www.visit-ulcinj.com\/blog\/#\/schema\/person\/dcab619c614d3038751c63bc2aadc06d\",\"name\":\"ulqini\",\"sameAs\":[\"http:\/\/www.visit-ulcinj.com\"],\"url\":\"https:\/\/www.visit-ulcinj.com\/blog\/author\/admin\/\"}]}<\/script>\n<!-- \/ Yoast SEO plugin. -->","yoast_head_json":{"title":"Ndodhin edhe k\u00ebto pun\u00eb - Lajme nga Ulqini","description":"Shkruan: Muhamet Nika T\u00eb enjten, m\u00eb 30 korrik 2015, n\u00eb kuad\u00ebr t\u00eb Kalimer\u00ebs Poetike t\u00eb organizuar n\u00eb Muzeun e Kalas\u00eb s\u00eb Ulqinit, n\u00eb mbr\u00ebmjen autoriale me","robots":{"index":"index","follow":"follow","max-snippet":"max-snippet:-1","max-image-preview":"max-image-preview:large","max-video-preview":"max-video-preview:-1"},"canonical":"https:\/\/www.visit-ulcinj.com\/blog\/2015\/08\/03\/ndodhin-edhe-keto-pune\/","og_locale":"en_US","og_type":"article","og_title":"Ndodhin edhe k\u00ebto pun\u00eb - Lajme nga Ulqini","og_description":"Shkruan: Muhamet Nika T\u00eb enjten, m\u00eb 30 korrik 2015, n\u00eb kuad\u00ebr t\u00eb Kalimer\u00ebs Poetike t\u00eb organizuar n\u00eb Muzeun e Kalas\u00eb s\u00eb Ulqinit, n\u00eb mbr\u00ebmjen autoriale me","og_url":"https:\/\/www.visit-ulcinj.com\/blog\/2015\/08\/03\/ndodhin-edhe-keto-pune\/","og_site_name":"Lajme nga Ulqini","article_published_time":"2015-08-03T06:51:31+00:00","og_image":[{"url":"http:\/\/www.visit-ulcinj.com\/blog\/wp-content\/uploads\/2015\/08\/Ljuko-Paljetak-Kalimera-poetike-Ulqin.jpg"}],"twitter_misc":{"Written by":"ulqini","Est. reading time":"3 minutes"},"schema":{"@context":"https:\/\/schema.org","@graph":[{"@type":"WebSite","@id":"https:\/\/www.visit-ulcinj.com\/blog\/#website","url":"https:\/\/www.visit-ulcinj.com\/blog\/","name":"Lajme nga Ulqini","description":"Lajme,Vijesti,Ulqini,Ulqin,Crna Gora,Mali i Zi","potentialAction":[{"@type":"SearchAction","target":{"@type":"EntryPoint","urlTemplate":"https:\/\/www.visit-ulcinj.com\/blog\/?s={search_term_string}"},"query-input":"required name=search_term_string"}],"inLanguage":"en-US"},{"@type":"ImageObject","inLanguage":"en-US","@id":"https:\/\/www.visit-ulcinj.com\/blog\/2015\/08\/03\/ndodhin-edhe-keto-pune\/#primaryimage","url":"https:\/\/www.visit-ulcinj.com\/blog\/wp-content\/uploads\/2015\/08\/Ljuko-Paljetak-Kalimera-poetike-Ulqin.jpg","contentUrl":"https:\/\/www.visit-ulcinj.com\/blog\/wp-content\/uploads\/2015\/08\/Ljuko-Paljetak-Kalimera-poetike-Ulqin.jpg","width":640,"height":480},{"@type":"WebPage","@id":"https:\/\/www.visit-ulcinj.com\/blog\/2015\/08\/03\/ndodhin-edhe-keto-pune\/#webpage","url":"https:\/\/www.visit-ulcinj.com\/blog\/2015\/08\/03\/ndodhin-edhe-keto-pune\/","name":"Ndodhin edhe k\u00ebto pun\u00eb - Lajme nga Ulqini","isPartOf":{"@id":"https:\/\/www.visit-ulcinj.com\/blog\/#website"},"primaryImageOfPage":{"@id":"https:\/\/www.visit-ulcinj.com\/blog\/2015\/08\/03\/ndodhin-edhe-keto-pune\/#primaryimage"},"datePublished":"2015-08-03T06:51:31+00:00","dateModified":"2015-08-03T06:51:31+00:00","author":{"@id":"https:\/\/www.visit-ulcinj.com\/blog\/#\/schema\/person\/dcab619c614d3038751c63bc2aadc06d"},"description":"Shkruan: Muhamet Nika T\u00eb enjten, m\u00eb 30 korrik 2015, n\u00eb kuad\u00ebr t\u00eb Kalimer\u00ebs Poetike t\u00eb organizuar n\u00eb Muzeun e Kalas\u00eb s\u00eb Ulqinit, n\u00eb mbr\u00ebmjen autoriale me","breadcrumb":{"@id":"https:\/\/www.visit-ulcinj.com\/blog\/2015\/08\/03\/ndodhin-edhe-keto-pune\/#breadcrumb"},"inLanguage":"en-US","potentialAction":[{"@type":"ReadAction","target":["https:\/\/www.visit-ulcinj.com\/blog\/2015\/08\/03\/ndodhin-edhe-keto-pune\/"]}]},{"@type":"BreadcrumbList","@id":"https:\/\/www.visit-ulcinj.com\/blog\/2015\/08\/03\/ndodhin-edhe-keto-pune\/#breadcrumb","itemListElement":[{"@type":"ListItem","position":1,"name":"Ndodhin edhe k\u00ebto pun\u00eb"}]},{"@type":"Person","@id":"https:\/\/www.visit-ulcinj.com\/blog\/#\/schema\/person\/dcab619c614d3038751c63bc2aadc06d","name":"ulqini","sameAs":["http:\/\/www.visit-ulcinj.com"],"url":"https:\/\/www.visit-ulcinj.com\/blog\/author\/admin\/"}]}},"jetpack_featured_media_url":"","jetpack_sharing_enabled":true,"jetpack_shortlink":"https:\/\/wp.me\/pe6lTn-nVX","_links":{"self":[{"href":"https:\/\/www.visit-ulcinj.com\/blog\/wp-json\/wp\/v2\/posts\/92005"}],"collection":[{"href":"https:\/\/www.visit-ulcinj.com\/blog\/wp-json\/wp\/v2\/posts"}],"about":[{"href":"https:\/\/www.visit-ulcinj.com\/blog\/wp-json\/wp\/v2\/types\/post"}],"author":[{"embeddable":true,"href":"https:\/\/www.visit-ulcinj.com\/blog\/wp-json\/wp\/v2\/users\/1"}],"replies":[{"embeddable":true,"href":"https:\/\/www.visit-ulcinj.com\/blog\/wp-json\/wp\/v2\/comments?post=92005"}],"version-history":[{"count":1,"href":"https:\/\/www.visit-ulcinj.com\/blog\/wp-json\/wp\/v2\/posts\/92005\/revisions"}],"predecessor-version":[{"id":92007,"href":"https:\/\/www.visit-ulcinj.com\/blog\/wp-json\/wp\/v2\/posts\/92005\/revisions\/92007"}],"wp:attachment":[{"href":"https:\/\/www.visit-ulcinj.com\/blog\/wp-json\/wp\/v2\/media?parent=92005"}],"wp:term":[{"taxonomy":"category","embeddable":true,"href":"https:\/\/www.visit-ulcinj.com\/blog\/wp-json\/wp\/v2\/categories?post=92005"},{"taxonomy":"post_tag","embeddable":true,"href":"https:\/\/www.visit-ulcinj.com\/blog\/wp-json\/wp\/v2\/tags?post=92005"}],"curies":[{"name":"wp","href":"https:\/\/api.w.org\/{rel}","templated":true}]}}