{"id":92051,"date":"2015-08-05T20:48:21","date_gmt":"2015-08-05T19:48:21","guid":{"rendered":"http:\/\/www.visit-ulcinj.com\/blog\/?p=92051"},"modified":"2015-08-05T20:48:21","modified_gmt":"2015-08-05T19:48:21","slug":"dua-nacrt-prostornog-plana-priobalnog-podrucja-crne-gore","status":"publish","type":"post","link":"https:\/\/www.visit-ulcinj.com\/blog\/2015\/08\/05\/dua-nacrt-prostornog-plana-priobalnog-podrucja-crne-gore\/","title":{"rendered":"DUA &#8211; Nacrt Prostornog Plana Priobalnog Podru\u010dja Crne Gore"},"content":{"rendered":"<p><strong><a href=\"http:\/\/www.visit-ulcinj.com\/blog\/wp-content\/uploads\/2013\/12\/UDSH-logo.jpg\"><img loading=\"lazy\" class=\"alignleft wp-image-77494 size-thumbnail\" src=\"http:\/\/www.visit-ulcinj.com\/blog\/wp-content\/uploads\/2013\/12\/UDSH-logo-150x150.jpg\" alt=\"UDSH-logo\" width=\"150\" height=\"150\" \/><\/a>UNIONI DEMOKRATIK I SHQIPTAR\u00cbVE<\/strong><\/p>\n<p><strong>DEMOKRATSKA UNIJA ALBANACA<\/strong><\/p>\n<p style=\"text-align: center;\"><strong>KLUB ODBORNIKA<\/strong><\/p>\n<p><strong>\u00a0\u00a0\u00a0\u00a0 Ulcinj , 05.08.2015.god.<\/strong><\/p>\n<p>&nbsp;<\/p>\n<p>&nbsp;<\/p>\n<p><strong>OP\u0160TINA ULCINJ<\/strong><\/p>\n<p><strong>SEKRETARIJATU ZA PROSTORNO UREDJENJE I ODR\u017dIVI RAZVOJ<\/strong><\/p>\n<p>&nbsp;<\/p>\n<p>&nbsp;<\/p>\n<p>Dana 31.07.2015. godine uputili Ste nam Va\u0161 dopis br\/Nr: 05.sl, i u prilogu dopisa Nacrt Prostornog Plana Priobalnog Podru\u010dja Crne Gore ( na CD ), sa Va\u0161om preporukom, da na\u0161e mi\u0161ljenje, primjedbe i sugestije dostavimo do dana 04.08.2015. godine u 14h.<\/p>\n<p>Pristupaju\u0107i veoma ozbiljno analizi dobijenog materijala kao i prihvatanja nametnute nam obaveze od strane imenovanog sekretarijata, mi u Odborni\u010dkom klubu DUA, ovim putem Vam \u0161aljemo svoje mi\u0161ljenje, ali ne samo na dobijeni dokument , ve\u0107 na na\u010din kako ste pristupili ovom dokumentu od izuzetnog zana\u010daja za op\u0161tinu Ulcinj i njen sveukupni razvoj i napredak.<\/p>\n<p>Aktuelna Vlast u Ulcinju, je ovakvim pristupom i izuzetno kratkim vremenskim periodom koji je dala Odborni\u010dkim klubovima ( nevjerovatnih 24h ) za razmatranje, ocjenu, i davanje primjedbi i mi\u0161ljenja,prosto htjela loptu svoje neodgovorne i nesavjesne vladavine da prebaci na odborni\u010dke klubove.<\/p>\n<p>Neshvatljva je \u010dinjenica, da je neko i pomislio da se ovako obiman i zna\u010dajan dokument , kakav je pomenuti plan (skoro 300 strana teksta i grafi\u010dkih prikaza ), mo\u017ee pro\u010ditati, analizirati, vrednovati, i uz to jo\u0161 napisati na profesonalan na\u010din svoje mi\u0161ljenje i sugestije i to za 24h.<\/p>\n<p>Dokumenat je u Op\u0161tinskoj arhivi protokulisan i uredno zaveden dana 31.08.2015.( petak ), poslije toga podijeljen odbornicima, ako zatim slijede dani vikenda, odbornici su za sve ove radnje imali samo ponedjeljak.<\/p>\n<p>Po\u0161tovana gospodo, ovom prilikom ste zaboravili jednu prostu \u010dinjenicu, da ste Vi stru\u010dna slu\u017eba od koje odbornici treba da dobiju profesionalnu pomo\u0107 i mi\u0161ljenje, a ne obrnuto. Ili, u najboljem slu\u010daju ste trebali, da na zajedni\u010dkom sastanku predstavnika Odborni\u010dkih klubova, relevantnih institucija i stru\u010dnjaka i ostalih, do\u0161li do zajedni\u010dkog teksta primjedbi na Nacrt ovog Plana.<\/p>\n<p>Tom prilikom je trebalo uzeti u obzior sve usvojene Zaklju\u010dke na sjednicama SO Ulcinj, kada su odredjene lokacije u pitanju (Valdanos, Solana, i druge) i uva\u017eiti koncenzusom done\u0161ene Skup\u0161tinske Odluke, koje su i do sada obavezivale Izvr\u0161nu vlast na \u010delu sa predsjednikom op\u0161tine.<\/p>\n<p>Ustupaka nema, i niko od nas ne mo\u017ee biti iznad Skup\u0161tine i prihvatiti druga\u010dija rje\u0161enja za ove lokalitete.<\/p>\n<p>Po\u0161to se ovim planskim dokumentom nude ne\u0161to druga\u010dija planska rje\u0161enja, od onih koje smo mi koncenzusom predlo\u017eili i usvojili kroz usvojene Zaklju\u010dke, molimo Vas da javno iznesete svoj stav, kao izvr\u0161na vlast ove op\u0161tine, posebno kada je u pitanju ponudjeno plansko rje\u0161enje za Valdanos.<\/p>\n<p>Po\u0161tovani, jo\u0161 jedanput Vam se obra\u0107am sa molbom da se vratimo zdravom razumu i logici, pa da na jedan mnogo ozbiljniji, kvalitetniji i transparentniji na\u010din pristupite ovom problemu i u saradnji sa predstavnicima svih klubova, koriste\u0107i se dosada\u0161njim materijalima, primjedbama i sugestijama koje su upu\u0107ivane na sli\u010dna planska rje\u0161enja, uradimo zajedni\u010dki tekst primjedbi koji \u0107e izmedju ostalog imati i ve\u0107i sveukupni zana\u010daj.<\/p>\n<p>&nbsp;<\/p>\n<p>S po\u0161tovanjem,<\/p>\n<p>&nbsp;<\/p>\n<p><strong>\u00a0\u00a0\u00a0\u00a0 Hadixha Gjoni, s.r.<\/strong><\/p>\n<p>Predsjednica OK DUA u SO Ulcinj<\/p>\n<p>&nbsp;<\/p>\n","protected":false},"excerpt":{"rendered":"<p>UNIONI DEMOKRATIK I SHQIPTAR\u00cbVE DEMOKRATSKA UNIJA ALBANACA KLUB ODBORNIKA \u00a0\u00a0\u00a0\u00a0 Ulcinj , 05.08.2015.god. &nbsp; &nbsp; OP\u0160TINA ULCINJ SEKRETARIJATU ZA PROSTORNO UREDJENJE I ODR\u017dIVI RAZVOJ &nbsp; &nbsp; Dana 31.07.2015. godine uputili Ste nam Va\u0161 dopis br\/Nr: 05.sl, i u prilogu dopisa Nacrt Prostornog Plana Priobalnog Podru\u010dja Crne Gore ( na CD ), sa Va\u0161om preporukom, da [&hellip;]<\/p>\n","protected":false},"author":1,"featured_media":0,"comment_status":"closed","ping_status":"closed","sticky":false,"template":"","format":"standard","meta":{"spay_email":"","jetpack_publicize_message":"","jetpack_is_tweetstorm":false,"jetpack_publicize_feature_enabled":true},"categories":[8337],"tags":[],"jetpack_publicize_connections":[],"yoast_head":"<!-- This site is optimized with the Yoast SEO plugin v19.1 - https:\/\/yoast.com\/wordpress\/plugins\/seo\/ -->\n<title>DUA - Nacrt Prostornog Plana Priobalnog Podru\u010dja Crne Gore - Lajme nga Ulqini<\/title>\n<meta name=\"description\" content=\"UNIONI DEMOKRATIK I SHQIPTAR\u00cbVE DEMOKRATSKA UNIJA ALBANACA KLUB ODBORNIKA \u00a0\u00a0\u00a0\u00a0 Ulcinj , 05.08.2015.god. &nbsp; &nbsp; OP\u0160TINA ULCINJ SEKRETARIJATU ZA\" \/>\n<meta name=\"robots\" content=\"index, follow, max-snippet:-1, max-image-preview:large, max-video-preview:-1\" \/>\n<link rel=\"canonical\" href=\"https:\/\/www.visit-ulcinj.com\/blog\/2015\/08\/05\/dua-nacrt-prostornog-plana-priobalnog-podrucja-crne-gore\/\" \/>\n<meta property=\"og:locale\" content=\"en_US\" \/>\n<meta property=\"og:type\" content=\"article\" \/>\n<meta property=\"og:title\" content=\"DUA - Nacrt Prostornog Plana Priobalnog Podru\u010dja Crne Gore - Lajme nga Ulqini\" \/>\n<meta property=\"og:description\" content=\"UNIONI DEMOKRATIK I SHQIPTAR\u00cbVE DEMOKRATSKA UNIJA ALBANACA KLUB ODBORNIKA \u00a0\u00a0\u00a0\u00a0 Ulcinj , 05.08.2015.god. &nbsp; &nbsp; OP\u0160TINA ULCINJ SEKRETARIJATU ZA\" \/>\n<meta property=\"og:url\" content=\"https:\/\/www.visit-ulcinj.com\/blog\/2015\/08\/05\/dua-nacrt-prostornog-plana-priobalnog-podrucja-crne-gore\/\" \/>\n<meta property=\"og:site_name\" content=\"Lajme nga Ulqini\" \/>\n<meta property=\"article:published_time\" content=\"2015-08-05T19:48:21+00:00\" \/>\n<meta property=\"og:image\" content=\"http:\/\/www.visit-ulcinj.com\/blog\/wp-content\/uploads\/2013\/12\/UDSH-logo-150x150.jpg\" \/>\n<meta name=\"twitter:label1\" content=\"Written by\" \/>\n\t<meta name=\"twitter:data1\" content=\"ulqini\" \/>\n\t<meta name=\"twitter:label2\" content=\"Est. reading time\" \/>\n\t<meta name=\"twitter:data2\" content=\"3 minutes\" \/>\n<script type=\"application\/ld+json\" class=\"yoast-schema-graph\">{\"@context\":\"https:\/\/schema.org\",\"@graph\":[{\"@type\":\"WebSite\",\"@id\":\"https:\/\/www.visit-ulcinj.com\/blog\/#website\",\"url\":\"https:\/\/www.visit-ulcinj.com\/blog\/\",\"name\":\"Lajme nga Ulqini\",\"description\":\"Lajme,Vijesti,Ulqini,Ulqin,Crna Gora,Mali i Zi\",\"potentialAction\":[{\"@type\":\"SearchAction\",\"target\":{\"@type\":\"EntryPoint\",\"urlTemplate\":\"https:\/\/www.visit-ulcinj.com\/blog\/?s={search_term_string}\"},\"query-input\":\"required name=search_term_string\"}],\"inLanguage\":\"en-US\"},{\"@type\":\"ImageObject\",\"inLanguage\":\"en-US\",\"@id\":\"https:\/\/www.visit-ulcinj.com\/blog\/2015\/08\/05\/dua-nacrt-prostornog-plana-priobalnog-podrucja-crne-gore\/#primaryimage\",\"url\":\"https:\/\/www.visit-ulcinj.com\/blog\/wp-content\/uploads\/2013\/12\/UDSH-logo.jpg\",\"contentUrl\":\"https:\/\/www.visit-ulcinj.com\/blog\/wp-content\/uploads\/2013\/12\/UDSH-logo.jpg\",\"width\":960,\"height\":892},{\"@type\":\"WebPage\",\"@id\":\"https:\/\/www.visit-ulcinj.com\/blog\/2015\/08\/05\/dua-nacrt-prostornog-plana-priobalnog-podrucja-crne-gore\/#webpage\",\"url\":\"https:\/\/www.visit-ulcinj.com\/blog\/2015\/08\/05\/dua-nacrt-prostornog-plana-priobalnog-podrucja-crne-gore\/\",\"name\":\"DUA - Nacrt Prostornog Plana Priobalnog Podru\u010dja Crne Gore - Lajme nga Ulqini\",\"isPartOf\":{\"@id\":\"https:\/\/www.visit-ulcinj.com\/blog\/#website\"},\"primaryImageOfPage\":{\"@id\":\"https:\/\/www.visit-ulcinj.com\/blog\/2015\/08\/05\/dua-nacrt-prostornog-plana-priobalnog-podrucja-crne-gore\/#primaryimage\"},\"datePublished\":\"2015-08-05T19:48:21+00:00\",\"dateModified\":\"2015-08-05T19:48:21+00:00\",\"author\":{\"@id\":\"https:\/\/www.visit-ulcinj.com\/blog\/#\/schema\/person\/dcab619c614d3038751c63bc2aadc06d\"},\"description\":\"UNIONI DEMOKRATIK I SHQIPTAR\u00cbVE DEMOKRATSKA UNIJA ALBANACA KLUB ODBORNIKA \u00a0\u00a0\u00a0\u00a0 Ulcinj , 05.08.2015.god. &nbsp; &nbsp; OP\u0160TINA ULCINJ SEKRETARIJATU ZA\",\"breadcrumb\":{\"@id\":\"https:\/\/www.visit-ulcinj.com\/blog\/2015\/08\/05\/dua-nacrt-prostornog-plana-priobalnog-podrucja-crne-gore\/#breadcrumb\"},\"inLanguage\":\"en-US\",\"potentialAction\":[{\"@type\":\"ReadAction\",\"target\":[\"https:\/\/www.visit-ulcinj.com\/blog\/2015\/08\/05\/dua-nacrt-prostornog-plana-priobalnog-podrucja-crne-gore\/\"]}]},{\"@type\":\"BreadcrumbList\",\"@id\":\"https:\/\/www.visit-ulcinj.com\/blog\/2015\/08\/05\/dua-nacrt-prostornog-plana-priobalnog-podrucja-crne-gore\/#breadcrumb\",\"itemListElement\":[{\"@type\":\"ListItem\",\"position\":1,\"name\":\"DUA &#8211; Nacrt Prostornog Plana Priobalnog Podru\u010dja Crne Gore\"}]},{\"@type\":\"Person\",\"@id\":\"https:\/\/www.visit-ulcinj.com\/blog\/#\/schema\/person\/dcab619c614d3038751c63bc2aadc06d\",\"name\":\"ulqini\",\"sameAs\":[\"http:\/\/www.visit-ulcinj.com\"],\"url\":\"https:\/\/www.visit-ulcinj.com\/blog\/author\/admin\/\"}]}<\/script>\n<!-- \/ Yoast SEO plugin. -->","yoast_head_json":{"title":"DUA - Nacrt Prostornog Plana Priobalnog Podru\u010dja Crne Gore - Lajme nga Ulqini","description":"UNIONI DEMOKRATIK I SHQIPTAR\u00cbVE DEMOKRATSKA UNIJA ALBANACA KLUB ODBORNIKA \u00a0\u00a0\u00a0\u00a0 Ulcinj , 05.08.2015.god. &nbsp; &nbsp; OP\u0160TINA ULCINJ SEKRETARIJATU ZA","robots":{"index":"index","follow":"follow","max-snippet":"max-snippet:-1","max-image-preview":"max-image-preview:large","max-video-preview":"max-video-preview:-1"},"canonical":"https:\/\/www.visit-ulcinj.com\/blog\/2015\/08\/05\/dua-nacrt-prostornog-plana-priobalnog-podrucja-crne-gore\/","og_locale":"en_US","og_type":"article","og_title":"DUA - Nacrt Prostornog Plana Priobalnog Podru\u010dja Crne Gore - Lajme nga Ulqini","og_description":"UNIONI DEMOKRATIK I SHQIPTAR\u00cbVE DEMOKRATSKA UNIJA ALBANACA KLUB ODBORNIKA \u00a0\u00a0\u00a0\u00a0 Ulcinj , 05.08.2015.god. &nbsp; &nbsp; OP\u0160TINA ULCINJ SEKRETARIJATU ZA","og_url":"https:\/\/www.visit-ulcinj.com\/blog\/2015\/08\/05\/dua-nacrt-prostornog-plana-priobalnog-podrucja-crne-gore\/","og_site_name":"Lajme nga Ulqini","article_published_time":"2015-08-05T19:48:21+00:00","og_image":[{"url":"http:\/\/www.visit-ulcinj.com\/blog\/wp-content\/uploads\/2013\/12\/UDSH-logo-150x150.jpg"}],"twitter_misc":{"Written by":"ulqini","Est. reading time":"3 minutes"},"schema":{"@context":"https:\/\/schema.org","@graph":[{"@type":"WebSite","@id":"https:\/\/www.visit-ulcinj.com\/blog\/#website","url":"https:\/\/www.visit-ulcinj.com\/blog\/","name":"Lajme nga Ulqini","description":"Lajme,Vijesti,Ulqini,Ulqin,Crna Gora,Mali i Zi","potentialAction":[{"@type":"SearchAction","target":{"@type":"EntryPoint","urlTemplate":"https:\/\/www.visit-ulcinj.com\/blog\/?s={search_term_string}"},"query-input":"required name=search_term_string"}],"inLanguage":"en-US"},{"@type":"ImageObject","inLanguage":"en-US","@id":"https:\/\/www.visit-ulcinj.com\/blog\/2015\/08\/05\/dua-nacrt-prostornog-plana-priobalnog-podrucja-crne-gore\/#primaryimage","url":"https:\/\/www.visit-ulcinj.com\/blog\/wp-content\/uploads\/2013\/12\/UDSH-logo.jpg","contentUrl":"https:\/\/www.visit-ulcinj.com\/blog\/wp-content\/uploads\/2013\/12\/UDSH-logo.jpg","width":960,"height":892},{"@type":"WebPage","@id":"https:\/\/www.visit-ulcinj.com\/blog\/2015\/08\/05\/dua-nacrt-prostornog-plana-priobalnog-podrucja-crne-gore\/#webpage","url":"https:\/\/www.visit-ulcinj.com\/blog\/2015\/08\/05\/dua-nacrt-prostornog-plana-priobalnog-podrucja-crne-gore\/","name":"DUA - Nacrt Prostornog Plana Priobalnog Podru\u010dja Crne Gore - Lajme nga Ulqini","isPartOf":{"@id":"https:\/\/www.visit-ulcinj.com\/blog\/#website"},"primaryImageOfPage":{"@id":"https:\/\/www.visit-ulcinj.com\/blog\/2015\/08\/05\/dua-nacrt-prostornog-plana-priobalnog-podrucja-crne-gore\/#primaryimage"},"datePublished":"2015-08-05T19:48:21+00:00","dateModified":"2015-08-05T19:48:21+00:00","author":{"@id":"https:\/\/www.visit-ulcinj.com\/blog\/#\/schema\/person\/dcab619c614d3038751c63bc2aadc06d"},"description":"UNIONI DEMOKRATIK I SHQIPTAR\u00cbVE DEMOKRATSKA UNIJA ALBANACA KLUB ODBORNIKA \u00a0\u00a0\u00a0\u00a0 Ulcinj , 05.08.2015.god. &nbsp; &nbsp; OP\u0160TINA ULCINJ SEKRETARIJATU ZA","breadcrumb":{"@id":"https:\/\/www.visit-ulcinj.com\/blog\/2015\/08\/05\/dua-nacrt-prostornog-plana-priobalnog-podrucja-crne-gore\/#breadcrumb"},"inLanguage":"en-US","potentialAction":[{"@type":"ReadAction","target":["https:\/\/www.visit-ulcinj.com\/blog\/2015\/08\/05\/dua-nacrt-prostornog-plana-priobalnog-podrucja-crne-gore\/"]}]},{"@type":"BreadcrumbList","@id":"https:\/\/www.visit-ulcinj.com\/blog\/2015\/08\/05\/dua-nacrt-prostornog-plana-priobalnog-podrucja-crne-gore\/#breadcrumb","itemListElement":[{"@type":"ListItem","position":1,"name":"DUA &#8211; Nacrt Prostornog Plana Priobalnog Podru\u010dja Crne Gore"}]},{"@type":"Person","@id":"https:\/\/www.visit-ulcinj.com\/blog\/#\/schema\/person\/dcab619c614d3038751c63bc2aadc06d","name":"ulqini","sameAs":["http:\/\/www.visit-ulcinj.com"],"url":"https:\/\/www.visit-ulcinj.com\/blog\/author\/admin\/"}]}},"jetpack_featured_media_url":"","jetpack_sharing_enabled":true,"jetpack_shortlink":"https:\/\/wp.me\/pe6lTn-nWH","_links":{"self":[{"href":"https:\/\/www.visit-ulcinj.com\/blog\/wp-json\/wp\/v2\/posts\/92051"}],"collection":[{"href":"https:\/\/www.visit-ulcinj.com\/blog\/wp-json\/wp\/v2\/posts"}],"about":[{"href":"https:\/\/www.visit-ulcinj.com\/blog\/wp-json\/wp\/v2\/types\/post"}],"author":[{"embeddable":true,"href":"https:\/\/www.visit-ulcinj.com\/blog\/wp-json\/wp\/v2\/users\/1"}],"replies":[{"embeddable":true,"href":"https:\/\/www.visit-ulcinj.com\/blog\/wp-json\/wp\/v2\/comments?post=92051"}],"version-history":[{"count":1,"href":"https:\/\/www.visit-ulcinj.com\/blog\/wp-json\/wp\/v2\/posts\/92051\/revisions"}],"predecessor-version":[{"id":92052,"href":"https:\/\/www.visit-ulcinj.com\/blog\/wp-json\/wp\/v2\/posts\/92051\/revisions\/92052"}],"wp:attachment":[{"href":"https:\/\/www.visit-ulcinj.com\/blog\/wp-json\/wp\/v2\/media?parent=92051"}],"wp:term":[{"taxonomy":"category","embeddable":true,"href":"https:\/\/www.visit-ulcinj.com\/blog\/wp-json\/wp\/v2\/categories?post=92051"},{"taxonomy":"post_tag","embeddable":true,"href":"https:\/\/www.visit-ulcinj.com\/blog\/wp-json\/wp\/v2\/tags?post=92051"}],"curies":[{"name":"wp","href":"https:\/\/api.w.org\/{rel}","templated":true}]}}