{"id":92066,"date":"2015-08-22T11:09:41","date_gmt":"2015-08-22T10:09:41","guid":{"rendered":"http:\/\/www.visit-ulcinj.com\/blog\/?p=92066"},"modified":"2015-08-22T11:09:41","modified_gmt":"2015-08-22T10:09:41","slug":"perfundon-skena-verore-ulqin-2015%e2%80%b3","status":"publish","type":"post","link":"https:\/\/www.visit-ulcinj.com\/blog\/2015\/08\/22\/perfundon-skena-verore-ulqin-2015%e2%80%b3\/","title":{"rendered":"P\u00ebrfundon \u201cSkena Verore \u2013 Ulqin 2015\u2033"},"content":{"rendered":"<p><a href=\"http:\/\/www.visit-ulcinj.com\/blog\/wp-content\/uploads\/2015\/08\/Skena-Verore-\u2013-Ulqin-2015.jpg\"><img loading=\"lazy\" class=\"alignleft wp-image-92067\" src=\"http:\/\/www.visit-ulcinj.com\/blog\/wp-content\/uploads\/2015\/08\/Skena-Verore-\u2013-Ulqin-2015.jpg\" alt=\"Skena Verore \u2013 Ulqin 2015\" width=\"508\" height=\"381\" srcset=\"https:\/\/www.visit-ulcinj.com\/blog\/wp-content\/uploads\/2015\/08\/Skena-Verore-\u2013-Ulqin-2015.jpg 960w, https:\/\/www.visit-ulcinj.com\/blog\/wp-content\/uploads\/2015\/08\/Skena-Verore-\u2013-Ulqin-2015-300x225.jpg 300w\" sizes=\"(max-width: 508px) 100vw, 508px\" \/><\/a>Mbrem\u00eb n\u00eb Sheshin m\u00eb t\u00eb bukur t\u00eb Kalas\u00eb ton\u00eb p\u00ebrfundoj &#8220;Skena Verore&#8221;, edicioni i 27. Ky manifestim tradicional kulturor \u00ebsht\u00eb hapur n\u00eb fund t\u00eb korrikut dhe ka zgjat\u00eb deri me 20 gusht. Mbi 20 dit\u00eb, p\u00ebr \u00e7do nat\u00eb ka pasur programe teatrale, letraro &#8211; muzikore dhe ekspozita t\u00eb piktoreve t\u00eb njohur nga Mali i Zi dhe Shqip\u00ebria. Pavar\u00ebsisht nga oscilimi n\u00eb kualitetin e programit, jam i mendimit se &#8220;Skena Verore&#8221; Ulqin 2015 ka pasur sukses\u00eb.<\/p>\n<p><a href=\"http:\/\/www.visit-ulcinj.com\/blog\/wp-content\/uploads\/2015\/08\/Skena-Verore-\u2013-Ulqin-2015-1.jpg\"><img loading=\"lazy\" class=\"alignleft wp-image-92068\" src=\"http:\/\/www.visit-ulcinj.com\/blog\/wp-content\/uploads\/2015\/08\/Skena-Verore-\u2013-Ulqin-2015-1.jpg\" alt=\"Skena Verore \u2013 Ulqin 2015-1\" width=\"508\" height=\"381\" srcset=\"https:\/\/www.visit-ulcinj.com\/blog\/wp-content\/uploads\/2015\/08\/Skena-Verore-\u2013-Ulqin-2015-1.jpg 960w, https:\/\/www.visit-ulcinj.com\/blog\/wp-content\/uploads\/2015\/08\/Skena-Verore-\u2013-Ulqin-2015-1-300x225.jpg 300w\" sizes=\"(max-width: 508px) 100vw, 508px\" \/><\/a><\/p>\n<p>Duke pasur parasyesh munges\u00eb<span class=\"text_exposed_show\">n e mjeteve finansiare p\u00ebr hartimin e nj\u00eb programi m\u00eb kualitativ, duhet t\u00eb jemi t\u00eb k\u00ebnaqur m\u00eb ato se \u00e7ka \u00ebsht\u00eb prezentuar n\u00eb k\u00ebt\u00eb Sken\u00eb. P\u00ebrve\u00e7 &#8220;Kalimer\u00ebs Poetike&#8221; m\u00eb t\u00eb cil\u00ebn ka filluar &#8220;Skena Verore&#8221; dhe e cila gjithmon\u00eb \u00ebsht\u00eb n\u00eb nj\u00eb nivel t\u00eb lart\u00eb, ka pasur edhe pjes\u00eb tjera t\u00eb cilat kan\u00eb l\u00ebn\u00eb mbresa ke shum\u00eb dashamir\u00ebsit t\u00eb artit dhe ke mysafiret, t\u00eb cil\u00ebt pushojn\u00eb n\u00eb qytetin ton\u00eb. N\u00eb mua mbresa t\u00eb ve\u00e7anta ka l\u00ebn\u00eb mbrem\u00eb Maestro Ramazan Peku m\u00eb orkestr\u00ebn e tij, dhe sopranja e njohur Ulqinake Gjylije Pelinku. Me k\u00ebt\u00eb koncert festiv \u00ebsht\u00eb mbyllur edhe &#8220;Skene Verore&#8221; 2015. Drejtori i Q\u00ebndr\u00ebs p\u00ebr Kultur Dr. Nail Draga ka dh\u00ebn\u00eb nj\u00eb kontribut t\u00eb ve\u00e7ant\u00eb m\u00eb pranin e tij p\u00ebr \u00e7do nat\u00eb, \u00e7ka \u00ebsht\u00eb p\u00ebr t\u00eb lavdruar.<\/span><\/p>\n<p class=\"_5pbw\" data-ft=\"{&quot;tn&quot;:&quot;C&quot;}\"><strong><span class=\"fcg\"><span class=\"fwb\"><a id=\"js_s\" class=\"profileLink\" href=\"https:\/\/www.facebook.com\/ismet.karamanaga\" data-ft=\"{&quot;tn&quot;:&quot;l&quot;}\" data-hovercard=\"\/ajax\/hovercard\/user.php?id=1359492972\">Ismet Karamanaga Facebook<\/a><\/span><\/span><\/strong><\/p>\n","protected":false},"excerpt":{"rendered":"<p>Mbrem\u00eb n\u00eb Sheshin m\u00eb t\u00eb bukur t\u00eb Kalas\u00eb ton\u00eb p\u00ebrfundoj &#8220;Skena Verore&#8221;, edicioni i 27. Ky manifestim tradicional kulturor \u00ebsht\u00eb hapur n\u00eb fund t\u00eb korrikut dhe ka zgjat\u00eb deri me 20 gusht. Mbi 20 dit\u00eb, p\u00ebr \u00e7do nat\u00eb ka pasur programe teatrale, letraro &#8211; muzikore dhe ekspozita t\u00eb piktoreve t\u00eb njohur nga Mali i Zi [&hellip;]<\/p>\n","protected":false},"author":1,"featured_media":0,"comment_status":"closed","ping_status":"closed","sticky":false,"template":"","format":"standard","meta":{"spay_email":"","jetpack_publicize_message":"","jetpack_is_tweetstorm":false,"jetpack_publicize_feature_enabled":true},"categories":[4],"tags":[],"jetpack_publicize_connections":[],"yoast_head":"<!-- This site is optimized with the Yoast SEO plugin v19.1 - https:\/\/yoast.com\/wordpress\/plugins\/seo\/ -->\n<title>P\u00ebrfundon \u201cSkena Verore \u2013 Ulqin 2015\u2033 - Lajme nga Ulqini<\/title>\n<meta name=\"description\" content=\"Mbrem\u00eb n\u00eb Sheshin m\u00eb t\u00eb bukur t\u00eb Kalas\u00eb ton\u00eb p\u00ebrfundoj &quot;Skena Verore&quot;, edicioni i 27. Ky manifestim tradicional kulturor \u00ebsht\u00eb hapur n\u00eb fund t\u00eb korrikut\" \/>\n<meta name=\"robots\" content=\"index, follow, max-snippet:-1, max-image-preview:large, max-video-preview:-1\" \/>\n<link rel=\"canonical\" href=\"https:\/\/www.visit-ulcinj.com\/blog\/2015\/08\/22\/perfundon-skena-verore-ulqin-2015\u2033\/\" \/>\n<meta property=\"og:locale\" content=\"en_US\" \/>\n<meta property=\"og:type\" content=\"article\" \/>\n<meta property=\"og:title\" content=\"P\u00ebrfundon \u201cSkena Verore \u2013 Ulqin 2015\u2033 - Lajme nga Ulqini\" \/>\n<meta property=\"og:description\" content=\"Mbrem\u00eb n\u00eb Sheshin m\u00eb t\u00eb bukur t\u00eb Kalas\u00eb ton\u00eb p\u00ebrfundoj &quot;Skena Verore&quot;, edicioni i 27. Ky manifestim tradicional kulturor \u00ebsht\u00eb hapur n\u00eb fund t\u00eb korrikut\" \/>\n<meta property=\"og:url\" content=\"https:\/\/www.visit-ulcinj.com\/blog\/2015\/08\/22\/perfundon-skena-verore-ulqin-2015\u2033\/\" \/>\n<meta property=\"og:site_name\" content=\"Lajme nga Ulqini\" \/>\n<meta property=\"article:published_time\" content=\"2015-08-22T10:09:41+00:00\" \/>\n<meta name=\"twitter:label1\" content=\"Written by\" \/>\n\t<meta name=\"twitter:data1\" content=\"ulqini\" \/>\n\t<meta name=\"twitter:label2\" content=\"Est. reading time\" \/>\n\t<meta name=\"twitter:data2\" content=\"1 minute\" \/>\n<script type=\"application\/ld+json\" class=\"yoast-schema-graph\">{\"@context\":\"https:\/\/schema.org\",\"@graph\":[{\"@type\":\"WebSite\",\"@id\":\"https:\/\/www.visit-ulcinj.com\/blog\/#website\",\"url\":\"https:\/\/www.visit-ulcinj.com\/blog\/\",\"name\":\"Lajme nga Ulqini\",\"description\":\"Lajme,Vijesti,Ulqini,Ulqin,Crna Gora,Mali i Zi\",\"potentialAction\":[{\"@type\":\"SearchAction\",\"target\":{\"@type\":\"EntryPoint\",\"urlTemplate\":\"https:\/\/www.visit-ulcinj.com\/blog\/?s={search_term_string}\"},\"query-input\":\"required name=search_term_string\"}],\"inLanguage\":\"en-US\"},{\"@type\":\"WebPage\",\"@id\":\"https:\/\/www.visit-ulcinj.com\/blog\/2015\/08\/22\/perfundon-skena-verore-ulqin-2015%e2%80%b3\/#webpage\",\"url\":\"https:\/\/www.visit-ulcinj.com\/blog\/2015\/08\/22\/perfundon-skena-verore-ulqin-2015%e2%80%b3\/\",\"name\":\"P\u00ebrfundon \u201cSkena Verore \u2013 Ulqin 2015\u2033 - Lajme nga Ulqini\",\"isPartOf\":{\"@id\":\"https:\/\/www.visit-ulcinj.com\/blog\/#website\"},\"datePublished\":\"2015-08-22T10:09:41+00:00\",\"dateModified\":\"2015-08-22T10:09:41+00:00\",\"author\":{\"@id\":\"https:\/\/www.visit-ulcinj.com\/blog\/#\/schema\/person\/dcab619c614d3038751c63bc2aadc06d\"},\"description\":\"Mbrem\u00eb n\u00eb Sheshin m\u00eb t\u00eb bukur t\u00eb Kalas\u00eb ton\u00eb p\u00ebrfundoj \\\"Skena Verore\\\", edicioni i 27. Ky manifestim tradicional kulturor \u00ebsht\u00eb hapur n\u00eb fund t\u00eb korrikut\",\"breadcrumb\":{\"@id\":\"https:\/\/www.visit-ulcinj.com\/blog\/2015\/08\/22\/perfundon-skena-verore-ulqin-2015%e2%80%b3\/#breadcrumb\"},\"inLanguage\":\"en-US\",\"potentialAction\":[{\"@type\":\"ReadAction\",\"target\":[\"https:\/\/www.visit-ulcinj.com\/blog\/2015\/08\/22\/perfundon-skena-verore-ulqin-2015%e2%80%b3\/\"]}]},{\"@type\":\"BreadcrumbList\",\"@id\":\"https:\/\/www.visit-ulcinj.com\/blog\/2015\/08\/22\/perfundon-skena-verore-ulqin-2015%e2%80%b3\/#breadcrumb\",\"itemListElement\":[{\"@type\":\"ListItem\",\"position\":1,\"name\":\"P\u00ebrfundon \u201cSkena Verore \u2013 Ulqin 2015\u2033\"}]},{\"@type\":\"Person\",\"@id\":\"https:\/\/www.visit-ulcinj.com\/blog\/#\/schema\/person\/dcab619c614d3038751c63bc2aadc06d\",\"name\":\"ulqini\",\"sameAs\":[\"http:\/\/www.visit-ulcinj.com\"],\"url\":\"https:\/\/www.visit-ulcinj.com\/blog\/author\/admin\/\"}]}<\/script>\n<!-- \/ Yoast SEO plugin. -->","yoast_head_json":{"title":"P\u00ebrfundon \u201cSkena Verore \u2013 Ulqin 2015\u2033 - Lajme nga Ulqini","description":"Mbrem\u00eb n\u00eb Sheshin m\u00eb t\u00eb bukur t\u00eb Kalas\u00eb ton\u00eb p\u00ebrfundoj \"Skena Verore\", edicioni i 27. Ky manifestim tradicional kulturor \u00ebsht\u00eb hapur n\u00eb fund t\u00eb korrikut","robots":{"index":"index","follow":"follow","max-snippet":"max-snippet:-1","max-image-preview":"max-image-preview:large","max-video-preview":"max-video-preview:-1"},"canonical":"https:\/\/www.visit-ulcinj.com\/blog\/2015\/08\/22\/perfundon-skena-verore-ulqin-2015\u2033\/","og_locale":"en_US","og_type":"article","og_title":"P\u00ebrfundon \u201cSkena Verore \u2013 Ulqin 2015\u2033 - Lajme nga Ulqini","og_description":"Mbrem\u00eb n\u00eb Sheshin m\u00eb t\u00eb bukur t\u00eb Kalas\u00eb ton\u00eb p\u00ebrfundoj \"Skena Verore\", edicioni i 27. Ky manifestim tradicional kulturor \u00ebsht\u00eb hapur n\u00eb fund t\u00eb korrikut","og_url":"https:\/\/www.visit-ulcinj.com\/blog\/2015\/08\/22\/perfundon-skena-verore-ulqin-2015\u2033\/","og_site_name":"Lajme nga Ulqini","article_published_time":"2015-08-22T10:09:41+00:00","twitter_misc":{"Written by":"ulqini","Est. reading time":"1 minute"},"schema":{"@context":"https:\/\/schema.org","@graph":[{"@type":"WebSite","@id":"https:\/\/www.visit-ulcinj.com\/blog\/#website","url":"https:\/\/www.visit-ulcinj.com\/blog\/","name":"Lajme nga Ulqini","description":"Lajme,Vijesti,Ulqini,Ulqin,Crna Gora,Mali i Zi","potentialAction":[{"@type":"SearchAction","target":{"@type":"EntryPoint","urlTemplate":"https:\/\/www.visit-ulcinj.com\/blog\/?s={search_term_string}"},"query-input":"required name=search_term_string"}],"inLanguage":"en-US"},{"@type":"WebPage","@id":"https:\/\/www.visit-ulcinj.com\/blog\/2015\/08\/22\/perfundon-skena-verore-ulqin-2015%e2%80%b3\/#webpage","url":"https:\/\/www.visit-ulcinj.com\/blog\/2015\/08\/22\/perfundon-skena-verore-ulqin-2015%e2%80%b3\/","name":"P\u00ebrfundon \u201cSkena Verore \u2013 Ulqin 2015\u2033 - Lajme nga Ulqini","isPartOf":{"@id":"https:\/\/www.visit-ulcinj.com\/blog\/#website"},"datePublished":"2015-08-22T10:09:41+00:00","dateModified":"2015-08-22T10:09:41+00:00","author":{"@id":"https:\/\/www.visit-ulcinj.com\/blog\/#\/schema\/person\/dcab619c614d3038751c63bc2aadc06d"},"description":"Mbrem\u00eb n\u00eb Sheshin m\u00eb t\u00eb bukur t\u00eb Kalas\u00eb ton\u00eb p\u00ebrfundoj \"Skena Verore\", edicioni i 27. Ky manifestim tradicional kulturor \u00ebsht\u00eb hapur n\u00eb fund t\u00eb korrikut","breadcrumb":{"@id":"https:\/\/www.visit-ulcinj.com\/blog\/2015\/08\/22\/perfundon-skena-verore-ulqin-2015%e2%80%b3\/#breadcrumb"},"inLanguage":"en-US","potentialAction":[{"@type":"ReadAction","target":["https:\/\/www.visit-ulcinj.com\/blog\/2015\/08\/22\/perfundon-skena-verore-ulqin-2015%e2%80%b3\/"]}]},{"@type":"BreadcrumbList","@id":"https:\/\/www.visit-ulcinj.com\/blog\/2015\/08\/22\/perfundon-skena-verore-ulqin-2015%e2%80%b3\/#breadcrumb","itemListElement":[{"@type":"ListItem","position":1,"name":"P\u00ebrfundon \u201cSkena Verore \u2013 Ulqin 2015\u2033"}]},{"@type":"Person","@id":"https:\/\/www.visit-ulcinj.com\/blog\/#\/schema\/person\/dcab619c614d3038751c63bc2aadc06d","name":"ulqini","sameAs":["http:\/\/www.visit-ulcinj.com"],"url":"https:\/\/www.visit-ulcinj.com\/blog\/author\/admin\/"}]}},"jetpack_featured_media_url":"","jetpack_sharing_enabled":true,"jetpack_shortlink":"https:\/\/wp.me\/pe6lTn-nWW","_links":{"self":[{"href":"https:\/\/www.visit-ulcinj.com\/blog\/wp-json\/wp\/v2\/posts\/92066"}],"collection":[{"href":"https:\/\/www.visit-ulcinj.com\/blog\/wp-json\/wp\/v2\/posts"}],"about":[{"href":"https:\/\/www.visit-ulcinj.com\/blog\/wp-json\/wp\/v2\/types\/post"}],"author":[{"embeddable":true,"href":"https:\/\/www.visit-ulcinj.com\/blog\/wp-json\/wp\/v2\/users\/1"}],"replies":[{"embeddable":true,"href":"https:\/\/www.visit-ulcinj.com\/blog\/wp-json\/wp\/v2\/comments?post=92066"}],"version-history":[{"count":1,"href":"https:\/\/www.visit-ulcinj.com\/blog\/wp-json\/wp\/v2\/posts\/92066\/revisions"}],"predecessor-version":[{"id":92069,"href":"https:\/\/www.visit-ulcinj.com\/blog\/wp-json\/wp\/v2\/posts\/92066\/revisions\/92069"}],"wp:attachment":[{"href":"https:\/\/www.visit-ulcinj.com\/blog\/wp-json\/wp\/v2\/media?parent=92066"}],"wp:term":[{"taxonomy":"category","embeddable":true,"href":"https:\/\/www.visit-ulcinj.com\/blog\/wp-json\/wp\/v2\/categories?post=92066"},{"taxonomy":"post_tag","embeddable":true,"href":"https:\/\/www.visit-ulcinj.com\/blog\/wp-json\/wp\/v2\/tags?post=92066"}],"curies":[{"name":"wp","href":"https:\/\/api.w.org\/{rel}","templated":true}]}}