{"id":92070,"date":"2015-08-25T13:18:21","date_gmt":"2015-08-25T12:18:21","guid":{"rendered":"http:\/\/www.visit-ulcinj.com\/blog\/?p=92070"},"modified":"2015-08-25T13:19:28","modified_gmt":"2015-08-25T12:19:28","slug":"abazovic-za-elektronsku-identifikaciju-biraca","status":"publish","type":"post","link":"https:\/\/www.visit-ulcinj.com\/blog\/2015\/08\/25\/abazovic-za-elektronsku-identifikaciju-biraca\/","title":{"rendered":"Abazovic za elektronsku identifikaciju bira\u010da"},"content":{"rendered":"<p><a href=\"http:\/\/www.visit-ulcinj.com\/blog\/wp-content\/uploads\/2015\/07\/Dritan-Abazovic-Ulcinj1.jpg\"><img loading=\"lazy\" class=\"alignleft wp-image-91781\" src=\"http:\/\/www.visit-ulcinj.com\/blog\/wp-content\/uploads\/2015\/07\/Dritan-Abazovic-Ulcinj1.jpg\" alt=\"Dritan-Abazovic-Ulcinj\" width=\"508\" height=\"337\" srcset=\"https:\/\/www.visit-ulcinj.com\/blog\/wp-content\/uploads\/2015\/07\/Dritan-Abazovic-Ulcinj1.jpg 960w, https:\/\/www.visit-ulcinj.com\/blog\/wp-content\/uploads\/2015\/07\/Dritan-Abazovic-Ulcinj1-300x199.jpg 300w\" sizes=\"(max-width: 508px) 100vw, 508px\" \/><\/a><a id=\"js_1e\" class=\"profileLink\" href=\"https:\/\/www.facebook.com\/pages\/Dritan-Abazovi%C4%87\/1496330687264500\" data-hovercard=\"\/ajax\/hovercard\/page.php?id=1496330687264500\">Dritan Abazovi\u0107<\/a> je kazao da podr\u017eava ideju predstavnika civilnog sektora, da bi trebalo elektronsku identifikaciju testirati na nekim lokalnim izborima da bi se vidjelo kako funkcioni\u0161e.<\/p>\n<p>\u201eJer ukoliko taj sistem ne bude funkcionisao na parlamentarnim izborima, Crna Gora \u0107e u\u0107i u jednu veliku politi\u010dku krizu, i nikome ko \u017eeli dobro gra\u0111anima, to ne ide u prilog\u201c, ocijenio je potpredsjednik URA-e.<\/p>\n<p>Da bi se tako ne\u0161to izbjeglo, kako je kazao Abazovi\u0107, potrebno je \u0161to prije otvori<span class=\"text_exposed_show\">ti dijalog svih politi\u010dkih subjekata i nepoliti\u010dkih subjekata i civilnog sektora u pronala\u017eenju najboljeg rje\u0161enja za sprovo\u0111enje tih izbora.<\/span><\/p>\n<div class=\"text_exposed_show\">\n<p>\u201eU ovom trenutku nedostaje politi\u010dka volja vlasti. Time je jasno adresirana krivica\u201c, poru\u010dio je on.<\/p>\n<p><a class=\"profileLink\" href=\"https:\/\/www.facebook.com\/dritan.abazovic\" data-hovercard=\"\/ajax\/hovercard\/user.php?id=612018512\">Dritan Abazovic<\/a> je kazao da onaj model koji je prisutan u Makedoniji, gdje je posredovala i EU, jeste dobar koncept i za Crnu Goru &#8211; da se zajedni\u010dki sa svim faktorima poku\u0161a do\u0107i do odr\u017eivih rje\u0161enja.<\/p>\n<p>Izvor (<a class=\"profileLink\" href=\"https:\/\/www.facebook.com\/profile.php?id=100010163915264\" data-hovercard=\"\/ajax\/hovercard\/user.php?id=100010163915264\">Gra\u0111anski<\/a>\/<a class=\"profileLink\" href=\"https:\/\/www.facebook.com\/gradjanskipokreturamne\" data-hovercard=\"\/ajax\/hovercard\/user.php?id=100010312531788\">Gradjanski Pokret<\/a>) Facebook<\/p>\n<\/div>\n","protected":false},"excerpt":{"rendered":"<p>Dritan Abazovi\u0107 je kazao da podr\u017eava ideju predstavnika civilnog sektora, da bi trebalo elektronsku identifikaciju testirati na nekim lokalnim izborima da bi se vidjelo kako funkcioni\u0161e. \u201eJer ukoliko taj sistem ne bude funkcionisao na parlamentarnim izborima, Crna Gora \u0107e u\u0107i u jednu veliku politi\u010dku krizu, i nikome ko \u017eeli dobro gra\u0111anima, to ne ide u [&hellip;]<\/p>\n","protected":false},"author":1,"featured_media":0,"comment_status":"closed","ping_status":"closed","sticky":false,"template":"","format":"standard","meta":{"spay_email":"","jetpack_publicize_message":"","jetpack_is_tweetstorm":false,"jetpack_publicize_feature_enabled":true},"categories":[8337],"tags":[],"jetpack_publicize_connections":[],"yoast_head":"<!-- This site is optimized with the Yoast SEO plugin v19.1 - https:\/\/yoast.com\/wordpress\/plugins\/seo\/ -->\n<title>Abazovic za elektronsku identifikaciju bira\u010da - Lajme nga Ulqini<\/title>\n<meta name=\"description\" content=\"Dritan Abazovi\u0107 je kazao da podr\u017eava ideju predstavnika civilnog sektora, da bi trebalo elektronsku identifikaciju testirati na nekim lokalnim izborima da\" \/>\n<meta name=\"robots\" content=\"index, follow, max-snippet:-1, max-image-preview:large, max-video-preview:-1\" \/>\n<link rel=\"canonical\" href=\"https:\/\/www.visit-ulcinj.com\/blog\/2015\/08\/25\/abazovic-za-elektronsku-identifikaciju-biraca\/\" \/>\n<meta property=\"og:locale\" content=\"en_US\" \/>\n<meta property=\"og:type\" content=\"article\" \/>\n<meta property=\"og:title\" content=\"Abazovic za elektronsku identifikaciju bira\u010da - Lajme nga Ulqini\" \/>\n<meta property=\"og:description\" content=\"Dritan Abazovi\u0107 je kazao da podr\u017eava ideju predstavnika civilnog sektora, da bi trebalo elektronsku identifikaciju testirati na nekim lokalnim izborima da\" \/>\n<meta property=\"og:url\" content=\"https:\/\/www.visit-ulcinj.com\/blog\/2015\/08\/25\/abazovic-za-elektronsku-identifikaciju-biraca\/\" \/>\n<meta property=\"og:site_name\" content=\"Lajme nga Ulqini\" \/>\n<meta property=\"article:published_time\" content=\"2015-08-25T12:18:21+00:00\" \/>\n<meta property=\"article:modified_time\" content=\"2015-08-25T12:19:28+00:00\" \/>\n<meta property=\"og:image\" content=\"http:\/\/www.visit-ulcinj.com\/blog\/wp-content\/uploads\/2015\/07\/Dritan-Abazovic-Ulcinj1.jpg\" \/>\n<meta name=\"twitter:label1\" content=\"Written by\" \/>\n\t<meta name=\"twitter:data1\" content=\"ulqini\" \/>\n\t<meta name=\"twitter:label2\" content=\"Est. reading time\" \/>\n\t<meta name=\"twitter:data2\" content=\"1 minute\" \/>\n<script type=\"application\/ld+json\" class=\"yoast-schema-graph\">{\"@context\":\"https:\/\/schema.org\",\"@graph\":[{\"@type\":\"WebSite\",\"@id\":\"https:\/\/www.visit-ulcinj.com\/blog\/#website\",\"url\":\"https:\/\/www.visit-ulcinj.com\/blog\/\",\"name\":\"Lajme nga Ulqini\",\"description\":\"Lajme,Vijesti,Ulqini,Ulqin,Crna Gora,Mali i Zi\",\"potentialAction\":[{\"@type\":\"SearchAction\",\"target\":{\"@type\":\"EntryPoint\",\"urlTemplate\":\"https:\/\/www.visit-ulcinj.com\/blog\/?s={search_term_string}\"},\"query-input\":\"required name=search_term_string\"}],\"inLanguage\":\"en-US\"},{\"@type\":\"ImageObject\",\"inLanguage\":\"en-US\",\"@id\":\"https:\/\/www.visit-ulcinj.com\/blog\/2015\/08\/25\/abazovic-za-elektronsku-identifikaciju-biraca\/#primaryimage\",\"url\":\"https:\/\/www.visit-ulcinj.com\/blog\/wp-content\/uploads\/2015\/07\/Dritan-Abazovic-Ulcinj1.jpg\",\"contentUrl\":\"https:\/\/www.visit-ulcinj.com\/blog\/wp-content\/uploads\/2015\/07\/Dritan-Abazovic-Ulcinj1.jpg\",\"width\":960,\"height\":637},{\"@type\":\"WebPage\",\"@id\":\"https:\/\/www.visit-ulcinj.com\/blog\/2015\/08\/25\/abazovic-za-elektronsku-identifikaciju-biraca\/#webpage\",\"url\":\"https:\/\/www.visit-ulcinj.com\/blog\/2015\/08\/25\/abazovic-za-elektronsku-identifikaciju-biraca\/\",\"name\":\"Abazovic za elektronsku identifikaciju bira\u010da - Lajme nga Ulqini\",\"isPartOf\":{\"@id\":\"https:\/\/www.visit-ulcinj.com\/blog\/#website\"},\"primaryImageOfPage\":{\"@id\":\"https:\/\/www.visit-ulcinj.com\/blog\/2015\/08\/25\/abazovic-za-elektronsku-identifikaciju-biraca\/#primaryimage\"},\"datePublished\":\"2015-08-25T12:18:21+00:00\",\"dateModified\":\"2015-08-25T12:19:28+00:00\",\"author\":{\"@id\":\"https:\/\/www.visit-ulcinj.com\/blog\/#\/schema\/person\/dcab619c614d3038751c63bc2aadc06d\"},\"description\":\"Dritan Abazovi\u0107 je kazao da podr\u017eava ideju predstavnika civilnog sektora, da bi trebalo elektronsku identifikaciju testirati na nekim lokalnim izborima da\",\"breadcrumb\":{\"@id\":\"https:\/\/www.visit-ulcinj.com\/blog\/2015\/08\/25\/abazovic-za-elektronsku-identifikaciju-biraca\/#breadcrumb\"},\"inLanguage\":\"en-US\",\"potentialAction\":[{\"@type\":\"ReadAction\",\"target\":[\"https:\/\/www.visit-ulcinj.com\/blog\/2015\/08\/25\/abazovic-za-elektronsku-identifikaciju-biraca\/\"]}]},{\"@type\":\"BreadcrumbList\",\"@id\":\"https:\/\/www.visit-ulcinj.com\/blog\/2015\/08\/25\/abazovic-za-elektronsku-identifikaciju-biraca\/#breadcrumb\",\"itemListElement\":[{\"@type\":\"ListItem\",\"position\":1,\"name\":\"Abazovic za elektronsku identifikaciju bira\u010da\"}]},{\"@type\":\"Person\",\"@id\":\"https:\/\/www.visit-ulcinj.com\/blog\/#\/schema\/person\/dcab619c614d3038751c63bc2aadc06d\",\"name\":\"ulqini\",\"sameAs\":[\"http:\/\/www.visit-ulcinj.com\"],\"url\":\"https:\/\/www.visit-ulcinj.com\/blog\/author\/admin\/\"}]}<\/script>\n<!-- \/ Yoast SEO plugin. -->","yoast_head_json":{"title":"Abazovic za elektronsku identifikaciju bira\u010da - Lajme nga Ulqini","description":"Dritan Abazovi\u0107 je kazao da podr\u017eava ideju predstavnika civilnog sektora, da bi trebalo elektronsku identifikaciju testirati na nekim lokalnim izborima da","robots":{"index":"index","follow":"follow","max-snippet":"max-snippet:-1","max-image-preview":"max-image-preview:large","max-video-preview":"max-video-preview:-1"},"canonical":"https:\/\/www.visit-ulcinj.com\/blog\/2015\/08\/25\/abazovic-za-elektronsku-identifikaciju-biraca\/","og_locale":"en_US","og_type":"article","og_title":"Abazovic za elektronsku identifikaciju bira\u010da - Lajme nga Ulqini","og_description":"Dritan Abazovi\u0107 je kazao da podr\u017eava ideju predstavnika civilnog sektora, da bi trebalo elektronsku identifikaciju testirati na nekim lokalnim izborima da","og_url":"https:\/\/www.visit-ulcinj.com\/blog\/2015\/08\/25\/abazovic-za-elektronsku-identifikaciju-biraca\/","og_site_name":"Lajme nga Ulqini","article_published_time":"2015-08-25T12:18:21+00:00","article_modified_time":"2015-08-25T12:19:28+00:00","og_image":[{"url":"http:\/\/www.visit-ulcinj.com\/blog\/wp-content\/uploads\/2015\/07\/Dritan-Abazovic-Ulcinj1.jpg"}],"twitter_misc":{"Written by":"ulqini","Est. reading time":"1 minute"},"schema":{"@context":"https:\/\/schema.org","@graph":[{"@type":"WebSite","@id":"https:\/\/www.visit-ulcinj.com\/blog\/#website","url":"https:\/\/www.visit-ulcinj.com\/blog\/","name":"Lajme nga Ulqini","description":"Lajme,Vijesti,Ulqini,Ulqin,Crna Gora,Mali i Zi","potentialAction":[{"@type":"SearchAction","target":{"@type":"EntryPoint","urlTemplate":"https:\/\/www.visit-ulcinj.com\/blog\/?s={search_term_string}"},"query-input":"required name=search_term_string"}],"inLanguage":"en-US"},{"@type":"ImageObject","inLanguage":"en-US","@id":"https:\/\/www.visit-ulcinj.com\/blog\/2015\/08\/25\/abazovic-za-elektronsku-identifikaciju-biraca\/#primaryimage","url":"https:\/\/www.visit-ulcinj.com\/blog\/wp-content\/uploads\/2015\/07\/Dritan-Abazovic-Ulcinj1.jpg","contentUrl":"https:\/\/www.visit-ulcinj.com\/blog\/wp-content\/uploads\/2015\/07\/Dritan-Abazovic-Ulcinj1.jpg","width":960,"height":637},{"@type":"WebPage","@id":"https:\/\/www.visit-ulcinj.com\/blog\/2015\/08\/25\/abazovic-za-elektronsku-identifikaciju-biraca\/#webpage","url":"https:\/\/www.visit-ulcinj.com\/blog\/2015\/08\/25\/abazovic-za-elektronsku-identifikaciju-biraca\/","name":"Abazovic za elektronsku identifikaciju bira\u010da - Lajme nga Ulqini","isPartOf":{"@id":"https:\/\/www.visit-ulcinj.com\/blog\/#website"},"primaryImageOfPage":{"@id":"https:\/\/www.visit-ulcinj.com\/blog\/2015\/08\/25\/abazovic-za-elektronsku-identifikaciju-biraca\/#primaryimage"},"datePublished":"2015-08-25T12:18:21+00:00","dateModified":"2015-08-25T12:19:28+00:00","author":{"@id":"https:\/\/www.visit-ulcinj.com\/blog\/#\/schema\/person\/dcab619c614d3038751c63bc2aadc06d"},"description":"Dritan Abazovi\u0107 je kazao da podr\u017eava ideju predstavnika civilnog sektora, da bi trebalo elektronsku identifikaciju testirati na nekim lokalnim izborima da","breadcrumb":{"@id":"https:\/\/www.visit-ulcinj.com\/blog\/2015\/08\/25\/abazovic-za-elektronsku-identifikaciju-biraca\/#breadcrumb"},"inLanguage":"en-US","potentialAction":[{"@type":"ReadAction","target":["https:\/\/www.visit-ulcinj.com\/blog\/2015\/08\/25\/abazovic-za-elektronsku-identifikaciju-biraca\/"]}]},{"@type":"BreadcrumbList","@id":"https:\/\/www.visit-ulcinj.com\/blog\/2015\/08\/25\/abazovic-za-elektronsku-identifikaciju-biraca\/#breadcrumb","itemListElement":[{"@type":"ListItem","position":1,"name":"Abazovic za elektronsku identifikaciju bira\u010da"}]},{"@type":"Person","@id":"https:\/\/www.visit-ulcinj.com\/blog\/#\/schema\/person\/dcab619c614d3038751c63bc2aadc06d","name":"ulqini","sameAs":["http:\/\/www.visit-ulcinj.com"],"url":"https:\/\/www.visit-ulcinj.com\/blog\/author\/admin\/"}]}},"jetpack_featured_media_url":"","jetpack_sharing_enabled":true,"jetpack_shortlink":"https:\/\/wp.me\/pe6lTn-nX0","_links":{"self":[{"href":"https:\/\/www.visit-ulcinj.com\/blog\/wp-json\/wp\/v2\/posts\/92070"}],"collection":[{"href":"https:\/\/www.visit-ulcinj.com\/blog\/wp-json\/wp\/v2\/posts"}],"about":[{"href":"https:\/\/www.visit-ulcinj.com\/blog\/wp-json\/wp\/v2\/types\/post"}],"author":[{"embeddable":true,"href":"https:\/\/www.visit-ulcinj.com\/blog\/wp-json\/wp\/v2\/users\/1"}],"replies":[{"embeddable":true,"href":"https:\/\/www.visit-ulcinj.com\/blog\/wp-json\/wp\/v2\/comments?post=92070"}],"version-history":[{"count":2,"href":"https:\/\/www.visit-ulcinj.com\/blog\/wp-json\/wp\/v2\/posts\/92070\/revisions"}],"predecessor-version":[{"id":92072,"href":"https:\/\/www.visit-ulcinj.com\/blog\/wp-json\/wp\/v2\/posts\/92070\/revisions\/92072"}],"wp:attachment":[{"href":"https:\/\/www.visit-ulcinj.com\/blog\/wp-json\/wp\/v2\/media?parent=92070"}],"wp:term":[{"taxonomy":"category","embeddable":true,"href":"https:\/\/www.visit-ulcinj.com\/blog\/wp-json\/wp\/v2\/categories?post=92070"},{"taxonomy":"post_tag","embeddable":true,"href":"https:\/\/www.visit-ulcinj.com\/blog\/wp-json\/wp\/v2\/tags?post=92070"}],"curies":[{"name":"wp","href":"https:\/\/api.w.org\/{rel}","templated":true}]}}