{"id":92085,"date":"2015-08-25T18:33:44","date_gmt":"2015-08-25T17:33:44","guid":{"rendered":"http:\/\/www.visit-ulcinj.com\/blog\/?p=92085"},"modified":"2015-08-25T18:33:44","modified_gmt":"2015-08-25T17:33:44","slug":"nje-rrefim-per-kohen-hip-se-t-vrava-zhdrip-se-t-preva","status":"publish","type":"post","link":"https:\/\/www.visit-ulcinj.com\/blog\/2015\/08\/25\/nje-rrefim-per-kohen-hip-se-t-vrava-zhdrip-se-t-preva\/","title":{"rendered":"Nj\u00eb rr\u00ebfim  p\u00ebr koh\u00ebn &#8211;  Hip se t\u2019 vrava , zhdrip se t\u2019 preva?!"},"content":{"rendered":"<p><strong><a href=\"http:\/\/www.visit-ulcinj.com\/blog\/wp-content\/uploads\/2015\/05\/Fadil-Kroma-Ulqin.jpg\"><img loading=\"lazy\" class=\"alignleft wp-image-90594 size-full\" src=\"http:\/\/www.visit-ulcinj.com\/blog\/wp-content\/uploads\/2015\/05\/Fadil-Kroma-Ulqin.jpg\" alt=\"Fadil-Kroma-Ulqin\" width=\"238\" height=\"270\" \/><\/a>FADIL KROMA:<\/strong><\/p>\n<p><strong>Nj\u00eb rr\u00ebfim p\u00ebr koh\u00ebn &#8211; Hip se t\u2019 vrava , zhdrip se t\u2019 preva?!<\/strong><\/p>\n<p><strong> Fadili ishte p\u00ebrsoni num\u00ebr nj\u00eb dhe sinonim i kultur\u00ebs s\u00eb qytetit t\u00eb Ulqinit, p\u00ebr 36 vite pune radhazi si drejtor i bibliotek\u00ebs s\u00eb qytetit t\u00eb Ulqinit<em>( para shekullit t\u00eb informacionit- internetit).<\/em> Atij i ra t\u00eb ishte misionari i par\u00eb q\u00eb vuri kontaktet kulturore t\u00eb Ulqinit me shtetin am\u00eb , por p\u00ebr k\u00ebt\u00eb i ran\u00eb p\u00ebr hise edhe shum\u00eb kok\u00eb\u00e7arje p\u00ebr t\u00eb cilat rr\u00ebfen \u00a0n\u00eb librin e tij, t\u00eb p\u00ebrgatitur p\u00ebr shtyp dhe fragmentet e t\u00eb cilit po e sjellim n\u00eb 3 vazhdime.<\/strong><\/p>\n<p><strong>Akuzat kryesore q\u00eb binin mbi te lidhen me pranimin e nj\u00eb kontigjent librash nga Shqip\u00ebria , t\u00eb arritura n\u00eb adres\u00eb t\u00eb bibliotek\u00ebs s\u00eb qytetit, duke qen<\/strong><strong>\u00eb<\/strong> <strong> \u2013T\u00cb PA POROSITURA&#8230;?!!! <\/strong><\/p>\n<p><strong>Rr\u00ebfimin ai pastaj e vazhdon me at\u00eb \u00e7far\u00eb i ndodhi e q\u00eb nuk e priste: &#8211; PAS KTHIMIT NGA VIZITA N\u00cb SHQIP\u00cbRI T\u00cb NJ\u00cb DELEGACIONI KULTUROR DHE MARRJA N\u00cb BISEDA INFORMATIVE N\u00cb POLICI &#8230;?!<\/strong><\/p>\n<p><strong>\u00a0<\/strong><\/p>\n<p>\u201c&#8230;Sht\u00ebpia e Kultur\u00ebs s\u00eb Tiran\u00ebs, i kishte nisur thirrje BVI-s\u00eb, p\u00ebr kultur\u00eb m\u00eb 16.05.1972, q\u00eb nj\u00eb grup i pun\u00ebtor\u00ebve t\u00eb kultur\u00ebs s\u00eb Ulqinit t\u00eb jen\u00eb mysafir\u00eb t\u00eb Sht\u00ebpis\u00eb s\u00eb Kultur\u00ebs nga Tirana. Pasi un\u00eb isha kryetar i BVI-s\u00eb p\u00ebr kultur\u00eb , u konsultova p\u00ebr k\u00ebt\u00eb \u00e7\u00ebshtje me ministrin e at\u00ebhersh\u00ebm t\u00eb kultur\u00ebs Vlladimir Popoviq \u2013 Tush\u00ebn. Dhe tjet\u00ebr, gjithashtu shtoj se, pas mbajtjes s\u00eb mbledhjes s\u00eb KE t\u00eb BVI-s\u00eb p\u00ebr kultur\u00eb , u p\u00ebrcaktuan edhe emrat e delegacionit q\u00eb do t\u00eb shkonte n\u00eb vizit\u00eb Sht\u00ebpis\u00eb s\u00eb Kultur\u00ebs n\u00eb Tiran\u00eb. Ata sipas vendimit do t\u00eb ishin: Prof. Bajram Rexha nga Ulqini, Xhemal Ficiq-si drejtor i filmit dhe Fadil Kroma si drejtor i Bibliotek\u00ebs, bashk\u00eb me dy p\u00ebrfaq\u00ebsues t\u00eb ministris\u00eb s\u00eb kultur\u00ebs nga Mali i Zi. K\u00ebshtu pasi u b\u00ebn\u00eb p\u00ebrgatitjet e duhura grupi yn\u00eb u nis p\u00ebr vizit\u00eb , m\u00eb 25.07. 1972..<\/p>\n<p>Kur arrit\u00ebm n\u00eb pik\u00ebn kufitare\u201dHani i Hoti\u201d u v\u00ebrtetuam se Sht\u00ebpia e Kultur\u00ebs nga Tirana , kish siguruar nj\u00eb makin\u00eb enkas p\u00ebr grupin ton\u00eb . Dhe k\u00ebshtu na p\u00ebrcoll\u00ebn p\u00ebrmes Shkodr\u00ebs duke na \u00e7uar drejt\u00eb e n\u00eb Durr\u00ebs . Atje na vendos\u00ebn n\u00eb hotelin \u201cDajti\u201d kurse pritja ishte jasht\u00ebzakonisht e mir\u00eb. N\u00eb Shqip\u00ebri q\u00ebndruam 8 dit\u00eb dhe gjat\u00eb k\u00ebsaj kohe vizituam Sht\u00ebpin\u00eb e Kultur\u00ebs n\u00eb Tiran\u00eb, qytetin e Durr\u00ebsit, Kruj\u00ebn, Gjirokastr\u00ebn e n\u00eb t\u00eb kthyer kishim vizituar edhe qytetin e Shkodr\u00ebs. Para nisjes n\u00eb vizit\u00eb , ministri i kultur\u00ebs, m\u00eb kishte ngarkuar mua t\u00eb isha kryetar i grupit , kurse e gjith\u00eb kjo m\u00eb lejonte t\u00eb isha i privilegjuar dhe t\u2019i ftoj ata si mysafir\u00eb n\u00eb Ulqini dhe t\u00eb Malit t\u00eb Zi. Me k\u00ebt\u00eb rast \u2013 para se t\u00eb ndaheshim , u thash\u00eb se nuk do t\u00eb kish qen\u00eb keq q\u00eb n\u00eb kuad\u00ebr t\u00eb vizit\u00ebs q\u00eb do b\u00ebnin tek ne, grupi t\u00eb merrte edhe ndonj\u00eb shoqat\u00eb kulturore dhe artistike nga qytetet e Shqip\u00ebris\u00eb , t\u00eb cil\u00ebn ata e mendoni se to t\u00eb kish qen\u00eb m\u00eb e suksesshme.<\/p>\n<p>Me tu kthyer nga Shqip\u00ebria , pas disa dit\u00ebsh, p\u00ebrs\u00ebri pata vizituar ministrin e kultur\u00ebs Popoviq, \u00a0t\u00eb cilin e njoftova p\u00ebr pritjen e p\u00ebrzem\u00ebrt q\u00eb na ishte b\u00ebr\u00eb atje, duke shtuar se atje pat\u00ebm rastin dhe kishim vizituar objekte t\u00eb trash\u00ebgimis\u00eb kulturore e n\u00eb fund gjithashtu i pata komentuar q\u00eb n\u00eb em\u00ebr t\u00eb tij i kisha ftuar n\u00eb vizit\u00eb. Ai p\u00ebr k\u00ebt\u00eb dukej se ishte i k\u00ebnaqur edhe pse m\u00eb par\u00eb ishte i njoftuar p\u00ebr rrjedhat e vizit\u00ebs nga p\u00ebrfaq\u00ebsuesit e k\u00ebsaj ministrie q\u00eb ishin pjes\u00eb e delegacionit kulturor.<\/p>\n<p>Por p\u00ebrve\u00e7 gjith\u00eb k\u00ebsaj q\u00eb u tha ndodh\u00ebn edhe ca gj\u00ebra fare t\u00eb pabesueshme dhe t\u00eb pa pritura p\u00ebr mua q\u00eb m\u00eb soll\u00ebn kok\u00eb\u00e7arje e telashe. Dhe p\u00ebr \u00e7udin\u00eb time t\u00eb madhe &#8211; pas disa dit\u00ebve ,deri sa isha n\u00eb nj\u00eb mbledhje t\u00eb kryetari i Komun\u00ebs s\u00eb Ulqinit, ai n\u00eb bised\u00eb e sip\u00ebr m\u00eb tha , q\u00eb gjoja ne p\u00ebrfaq\u00ebsuesit nga Ulqini , kishim biseduar me p\u00ebrfaq\u00ebsuesit e Shqip\u00ebris\u00eb n\u00ebn prezenc\u00ebn e flamurit shqiptar dhe atij jugosllav..?! Kuptohet se un\u00eb e njoftova kryetarin q\u00eb kjo, e cila thuhet, ishte thjesht\u00eb nj\u00eb dezinformat\u00eb , q\u00eb nuk kishte fare t\u00eb b\u00ebnte me realitetin dhe q\u00eb mua p\u00ebrs\u00ebri dikush po tentonte t\u00eb m\u00eb etiketoj\u00eb&#8230;?! Kurse pas k\u00ebsaj isha i ftuar edhe n\u00eb organet e sigurimit gjoja p\u00ebr t\u00eb v\u00ebrtetuar informat\u00ebn q\u00eb kish kryetari i komun\u00ebs.<\/p>\n<p><strong>(Vazhdon&#8230;)<\/strong><\/p>\n<p><strong>P\u00ebrzgjodhi dhe p\u00ebrgatiti Muhamet Nika<\/strong><\/p>\n","protected":false},"excerpt":{"rendered":"<p>FADIL KROMA: Nj\u00eb rr\u00ebfim p\u00ebr koh\u00ebn &#8211; Hip se t\u2019 vrava , zhdrip se t\u2019 preva?! Fadili ishte p\u00ebrsoni num\u00ebr nj\u00eb dhe sinonim i kultur\u00ebs s\u00eb qytetit t\u00eb Ulqinit, p\u00ebr 36 vite pune radhazi si drejtor i bibliotek\u00ebs s\u00eb qytetit t\u00eb Ulqinit( para shekullit t\u00eb informacionit- internetit). Atij i ra t\u00eb ishte misionari i par\u00eb [&hellip;]<\/p>\n","protected":false},"author":1,"featured_media":0,"comment_status":"closed","ping_status":"closed","sticky":false,"template":"","format":"standard","meta":{"spay_email":"","jetpack_publicize_message":"","jetpack_is_tweetstorm":false,"jetpack_publicize_feature_enabled":true},"categories":[14249],"tags":[],"jetpack_publicize_connections":[],"yoast_head":"<!-- This site is optimized with the Yoast SEO plugin v19.1 - https:\/\/yoast.com\/wordpress\/plugins\/seo\/ -->\n<title>Nj\u00eb rr\u00ebfim p\u00ebr koh\u00ebn - Hip se t\u2019 vrava , zhdrip se t\u2019 preva?! - Lajme nga Ulqini<\/title>\n<meta name=\"description\" content=\"FADIL KROMA: Nj\u00eb rr\u00ebfim p\u00ebr koh\u00ebn - Hip se t\u2019 vrava , zhdrip se t\u2019 preva?! Fadili ishte p\u00ebrsoni num\u00ebr nj\u00eb dhe sinonim i kultur\u00ebs s\u00eb qytetit t\u00eb Ulqinit,\" \/>\n<meta name=\"robots\" content=\"index, follow, max-snippet:-1, max-image-preview:large, max-video-preview:-1\" \/>\n<link rel=\"canonical\" href=\"https:\/\/www.visit-ulcinj.com\/blog\/2015\/08\/25\/nje-rrefim-per-kohen-hip-se-t-vrava-zhdrip-se-t-preva\/\" \/>\n<meta property=\"og:locale\" content=\"en_US\" \/>\n<meta property=\"og:type\" content=\"article\" \/>\n<meta property=\"og:title\" content=\"Nj\u00eb rr\u00ebfim p\u00ebr koh\u00ebn - Hip se t\u2019 vrava , zhdrip se t\u2019 preva?! - Lajme nga Ulqini\" \/>\n<meta property=\"og:description\" content=\"FADIL KROMA: Nj\u00eb rr\u00ebfim p\u00ebr koh\u00ebn - Hip se t\u2019 vrava , zhdrip se t\u2019 preva?! Fadili ishte p\u00ebrsoni num\u00ebr nj\u00eb dhe sinonim i kultur\u00ebs s\u00eb qytetit t\u00eb Ulqinit,\" \/>\n<meta property=\"og:url\" content=\"https:\/\/www.visit-ulcinj.com\/blog\/2015\/08\/25\/nje-rrefim-per-kohen-hip-se-t-vrava-zhdrip-se-t-preva\/\" \/>\n<meta property=\"og:site_name\" content=\"Lajme nga Ulqini\" \/>\n<meta property=\"article:published_time\" content=\"2015-08-25T17:33:44+00:00\" \/>\n<meta property=\"og:image\" content=\"http:\/\/www.visit-ulcinj.com\/blog\/wp-content\/uploads\/2015\/05\/Fadil-Kroma-Ulqin.jpg\" \/>\n<meta name=\"twitter:label1\" content=\"Written by\" \/>\n\t<meta name=\"twitter:data1\" content=\"ulqini\" \/>\n\t<meta name=\"twitter:label2\" content=\"Est. reading time\" \/>\n\t<meta name=\"twitter:data2\" content=\"4 minutes\" \/>\n<script type=\"application\/ld+json\" class=\"yoast-schema-graph\">{\"@context\":\"https:\/\/schema.org\",\"@graph\":[{\"@type\":\"WebSite\",\"@id\":\"https:\/\/www.visit-ulcinj.com\/blog\/#website\",\"url\":\"https:\/\/www.visit-ulcinj.com\/blog\/\",\"name\":\"Lajme nga Ulqini\",\"description\":\"Lajme,Vijesti,Ulqini,Ulqin,Crna Gora,Mali i Zi\",\"potentialAction\":[{\"@type\":\"SearchAction\",\"target\":{\"@type\":\"EntryPoint\",\"urlTemplate\":\"https:\/\/www.visit-ulcinj.com\/blog\/?s={search_term_string}\"},\"query-input\":\"required name=search_term_string\"}],\"inLanguage\":\"en-US\"},{\"@type\":\"ImageObject\",\"inLanguage\":\"en-US\",\"@id\":\"https:\/\/www.visit-ulcinj.com\/blog\/2015\/08\/25\/nje-rrefim-per-kohen-hip-se-t-vrava-zhdrip-se-t-preva\/#primaryimage\",\"url\":\"https:\/\/www.visit-ulcinj.com\/blog\/wp-content\/uploads\/2015\/05\/Fadil-Kroma-Ulqin.jpg\",\"contentUrl\":\"https:\/\/www.visit-ulcinj.com\/blog\/wp-content\/uploads\/2015\/05\/Fadil-Kroma-Ulqin.jpg\",\"width\":238,\"height\":270},{\"@type\":\"WebPage\",\"@id\":\"https:\/\/www.visit-ulcinj.com\/blog\/2015\/08\/25\/nje-rrefim-per-kohen-hip-se-t-vrava-zhdrip-se-t-preva\/#webpage\",\"url\":\"https:\/\/www.visit-ulcinj.com\/blog\/2015\/08\/25\/nje-rrefim-per-kohen-hip-se-t-vrava-zhdrip-se-t-preva\/\",\"name\":\"Nj\u00eb rr\u00ebfim p\u00ebr koh\u00ebn - Hip se t\u2019 vrava , zhdrip se t\u2019 preva?! - Lajme nga Ulqini\",\"isPartOf\":{\"@id\":\"https:\/\/www.visit-ulcinj.com\/blog\/#website\"},\"primaryImageOfPage\":{\"@id\":\"https:\/\/www.visit-ulcinj.com\/blog\/2015\/08\/25\/nje-rrefim-per-kohen-hip-se-t-vrava-zhdrip-se-t-preva\/#primaryimage\"},\"datePublished\":\"2015-08-25T17:33:44+00:00\",\"dateModified\":\"2015-08-25T17:33:44+00:00\",\"author\":{\"@id\":\"https:\/\/www.visit-ulcinj.com\/blog\/#\/schema\/person\/dcab619c614d3038751c63bc2aadc06d\"},\"description\":\"FADIL KROMA: Nj\u00eb rr\u00ebfim p\u00ebr koh\u00ebn - Hip se t\u2019 vrava , zhdrip se t\u2019 preva?! Fadili ishte p\u00ebrsoni num\u00ebr nj\u00eb dhe sinonim i kultur\u00ebs s\u00eb qytetit t\u00eb Ulqinit,\",\"breadcrumb\":{\"@id\":\"https:\/\/www.visit-ulcinj.com\/blog\/2015\/08\/25\/nje-rrefim-per-kohen-hip-se-t-vrava-zhdrip-se-t-preva\/#breadcrumb\"},\"inLanguage\":\"en-US\",\"potentialAction\":[{\"@type\":\"ReadAction\",\"target\":[\"https:\/\/www.visit-ulcinj.com\/blog\/2015\/08\/25\/nje-rrefim-per-kohen-hip-se-t-vrava-zhdrip-se-t-preva\/\"]}]},{\"@type\":\"BreadcrumbList\",\"@id\":\"https:\/\/www.visit-ulcinj.com\/blog\/2015\/08\/25\/nje-rrefim-per-kohen-hip-se-t-vrava-zhdrip-se-t-preva\/#breadcrumb\",\"itemListElement\":[{\"@type\":\"ListItem\",\"position\":1,\"name\":\"Nj\u00eb rr\u00ebfim p\u00ebr koh\u00ebn &#8211; Hip se t\u2019 vrava , zhdrip se t\u2019 preva?!\"}]},{\"@type\":\"Person\",\"@id\":\"https:\/\/www.visit-ulcinj.com\/blog\/#\/schema\/person\/dcab619c614d3038751c63bc2aadc06d\",\"name\":\"ulqini\",\"sameAs\":[\"http:\/\/www.visit-ulcinj.com\"],\"url\":\"https:\/\/www.visit-ulcinj.com\/blog\/author\/admin\/\"}]}<\/script>\n<!-- \/ Yoast SEO plugin. -->","yoast_head_json":{"title":"Nj\u00eb rr\u00ebfim p\u00ebr koh\u00ebn - Hip se t\u2019 vrava , zhdrip se t\u2019 preva?! - Lajme nga Ulqini","description":"FADIL KROMA: Nj\u00eb rr\u00ebfim p\u00ebr koh\u00ebn - Hip se t\u2019 vrava , zhdrip se t\u2019 preva?! Fadili ishte p\u00ebrsoni num\u00ebr nj\u00eb dhe sinonim i kultur\u00ebs s\u00eb qytetit t\u00eb Ulqinit,","robots":{"index":"index","follow":"follow","max-snippet":"max-snippet:-1","max-image-preview":"max-image-preview:large","max-video-preview":"max-video-preview:-1"},"canonical":"https:\/\/www.visit-ulcinj.com\/blog\/2015\/08\/25\/nje-rrefim-per-kohen-hip-se-t-vrava-zhdrip-se-t-preva\/","og_locale":"en_US","og_type":"article","og_title":"Nj\u00eb rr\u00ebfim p\u00ebr koh\u00ebn - Hip se t\u2019 vrava , zhdrip se t\u2019 preva?! - Lajme nga Ulqini","og_description":"FADIL KROMA: Nj\u00eb rr\u00ebfim p\u00ebr koh\u00ebn - Hip se t\u2019 vrava , zhdrip se t\u2019 preva?! Fadili ishte p\u00ebrsoni num\u00ebr nj\u00eb dhe sinonim i kultur\u00ebs s\u00eb qytetit t\u00eb Ulqinit,","og_url":"https:\/\/www.visit-ulcinj.com\/blog\/2015\/08\/25\/nje-rrefim-per-kohen-hip-se-t-vrava-zhdrip-se-t-preva\/","og_site_name":"Lajme nga Ulqini","article_published_time":"2015-08-25T17:33:44+00:00","og_image":[{"url":"http:\/\/www.visit-ulcinj.com\/blog\/wp-content\/uploads\/2015\/05\/Fadil-Kroma-Ulqin.jpg"}],"twitter_misc":{"Written by":"ulqini","Est. reading time":"4 minutes"},"schema":{"@context":"https:\/\/schema.org","@graph":[{"@type":"WebSite","@id":"https:\/\/www.visit-ulcinj.com\/blog\/#website","url":"https:\/\/www.visit-ulcinj.com\/blog\/","name":"Lajme nga Ulqini","description":"Lajme,Vijesti,Ulqini,Ulqin,Crna Gora,Mali i Zi","potentialAction":[{"@type":"SearchAction","target":{"@type":"EntryPoint","urlTemplate":"https:\/\/www.visit-ulcinj.com\/blog\/?s={search_term_string}"},"query-input":"required name=search_term_string"}],"inLanguage":"en-US"},{"@type":"ImageObject","inLanguage":"en-US","@id":"https:\/\/www.visit-ulcinj.com\/blog\/2015\/08\/25\/nje-rrefim-per-kohen-hip-se-t-vrava-zhdrip-se-t-preva\/#primaryimage","url":"https:\/\/www.visit-ulcinj.com\/blog\/wp-content\/uploads\/2015\/05\/Fadil-Kroma-Ulqin.jpg","contentUrl":"https:\/\/www.visit-ulcinj.com\/blog\/wp-content\/uploads\/2015\/05\/Fadil-Kroma-Ulqin.jpg","width":238,"height":270},{"@type":"WebPage","@id":"https:\/\/www.visit-ulcinj.com\/blog\/2015\/08\/25\/nje-rrefim-per-kohen-hip-se-t-vrava-zhdrip-se-t-preva\/#webpage","url":"https:\/\/www.visit-ulcinj.com\/blog\/2015\/08\/25\/nje-rrefim-per-kohen-hip-se-t-vrava-zhdrip-se-t-preva\/","name":"Nj\u00eb rr\u00ebfim p\u00ebr koh\u00ebn - Hip se t\u2019 vrava , zhdrip se t\u2019 preva?! - Lajme nga Ulqini","isPartOf":{"@id":"https:\/\/www.visit-ulcinj.com\/blog\/#website"},"primaryImageOfPage":{"@id":"https:\/\/www.visit-ulcinj.com\/blog\/2015\/08\/25\/nje-rrefim-per-kohen-hip-se-t-vrava-zhdrip-se-t-preva\/#primaryimage"},"datePublished":"2015-08-25T17:33:44+00:00","dateModified":"2015-08-25T17:33:44+00:00","author":{"@id":"https:\/\/www.visit-ulcinj.com\/blog\/#\/schema\/person\/dcab619c614d3038751c63bc2aadc06d"},"description":"FADIL KROMA: Nj\u00eb rr\u00ebfim p\u00ebr koh\u00ebn - Hip se t\u2019 vrava , zhdrip se t\u2019 preva?! Fadili ishte p\u00ebrsoni num\u00ebr nj\u00eb dhe sinonim i kultur\u00ebs s\u00eb qytetit t\u00eb Ulqinit,","breadcrumb":{"@id":"https:\/\/www.visit-ulcinj.com\/blog\/2015\/08\/25\/nje-rrefim-per-kohen-hip-se-t-vrava-zhdrip-se-t-preva\/#breadcrumb"},"inLanguage":"en-US","potentialAction":[{"@type":"ReadAction","target":["https:\/\/www.visit-ulcinj.com\/blog\/2015\/08\/25\/nje-rrefim-per-kohen-hip-se-t-vrava-zhdrip-se-t-preva\/"]}]},{"@type":"BreadcrumbList","@id":"https:\/\/www.visit-ulcinj.com\/blog\/2015\/08\/25\/nje-rrefim-per-kohen-hip-se-t-vrava-zhdrip-se-t-preva\/#breadcrumb","itemListElement":[{"@type":"ListItem","position":1,"name":"Nj\u00eb rr\u00ebfim p\u00ebr koh\u00ebn &#8211; Hip se t\u2019 vrava , zhdrip se t\u2019 preva?!"}]},{"@type":"Person","@id":"https:\/\/www.visit-ulcinj.com\/blog\/#\/schema\/person\/dcab619c614d3038751c63bc2aadc06d","name":"ulqini","sameAs":["http:\/\/www.visit-ulcinj.com"],"url":"https:\/\/www.visit-ulcinj.com\/blog\/author\/admin\/"}]}},"jetpack_featured_media_url":"","jetpack_sharing_enabled":true,"jetpack_shortlink":"https:\/\/wp.me\/pe6lTn-nXf","_links":{"self":[{"href":"https:\/\/www.visit-ulcinj.com\/blog\/wp-json\/wp\/v2\/posts\/92085"}],"collection":[{"href":"https:\/\/www.visit-ulcinj.com\/blog\/wp-json\/wp\/v2\/posts"}],"about":[{"href":"https:\/\/www.visit-ulcinj.com\/blog\/wp-json\/wp\/v2\/types\/post"}],"author":[{"embeddable":true,"href":"https:\/\/www.visit-ulcinj.com\/blog\/wp-json\/wp\/v2\/users\/1"}],"replies":[{"embeddable":true,"href":"https:\/\/www.visit-ulcinj.com\/blog\/wp-json\/wp\/v2\/comments?post=92085"}],"version-history":[{"count":1,"href":"https:\/\/www.visit-ulcinj.com\/blog\/wp-json\/wp\/v2\/posts\/92085\/revisions"}],"predecessor-version":[{"id":92086,"href":"https:\/\/www.visit-ulcinj.com\/blog\/wp-json\/wp\/v2\/posts\/92085\/revisions\/92086"}],"wp:attachment":[{"href":"https:\/\/www.visit-ulcinj.com\/blog\/wp-json\/wp\/v2\/media?parent=92085"}],"wp:term":[{"taxonomy":"category","embeddable":true,"href":"https:\/\/www.visit-ulcinj.com\/blog\/wp-json\/wp\/v2\/categories?post=92085"},{"taxonomy":"post_tag","embeddable":true,"href":"https:\/\/www.visit-ulcinj.com\/blog\/wp-json\/wp\/v2\/tags?post=92085"}],"curies":[{"name":"wp","href":"https:\/\/api.w.org\/{rel}","templated":true}]}}