{"id":92094,"date":"2015-08-25T19:17:23","date_gmt":"2015-08-25T18:17:23","guid":{"rendered":"http:\/\/www.visit-ulcinj.com\/blog\/?p=92094"},"modified":"2015-08-25T19:17:23","modified_gmt":"2015-08-25T18:17:23","slug":"atmosfera-e-turisteve-kosovare-ne-ulqin-video","status":"publish","type":"post","link":"https:\/\/www.visit-ulcinj.com\/blog\/2015\/08\/25\/atmosfera-e-turisteve-kosovare-ne-ulqin-video\/","title":{"rendered":"Atmosfera e turist\u00ebve kosovar\u00eb n\u00eb Ulqin \u2013 Video"},"content":{"rendered":"<p class=\"paragrafPadd\"><!--YouTube Error: bad URL entered--><\/p>\n<p class=\"paragrafPadd\">Ulqini \u00ebsht\u00eb v\u00ebrshuar nga nj\u00eb val\u00eb e re e turist\u00ebve nga Kosova dhe Bosnje e Hecergovina. Kjo vler\u00ebsohet se po ndodh\u00eb shkaku i shpres\u00ebs se fundi i sezon\u00ebs ka ulur edhe \u00e7mimet e strehimit dhe sh\u00ebrbimeve tjera.<\/p>\n<p class=\"paragrafPadd\">Portali vendas Ul-info, raporton se sot n\u00eb Ulqin kan\u00eb zbarkuar shum\u00eb turist\u00eb nga Kosova dhe Bosnje e Hecergovina, ndoshta vala e fundit e madhe e turist\u00ebve p\u00ebr k\u00ebt\u00eb sezon\u00eb, transmeton lajmi.net.<\/p>\n<p class=\"paragrafPadd\">P\u00ebrve\u00e7 \u00e7mimeve edhe moti pritet t\u00eb jet\u00eb n\u00eb an\u00ebn e k\u00ebtyre turist\u00ebve t\u00eb \u201cvonsh\u00ebm\u201d. Metorolog\u00ebt kan\u00eb parashikuar se gjat\u00eb dy dit\u00ebve t\u00eb ardhshme n\u00eb jug t\u00eb Adriatikut p\u00ebrve\u00e7 disa vran\u00ebsirave t\u00eb rastit, temperaturat do t\u00eb jen\u00eb deri n\u00eb 30 grad\u00eb celsius.<\/p>\n<p class=\"paragrafPadd\">Lajmeshqip.com<\/p>\n","protected":false},"excerpt":{"rendered":"<p>Ulqini \u00ebsht\u00eb v\u00ebrshuar nga nj\u00eb val\u00eb e re e turist\u00ebve nga Kosova dhe Bosnje e Hecergovina. Kjo vler\u00ebsohet se po ndodh\u00eb shkaku i shpres\u00ebs se fundi i sezon\u00ebs ka ulur edhe \u00e7mimet e strehimit dhe sh\u00ebrbimeve tjera. Portali vendas Ul-info, raporton se sot n\u00eb Ulqin kan\u00eb zbarkuar shum\u00eb turist\u00eb nga Kosova dhe Bosnje e Hecergovina, [&hellip;]<\/p>\n","protected":false},"author":1,"featured_media":0,"comment_status":"closed","ping_status":"closed","sticky":false,"template":"","format":"standard","meta":{"spay_email":"","jetpack_publicize_message":"","jetpack_is_tweetstorm":false,"jetpack_publicize_feature_enabled":true},"categories":[1],"tags":[],"jetpack_publicize_connections":[],"yoast_head":"<!-- This site is optimized with the Yoast SEO plugin v19.1 - https:\/\/yoast.com\/wordpress\/plugins\/seo\/ -->\n<title>Atmosfera e turist\u00ebve kosovar\u00eb n\u00eb Ulqin \u2013 Video - Lajme nga Ulqini<\/title>\n<meta name=\"description\" content=\"Ulqini \u00ebsht\u00eb v\u00ebrshuar nga nj\u00eb val\u00eb e re e turist\u00ebve nga Kosova dhe Bosnje e Hecergovina. Kjo vler\u00ebsohet se po ndodh\u00eb shkaku i shpres\u00ebs se fundi i sezon\u00ebs\" \/>\n<meta name=\"robots\" content=\"index, follow, max-snippet:-1, max-image-preview:large, max-video-preview:-1\" \/>\n<link rel=\"canonical\" href=\"https:\/\/www.visit-ulcinj.com\/blog\/2015\/08\/25\/atmosfera-e-turisteve-kosovare-ne-ulqin-video\/\" \/>\n<meta property=\"og:locale\" content=\"en_US\" \/>\n<meta property=\"og:type\" content=\"article\" \/>\n<meta property=\"og:title\" content=\"Atmosfera e turist\u00ebve kosovar\u00eb n\u00eb Ulqin \u2013 Video - Lajme nga Ulqini\" \/>\n<meta property=\"og:description\" content=\"Ulqini \u00ebsht\u00eb v\u00ebrshuar nga nj\u00eb val\u00eb e re e turist\u00ebve nga Kosova dhe Bosnje e Hecergovina. Kjo vler\u00ebsohet se po ndodh\u00eb shkaku i shpres\u00ebs se fundi i sezon\u00ebs\" \/>\n<meta property=\"og:url\" content=\"https:\/\/www.visit-ulcinj.com\/blog\/2015\/08\/25\/atmosfera-e-turisteve-kosovare-ne-ulqin-video\/\" \/>\n<meta property=\"og:site_name\" content=\"Lajme nga Ulqini\" \/>\n<meta property=\"article:published_time\" content=\"2015-08-25T18:17:23+00:00\" \/>\n<meta name=\"twitter:label1\" content=\"Written by\" \/>\n\t<meta name=\"twitter:data1\" content=\"ulqini\" \/>\n\t<meta name=\"twitter:label2\" content=\"Est. reading time\" \/>\n\t<meta name=\"twitter:data2\" content=\"1 minute\" \/>\n<script type=\"application\/ld+json\" class=\"yoast-schema-graph\">{\"@context\":\"https:\/\/schema.org\",\"@graph\":[{\"@type\":\"WebSite\",\"@id\":\"https:\/\/www.visit-ulcinj.com\/blog\/#website\",\"url\":\"https:\/\/www.visit-ulcinj.com\/blog\/\",\"name\":\"Lajme nga Ulqini\",\"description\":\"Lajme,Vijesti,Ulqini,Ulqin,Crna Gora,Mali i Zi\",\"potentialAction\":[{\"@type\":\"SearchAction\",\"target\":{\"@type\":\"EntryPoint\",\"urlTemplate\":\"https:\/\/www.visit-ulcinj.com\/blog\/?s={search_term_string}\"},\"query-input\":\"required name=search_term_string\"}],\"inLanguage\":\"en-US\"},{\"@type\":\"WebPage\",\"@id\":\"https:\/\/www.visit-ulcinj.com\/blog\/2015\/08\/25\/atmosfera-e-turisteve-kosovare-ne-ulqin-video\/#webpage\",\"url\":\"https:\/\/www.visit-ulcinj.com\/blog\/2015\/08\/25\/atmosfera-e-turisteve-kosovare-ne-ulqin-video\/\",\"name\":\"Atmosfera e turist\u00ebve kosovar\u00eb n\u00eb Ulqin \u2013 Video - Lajme nga Ulqini\",\"isPartOf\":{\"@id\":\"https:\/\/www.visit-ulcinj.com\/blog\/#website\"},\"datePublished\":\"2015-08-25T18:17:23+00:00\",\"dateModified\":\"2015-08-25T18:17:23+00:00\",\"author\":{\"@id\":\"https:\/\/www.visit-ulcinj.com\/blog\/#\/schema\/person\/dcab619c614d3038751c63bc2aadc06d\"},\"description\":\"Ulqini \u00ebsht\u00eb v\u00ebrshuar nga nj\u00eb val\u00eb e re e turist\u00ebve nga Kosova dhe Bosnje e Hecergovina. Kjo vler\u00ebsohet se po ndodh\u00eb shkaku i shpres\u00ebs se fundi i sezon\u00ebs\",\"breadcrumb\":{\"@id\":\"https:\/\/www.visit-ulcinj.com\/blog\/2015\/08\/25\/atmosfera-e-turisteve-kosovare-ne-ulqin-video\/#breadcrumb\"},\"inLanguage\":\"en-US\",\"potentialAction\":[{\"@type\":\"ReadAction\",\"target\":[\"https:\/\/www.visit-ulcinj.com\/blog\/2015\/08\/25\/atmosfera-e-turisteve-kosovare-ne-ulqin-video\/\"]}]},{\"@type\":\"BreadcrumbList\",\"@id\":\"https:\/\/www.visit-ulcinj.com\/blog\/2015\/08\/25\/atmosfera-e-turisteve-kosovare-ne-ulqin-video\/#breadcrumb\",\"itemListElement\":[{\"@type\":\"ListItem\",\"position\":1,\"name\":\"Atmosfera e turist\u00ebve kosovar\u00eb n\u00eb Ulqin \u2013 Video\"}]},{\"@type\":\"Person\",\"@id\":\"https:\/\/www.visit-ulcinj.com\/blog\/#\/schema\/person\/dcab619c614d3038751c63bc2aadc06d\",\"name\":\"ulqini\",\"sameAs\":[\"http:\/\/www.visit-ulcinj.com\"],\"url\":\"https:\/\/www.visit-ulcinj.com\/blog\/author\/admin\/\"}]}<\/script>\n<!-- \/ Yoast SEO plugin. -->","yoast_head_json":{"title":"Atmosfera e turist\u00ebve kosovar\u00eb n\u00eb Ulqin \u2013 Video - Lajme nga Ulqini","description":"Ulqini \u00ebsht\u00eb v\u00ebrshuar nga nj\u00eb val\u00eb e re e turist\u00ebve nga Kosova dhe Bosnje e Hecergovina. Kjo vler\u00ebsohet se po ndodh\u00eb shkaku i shpres\u00ebs se fundi i sezon\u00ebs","robots":{"index":"index","follow":"follow","max-snippet":"max-snippet:-1","max-image-preview":"max-image-preview:large","max-video-preview":"max-video-preview:-1"},"canonical":"https:\/\/www.visit-ulcinj.com\/blog\/2015\/08\/25\/atmosfera-e-turisteve-kosovare-ne-ulqin-video\/","og_locale":"en_US","og_type":"article","og_title":"Atmosfera e turist\u00ebve kosovar\u00eb n\u00eb Ulqin \u2013 Video - Lajme nga Ulqini","og_description":"Ulqini \u00ebsht\u00eb v\u00ebrshuar nga nj\u00eb val\u00eb e re e turist\u00ebve nga Kosova dhe Bosnje e Hecergovina. Kjo vler\u00ebsohet se po ndodh\u00eb shkaku i shpres\u00ebs se fundi i sezon\u00ebs","og_url":"https:\/\/www.visit-ulcinj.com\/blog\/2015\/08\/25\/atmosfera-e-turisteve-kosovare-ne-ulqin-video\/","og_site_name":"Lajme nga Ulqini","article_published_time":"2015-08-25T18:17:23+00:00","twitter_misc":{"Written by":"ulqini","Est. reading time":"1 minute"},"schema":{"@context":"https:\/\/schema.org","@graph":[{"@type":"WebSite","@id":"https:\/\/www.visit-ulcinj.com\/blog\/#website","url":"https:\/\/www.visit-ulcinj.com\/blog\/","name":"Lajme nga Ulqini","description":"Lajme,Vijesti,Ulqini,Ulqin,Crna Gora,Mali i Zi","potentialAction":[{"@type":"SearchAction","target":{"@type":"EntryPoint","urlTemplate":"https:\/\/www.visit-ulcinj.com\/blog\/?s={search_term_string}"},"query-input":"required name=search_term_string"}],"inLanguage":"en-US"},{"@type":"WebPage","@id":"https:\/\/www.visit-ulcinj.com\/blog\/2015\/08\/25\/atmosfera-e-turisteve-kosovare-ne-ulqin-video\/#webpage","url":"https:\/\/www.visit-ulcinj.com\/blog\/2015\/08\/25\/atmosfera-e-turisteve-kosovare-ne-ulqin-video\/","name":"Atmosfera e turist\u00ebve kosovar\u00eb n\u00eb Ulqin \u2013 Video - Lajme nga Ulqini","isPartOf":{"@id":"https:\/\/www.visit-ulcinj.com\/blog\/#website"},"datePublished":"2015-08-25T18:17:23+00:00","dateModified":"2015-08-25T18:17:23+00:00","author":{"@id":"https:\/\/www.visit-ulcinj.com\/blog\/#\/schema\/person\/dcab619c614d3038751c63bc2aadc06d"},"description":"Ulqini \u00ebsht\u00eb v\u00ebrshuar nga nj\u00eb val\u00eb e re e turist\u00ebve nga Kosova dhe Bosnje e Hecergovina. Kjo vler\u00ebsohet se po ndodh\u00eb shkaku i shpres\u00ebs se fundi i sezon\u00ebs","breadcrumb":{"@id":"https:\/\/www.visit-ulcinj.com\/blog\/2015\/08\/25\/atmosfera-e-turisteve-kosovare-ne-ulqin-video\/#breadcrumb"},"inLanguage":"en-US","potentialAction":[{"@type":"ReadAction","target":["https:\/\/www.visit-ulcinj.com\/blog\/2015\/08\/25\/atmosfera-e-turisteve-kosovare-ne-ulqin-video\/"]}]},{"@type":"BreadcrumbList","@id":"https:\/\/www.visit-ulcinj.com\/blog\/2015\/08\/25\/atmosfera-e-turisteve-kosovare-ne-ulqin-video\/#breadcrumb","itemListElement":[{"@type":"ListItem","position":1,"name":"Atmosfera e turist\u00ebve kosovar\u00eb n\u00eb Ulqin \u2013 Video"}]},{"@type":"Person","@id":"https:\/\/www.visit-ulcinj.com\/blog\/#\/schema\/person\/dcab619c614d3038751c63bc2aadc06d","name":"ulqini","sameAs":["http:\/\/www.visit-ulcinj.com"],"url":"https:\/\/www.visit-ulcinj.com\/blog\/author\/admin\/"}]}},"jetpack_featured_media_url":"","jetpack_sharing_enabled":true,"jetpack_shortlink":"https:\/\/wp.me\/pe6lTn-nXo","_links":{"self":[{"href":"https:\/\/www.visit-ulcinj.com\/blog\/wp-json\/wp\/v2\/posts\/92094"}],"collection":[{"href":"https:\/\/www.visit-ulcinj.com\/blog\/wp-json\/wp\/v2\/posts"}],"about":[{"href":"https:\/\/www.visit-ulcinj.com\/blog\/wp-json\/wp\/v2\/types\/post"}],"author":[{"embeddable":true,"href":"https:\/\/www.visit-ulcinj.com\/blog\/wp-json\/wp\/v2\/users\/1"}],"replies":[{"embeddable":true,"href":"https:\/\/www.visit-ulcinj.com\/blog\/wp-json\/wp\/v2\/comments?post=92094"}],"version-history":[{"count":1,"href":"https:\/\/www.visit-ulcinj.com\/blog\/wp-json\/wp\/v2\/posts\/92094\/revisions"}],"predecessor-version":[{"id":92095,"href":"https:\/\/www.visit-ulcinj.com\/blog\/wp-json\/wp\/v2\/posts\/92094\/revisions\/92095"}],"wp:attachment":[{"href":"https:\/\/www.visit-ulcinj.com\/blog\/wp-json\/wp\/v2\/media?parent=92094"}],"wp:term":[{"taxonomy":"category","embeddable":true,"href":"https:\/\/www.visit-ulcinj.com\/blog\/wp-json\/wp\/v2\/categories?post=92094"},{"taxonomy":"post_tag","embeddable":true,"href":"https:\/\/www.visit-ulcinj.com\/blog\/wp-json\/wp\/v2\/tags?post=92094"}],"curies":[{"name":"wp","href":"https:\/\/api.w.org\/{rel}","templated":true}]}}