{"id":92115,"date":"2015-09-01T07:12:35","date_gmt":"2015-09-01T06:12:35","guid":{"rendered":"http:\/\/www.visit-ulcinj.com\/blog\/?p=92115"},"modified":"2015-09-01T07:12:35","modified_gmt":"2015-09-01T06:12:35","slug":"faleminderit-xhaxhi-ilmi-kurti","status":"publish","type":"post","link":"https:\/\/www.visit-ulcinj.com\/blog\/2015\/09\/01\/faleminderit-xhaxhi-ilmi-kurti\/","title":{"rendered":"Faleminderit Xhaxhi ILMI KURTI"},"content":{"rendered":"<p><span class=\"fbPhotoCaptionText\"><strong><a href=\"http:\/\/www.visit-ulcinj.com\/blog\/wp-content\/uploads\/2015\/09\/Dhurate-Ilmi-Kurtit-Shkolles-fillore-Bedri-Elezaga-Katerkolle-.jpg\"><img loading=\"lazy\" class=\"alignleft wp-image-92116\" src=\"http:\/\/www.visit-ulcinj.com\/blog\/wp-content\/uploads\/2015\/09\/Dhurate-Ilmi-Kurtit-Shkolles-fillore-Bedri-Elezaga-Katerkolle-.jpg\" alt=\"Dhurate- Ilmi Kurtit-Shkolles-fillore-Bedri Elezaga-Katerkolle-\" width=\"508\" height=\"381\" srcset=\"https:\/\/www.visit-ulcinj.com\/blog\/wp-content\/uploads\/2015\/09\/Dhurate-Ilmi-Kurtit-Shkolles-fillore-Bedri-Elezaga-Katerkolle-.jpg 960w, https:\/\/www.visit-ulcinj.com\/blog\/wp-content\/uploads\/2015\/09\/Dhurate-Ilmi-Kurtit-Shkolles-fillore-Bedri-Elezaga-Katerkolle--300x225.jpg 300w\" sizes=\"(max-width: 508px) 100vw, 508px\" \/><\/a>Shkruan: <a href=\"https:\/\/www.facebook.com\/ilir.lleshi.543\" data-hovercard=\"\/ajax\/hovercard\/user.php?id=100001086415019&amp;extragetparams=%7B%22directed_target_id%22%3A0%7D\">Ilir Lleshi<\/a><\/strong><\/p>\n<p><strong> Dhurat\u00eb e \u00e7muar e Ilmi Kurtit, Shkoll\u00ebs fillore \u201dBedri Elezaga\u201d n\u00eb Kat\u00ebrkoll\u00eb<\/strong><\/p>\n<p>Ilmi Isa Kurti, nga fshati Sukubin\u00eb, komuna e Ulqinit, n\u00eb pun\u00eb t\u00eb p\u00ebrkoh\u00ebshme n\u00eb SHBA, me rastin e vizit\u00ebs s\u00eb vendlindjes n\u00eb muajin prill t\u00eb k\u00ebtij viti, nj\u00eb dit\u00eb t\u00eb ve\u00e7ant\u00eb ia kushtoi shkoll\u00ebs s\u00eb tij n\u00eb Kat\u00ebrkoll\u00eb ku para shum\u00eb viteve, si shum\u00eb moshatar\u00eb t\u00eb tjer\u00eb, kreu arsimin fillor\u00eb. N\u00eb bised\u00eb t\u00eb ngroht\u00eb me menaxherin dhe t\u00eb pun\u00ebsuarit e k\u00ebtij institucioni ai u interesua p\u00ebr jet\u00ebn e shkoll\u00ebs n\u00eb p\u00ebrgjith\u00ebsi dhe segmentet e ndryshme t\u00eb pun\u00ebs s\u00eb saj n\u00eb ve\u00e7anti. Haptazi k\u00ebnaqej kur bashk\u00ebfol\u00ebsit e njoftonin me pun\u00ebn, angazhimin dhe t\u00eb arriturat, suksesin e nx\u00ebn\u00ebsve n\u00eb t\u00eb gjitha fushat. Por, ai dukshem ndjeu keqardhje kur d\u00ebgjoi p\u00ebr faktor\u00ebt t\u00eb cil\u00ebt ngadal\u00ebsojn\u00eb dhe v\u00ebshtir\u00ebsojn\u00eb pro\u00e7esin m\u00ebsimor, si amortizimi i orendive, mungesa e mjeteve m\u00ebsimore, d\u00ebmtimi i lokaleve t\u00eb shkoll\u00ebs am\u00eb. Ai, aq m\u00eb tep\u00ebr u bind, kur ate q\u00eb u fol e v\u00ebrejti duke shetitur lokalin e shkoll\u00ebs. Dyshemeja e d\u00ebmtuar, q\u00eb jepte p\u00ebrshtypjen e ndonj\u00eb objekti t\u00eb l\u00ebshuar, sikur thell\u00eb e preku n\u00eb mendje dhe ndjenja. Nuk foli asgj\u00eb p\u00ebr t\u00eb premtuar e mos realizuar si tjet\u00ebr vizitues apo kalimtar t\u00eb rastit. Shkoi n\u00eb heshtje, por me bindje t\u00eb plot\u00eb se k\u00ebtu ka nevoj\u00eb p\u00ebr ndihm\u00eb t\u00eb madhe financiare pasi kaher\u00eb nuk \u00ebsht\u00eb investuar as n\u00eb mir\u00ebmbajtje elementare. N\u00eb at\u00eb gj\u00eb sikur edhe ka menduar dhe \u00ebsht\u00eb p\u00ebrcaktuar q\u00eb shkoll\u00ebn e tij, me sa ka <\/span><span class=\"fbPhotoCaptionText\">mund\u00ebsi materiale ta ndihmoi konkret.<br \/>\n<a href=\"http:\/\/www.visit-ulcinj.com\/blog\/wp-content\/uploads\/2015\/09\/Dhurate-Ilmi-Kurtit-Shkolles-fillore-Bedri-Elezaga-Katerkolle-1.jpg\"><img loading=\"lazy\" class=\"alignleft wp-image-92117\" src=\"http:\/\/www.visit-ulcinj.com\/blog\/wp-content\/uploads\/2015\/09\/Dhurate-Ilmi-Kurtit-Shkolles-fillore-Bedri-Elezaga-Katerkolle-1.jpg\" alt=\"Dhurate- Ilmi Kurtit-Shkolles-fillore-Bedri Elezaga-Katerkolle-1\" width=\"508\" height=\"339\" srcset=\"https:\/\/www.visit-ulcinj.com\/blog\/wp-content\/uploads\/2015\/09\/Dhurate-Ilmi-Kurtit-Shkolles-fillore-Bedri-Elezaga-Katerkolle-1.jpg 960w, https:\/\/www.visit-ulcinj.com\/blog\/wp-content\/uploads\/2015\/09\/Dhurate-Ilmi-Kurtit-Shkolles-fillore-Bedri-Elezaga-Katerkolle-1-300x200.jpg 300w\" sizes=\"(max-width: 508px) 100vw, 508px\" \/><\/a><br \/>\nPas rreth nj\u00eb muaji, n\u00eb shkoll\u00eb vjen\u00eb Kujtim Nazim Kurti me porosi t\u00eb axh\u00ebs s\u00eb vet\u00eb, Ilmiut, p\u00ebr ta ndihmuar shkoll\u00ebn n\u00eb ate q\u00eb \u00e7mohet si m\u00eb tep\u00ebr e nevoj\u00ebshme. N\u00eb marr\u00ebveshje t\u00eb p\u00ebrbashk\u00ebt drejtori i shkoll\u00ebs dhe p\u00ebrfaq\u00ebsuesi i dhuruesit &#8211; Ilmi Kurtit, Alim Jahja dhe Kujtim Kurti, p\u00ebrcaktojn\u00eb riaft\u00ebsimin e dyshemes\u00eb n\u00eb kat, n\u00eb hapsir\u00eb t\u00eb dhjet\u00eb kabineteve m\u00ebsimore, me sip\u00ebrfaqe prej 650 m2. Me p\u00ebrfundimin e vitit m\u00ebsimor, qershor\u00eb 2015, dhuruesi siguroi materialin e duhur n\u00eb cil\u00ebsin\u00eb e pllakave qeramike spanjolle e fuqin\u00eb punuese, qeramik\u00ebsit dhe brenda koh\u00ebs s\u00eb shkurt\u00ebr ideja e tij b\u00ebhet realitet. Krejt pun\u00ebn e mbikqyri p\u00ebrfaq\u00ebsuesi i dhuruesit e n\u00eb fund bashk\u00eb me p\u00ebrfaq\u00ebsuesin e shkoll\u00ebs dhe pun\u00ebtor\u00ebt e saj ndan\u00eb k\u00ebnaq\u00ebsin\u00eb p\u00ebr dhurat\u00ebn shum\u00eb t\u00eb \u00e7muar t\u00eb bashk\u00ebvendasit Ilmi Kurtit, n\u00eb vler\u00eb prej 9.500 $. Fal\u00eb asaj pune, n\u00eb shkoll\u00eb u zgjodh nj\u00eb problem i madh, regullimi i dyshemes\u00eb n\u00eb kat. Me k\u00ebte kabinetet m\u00ebsimore fituen pamje t\u00eb re me r\u00ebnd\u00ebsi higjenike dhe cil\u00ebsi estetike.<\/p>\n<p>Kolektivi i shkoll\u00ebs, gjith\u00eb trupi arsimor dhe drejtori i saj shprehin falenderim t\u00eb madh n\u00eb ndihmen e ofruar t\u00eb r\u00ebnd\u00ebsishme e t\u00eb \u00e7muar. Nd\u00ebrsa nx\u00ebn\u00ebsit e shkolles, t\u00eb cil\u00ebt m\u00eb s\u00eb shumti do ta ndiejn\u00eb k\u00ebnaq\u00ebsin\u00eb e k\u00ebsaj vepre, xhaxhit Ilmi i mbesin mir\u00ebnjoh\u00ebs p\u00ebr ndihm\u00ebn humane konkretisht atyre t\u00eb dedikuar. Faleminderit p\u00ebr dhurat\u00ebn xhaxhi Ilmi Kurti!<\/span><\/p>\n","protected":false},"excerpt":{"rendered":"<p>Shkruan: Ilir Lleshi Dhurat\u00eb e \u00e7muar e Ilmi Kurtit, Shkoll\u00ebs fillore \u201dBedri Elezaga\u201d n\u00eb Kat\u00ebrkoll\u00eb Ilmi Isa Kurti, nga fshati Sukubin\u00eb, komuna e Ulqinit, n\u00eb pun\u00eb t\u00eb p\u00ebrkoh\u00ebshme n\u00eb SHBA, me rastin e vizit\u00ebs s\u00eb vendlindjes n\u00eb muajin prill t\u00eb k\u00ebtij viti, nj\u00eb dit\u00eb t\u00eb ve\u00e7ant\u00eb ia kushtoi shkoll\u00ebs s\u00eb tij n\u00eb Kat\u00ebrkoll\u00eb ku para [&hellip;]<\/p>\n","protected":false},"author":1,"featured_media":0,"comment_status":"closed","ping_status":"closed","sticky":false,"template":"","format":"standard","meta":{"spay_email":"","jetpack_publicize_message":"","jetpack_is_tweetstorm":false,"jetpack_publicize_feature_enabled":true},"categories":[4],"tags":[],"jetpack_publicize_connections":[],"yoast_head":"<!-- This site is optimized with the Yoast SEO plugin v19.1 - https:\/\/yoast.com\/wordpress\/plugins\/seo\/ -->\n<title>Faleminderit Xhaxhi ILMI KURTI - Lajme nga Ulqini<\/title>\n<meta name=\"description\" content=\"Shkruan: Ilir Lleshi Dhurat\u00eb e \u00e7muar e Ilmi Kurtit, Shkoll\u00ebs fillore \u201dBedri Elezaga\u201d n\u00eb Kat\u00ebrkoll\u00eb Ilmi Isa Kurti, nga fshati Sukubin\u00eb, komuna e Ulqinit,\" \/>\n<meta name=\"robots\" content=\"index, follow, max-snippet:-1, max-image-preview:large, max-video-preview:-1\" \/>\n<link rel=\"canonical\" href=\"https:\/\/www.visit-ulcinj.com\/blog\/2015\/09\/01\/faleminderit-xhaxhi-ilmi-kurti\/\" \/>\n<meta property=\"og:locale\" content=\"en_US\" \/>\n<meta property=\"og:type\" content=\"article\" \/>\n<meta property=\"og:title\" content=\"Faleminderit Xhaxhi ILMI KURTI - Lajme nga Ulqini\" \/>\n<meta property=\"og:description\" content=\"Shkruan: Ilir Lleshi Dhurat\u00eb e \u00e7muar e Ilmi Kurtit, Shkoll\u00ebs fillore \u201dBedri Elezaga\u201d n\u00eb Kat\u00ebrkoll\u00eb Ilmi Isa Kurti, nga fshati Sukubin\u00eb, komuna e Ulqinit,\" \/>\n<meta property=\"og:url\" content=\"https:\/\/www.visit-ulcinj.com\/blog\/2015\/09\/01\/faleminderit-xhaxhi-ilmi-kurti\/\" \/>\n<meta property=\"og:site_name\" content=\"Lajme nga Ulqini\" \/>\n<meta property=\"article:published_time\" content=\"2015-09-01T06:12:35+00:00\" \/>\n<meta property=\"og:image\" content=\"http:\/\/www.visit-ulcinj.com\/blog\/wp-content\/uploads\/2015\/09\/Dhurate-Ilmi-Kurtit-Shkolles-fillore-Bedri-Elezaga-Katerkolle-.jpg\" \/>\n<meta name=\"twitter:label1\" content=\"Written by\" \/>\n\t<meta name=\"twitter:data1\" content=\"ulqini\" \/>\n\t<meta name=\"twitter:label2\" content=\"Est. reading time\" \/>\n\t<meta name=\"twitter:data2\" content=\"3 minutes\" \/>\n<script type=\"application\/ld+json\" class=\"yoast-schema-graph\">{\"@context\":\"https:\/\/schema.org\",\"@graph\":[{\"@type\":\"WebSite\",\"@id\":\"https:\/\/www.visit-ulcinj.com\/blog\/#website\",\"url\":\"https:\/\/www.visit-ulcinj.com\/blog\/\",\"name\":\"Lajme nga Ulqini\",\"description\":\"Lajme,Vijesti,Ulqini,Ulqin,Crna Gora,Mali i Zi\",\"potentialAction\":[{\"@type\":\"SearchAction\",\"target\":{\"@type\":\"EntryPoint\",\"urlTemplate\":\"https:\/\/www.visit-ulcinj.com\/blog\/?s={search_term_string}\"},\"query-input\":\"required name=search_term_string\"}],\"inLanguage\":\"en-US\"},{\"@type\":\"ImageObject\",\"inLanguage\":\"en-US\",\"@id\":\"https:\/\/www.visit-ulcinj.com\/blog\/2015\/09\/01\/faleminderit-xhaxhi-ilmi-kurti\/#primaryimage\",\"url\":\"https:\/\/www.visit-ulcinj.com\/blog\/wp-content\/uploads\/2015\/09\/Dhurate-Ilmi-Kurtit-Shkolles-fillore-Bedri-Elezaga-Katerkolle-.jpg\",\"contentUrl\":\"https:\/\/www.visit-ulcinj.com\/blog\/wp-content\/uploads\/2015\/09\/Dhurate-Ilmi-Kurtit-Shkolles-fillore-Bedri-Elezaga-Katerkolle-.jpg\",\"width\":960,\"height\":720},{\"@type\":\"WebPage\",\"@id\":\"https:\/\/www.visit-ulcinj.com\/blog\/2015\/09\/01\/faleminderit-xhaxhi-ilmi-kurti\/#webpage\",\"url\":\"https:\/\/www.visit-ulcinj.com\/blog\/2015\/09\/01\/faleminderit-xhaxhi-ilmi-kurti\/\",\"name\":\"Faleminderit Xhaxhi ILMI KURTI - Lajme nga Ulqini\",\"isPartOf\":{\"@id\":\"https:\/\/www.visit-ulcinj.com\/blog\/#website\"},\"primaryImageOfPage\":{\"@id\":\"https:\/\/www.visit-ulcinj.com\/blog\/2015\/09\/01\/faleminderit-xhaxhi-ilmi-kurti\/#primaryimage\"},\"datePublished\":\"2015-09-01T06:12:35+00:00\",\"dateModified\":\"2015-09-01T06:12:35+00:00\",\"author\":{\"@id\":\"https:\/\/www.visit-ulcinj.com\/blog\/#\/schema\/person\/dcab619c614d3038751c63bc2aadc06d\"},\"description\":\"Shkruan: Ilir Lleshi Dhurat\u00eb e \u00e7muar e Ilmi Kurtit, Shkoll\u00ebs fillore \u201dBedri Elezaga\u201d n\u00eb Kat\u00ebrkoll\u00eb Ilmi Isa Kurti, nga fshati Sukubin\u00eb, komuna e Ulqinit,\",\"breadcrumb\":{\"@id\":\"https:\/\/www.visit-ulcinj.com\/blog\/2015\/09\/01\/faleminderit-xhaxhi-ilmi-kurti\/#breadcrumb\"},\"inLanguage\":\"en-US\",\"potentialAction\":[{\"@type\":\"ReadAction\",\"target\":[\"https:\/\/www.visit-ulcinj.com\/blog\/2015\/09\/01\/faleminderit-xhaxhi-ilmi-kurti\/\"]}]},{\"@type\":\"BreadcrumbList\",\"@id\":\"https:\/\/www.visit-ulcinj.com\/blog\/2015\/09\/01\/faleminderit-xhaxhi-ilmi-kurti\/#breadcrumb\",\"itemListElement\":[{\"@type\":\"ListItem\",\"position\":1,\"name\":\"Faleminderit Xhaxhi ILMI KURTI\"}]},{\"@type\":\"Person\",\"@id\":\"https:\/\/www.visit-ulcinj.com\/blog\/#\/schema\/person\/dcab619c614d3038751c63bc2aadc06d\",\"name\":\"ulqini\",\"sameAs\":[\"http:\/\/www.visit-ulcinj.com\"],\"url\":\"https:\/\/www.visit-ulcinj.com\/blog\/author\/admin\/\"}]}<\/script>\n<!-- \/ Yoast SEO plugin. -->","yoast_head_json":{"title":"Faleminderit Xhaxhi ILMI KURTI - Lajme nga Ulqini","description":"Shkruan: Ilir Lleshi Dhurat\u00eb e \u00e7muar e Ilmi Kurtit, Shkoll\u00ebs fillore \u201dBedri Elezaga\u201d n\u00eb Kat\u00ebrkoll\u00eb Ilmi Isa Kurti, nga fshati Sukubin\u00eb, komuna e Ulqinit,","robots":{"index":"index","follow":"follow","max-snippet":"max-snippet:-1","max-image-preview":"max-image-preview:large","max-video-preview":"max-video-preview:-1"},"canonical":"https:\/\/www.visit-ulcinj.com\/blog\/2015\/09\/01\/faleminderit-xhaxhi-ilmi-kurti\/","og_locale":"en_US","og_type":"article","og_title":"Faleminderit Xhaxhi ILMI KURTI - Lajme nga Ulqini","og_description":"Shkruan: Ilir Lleshi Dhurat\u00eb e \u00e7muar e Ilmi Kurtit, Shkoll\u00ebs fillore \u201dBedri Elezaga\u201d n\u00eb Kat\u00ebrkoll\u00eb Ilmi Isa Kurti, nga fshati Sukubin\u00eb, komuna e Ulqinit,","og_url":"https:\/\/www.visit-ulcinj.com\/blog\/2015\/09\/01\/faleminderit-xhaxhi-ilmi-kurti\/","og_site_name":"Lajme nga Ulqini","article_published_time":"2015-09-01T06:12:35+00:00","og_image":[{"url":"http:\/\/www.visit-ulcinj.com\/blog\/wp-content\/uploads\/2015\/09\/Dhurate-Ilmi-Kurtit-Shkolles-fillore-Bedri-Elezaga-Katerkolle-.jpg"}],"twitter_misc":{"Written by":"ulqini","Est. reading time":"3 minutes"},"schema":{"@context":"https:\/\/schema.org","@graph":[{"@type":"WebSite","@id":"https:\/\/www.visit-ulcinj.com\/blog\/#website","url":"https:\/\/www.visit-ulcinj.com\/blog\/","name":"Lajme nga Ulqini","description":"Lajme,Vijesti,Ulqini,Ulqin,Crna Gora,Mali i Zi","potentialAction":[{"@type":"SearchAction","target":{"@type":"EntryPoint","urlTemplate":"https:\/\/www.visit-ulcinj.com\/blog\/?s={search_term_string}"},"query-input":"required name=search_term_string"}],"inLanguage":"en-US"},{"@type":"ImageObject","inLanguage":"en-US","@id":"https:\/\/www.visit-ulcinj.com\/blog\/2015\/09\/01\/faleminderit-xhaxhi-ilmi-kurti\/#primaryimage","url":"https:\/\/www.visit-ulcinj.com\/blog\/wp-content\/uploads\/2015\/09\/Dhurate-Ilmi-Kurtit-Shkolles-fillore-Bedri-Elezaga-Katerkolle-.jpg","contentUrl":"https:\/\/www.visit-ulcinj.com\/blog\/wp-content\/uploads\/2015\/09\/Dhurate-Ilmi-Kurtit-Shkolles-fillore-Bedri-Elezaga-Katerkolle-.jpg","width":960,"height":720},{"@type":"WebPage","@id":"https:\/\/www.visit-ulcinj.com\/blog\/2015\/09\/01\/faleminderit-xhaxhi-ilmi-kurti\/#webpage","url":"https:\/\/www.visit-ulcinj.com\/blog\/2015\/09\/01\/faleminderit-xhaxhi-ilmi-kurti\/","name":"Faleminderit Xhaxhi ILMI KURTI - Lajme nga Ulqini","isPartOf":{"@id":"https:\/\/www.visit-ulcinj.com\/blog\/#website"},"primaryImageOfPage":{"@id":"https:\/\/www.visit-ulcinj.com\/blog\/2015\/09\/01\/faleminderit-xhaxhi-ilmi-kurti\/#primaryimage"},"datePublished":"2015-09-01T06:12:35+00:00","dateModified":"2015-09-01T06:12:35+00:00","author":{"@id":"https:\/\/www.visit-ulcinj.com\/blog\/#\/schema\/person\/dcab619c614d3038751c63bc2aadc06d"},"description":"Shkruan: Ilir Lleshi Dhurat\u00eb e \u00e7muar e Ilmi Kurtit, Shkoll\u00ebs fillore \u201dBedri Elezaga\u201d n\u00eb Kat\u00ebrkoll\u00eb Ilmi Isa Kurti, nga fshati Sukubin\u00eb, komuna e Ulqinit,","breadcrumb":{"@id":"https:\/\/www.visit-ulcinj.com\/blog\/2015\/09\/01\/faleminderit-xhaxhi-ilmi-kurti\/#breadcrumb"},"inLanguage":"en-US","potentialAction":[{"@type":"ReadAction","target":["https:\/\/www.visit-ulcinj.com\/blog\/2015\/09\/01\/faleminderit-xhaxhi-ilmi-kurti\/"]}]},{"@type":"BreadcrumbList","@id":"https:\/\/www.visit-ulcinj.com\/blog\/2015\/09\/01\/faleminderit-xhaxhi-ilmi-kurti\/#breadcrumb","itemListElement":[{"@type":"ListItem","position":1,"name":"Faleminderit Xhaxhi ILMI KURTI"}]},{"@type":"Person","@id":"https:\/\/www.visit-ulcinj.com\/blog\/#\/schema\/person\/dcab619c614d3038751c63bc2aadc06d","name":"ulqini","sameAs":["http:\/\/www.visit-ulcinj.com"],"url":"https:\/\/www.visit-ulcinj.com\/blog\/author\/admin\/"}]}},"jetpack_featured_media_url":"","jetpack_sharing_enabled":true,"jetpack_shortlink":"https:\/\/wp.me\/pe6lTn-nXJ","_links":{"self":[{"href":"https:\/\/www.visit-ulcinj.com\/blog\/wp-json\/wp\/v2\/posts\/92115"}],"collection":[{"href":"https:\/\/www.visit-ulcinj.com\/blog\/wp-json\/wp\/v2\/posts"}],"about":[{"href":"https:\/\/www.visit-ulcinj.com\/blog\/wp-json\/wp\/v2\/types\/post"}],"author":[{"embeddable":true,"href":"https:\/\/www.visit-ulcinj.com\/blog\/wp-json\/wp\/v2\/users\/1"}],"replies":[{"embeddable":true,"href":"https:\/\/www.visit-ulcinj.com\/blog\/wp-json\/wp\/v2\/comments?post=92115"}],"version-history":[{"count":1,"href":"https:\/\/www.visit-ulcinj.com\/blog\/wp-json\/wp\/v2\/posts\/92115\/revisions"}],"predecessor-version":[{"id":92118,"href":"https:\/\/www.visit-ulcinj.com\/blog\/wp-json\/wp\/v2\/posts\/92115\/revisions\/92118"}],"wp:attachment":[{"href":"https:\/\/www.visit-ulcinj.com\/blog\/wp-json\/wp\/v2\/media?parent=92115"}],"wp:term":[{"taxonomy":"category","embeddable":true,"href":"https:\/\/www.visit-ulcinj.com\/blog\/wp-json\/wp\/v2\/categories?post=92115"},{"taxonomy":"post_tag","embeddable":true,"href":"https:\/\/www.visit-ulcinj.com\/blog\/wp-json\/wp\/v2\/tags?post=92115"}],"curies":[{"name":"wp","href":"https:\/\/api.w.org\/{rel}","templated":true}]}}