{"id":92119,"date":"2015-09-01T07:48:39","date_gmt":"2015-09-01T06:48:39","guid":{"rendered":"http:\/\/www.visit-ulcinj.com\/blog\/?p=92119"},"modified":"2015-09-02T18:00:33","modified_gmt":"2015-09-02T17:00:33","slug":"ftese-rrjeti-global-i-gruas-shqiptare-ne-ulqin","status":"publish","type":"post","link":"https:\/\/www.visit-ulcinj.com\/blog\/2015\/09\/01\/ftese-rrjeti-global-i-gruas-shqiptare-ne-ulqin\/","title":{"rendered":"Ftes\u00eb:  Rrjeti Global i Gruas Shqiptare n\u00eb Ulqin"},"content":{"rendered":"<p><a href=\"http:\/\/www.visit-ulcinj.com\/blog\/wp-content\/uploads\/2015\/09\/Rrjeti-Global-i-Gruas-Shqiptare-n\u00eb-hotelin-Albatros-Ulqin1.jpg\"><img loading=\"lazy\" class=\"alignleft wp-image-92121\" src=\"http:\/\/www.visit-ulcinj.com\/blog\/wp-content\/uploads\/2015\/09\/Rrjeti-Global-i-Gruas-Shqiptare-n\u00eb-hotelin-Albatros-Ulqin1.jpg\" alt=\"Rrjeti Global i Gruas Shqiptare n\u00eb hotelin Albatros Ulqin\" width=\"508\" height=\"217\" srcset=\"https:\/\/www.visit-ulcinj.com\/blog\/wp-content\/uploads\/2015\/09\/Rrjeti-Global-i-Gruas-Shqiptare-n\u00eb-hotelin-Albatros-Ulqin1.jpg 1000w, https:\/\/www.visit-ulcinj.com\/blog\/wp-content\/uploads\/2015\/09\/Rrjeti-Global-i-Gruas-Shqiptare-n\u00eb-hotelin-Albatros-Ulqin1-300x128.jpg 300w\" sizes=\"(max-width: 508px) 100vw, 508px\" \/><\/a>\u201cRrjeti global i grave shqiptare\u201d zhvilloi n\u00eb Ulqin nj\u00eb takim midis grave krijuese nga Shqip\u00ebria, Kosova, Maqedonia dhe Mali i Zi. Ky aktivitet ka si q\u00ebllim nxitjen e bashk\u00ebpunimit mbar\u00ebkomb\u00ebtar dhe rajonal t\u00eb gruas shqiptare. Takime t\u00eb tilla jan\u00eb b\u00ebr\u00eb tradicionale dhe kan\u00eb ndikuar duksh\u00ebm n\u00eb fuqizimin e rolit t\u00eb gruas n\u00eb shoq\u00ebrin\u00eb shqiptare.<\/p>\n<p>Kjo mbr\u00ebmje gale, n\u00eb t\u00eb cil\u00ebn do t\u00eb marrin pjes\u00eb k\u00ebng\u00ebtare t\u00eb zhanreve t\u00eb ndryshme muzikore, si dhe artiste nga fusha tjera, do t\u00eb mbahet n\u00eb ambientet e hotelit \u201cLlolla\u201d, me fillim n\u00eb ora 19:30.<\/p>\n<p>&nbsp;<\/p>\n","protected":false},"excerpt":{"rendered":"<p>\u201cRrjeti global i grave shqiptare\u201d zhvilloi n\u00eb Ulqin nj\u00eb takim midis grave krijuese nga Shqip\u00ebria, Kosova, Maqedonia dhe Mali i Zi. Ky aktivitet ka si q\u00ebllim nxitjen e bashk\u00ebpunimit mbar\u00ebkomb\u00ebtar dhe rajonal t\u00eb gruas shqiptare. Takime t\u00eb tilla jan\u00eb b\u00ebr\u00eb tradicionale dhe kan\u00eb ndikuar duksh\u00ebm n\u00eb fuqizimin e rolit t\u00eb gruas n\u00eb shoq\u00ebrin\u00eb shqiptare. Kjo [&hellip;]<\/p>\n","protected":false},"author":1,"featured_media":0,"comment_status":"closed","ping_status":"closed","sticky":false,"template":"","format":"standard","meta":{"spay_email":"","jetpack_publicize_message":"","jetpack_is_tweetstorm":false,"jetpack_publicize_feature_enabled":true},"categories":[6950],"tags":[],"jetpack_publicize_connections":[],"yoast_head":"<!-- This site is optimized with the Yoast SEO plugin v19.1 - https:\/\/yoast.com\/wordpress\/plugins\/seo\/ -->\n<title>Ftes\u00eb: Rrjeti Global i Gruas Shqiptare n\u00eb Ulqin - Lajme nga Ulqini<\/title>\n<meta name=\"description\" content=\"\u201cRrjeti global i grave shqiptare\u201d zhvilloi n\u00eb Ulqin nj\u00eb takim midis grave krijuese nga Shqip\u00ebria, Kosova, Maqedonia dhe Mali i Zi. Ky aktivitet ka si\" \/>\n<meta name=\"robots\" content=\"index, follow, max-snippet:-1, max-image-preview:large, max-video-preview:-1\" \/>\n<link rel=\"canonical\" href=\"https:\/\/www.visit-ulcinj.com\/blog\/2015\/09\/01\/ftese-rrjeti-global-i-gruas-shqiptare-ne-ulqin\/\" \/>\n<meta property=\"og:locale\" content=\"en_US\" \/>\n<meta property=\"og:type\" content=\"article\" \/>\n<meta property=\"og:title\" content=\"Ftes\u00eb: Rrjeti Global i Gruas Shqiptare n\u00eb Ulqin - Lajme nga Ulqini\" \/>\n<meta property=\"og:description\" content=\"\u201cRrjeti global i grave shqiptare\u201d zhvilloi n\u00eb Ulqin nj\u00eb takim midis grave krijuese nga Shqip\u00ebria, Kosova, Maqedonia dhe Mali i Zi. Ky aktivitet ka si\" \/>\n<meta property=\"og:url\" content=\"https:\/\/www.visit-ulcinj.com\/blog\/2015\/09\/01\/ftese-rrjeti-global-i-gruas-shqiptare-ne-ulqin\/\" \/>\n<meta property=\"og:site_name\" content=\"Lajme nga Ulqini\" \/>\n<meta property=\"article:published_time\" content=\"2015-09-01T06:48:39+00:00\" \/>\n<meta property=\"article:modified_time\" content=\"2015-09-02T17:00:33+00:00\" \/>\n<meta name=\"twitter:label1\" content=\"Written by\" \/>\n\t<meta name=\"twitter:data1\" content=\"ulqini\" \/>\n\t<meta name=\"twitter:label2\" content=\"Est. reading time\" \/>\n\t<meta name=\"twitter:data2\" content=\"1 minute\" \/>\n<script type=\"application\/ld+json\" class=\"yoast-schema-graph\">{\"@context\":\"https:\/\/schema.org\",\"@graph\":[{\"@type\":\"WebSite\",\"@id\":\"https:\/\/www.visit-ulcinj.com\/blog\/#website\",\"url\":\"https:\/\/www.visit-ulcinj.com\/blog\/\",\"name\":\"Lajme nga Ulqini\",\"description\":\"Lajme,Vijesti,Ulqini,Ulqin,Crna Gora,Mali i Zi\",\"potentialAction\":[{\"@type\":\"SearchAction\",\"target\":{\"@type\":\"EntryPoint\",\"urlTemplate\":\"https:\/\/www.visit-ulcinj.com\/blog\/?s={search_term_string}\"},\"query-input\":\"required name=search_term_string\"}],\"inLanguage\":\"en-US\"},{\"@type\":\"WebPage\",\"@id\":\"https:\/\/www.visit-ulcinj.com\/blog\/2015\/09\/01\/ftese-rrjeti-global-i-gruas-shqiptare-ne-ulqin\/#webpage\",\"url\":\"https:\/\/www.visit-ulcinj.com\/blog\/2015\/09\/01\/ftese-rrjeti-global-i-gruas-shqiptare-ne-ulqin\/\",\"name\":\"Ftes\u00eb: Rrjeti Global i Gruas Shqiptare n\u00eb Ulqin - Lajme nga Ulqini\",\"isPartOf\":{\"@id\":\"https:\/\/www.visit-ulcinj.com\/blog\/#website\"},\"datePublished\":\"2015-09-01T06:48:39+00:00\",\"dateModified\":\"2015-09-02T17:00:33+00:00\",\"author\":{\"@id\":\"https:\/\/www.visit-ulcinj.com\/blog\/#\/schema\/person\/dcab619c614d3038751c63bc2aadc06d\"},\"description\":\"\u201cRrjeti global i grave shqiptare\u201d zhvilloi n\u00eb Ulqin nj\u00eb takim midis grave krijuese nga Shqip\u00ebria, Kosova, Maqedonia dhe Mali i Zi. Ky aktivitet ka si\",\"breadcrumb\":{\"@id\":\"https:\/\/www.visit-ulcinj.com\/blog\/2015\/09\/01\/ftese-rrjeti-global-i-gruas-shqiptare-ne-ulqin\/#breadcrumb\"},\"inLanguage\":\"en-US\",\"potentialAction\":[{\"@type\":\"ReadAction\",\"target\":[\"https:\/\/www.visit-ulcinj.com\/blog\/2015\/09\/01\/ftese-rrjeti-global-i-gruas-shqiptare-ne-ulqin\/\"]}]},{\"@type\":\"BreadcrumbList\",\"@id\":\"https:\/\/www.visit-ulcinj.com\/blog\/2015\/09\/01\/ftese-rrjeti-global-i-gruas-shqiptare-ne-ulqin\/#breadcrumb\",\"itemListElement\":[{\"@type\":\"ListItem\",\"position\":1,\"name\":\"Ftes\u00eb: Rrjeti Global i Gruas Shqiptare n\u00eb Ulqin\"}]},{\"@type\":\"Person\",\"@id\":\"https:\/\/www.visit-ulcinj.com\/blog\/#\/schema\/person\/dcab619c614d3038751c63bc2aadc06d\",\"name\":\"ulqini\",\"sameAs\":[\"http:\/\/www.visit-ulcinj.com\"],\"url\":\"https:\/\/www.visit-ulcinj.com\/blog\/author\/admin\/\"}]}<\/script>\n<!-- \/ Yoast SEO plugin. -->","yoast_head_json":{"title":"Ftes\u00eb: Rrjeti Global i Gruas Shqiptare n\u00eb Ulqin - Lajme nga Ulqini","description":"\u201cRrjeti global i grave shqiptare\u201d zhvilloi n\u00eb Ulqin nj\u00eb takim midis grave krijuese nga Shqip\u00ebria, Kosova, Maqedonia dhe Mali i Zi. Ky aktivitet ka si","robots":{"index":"index","follow":"follow","max-snippet":"max-snippet:-1","max-image-preview":"max-image-preview:large","max-video-preview":"max-video-preview:-1"},"canonical":"https:\/\/www.visit-ulcinj.com\/blog\/2015\/09\/01\/ftese-rrjeti-global-i-gruas-shqiptare-ne-ulqin\/","og_locale":"en_US","og_type":"article","og_title":"Ftes\u00eb: Rrjeti Global i Gruas Shqiptare n\u00eb Ulqin - Lajme nga Ulqini","og_description":"\u201cRrjeti global i grave shqiptare\u201d zhvilloi n\u00eb Ulqin nj\u00eb takim midis grave krijuese nga Shqip\u00ebria, Kosova, Maqedonia dhe Mali i Zi. Ky aktivitet ka si","og_url":"https:\/\/www.visit-ulcinj.com\/blog\/2015\/09\/01\/ftese-rrjeti-global-i-gruas-shqiptare-ne-ulqin\/","og_site_name":"Lajme nga Ulqini","article_published_time":"2015-09-01T06:48:39+00:00","article_modified_time":"2015-09-02T17:00:33+00:00","twitter_misc":{"Written by":"ulqini","Est. reading time":"1 minute"},"schema":{"@context":"https:\/\/schema.org","@graph":[{"@type":"WebSite","@id":"https:\/\/www.visit-ulcinj.com\/blog\/#website","url":"https:\/\/www.visit-ulcinj.com\/blog\/","name":"Lajme nga Ulqini","description":"Lajme,Vijesti,Ulqini,Ulqin,Crna Gora,Mali i Zi","potentialAction":[{"@type":"SearchAction","target":{"@type":"EntryPoint","urlTemplate":"https:\/\/www.visit-ulcinj.com\/blog\/?s={search_term_string}"},"query-input":"required name=search_term_string"}],"inLanguage":"en-US"},{"@type":"WebPage","@id":"https:\/\/www.visit-ulcinj.com\/blog\/2015\/09\/01\/ftese-rrjeti-global-i-gruas-shqiptare-ne-ulqin\/#webpage","url":"https:\/\/www.visit-ulcinj.com\/blog\/2015\/09\/01\/ftese-rrjeti-global-i-gruas-shqiptare-ne-ulqin\/","name":"Ftes\u00eb: Rrjeti Global i Gruas Shqiptare n\u00eb Ulqin - Lajme nga Ulqini","isPartOf":{"@id":"https:\/\/www.visit-ulcinj.com\/blog\/#website"},"datePublished":"2015-09-01T06:48:39+00:00","dateModified":"2015-09-02T17:00:33+00:00","author":{"@id":"https:\/\/www.visit-ulcinj.com\/blog\/#\/schema\/person\/dcab619c614d3038751c63bc2aadc06d"},"description":"\u201cRrjeti global i grave shqiptare\u201d zhvilloi n\u00eb Ulqin nj\u00eb takim midis grave krijuese nga Shqip\u00ebria, Kosova, Maqedonia dhe Mali i Zi. Ky aktivitet ka si","breadcrumb":{"@id":"https:\/\/www.visit-ulcinj.com\/blog\/2015\/09\/01\/ftese-rrjeti-global-i-gruas-shqiptare-ne-ulqin\/#breadcrumb"},"inLanguage":"en-US","potentialAction":[{"@type":"ReadAction","target":["https:\/\/www.visit-ulcinj.com\/blog\/2015\/09\/01\/ftese-rrjeti-global-i-gruas-shqiptare-ne-ulqin\/"]}]},{"@type":"BreadcrumbList","@id":"https:\/\/www.visit-ulcinj.com\/blog\/2015\/09\/01\/ftese-rrjeti-global-i-gruas-shqiptare-ne-ulqin\/#breadcrumb","itemListElement":[{"@type":"ListItem","position":1,"name":"Ftes\u00eb: Rrjeti Global i Gruas Shqiptare n\u00eb Ulqin"}]},{"@type":"Person","@id":"https:\/\/www.visit-ulcinj.com\/blog\/#\/schema\/person\/dcab619c614d3038751c63bc2aadc06d","name":"ulqini","sameAs":["http:\/\/www.visit-ulcinj.com"],"url":"https:\/\/www.visit-ulcinj.com\/blog\/author\/admin\/"}]}},"jetpack_featured_media_url":"","jetpack_sharing_enabled":true,"jetpack_shortlink":"https:\/\/wp.me\/pe6lTn-nXN","_links":{"self":[{"href":"https:\/\/www.visit-ulcinj.com\/blog\/wp-json\/wp\/v2\/posts\/92119"}],"collection":[{"href":"https:\/\/www.visit-ulcinj.com\/blog\/wp-json\/wp\/v2\/posts"}],"about":[{"href":"https:\/\/www.visit-ulcinj.com\/blog\/wp-json\/wp\/v2\/types\/post"}],"author":[{"embeddable":true,"href":"https:\/\/www.visit-ulcinj.com\/blog\/wp-json\/wp\/v2\/users\/1"}],"replies":[{"embeddable":true,"href":"https:\/\/www.visit-ulcinj.com\/blog\/wp-json\/wp\/v2\/comments?post=92119"}],"version-history":[{"count":3,"href":"https:\/\/www.visit-ulcinj.com\/blog\/wp-json\/wp\/v2\/posts\/92119\/revisions"}],"predecessor-version":[{"id":92135,"href":"https:\/\/www.visit-ulcinj.com\/blog\/wp-json\/wp\/v2\/posts\/92119\/revisions\/92135"}],"wp:attachment":[{"href":"https:\/\/www.visit-ulcinj.com\/blog\/wp-json\/wp\/v2\/media?parent=92119"}],"wp:term":[{"taxonomy":"category","embeddable":true,"href":"https:\/\/www.visit-ulcinj.com\/blog\/wp-json\/wp\/v2\/categories?post=92119"},{"taxonomy":"post_tag","embeddable":true,"href":"https:\/\/www.visit-ulcinj.com\/blog\/wp-json\/wp\/v2\/tags?post=92119"}],"curies":[{"name":"wp","href":"https:\/\/api.w.org\/{rel}","templated":true}]}}