{"id":92123,"date":"2015-09-01T12:23:42","date_gmt":"2015-09-01T11:23:42","guid":{"rendered":"http:\/\/www.visit-ulcinj.com\/blog\/?p=92123"},"modified":"2015-09-01T12:23:42","modified_gmt":"2015-09-01T11:23:42","slug":"gjeka-telegram-urimi-fillimi-vitit-te-ri-shkollor-20152016","status":"publish","type":"post","link":"https:\/\/www.visit-ulcinj.com\/blog\/2015\/09\/01\/gjeka-telegram-urimi-fillimi-vitit-te-ri-shkollor-20152016\/","title":{"rendered":"Gjeka: Telegram Urimi &#8211; fillimi i vitit te ri shkollor 2015\/2016"},"content":{"rendered":"<div class=\"text\">\n<p><a href=\"http:\/\/www.visit-ulcinj.com\/blog\/wp-content\/uploads\/2015\/01\/Kryetari-Ulqinit-Fatmir-Gjeka.jpg\"><img loading=\"lazy\" class=\"alignleft wp-image-87632\" src=\"http:\/\/www.visit-ulcinj.com\/blog\/wp-content\/uploads\/2015\/01\/Kryetari-Ulqinit-Fatmir-Gjeka.jpg\" alt=\"Kryetari-Ulqinit-Fatmir-Gjeka\" width=\"508\" height=\"286\" srcset=\"https:\/\/www.visit-ulcinj.com\/blog\/wp-content\/uploads\/2015\/01\/Kryetari-Ulqinit-Fatmir-Gjeka.jpg 960w, https:\/\/www.visit-ulcinj.com\/blog\/wp-content\/uploads\/2015\/01\/Kryetari-Ulqinit-Fatmir-Gjeka-300x168.jpg 300w\" sizes=\"(max-width: 508px) 100vw, 508px\" \/><\/a>Kryetarit i Komun\u00ebs s\u00eb Ulqinit, Fatmir Gjeka, uron nx\u00ebn\u00ebsit dhe m\u00ebsimdh\u00ebn\u00ebsit me rastin e fillimit t\u00eb Vitit t\u00eb Ri shkollor. N\u00eb mesazhin e tij, nd\u00ebr t\u00eb tjera, thuhet:<\/p>\n<p>Kam k\u00ebnaq\u00ebsin\u00eb e ve\u00e7ant\u00eb q\u00eb me rastin e fillimit t\u00eb vitit t\u00eb ri shkollor 2015-2016 t\u2019ju p\u00ebrsh\u00ebndes e t\u2019ju p\u00ebrcjell urimet m\u00eb t\u00eb p\u00ebrzem\u00ebrta p\u00ebr k\u00ebt\u00eb dit\u00eb, drejt\u00eb dituris\u00eb dhe nd\u00ebrtimit t\u00eb nj\u00eb t\u00eb ardhmeje t\u00eb ndritur.<\/p>\n<p>Fillimisht d\u00ebshiroj t\u00eb uroj nx\u00ebn\u00ebxit, q\u00eb p\u00ebr her\u00eb t\u00eb par\u00eb do t\u00eb ulen n\u00eb bankat e shkoll\u00ebs, p\u00ebrg\u00ebzoj dhe uroj nx\u00ebn\u00ebsit e shkollave fillore dhe t\u00eb mesme dhe m\u00ebsim\u00ebdh\u00ebn\u00ebsit e tyre p\u00ebr misionin e shenjt\u00eb q\u00eb kryejn\u00eb.<\/p>\n<p>Komuna Ulqinit<\/p>\n<\/div>\n","protected":false},"excerpt":{"rendered":"<p>Kryetarit i Komun\u00ebs s\u00eb Ulqinit, Fatmir Gjeka, uron nx\u00ebn\u00ebsit dhe m\u00ebsimdh\u00ebn\u00ebsit me rastin e fillimit t\u00eb Vitit t\u00eb Ri shkollor. N\u00eb mesazhin e tij, nd\u00ebr t\u00eb tjera, thuhet: Kam k\u00ebnaq\u00ebsin\u00eb e ve\u00e7ant\u00eb q\u00eb me rastin e fillimit t\u00eb vitit t\u00eb ri shkollor 2015-2016 t\u2019ju p\u00ebrsh\u00ebndes e t\u2019ju p\u00ebrcjell urimet m\u00eb t\u00eb p\u00ebrzem\u00ebrta p\u00ebr k\u00ebt\u00eb dit\u00eb, [&hellip;]<\/p>\n","protected":false},"author":1,"featured_media":0,"comment_status":"closed","ping_status":"closed","sticky":false,"template":"","format":"standard","meta":{"spay_email":"","jetpack_publicize_message":"","jetpack_is_tweetstorm":false,"jetpack_publicize_feature_enabled":true},"categories":[6],"tags":[],"jetpack_publicize_connections":[],"yoast_head":"<!-- This site is optimized with the Yoast SEO plugin v19.1 - https:\/\/yoast.com\/wordpress\/plugins\/seo\/ -->\n<title>Gjeka: Telegram Urimi - fillimi i vitit te ri shkollor 2015\/2016 - Lajme nga Ulqini<\/title>\n<meta name=\"description\" content=\"Kryetarit i Komun\u00ebs s\u00eb Ulqinit, Fatmir Gjeka, uron nx\u00ebn\u00ebsit dhe m\u00ebsimdh\u00ebn\u00ebsit me rastin e fillimit t\u00eb Vitit t\u00eb Ri shkollor. N\u00eb mesazhin e tij, nd\u00ebr t\u00eb\" \/>\n<meta name=\"robots\" content=\"index, follow, max-snippet:-1, max-image-preview:large, max-video-preview:-1\" \/>\n<link rel=\"canonical\" href=\"https:\/\/www.visit-ulcinj.com\/blog\/2015\/09\/01\/gjeka-telegram-urimi-fillimi-vitit-te-ri-shkollor-20152016\/\" \/>\n<meta property=\"og:locale\" content=\"en_US\" \/>\n<meta property=\"og:type\" content=\"article\" \/>\n<meta property=\"og:title\" content=\"Gjeka: Telegram Urimi - fillimi i vitit te ri shkollor 2015\/2016 - Lajme nga Ulqini\" \/>\n<meta property=\"og:description\" content=\"Kryetarit i Komun\u00ebs s\u00eb Ulqinit, Fatmir Gjeka, uron nx\u00ebn\u00ebsit dhe m\u00ebsimdh\u00ebn\u00ebsit me rastin e fillimit t\u00eb Vitit t\u00eb Ri shkollor. N\u00eb mesazhin e tij, nd\u00ebr t\u00eb\" \/>\n<meta property=\"og:url\" content=\"https:\/\/www.visit-ulcinj.com\/blog\/2015\/09\/01\/gjeka-telegram-urimi-fillimi-vitit-te-ri-shkollor-20152016\/\" \/>\n<meta property=\"og:site_name\" content=\"Lajme nga Ulqini\" \/>\n<meta property=\"article:published_time\" content=\"2015-09-01T11:23:42+00:00\" \/>\n<meta property=\"og:image\" content=\"http:\/\/www.visit-ulcinj.com\/blog\/wp-content\/uploads\/2015\/01\/Kryetari-Ulqinit-Fatmir-Gjeka.jpg\" \/>\n<meta name=\"twitter:label1\" content=\"Written by\" \/>\n\t<meta name=\"twitter:data1\" content=\"ulqini\" \/>\n\t<meta name=\"twitter:label2\" content=\"Est. reading time\" \/>\n\t<meta name=\"twitter:data2\" content=\"1 minute\" \/>\n<script type=\"application\/ld+json\" class=\"yoast-schema-graph\">{\"@context\":\"https:\/\/schema.org\",\"@graph\":[{\"@type\":\"WebSite\",\"@id\":\"https:\/\/www.visit-ulcinj.com\/blog\/#website\",\"url\":\"https:\/\/www.visit-ulcinj.com\/blog\/\",\"name\":\"Lajme nga Ulqini\",\"description\":\"Lajme,Vijesti,Ulqini,Ulqin,Crna Gora,Mali i Zi\",\"potentialAction\":[{\"@type\":\"SearchAction\",\"target\":{\"@type\":\"EntryPoint\",\"urlTemplate\":\"https:\/\/www.visit-ulcinj.com\/blog\/?s={search_term_string}\"},\"query-input\":\"required name=search_term_string\"}],\"inLanguage\":\"en-US\"},{\"@type\":\"ImageObject\",\"inLanguage\":\"en-US\",\"@id\":\"https:\/\/www.visit-ulcinj.com\/blog\/2015\/09\/01\/gjeka-telegram-urimi-fillimi-vitit-te-ri-shkollor-20152016\/#primaryimage\",\"url\":\"https:\/\/www.visit-ulcinj.com\/blog\/wp-content\/uploads\/2015\/01\/Kryetari-Ulqinit-Fatmir-Gjeka.jpg\",\"contentUrl\":\"https:\/\/www.visit-ulcinj.com\/blog\/wp-content\/uploads\/2015\/01\/Kryetari-Ulqinit-Fatmir-Gjeka.jpg\",\"width\":960,\"height\":540},{\"@type\":\"WebPage\",\"@id\":\"https:\/\/www.visit-ulcinj.com\/blog\/2015\/09\/01\/gjeka-telegram-urimi-fillimi-vitit-te-ri-shkollor-20152016\/#webpage\",\"url\":\"https:\/\/www.visit-ulcinj.com\/blog\/2015\/09\/01\/gjeka-telegram-urimi-fillimi-vitit-te-ri-shkollor-20152016\/\",\"name\":\"Gjeka: Telegram Urimi - fillimi i vitit te ri shkollor 2015\/2016 - Lajme nga Ulqini\",\"isPartOf\":{\"@id\":\"https:\/\/www.visit-ulcinj.com\/blog\/#website\"},\"primaryImageOfPage\":{\"@id\":\"https:\/\/www.visit-ulcinj.com\/blog\/2015\/09\/01\/gjeka-telegram-urimi-fillimi-vitit-te-ri-shkollor-20152016\/#primaryimage\"},\"datePublished\":\"2015-09-01T11:23:42+00:00\",\"dateModified\":\"2015-09-01T11:23:42+00:00\",\"author\":{\"@id\":\"https:\/\/www.visit-ulcinj.com\/blog\/#\/schema\/person\/dcab619c614d3038751c63bc2aadc06d\"},\"description\":\"Kryetarit i Komun\u00ebs s\u00eb Ulqinit, Fatmir Gjeka, uron nx\u00ebn\u00ebsit dhe m\u00ebsimdh\u00ebn\u00ebsit me rastin e fillimit t\u00eb Vitit t\u00eb Ri shkollor. N\u00eb mesazhin e tij, nd\u00ebr t\u00eb\",\"breadcrumb\":{\"@id\":\"https:\/\/www.visit-ulcinj.com\/blog\/2015\/09\/01\/gjeka-telegram-urimi-fillimi-vitit-te-ri-shkollor-20152016\/#breadcrumb\"},\"inLanguage\":\"en-US\",\"potentialAction\":[{\"@type\":\"ReadAction\",\"target\":[\"https:\/\/www.visit-ulcinj.com\/blog\/2015\/09\/01\/gjeka-telegram-urimi-fillimi-vitit-te-ri-shkollor-20152016\/\"]}]},{\"@type\":\"BreadcrumbList\",\"@id\":\"https:\/\/www.visit-ulcinj.com\/blog\/2015\/09\/01\/gjeka-telegram-urimi-fillimi-vitit-te-ri-shkollor-20152016\/#breadcrumb\",\"itemListElement\":[{\"@type\":\"ListItem\",\"position\":1,\"name\":\"Gjeka: Telegram Urimi &#8211; fillimi i vitit te ri shkollor 2015\/2016\"}]},{\"@type\":\"Person\",\"@id\":\"https:\/\/www.visit-ulcinj.com\/blog\/#\/schema\/person\/dcab619c614d3038751c63bc2aadc06d\",\"name\":\"ulqini\",\"sameAs\":[\"http:\/\/www.visit-ulcinj.com\"],\"url\":\"https:\/\/www.visit-ulcinj.com\/blog\/author\/admin\/\"}]}<\/script>\n<!-- \/ Yoast SEO plugin. -->","yoast_head_json":{"title":"Gjeka: Telegram Urimi - fillimi i vitit te ri shkollor 2015\/2016 - Lajme nga Ulqini","description":"Kryetarit i Komun\u00ebs s\u00eb Ulqinit, Fatmir Gjeka, uron nx\u00ebn\u00ebsit dhe m\u00ebsimdh\u00ebn\u00ebsit me rastin e fillimit t\u00eb Vitit t\u00eb Ri shkollor. N\u00eb mesazhin e tij, nd\u00ebr t\u00eb","robots":{"index":"index","follow":"follow","max-snippet":"max-snippet:-1","max-image-preview":"max-image-preview:large","max-video-preview":"max-video-preview:-1"},"canonical":"https:\/\/www.visit-ulcinj.com\/blog\/2015\/09\/01\/gjeka-telegram-urimi-fillimi-vitit-te-ri-shkollor-20152016\/","og_locale":"en_US","og_type":"article","og_title":"Gjeka: Telegram Urimi - fillimi i vitit te ri shkollor 2015\/2016 - Lajme nga Ulqini","og_description":"Kryetarit i Komun\u00ebs s\u00eb Ulqinit, Fatmir Gjeka, uron nx\u00ebn\u00ebsit dhe m\u00ebsimdh\u00ebn\u00ebsit me rastin e fillimit t\u00eb Vitit t\u00eb Ri shkollor. N\u00eb mesazhin e tij, nd\u00ebr t\u00eb","og_url":"https:\/\/www.visit-ulcinj.com\/blog\/2015\/09\/01\/gjeka-telegram-urimi-fillimi-vitit-te-ri-shkollor-20152016\/","og_site_name":"Lajme nga Ulqini","article_published_time":"2015-09-01T11:23:42+00:00","og_image":[{"url":"http:\/\/www.visit-ulcinj.com\/blog\/wp-content\/uploads\/2015\/01\/Kryetari-Ulqinit-Fatmir-Gjeka.jpg"}],"twitter_misc":{"Written by":"ulqini","Est. reading time":"1 minute"},"schema":{"@context":"https:\/\/schema.org","@graph":[{"@type":"WebSite","@id":"https:\/\/www.visit-ulcinj.com\/blog\/#website","url":"https:\/\/www.visit-ulcinj.com\/blog\/","name":"Lajme nga Ulqini","description":"Lajme,Vijesti,Ulqini,Ulqin,Crna Gora,Mali i Zi","potentialAction":[{"@type":"SearchAction","target":{"@type":"EntryPoint","urlTemplate":"https:\/\/www.visit-ulcinj.com\/blog\/?s={search_term_string}"},"query-input":"required name=search_term_string"}],"inLanguage":"en-US"},{"@type":"ImageObject","inLanguage":"en-US","@id":"https:\/\/www.visit-ulcinj.com\/blog\/2015\/09\/01\/gjeka-telegram-urimi-fillimi-vitit-te-ri-shkollor-20152016\/#primaryimage","url":"https:\/\/www.visit-ulcinj.com\/blog\/wp-content\/uploads\/2015\/01\/Kryetari-Ulqinit-Fatmir-Gjeka.jpg","contentUrl":"https:\/\/www.visit-ulcinj.com\/blog\/wp-content\/uploads\/2015\/01\/Kryetari-Ulqinit-Fatmir-Gjeka.jpg","width":960,"height":540},{"@type":"WebPage","@id":"https:\/\/www.visit-ulcinj.com\/blog\/2015\/09\/01\/gjeka-telegram-urimi-fillimi-vitit-te-ri-shkollor-20152016\/#webpage","url":"https:\/\/www.visit-ulcinj.com\/blog\/2015\/09\/01\/gjeka-telegram-urimi-fillimi-vitit-te-ri-shkollor-20152016\/","name":"Gjeka: Telegram Urimi - fillimi i vitit te ri shkollor 2015\/2016 - Lajme nga Ulqini","isPartOf":{"@id":"https:\/\/www.visit-ulcinj.com\/blog\/#website"},"primaryImageOfPage":{"@id":"https:\/\/www.visit-ulcinj.com\/blog\/2015\/09\/01\/gjeka-telegram-urimi-fillimi-vitit-te-ri-shkollor-20152016\/#primaryimage"},"datePublished":"2015-09-01T11:23:42+00:00","dateModified":"2015-09-01T11:23:42+00:00","author":{"@id":"https:\/\/www.visit-ulcinj.com\/blog\/#\/schema\/person\/dcab619c614d3038751c63bc2aadc06d"},"description":"Kryetarit i Komun\u00ebs s\u00eb Ulqinit, Fatmir Gjeka, uron nx\u00ebn\u00ebsit dhe m\u00ebsimdh\u00ebn\u00ebsit me rastin e fillimit t\u00eb Vitit t\u00eb Ri shkollor. N\u00eb mesazhin e tij, nd\u00ebr t\u00eb","breadcrumb":{"@id":"https:\/\/www.visit-ulcinj.com\/blog\/2015\/09\/01\/gjeka-telegram-urimi-fillimi-vitit-te-ri-shkollor-20152016\/#breadcrumb"},"inLanguage":"en-US","potentialAction":[{"@type":"ReadAction","target":["https:\/\/www.visit-ulcinj.com\/blog\/2015\/09\/01\/gjeka-telegram-urimi-fillimi-vitit-te-ri-shkollor-20152016\/"]}]},{"@type":"BreadcrumbList","@id":"https:\/\/www.visit-ulcinj.com\/blog\/2015\/09\/01\/gjeka-telegram-urimi-fillimi-vitit-te-ri-shkollor-20152016\/#breadcrumb","itemListElement":[{"@type":"ListItem","position":1,"name":"Gjeka: Telegram Urimi &#8211; fillimi i vitit te ri shkollor 2015\/2016"}]},{"@type":"Person","@id":"https:\/\/www.visit-ulcinj.com\/blog\/#\/schema\/person\/dcab619c614d3038751c63bc2aadc06d","name":"ulqini","sameAs":["http:\/\/www.visit-ulcinj.com"],"url":"https:\/\/www.visit-ulcinj.com\/blog\/author\/admin\/"}]}},"jetpack_featured_media_url":"","jetpack_sharing_enabled":true,"jetpack_shortlink":"https:\/\/wp.me\/pe6lTn-nXR","_links":{"self":[{"href":"https:\/\/www.visit-ulcinj.com\/blog\/wp-json\/wp\/v2\/posts\/92123"}],"collection":[{"href":"https:\/\/www.visit-ulcinj.com\/blog\/wp-json\/wp\/v2\/posts"}],"about":[{"href":"https:\/\/www.visit-ulcinj.com\/blog\/wp-json\/wp\/v2\/types\/post"}],"author":[{"embeddable":true,"href":"https:\/\/www.visit-ulcinj.com\/blog\/wp-json\/wp\/v2\/users\/1"}],"replies":[{"embeddable":true,"href":"https:\/\/www.visit-ulcinj.com\/blog\/wp-json\/wp\/v2\/comments?post=92123"}],"version-history":[{"count":1,"href":"https:\/\/www.visit-ulcinj.com\/blog\/wp-json\/wp\/v2\/posts\/92123\/revisions"}],"predecessor-version":[{"id":92124,"href":"https:\/\/www.visit-ulcinj.com\/blog\/wp-json\/wp\/v2\/posts\/92123\/revisions\/92124"}],"wp:attachment":[{"href":"https:\/\/www.visit-ulcinj.com\/blog\/wp-json\/wp\/v2\/media?parent=92123"}],"wp:term":[{"taxonomy":"category","embeddable":true,"href":"https:\/\/www.visit-ulcinj.com\/blog\/wp-json\/wp\/v2\/categories?post=92123"},{"taxonomy":"post_tag","embeddable":true,"href":"https:\/\/www.visit-ulcinj.com\/blog\/wp-json\/wp\/v2\/tags?post=92123"}],"curies":[{"name":"wp","href":"https:\/\/api.w.org\/{rel}","templated":true}]}}