{"id":92125,"date":"2015-09-01T21:08:32","date_gmt":"2015-09-01T20:08:32","guid":{"rendered":"http:\/\/www.visit-ulcinj.com\/blog\/?p=92125"},"modified":"2015-09-01T21:08:32","modified_gmt":"2015-09-01T20:08:32","slug":"inspektoret-rikthehen-kontrollit-ne-komune-te-ulqinit","status":"publish","type":"post","link":"https:\/\/www.visit-ulcinj.com\/blog\/2015\/09\/01\/inspektoret-rikthehen-kontrollit-ne-komune-te-ulqinit\/","title":{"rendered":"Inspektor\u00ebt i rikthehen kontrollit  n\u00eb komun\u00eb  t\u00eb Ulqinit ?!!"},"content":{"rendered":"<p><strong><em><a href=\"http:\/\/www.visit-ulcinj.com\/blog\/wp-content\/uploads\/2013\/03\/KOMUNA-E-ULQINIT.jpg\"><img loading=\"lazy\" class=\"alignleft wp-image-69993\" src=\"http:\/\/www.visit-ulcinj.com\/blog\/wp-content\/uploads\/2013\/03\/KOMUNA-E-ULQINIT.jpg\" alt=\"KOMUNA E ULQINIT\" width=\"508\" height=\"249\" srcset=\"https:\/\/www.visit-ulcinj.com\/blog\/wp-content\/uploads\/2013\/03\/KOMUNA-E-ULQINIT.jpg 960w, https:\/\/www.visit-ulcinj.com\/blog\/wp-content\/uploads\/2013\/03\/KOMUNA-E-ULQINIT-300x147.jpg 300w\" sizes=\"(max-width: 508px) 100vw, 508px\" \/><\/a>SHKRUAN: MUHAMET NIKA<\/em><\/strong><\/p>\n<p>Nuk mjaftuan konstatimet e para do dit\u00ebve t\u00eb gazet\u00ebs Dan , e cila pat njoftuar \u00a0se nga komuna ishin marr\u00eb mbi 6000 faqe dokumentacion p\u00ebr t\u00eb k\u00ebnaqur hetimet&#8230;. dhe \u00a0s\u00ebrish po shohim q\u00eb n\u00eb dyert e saja t\u00eb rikthehen t\u00eb trokasin \u00a0inspektor\u00ebt policor\u00eb . Ata k\u00ebsaj radhe po lypin informacion shtes\u00eb rreth vendimit p\u00ebr llogarin\u00eb p\u00ebrfundimtare t\u00eb vitit 2008 t\u00eb votuar n\u00eb kuvend .<\/p>\n<p>Fjala \u00ebsht\u00eb p\u00ebr koh\u00ebn kur kryetar komune ish G\u00ebzim Hajdinaga nd\u00ebrsa kryetar kuvendi Muhamet Nika.<\/p>\n<p>E ve\u00e7anta n\u00eb procedur\u00ebn e hetimit, k\u00ebsaj radhe, q\u00ebndron n\u00eb at\u00eb se inspektor\u00ebt nuk po k\u00ebnaqen vet\u00ebm me faktin q\u00eb llogaria p\u00ebrfundimtare e buxhetit 2008 ishte miratuar n\u00eb kuvend dhe se ishte b\u00ebr\u00eb publike n\u00eb gazet\u00ebn zyrtare, por k\u00ebrkojn\u00eb t\u00eb dihet n\u00ebse procesverbali p\u00ebr k\u00ebt\u00eb pik\u00eb t\u00eb jet\u00eb aprovuar n\u00eb kuvend pa v\u00ebrejtje nga ana e k\u00ebshilltar\u00ebve rreth diskutimit t\u00eb vet. Si dhe n\u00ebse ka pasur v\u00ebrejtje t\u00eb shihet cilat jan\u00eb ato e p\u00ebr se jan\u00eb l\u00ebn\u00eb anash..?!<\/p>\n<p><strong><em>Andaj aktualisht- me t\u00eb drejt\u00eb lind pyetja: P\u00ebrse t\u00eb k\u00ebrkohet ky informacion shtes\u00eb e n\u00eb holl\u00ebsi&#8230;?!<\/em><\/strong><\/p>\n<p>P\u00ebr analist\u00ebt e mir\u00ebfillt\u00eb kjo qasje \u00ebsht\u00eb krejt e re dhe absolutisht e ndryshme nga q\u00ebndrimet e\u00a0\u00a0 m\u00ebhershme t\u00eb qeveris\u00eb n\u00eb raport me llogarin\u00eb e vitit 2005, kur buxheti u b\u00eb sipas qejfit rrush e kumbulla e pa kaluar kurr\u00eb far\u00eb vendimi t\u00eb nxjerr\u00eb n\u00eb kuvend &#8230;?!!<\/p>\n<p>Pik\u00eb pyetja tjet\u00ebr e radh\u00ebs, q\u00eb duhet t\u00eb shtrohet, do t\u00eb ishte p\u00ebrse po ve\u00e7ohet vet\u00ebm ky buxhet nga mesi i buxheteve tjera dhe diku pas 10 viteve&#8230;?!<\/p>\n<p>Duke e ditur q\u00eb edhe vet\u00eb DPS-i , at\u00ebher\u00eb ishte bart\u00ebs i funksioneve t\u00eb larta n\u00eb qeverisjen vendore- bashk\u00eb me UDSH-n\u00eb, proces verbali integral do t\u00eb ndihmonte partin\u00eb (ta z\u00ebm\u00eb t\u00eb DPS-i), q\u00eb t\u00eb b\u00ebj\u00eb nj\u00eb spastrim anti- krim si n\u00eb Budv\u00eb..?! Kuptohet n\u00eb se fillojn\u00eb p\u00ebrmasat e nj\u00eb fushate t\u00eb till\u00eb\u00a0\u00a0 si atje?!<\/p>\n<p>Deri te t\u00eb dh\u00ebnat nga procesverbalet e tilla v\u00ebshtir\u00eb se mund t\u00eb arrihet , sepse forma e procesverbalit q\u00eb mbahet n\u00eb kuvend nga sh\u00ebrbimi nuk e ofron gjith\u00eb k\u00ebt\u00eb mund\u00ebsi.<\/p>\n<p>Deri te kjo mund t\u00eb arrihet vet\u00ebm po qe se analizohen\u00a0\u00a0 CD-t\u00eb televizive t\u00eb seancave t\u00eb b\u00ebra n\u00eb\u00a0\u00a0 TV TEUT\u00cb t\u00eb \u00a0mbledhje t\u00eb kuvendit, q\u00eb i dor\u00ebzohen atij si material arkivor pas transmetimit televiziv t\u00eb mbledhjeve t\u00eb kuvendit.<\/p>\n<p>Pas gjith\u00eb k\u00ebsaj q\u00eb \u00ebsht\u00eb duke ndodhur, ec e thuaj pastaj q\u00eb populli ia fut\u00eb kot kur thot\u00eb : Mos pifsh uj\u00eb n\u00eb \u00e7esme t\u00eb policis\u00eb(shtetit)..?!! Kryetar\u00ebt e p\u00ebrmendur t\u00eb komun\u00ebs e kuvendit edhe mund t\u00eb ken\u00eb harruar q\u00eb kishin funksione, por kujtes\u00ebn ta k\u00ebndellin pa d\u00ebshir\u00eb shkrimet p\u00ebr rastet e p\u00ebrmendura.<\/p>\n<p>&nbsp;<\/p>\n","protected":false},"excerpt":{"rendered":"<p>SHKRUAN: MUHAMET NIKA Nuk mjaftuan konstatimet e para do dit\u00ebve t\u00eb gazet\u00ebs Dan , e cila pat njoftuar \u00a0se nga komuna ishin marr\u00eb mbi 6000 faqe dokumentacion p\u00ebr t\u00eb k\u00ebnaqur hetimet&#8230;. dhe \u00a0s\u00ebrish po shohim q\u00eb n\u00eb dyert e saja t\u00eb rikthehen t\u00eb trokasin \u00a0inspektor\u00ebt policor\u00eb . Ata k\u00ebsaj radhe po lypin informacion shtes\u00eb rreth [&hellip;]<\/p>\n","protected":false},"author":1,"featured_media":0,"comment_status":"closed","ping_status":"closed","sticky":false,"template":"","format":"standard","meta":{"spay_email":"","jetpack_publicize_message":"","jetpack_is_tweetstorm":false,"jetpack_publicize_feature_enabled":true},"categories":[14249],"tags":[],"jetpack_publicize_connections":[],"yoast_head":"<!-- This site is optimized with the Yoast SEO plugin v19.1 - https:\/\/yoast.com\/wordpress\/plugins\/seo\/ -->\n<title>Inspektor\u00ebt i rikthehen kontrollit n\u00eb komun\u00eb t\u00eb Ulqinit ?!! - Lajme nga Ulqini<\/title>\n<meta name=\"description\" content=\"SHKRUAN: MUHAMET NIKA Nuk mjaftuan konstatimet e para do dit\u00ebve t\u00eb gazet\u00ebs Dan , e cila pat njoftuar \u00a0se nga komuna ishin marr\u00eb mbi 6000 faqe\" \/>\n<meta name=\"robots\" content=\"index, follow, max-snippet:-1, max-image-preview:large, max-video-preview:-1\" \/>\n<link rel=\"canonical\" href=\"https:\/\/www.visit-ulcinj.com\/blog\/2015\/09\/01\/inspektoret-rikthehen-kontrollit-ne-komune-te-ulqinit\/\" \/>\n<meta property=\"og:locale\" content=\"en_US\" \/>\n<meta property=\"og:type\" content=\"article\" \/>\n<meta property=\"og:title\" content=\"Inspektor\u00ebt i rikthehen kontrollit n\u00eb komun\u00eb t\u00eb Ulqinit ?!! - Lajme nga Ulqini\" \/>\n<meta property=\"og:description\" content=\"SHKRUAN: MUHAMET NIKA Nuk mjaftuan konstatimet e para do dit\u00ebve t\u00eb gazet\u00ebs Dan , e cila pat njoftuar \u00a0se nga komuna ishin marr\u00eb mbi 6000 faqe\" \/>\n<meta property=\"og:url\" content=\"https:\/\/www.visit-ulcinj.com\/blog\/2015\/09\/01\/inspektoret-rikthehen-kontrollit-ne-komune-te-ulqinit\/\" \/>\n<meta property=\"og:site_name\" content=\"Lajme nga Ulqini\" \/>\n<meta property=\"article:published_time\" content=\"2015-09-01T20:08:32+00:00\" \/>\n<meta property=\"og:image\" content=\"http:\/\/www.visit-ulcinj.com\/blog\/wp-content\/uploads\/2013\/03\/KOMUNA-E-ULQINIT.jpg\" \/>\n<meta name=\"twitter:label1\" content=\"Written by\" \/>\n\t<meta name=\"twitter:data1\" content=\"ulqini\" \/>\n\t<meta name=\"twitter:label2\" content=\"Est. reading time\" \/>\n\t<meta name=\"twitter:data2\" content=\"2 minutes\" \/>\n<script type=\"application\/ld+json\" class=\"yoast-schema-graph\">{\"@context\":\"https:\/\/schema.org\",\"@graph\":[{\"@type\":\"WebSite\",\"@id\":\"https:\/\/www.visit-ulcinj.com\/blog\/#website\",\"url\":\"https:\/\/www.visit-ulcinj.com\/blog\/\",\"name\":\"Lajme nga Ulqini\",\"description\":\"Lajme,Vijesti,Ulqini,Ulqin,Crna Gora,Mali i Zi\",\"potentialAction\":[{\"@type\":\"SearchAction\",\"target\":{\"@type\":\"EntryPoint\",\"urlTemplate\":\"https:\/\/www.visit-ulcinj.com\/blog\/?s={search_term_string}\"},\"query-input\":\"required name=search_term_string\"}],\"inLanguage\":\"en-US\"},{\"@type\":\"ImageObject\",\"inLanguage\":\"en-US\",\"@id\":\"https:\/\/www.visit-ulcinj.com\/blog\/2015\/09\/01\/inspektoret-rikthehen-kontrollit-ne-komune-te-ulqinit\/#primaryimage\",\"url\":\"https:\/\/www.visit-ulcinj.com\/blog\/wp-content\/uploads\/2013\/03\/KOMUNA-E-ULQINIT.jpg\",\"contentUrl\":\"https:\/\/www.visit-ulcinj.com\/blog\/wp-content\/uploads\/2013\/03\/KOMUNA-E-ULQINIT.jpg\",\"width\":960,\"height\":471},{\"@type\":\"WebPage\",\"@id\":\"https:\/\/www.visit-ulcinj.com\/blog\/2015\/09\/01\/inspektoret-rikthehen-kontrollit-ne-komune-te-ulqinit\/#webpage\",\"url\":\"https:\/\/www.visit-ulcinj.com\/blog\/2015\/09\/01\/inspektoret-rikthehen-kontrollit-ne-komune-te-ulqinit\/\",\"name\":\"Inspektor\u00ebt i rikthehen kontrollit n\u00eb komun\u00eb t\u00eb Ulqinit ?!! - Lajme nga Ulqini\",\"isPartOf\":{\"@id\":\"https:\/\/www.visit-ulcinj.com\/blog\/#website\"},\"primaryImageOfPage\":{\"@id\":\"https:\/\/www.visit-ulcinj.com\/blog\/2015\/09\/01\/inspektoret-rikthehen-kontrollit-ne-komune-te-ulqinit\/#primaryimage\"},\"datePublished\":\"2015-09-01T20:08:32+00:00\",\"dateModified\":\"2015-09-01T20:08:32+00:00\",\"author\":{\"@id\":\"https:\/\/www.visit-ulcinj.com\/blog\/#\/schema\/person\/dcab619c614d3038751c63bc2aadc06d\"},\"description\":\"SHKRUAN: MUHAMET NIKA Nuk mjaftuan konstatimet e para do dit\u00ebve t\u00eb gazet\u00ebs Dan , e cila pat njoftuar \u00a0se nga komuna ishin marr\u00eb mbi 6000 faqe\",\"breadcrumb\":{\"@id\":\"https:\/\/www.visit-ulcinj.com\/blog\/2015\/09\/01\/inspektoret-rikthehen-kontrollit-ne-komune-te-ulqinit\/#breadcrumb\"},\"inLanguage\":\"en-US\",\"potentialAction\":[{\"@type\":\"ReadAction\",\"target\":[\"https:\/\/www.visit-ulcinj.com\/blog\/2015\/09\/01\/inspektoret-rikthehen-kontrollit-ne-komune-te-ulqinit\/\"]}]},{\"@type\":\"BreadcrumbList\",\"@id\":\"https:\/\/www.visit-ulcinj.com\/blog\/2015\/09\/01\/inspektoret-rikthehen-kontrollit-ne-komune-te-ulqinit\/#breadcrumb\",\"itemListElement\":[{\"@type\":\"ListItem\",\"position\":1,\"name\":\"Inspektor\u00ebt i rikthehen kontrollit n\u00eb komun\u00eb t\u00eb Ulqinit ?!!\"}]},{\"@type\":\"Person\",\"@id\":\"https:\/\/www.visit-ulcinj.com\/blog\/#\/schema\/person\/dcab619c614d3038751c63bc2aadc06d\",\"name\":\"ulqini\",\"sameAs\":[\"http:\/\/www.visit-ulcinj.com\"],\"url\":\"https:\/\/www.visit-ulcinj.com\/blog\/author\/admin\/\"}]}<\/script>\n<!-- \/ Yoast SEO plugin. -->","yoast_head_json":{"title":"Inspektor\u00ebt i rikthehen kontrollit n\u00eb komun\u00eb t\u00eb Ulqinit ?!! - Lajme nga Ulqini","description":"SHKRUAN: MUHAMET NIKA Nuk mjaftuan konstatimet e para do dit\u00ebve t\u00eb gazet\u00ebs Dan , e cila pat njoftuar \u00a0se nga komuna ishin marr\u00eb mbi 6000 faqe","robots":{"index":"index","follow":"follow","max-snippet":"max-snippet:-1","max-image-preview":"max-image-preview:large","max-video-preview":"max-video-preview:-1"},"canonical":"https:\/\/www.visit-ulcinj.com\/blog\/2015\/09\/01\/inspektoret-rikthehen-kontrollit-ne-komune-te-ulqinit\/","og_locale":"en_US","og_type":"article","og_title":"Inspektor\u00ebt i rikthehen kontrollit n\u00eb komun\u00eb t\u00eb Ulqinit ?!! - Lajme nga Ulqini","og_description":"SHKRUAN: MUHAMET NIKA Nuk mjaftuan konstatimet e para do dit\u00ebve t\u00eb gazet\u00ebs Dan , e cila pat njoftuar \u00a0se nga komuna ishin marr\u00eb mbi 6000 faqe","og_url":"https:\/\/www.visit-ulcinj.com\/blog\/2015\/09\/01\/inspektoret-rikthehen-kontrollit-ne-komune-te-ulqinit\/","og_site_name":"Lajme nga Ulqini","article_published_time":"2015-09-01T20:08:32+00:00","og_image":[{"url":"http:\/\/www.visit-ulcinj.com\/blog\/wp-content\/uploads\/2013\/03\/KOMUNA-E-ULQINIT.jpg"}],"twitter_misc":{"Written by":"ulqini","Est. reading time":"2 minutes"},"schema":{"@context":"https:\/\/schema.org","@graph":[{"@type":"WebSite","@id":"https:\/\/www.visit-ulcinj.com\/blog\/#website","url":"https:\/\/www.visit-ulcinj.com\/blog\/","name":"Lajme nga Ulqini","description":"Lajme,Vijesti,Ulqini,Ulqin,Crna Gora,Mali i Zi","potentialAction":[{"@type":"SearchAction","target":{"@type":"EntryPoint","urlTemplate":"https:\/\/www.visit-ulcinj.com\/blog\/?s={search_term_string}"},"query-input":"required name=search_term_string"}],"inLanguage":"en-US"},{"@type":"ImageObject","inLanguage":"en-US","@id":"https:\/\/www.visit-ulcinj.com\/blog\/2015\/09\/01\/inspektoret-rikthehen-kontrollit-ne-komune-te-ulqinit\/#primaryimage","url":"https:\/\/www.visit-ulcinj.com\/blog\/wp-content\/uploads\/2013\/03\/KOMUNA-E-ULQINIT.jpg","contentUrl":"https:\/\/www.visit-ulcinj.com\/blog\/wp-content\/uploads\/2013\/03\/KOMUNA-E-ULQINIT.jpg","width":960,"height":471},{"@type":"WebPage","@id":"https:\/\/www.visit-ulcinj.com\/blog\/2015\/09\/01\/inspektoret-rikthehen-kontrollit-ne-komune-te-ulqinit\/#webpage","url":"https:\/\/www.visit-ulcinj.com\/blog\/2015\/09\/01\/inspektoret-rikthehen-kontrollit-ne-komune-te-ulqinit\/","name":"Inspektor\u00ebt i rikthehen kontrollit n\u00eb komun\u00eb t\u00eb Ulqinit ?!! - Lajme nga Ulqini","isPartOf":{"@id":"https:\/\/www.visit-ulcinj.com\/blog\/#website"},"primaryImageOfPage":{"@id":"https:\/\/www.visit-ulcinj.com\/blog\/2015\/09\/01\/inspektoret-rikthehen-kontrollit-ne-komune-te-ulqinit\/#primaryimage"},"datePublished":"2015-09-01T20:08:32+00:00","dateModified":"2015-09-01T20:08:32+00:00","author":{"@id":"https:\/\/www.visit-ulcinj.com\/blog\/#\/schema\/person\/dcab619c614d3038751c63bc2aadc06d"},"description":"SHKRUAN: MUHAMET NIKA Nuk mjaftuan konstatimet e para do dit\u00ebve t\u00eb gazet\u00ebs Dan , e cila pat njoftuar \u00a0se nga komuna ishin marr\u00eb mbi 6000 faqe","breadcrumb":{"@id":"https:\/\/www.visit-ulcinj.com\/blog\/2015\/09\/01\/inspektoret-rikthehen-kontrollit-ne-komune-te-ulqinit\/#breadcrumb"},"inLanguage":"en-US","potentialAction":[{"@type":"ReadAction","target":["https:\/\/www.visit-ulcinj.com\/blog\/2015\/09\/01\/inspektoret-rikthehen-kontrollit-ne-komune-te-ulqinit\/"]}]},{"@type":"BreadcrumbList","@id":"https:\/\/www.visit-ulcinj.com\/blog\/2015\/09\/01\/inspektoret-rikthehen-kontrollit-ne-komune-te-ulqinit\/#breadcrumb","itemListElement":[{"@type":"ListItem","position":1,"name":"Inspektor\u00ebt i rikthehen kontrollit n\u00eb komun\u00eb t\u00eb Ulqinit ?!!"}]},{"@type":"Person","@id":"https:\/\/www.visit-ulcinj.com\/blog\/#\/schema\/person\/dcab619c614d3038751c63bc2aadc06d","name":"ulqini","sameAs":["http:\/\/www.visit-ulcinj.com"],"url":"https:\/\/www.visit-ulcinj.com\/blog\/author\/admin\/"}]}},"jetpack_featured_media_url":"","jetpack_sharing_enabled":true,"jetpack_shortlink":"https:\/\/wp.me\/pe6lTn-nXT","_links":{"self":[{"href":"https:\/\/www.visit-ulcinj.com\/blog\/wp-json\/wp\/v2\/posts\/92125"}],"collection":[{"href":"https:\/\/www.visit-ulcinj.com\/blog\/wp-json\/wp\/v2\/posts"}],"about":[{"href":"https:\/\/www.visit-ulcinj.com\/blog\/wp-json\/wp\/v2\/types\/post"}],"author":[{"embeddable":true,"href":"https:\/\/www.visit-ulcinj.com\/blog\/wp-json\/wp\/v2\/users\/1"}],"replies":[{"embeddable":true,"href":"https:\/\/www.visit-ulcinj.com\/blog\/wp-json\/wp\/v2\/comments?post=92125"}],"version-history":[{"count":1,"href":"https:\/\/www.visit-ulcinj.com\/blog\/wp-json\/wp\/v2\/posts\/92125\/revisions"}],"predecessor-version":[{"id":92126,"href":"https:\/\/www.visit-ulcinj.com\/blog\/wp-json\/wp\/v2\/posts\/92125\/revisions\/92126"}],"wp:attachment":[{"href":"https:\/\/www.visit-ulcinj.com\/blog\/wp-json\/wp\/v2\/media?parent=92125"}],"wp:term":[{"taxonomy":"category","embeddable":true,"href":"https:\/\/www.visit-ulcinj.com\/blog\/wp-json\/wp\/v2\/categories?post=92125"},{"taxonomy":"post_tag","embeddable":true,"href":"https:\/\/www.visit-ulcinj.com\/blog\/wp-json\/wp\/v2\/tags?post=92125"}],"curies":[{"name":"wp","href":"https:\/\/api.w.org\/{rel}","templated":true}]}}