{"id":92128,"date":"2015-09-01T21:20:25","date_gmt":"2015-09-01T20:20:25","guid":{"rendered":"http:\/\/www.visit-ulcinj.com\/blog\/?p=92128"},"modified":"2015-09-01T21:20:25","modified_gmt":"2015-09-01T20:20:25","slug":"qeveria-jep-pelqim-ne-emrat-e-rrugeve-te-qytetit","status":"publish","type":"post","link":"https:\/\/www.visit-ulcinj.com\/blog\/2015\/09\/01\/qeveria-jep-pelqim-ne-emrat-e-rrugeve-te-qytetit\/","title":{"rendered":"Qeveria jep p\u00eblqim n\u00eb emrat e rrug\u00ebve  t\u00eb qytetit"},"content":{"rendered":"<p><strong><a href=\"http:\/\/www.visit-ulcinj.com\/blog\/wp-content\/uploads\/2015\/09\/Rruget-e-Ulqinit.jpg\"><img loading=\"lazy\" class=\"alignleft wp-image-92129\" src=\"http:\/\/www.visit-ulcinj.com\/blog\/wp-content\/uploads\/2015\/09\/Rruget-e-Ulqinit.jpg\" alt=\"Rruget-e-Ulqinit\" width=\"508\" height=\"365\" srcset=\"https:\/\/www.visit-ulcinj.com\/blog\/wp-content\/uploads\/2015\/09\/Rruget-e-Ulqinit.jpg 627w, https:\/\/www.visit-ulcinj.com\/blog\/wp-content\/uploads\/2015\/09\/Rruget-e-Ulqinit-300x215.jpg 300w\" sizes=\"(max-width: 508px) 100vw, 508px\" \/><\/a>Shkruan Muhamet Nika<\/strong><\/p>\n<p>Me nj\u00eb shkres\u00eb t\u00eb vet\u00ebn ashtu si edhe pat\u00ebm lajm\u00ebruar , n\u00eb kuad\u00ebr t\u00eb p\u00ebrmir\u00ebsimit t\u00eb infrastruktur\u00ebs zgjedhore q\u00eb k\u00ebrkon ligji, ku thuhet \u00a0 se votuesit , doemos duhet t\u2019i dihet adresa e sakt\u00eb &#8211; qeveria republikane , njoftoi k\u00ebtyre dit\u00ebve, kryetarin e komun\u00ebs, z. F.Gjeka p\u00ebr dh\u00ebnien e p\u00eblqimit n\u00eb emrat e personaliteteve dhe ngjarjeve \u00a0konform\u00eb ligjit p\u00ebrkat\u00ebs.<\/p>\n<p>Ligji n\u00eb k\u00ebt\u00eb rast parasheh se p\u00ebr v\u00ebnien e emrave t\u00eb personaliteteve t\u00eb ndryshme q\u00eb nuk i kan\u00eb mbushur ende 20 vjet nga dita e vdekjes p\u00eblqimin duhet ta jap\u00eb qeveria, kurse kjo vlen gjithashtu edhe p\u00ebr ngjarje q\u00eb nuk i kan\u00eb mbushur 50 vjet.<\/p>\n<p>Fjala ishte p\u00ebr emrat e propozuar nga komisioni p\u00ebr em\u00ebrtim t\u00eb shesheve dhe rrug\u00ebve n\u00eb komun\u00ebn e ulqinit, si: N\u00ebna Terez\u00eb, Pavle Mijoviq, Simon Filipaj, Fiqiri Hasanaga dhe Ali Podrimja.<\/p>\n<p>Qeveria gjithashtu n\u00eb k\u00ebt\u00eb kategori, p\u00ebr \u00e7udi dha p\u00eblqim edhe p\u00ebr nj\u00eb ngjarje q\u00eb \u00e7mohet si tep\u00ebr e r\u00ebnd\u00ebsishme , por q\u00eb sipas ligjit nuk hyn\u00eb n\u00eb kategorin\u00eb e p\u00ebrmendur, \u00a0nga se ende nuk i ka mbushur 50 vjet..?! nd\u00ebrsa \u00a0\u00a0\u00a0fjala \u00ebsht\u00eb p\u00ebr ngjarjen e 28 .12. 1990(Dita), kur Mehmet Bardhi u zgjodh p\u00ebr \u00a0kryetar t\u00eb komun\u00ebs s\u00eb Ulqinit.<\/p>\n<p>Ani, aferim e g\u00ebzof(t\u00eb)shim..?!!<\/p>\n","protected":false},"excerpt":{"rendered":"<p>Shkruan Muhamet Nika Me nj\u00eb shkres\u00eb t\u00eb vet\u00ebn ashtu si edhe pat\u00ebm lajm\u00ebruar , n\u00eb kuad\u00ebr t\u00eb p\u00ebrmir\u00ebsimit t\u00eb infrastruktur\u00ebs zgjedhore q\u00eb k\u00ebrkon ligji, ku thuhet \u00a0 se votuesit , doemos duhet t\u2019i dihet adresa e sakt\u00eb &#8211; qeveria republikane , njoftoi k\u00ebtyre dit\u00ebve, kryetarin e komun\u00ebs, z. F.Gjeka p\u00ebr dh\u00ebnien e p\u00eblqimit n\u00eb emrat [&hellip;]<\/p>\n","protected":false},"author":1,"featured_media":0,"comment_status":"closed","ping_status":"closed","sticky":false,"template":"","format":"standard","meta":{"spay_email":"","jetpack_publicize_message":"","jetpack_is_tweetstorm":false,"jetpack_publicize_feature_enabled":true},"categories":[13],"tags":[],"jetpack_publicize_connections":[],"yoast_head":"<!-- This site is optimized with the Yoast SEO plugin v19.1 - https:\/\/yoast.com\/wordpress\/plugins\/seo\/ -->\n<title>Qeveria jep p\u00eblqim n\u00eb emrat e rrug\u00ebve t\u00eb qytetit - Lajme nga Ulqini<\/title>\n<meta name=\"description\" content=\"Shkruan Muhamet Nika Me nj\u00eb shkres\u00eb t\u00eb vet\u00ebn ashtu si edhe pat\u00ebm lajm\u00ebruar , n\u00eb kuad\u00ebr t\u00eb p\u00ebrmir\u00ebsimit t\u00eb infrastruktur\u00ebs zgjedhore q\u00eb k\u00ebrkon ligji, ku\" \/>\n<meta name=\"robots\" content=\"index, follow, max-snippet:-1, max-image-preview:large, max-video-preview:-1\" \/>\n<link rel=\"canonical\" href=\"https:\/\/www.visit-ulcinj.com\/blog\/2015\/09\/01\/qeveria-jep-pelqim-ne-emrat-e-rrugeve-te-qytetit\/\" \/>\n<meta property=\"og:locale\" content=\"en_US\" \/>\n<meta property=\"og:type\" content=\"article\" \/>\n<meta property=\"og:title\" content=\"Qeveria jep p\u00eblqim n\u00eb emrat e rrug\u00ebve t\u00eb qytetit - Lajme nga Ulqini\" \/>\n<meta property=\"og:description\" content=\"Shkruan Muhamet Nika Me nj\u00eb shkres\u00eb t\u00eb vet\u00ebn ashtu si edhe pat\u00ebm lajm\u00ebruar , n\u00eb kuad\u00ebr t\u00eb p\u00ebrmir\u00ebsimit t\u00eb infrastruktur\u00ebs zgjedhore q\u00eb k\u00ebrkon ligji, ku\" \/>\n<meta property=\"og:url\" content=\"https:\/\/www.visit-ulcinj.com\/blog\/2015\/09\/01\/qeveria-jep-pelqim-ne-emrat-e-rrugeve-te-qytetit\/\" \/>\n<meta property=\"og:site_name\" content=\"Lajme nga Ulqini\" \/>\n<meta property=\"article:published_time\" content=\"2015-09-01T20:20:25+00:00\" \/>\n<meta property=\"og:image\" content=\"http:\/\/www.visit-ulcinj.com\/blog\/wp-content\/uploads\/2015\/09\/Rruget-e-Ulqinit.jpg\" \/>\n<meta name=\"twitter:label1\" content=\"Written by\" \/>\n\t<meta name=\"twitter:data1\" content=\"ulqini\" \/>\n\t<meta name=\"twitter:label2\" content=\"Est. reading time\" \/>\n\t<meta name=\"twitter:data2\" content=\"1 minute\" \/>\n<script type=\"application\/ld+json\" class=\"yoast-schema-graph\">{\"@context\":\"https:\/\/schema.org\",\"@graph\":[{\"@type\":\"WebSite\",\"@id\":\"https:\/\/www.visit-ulcinj.com\/blog\/#website\",\"url\":\"https:\/\/www.visit-ulcinj.com\/blog\/\",\"name\":\"Lajme nga Ulqini\",\"description\":\"Lajme,Vijesti,Ulqini,Ulqin,Crna Gora,Mali i Zi\",\"potentialAction\":[{\"@type\":\"SearchAction\",\"target\":{\"@type\":\"EntryPoint\",\"urlTemplate\":\"https:\/\/www.visit-ulcinj.com\/blog\/?s={search_term_string}\"},\"query-input\":\"required name=search_term_string\"}],\"inLanguage\":\"en-US\"},{\"@type\":\"ImageObject\",\"inLanguage\":\"en-US\",\"@id\":\"https:\/\/www.visit-ulcinj.com\/blog\/2015\/09\/01\/qeveria-jep-pelqim-ne-emrat-e-rrugeve-te-qytetit\/#primaryimage\",\"url\":\"https:\/\/www.visit-ulcinj.com\/blog\/wp-content\/uploads\/2015\/09\/Rruget-e-Ulqinit.jpg\",\"contentUrl\":\"https:\/\/www.visit-ulcinj.com\/blog\/wp-content\/uploads\/2015\/09\/Rruget-e-Ulqinit.jpg\",\"width\":627,\"height\":450},{\"@type\":\"WebPage\",\"@id\":\"https:\/\/www.visit-ulcinj.com\/blog\/2015\/09\/01\/qeveria-jep-pelqim-ne-emrat-e-rrugeve-te-qytetit\/#webpage\",\"url\":\"https:\/\/www.visit-ulcinj.com\/blog\/2015\/09\/01\/qeveria-jep-pelqim-ne-emrat-e-rrugeve-te-qytetit\/\",\"name\":\"Qeveria jep p\u00eblqim n\u00eb emrat e rrug\u00ebve t\u00eb qytetit - Lajme nga Ulqini\",\"isPartOf\":{\"@id\":\"https:\/\/www.visit-ulcinj.com\/blog\/#website\"},\"primaryImageOfPage\":{\"@id\":\"https:\/\/www.visit-ulcinj.com\/blog\/2015\/09\/01\/qeveria-jep-pelqim-ne-emrat-e-rrugeve-te-qytetit\/#primaryimage\"},\"datePublished\":\"2015-09-01T20:20:25+00:00\",\"dateModified\":\"2015-09-01T20:20:25+00:00\",\"author\":{\"@id\":\"https:\/\/www.visit-ulcinj.com\/blog\/#\/schema\/person\/dcab619c614d3038751c63bc2aadc06d\"},\"description\":\"Shkruan Muhamet Nika Me nj\u00eb shkres\u00eb t\u00eb vet\u00ebn ashtu si edhe pat\u00ebm lajm\u00ebruar , n\u00eb kuad\u00ebr t\u00eb p\u00ebrmir\u00ebsimit t\u00eb infrastruktur\u00ebs zgjedhore q\u00eb k\u00ebrkon ligji, ku\",\"breadcrumb\":{\"@id\":\"https:\/\/www.visit-ulcinj.com\/blog\/2015\/09\/01\/qeveria-jep-pelqim-ne-emrat-e-rrugeve-te-qytetit\/#breadcrumb\"},\"inLanguage\":\"en-US\",\"potentialAction\":[{\"@type\":\"ReadAction\",\"target\":[\"https:\/\/www.visit-ulcinj.com\/blog\/2015\/09\/01\/qeveria-jep-pelqim-ne-emrat-e-rrugeve-te-qytetit\/\"]}]},{\"@type\":\"BreadcrumbList\",\"@id\":\"https:\/\/www.visit-ulcinj.com\/blog\/2015\/09\/01\/qeveria-jep-pelqim-ne-emrat-e-rrugeve-te-qytetit\/#breadcrumb\",\"itemListElement\":[{\"@type\":\"ListItem\",\"position\":1,\"name\":\"Qeveria jep p\u00eblqim n\u00eb emrat e rrug\u00ebve t\u00eb qytetit\"}]},{\"@type\":\"Person\",\"@id\":\"https:\/\/www.visit-ulcinj.com\/blog\/#\/schema\/person\/dcab619c614d3038751c63bc2aadc06d\",\"name\":\"ulqini\",\"sameAs\":[\"http:\/\/www.visit-ulcinj.com\"],\"url\":\"https:\/\/www.visit-ulcinj.com\/blog\/author\/admin\/\"}]}<\/script>\n<!-- \/ Yoast SEO plugin. -->","yoast_head_json":{"title":"Qeveria jep p\u00eblqim n\u00eb emrat e rrug\u00ebve t\u00eb qytetit - Lajme nga Ulqini","description":"Shkruan Muhamet Nika Me nj\u00eb shkres\u00eb t\u00eb vet\u00ebn ashtu si edhe pat\u00ebm lajm\u00ebruar , n\u00eb kuad\u00ebr t\u00eb p\u00ebrmir\u00ebsimit t\u00eb infrastruktur\u00ebs zgjedhore q\u00eb k\u00ebrkon ligji, ku","robots":{"index":"index","follow":"follow","max-snippet":"max-snippet:-1","max-image-preview":"max-image-preview:large","max-video-preview":"max-video-preview:-1"},"canonical":"https:\/\/www.visit-ulcinj.com\/blog\/2015\/09\/01\/qeveria-jep-pelqim-ne-emrat-e-rrugeve-te-qytetit\/","og_locale":"en_US","og_type":"article","og_title":"Qeveria jep p\u00eblqim n\u00eb emrat e rrug\u00ebve t\u00eb qytetit - Lajme nga Ulqini","og_description":"Shkruan Muhamet Nika Me nj\u00eb shkres\u00eb t\u00eb vet\u00ebn ashtu si edhe pat\u00ebm lajm\u00ebruar , n\u00eb kuad\u00ebr t\u00eb p\u00ebrmir\u00ebsimit t\u00eb infrastruktur\u00ebs zgjedhore q\u00eb k\u00ebrkon ligji, ku","og_url":"https:\/\/www.visit-ulcinj.com\/blog\/2015\/09\/01\/qeveria-jep-pelqim-ne-emrat-e-rrugeve-te-qytetit\/","og_site_name":"Lajme nga Ulqini","article_published_time":"2015-09-01T20:20:25+00:00","og_image":[{"url":"http:\/\/www.visit-ulcinj.com\/blog\/wp-content\/uploads\/2015\/09\/Rruget-e-Ulqinit.jpg"}],"twitter_misc":{"Written by":"ulqini","Est. reading time":"1 minute"},"schema":{"@context":"https:\/\/schema.org","@graph":[{"@type":"WebSite","@id":"https:\/\/www.visit-ulcinj.com\/blog\/#website","url":"https:\/\/www.visit-ulcinj.com\/blog\/","name":"Lajme nga Ulqini","description":"Lajme,Vijesti,Ulqini,Ulqin,Crna Gora,Mali i Zi","potentialAction":[{"@type":"SearchAction","target":{"@type":"EntryPoint","urlTemplate":"https:\/\/www.visit-ulcinj.com\/blog\/?s={search_term_string}"},"query-input":"required name=search_term_string"}],"inLanguage":"en-US"},{"@type":"ImageObject","inLanguage":"en-US","@id":"https:\/\/www.visit-ulcinj.com\/blog\/2015\/09\/01\/qeveria-jep-pelqim-ne-emrat-e-rrugeve-te-qytetit\/#primaryimage","url":"https:\/\/www.visit-ulcinj.com\/blog\/wp-content\/uploads\/2015\/09\/Rruget-e-Ulqinit.jpg","contentUrl":"https:\/\/www.visit-ulcinj.com\/blog\/wp-content\/uploads\/2015\/09\/Rruget-e-Ulqinit.jpg","width":627,"height":450},{"@type":"WebPage","@id":"https:\/\/www.visit-ulcinj.com\/blog\/2015\/09\/01\/qeveria-jep-pelqim-ne-emrat-e-rrugeve-te-qytetit\/#webpage","url":"https:\/\/www.visit-ulcinj.com\/blog\/2015\/09\/01\/qeveria-jep-pelqim-ne-emrat-e-rrugeve-te-qytetit\/","name":"Qeveria jep p\u00eblqim n\u00eb emrat e rrug\u00ebve t\u00eb qytetit - Lajme nga Ulqini","isPartOf":{"@id":"https:\/\/www.visit-ulcinj.com\/blog\/#website"},"primaryImageOfPage":{"@id":"https:\/\/www.visit-ulcinj.com\/blog\/2015\/09\/01\/qeveria-jep-pelqim-ne-emrat-e-rrugeve-te-qytetit\/#primaryimage"},"datePublished":"2015-09-01T20:20:25+00:00","dateModified":"2015-09-01T20:20:25+00:00","author":{"@id":"https:\/\/www.visit-ulcinj.com\/blog\/#\/schema\/person\/dcab619c614d3038751c63bc2aadc06d"},"description":"Shkruan Muhamet Nika Me nj\u00eb shkres\u00eb t\u00eb vet\u00ebn ashtu si edhe pat\u00ebm lajm\u00ebruar , n\u00eb kuad\u00ebr t\u00eb p\u00ebrmir\u00ebsimit t\u00eb infrastruktur\u00ebs zgjedhore q\u00eb k\u00ebrkon ligji, ku","breadcrumb":{"@id":"https:\/\/www.visit-ulcinj.com\/blog\/2015\/09\/01\/qeveria-jep-pelqim-ne-emrat-e-rrugeve-te-qytetit\/#breadcrumb"},"inLanguage":"en-US","potentialAction":[{"@type":"ReadAction","target":["https:\/\/www.visit-ulcinj.com\/blog\/2015\/09\/01\/qeveria-jep-pelqim-ne-emrat-e-rrugeve-te-qytetit\/"]}]},{"@type":"BreadcrumbList","@id":"https:\/\/www.visit-ulcinj.com\/blog\/2015\/09\/01\/qeveria-jep-pelqim-ne-emrat-e-rrugeve-te-qytetit\/#breadcrumb","itemListElement":[{"@type":"ListItem","position":1,"name":"Qeveria jep p\u00eblqim n\u00eb emrat e rrug\u00ebve t\u00eb qytetit"}]},{"@type":"Person","@id":"https:\/\/www.visit-ulcinj.com\/blog\/#\/schema\/person\/dcab619c614d3038751c63bc2aadc06d","name":"ulqini","sameAs":["http:\/\/www.visit-ulcinj.com"],"url":"https:\/\/www.visit-ulcinj.com\/blog\/author\/admin\/"}]}},"jetpack_featured_media_url":"","jetpack_sharing_enabled":true,"jetpack_shortlink":"https:\/\/wp.me\/pe6lTn-nXW","_links":{"self":[{"href":"https:\/\/www.visit-ulcinj.com\/blog\/wp-json\/wp\/v2\/posts\/92128"}],"collection":[{"href":"https:\/\/www.visit-ulcinj.com\/blog\/wp-json\/wp\/v2\/posts"}],"about":[{"href":"https:\/\/www.visit-ulcinj.com\/blog\/wp-json\/wp\/v2\/types\/post"}],"author":[{"embeddable":true,"href":"https:\/\/www.visit-ulcinj.com\/blog\/wp-json\/wp\/v2\/users\/1"}],"replies":[{"embeddable":true,"href":"https:\/\/www.visit-ulcinj.com\/blog\/wp-json\/wp\/v2\/comments?post=92128"}],"version-history":[{"count":1,"href":"https:\/\/www.visit-ulcinj.com\/blog\/wp-json\/wp\/v2\/posts\/92128\/revisions"}],"predecessor-version":[{"id":92130,"href":"https:\/\/www.visit-ulcinj.com\/blog\/wp-json\/wp\/v2\/posts\/92128\/revisions\/92130"}],"wp:attachment":[{"href":"https:\/\/www.visit-ulcinj.com\/blog\/wp-json\/wp\/v2\/media?parent=92128"}],"wp:term":[{"taxonomy":"category","embeddable":true,"href":"https:\/\/www.visit-ulcinj.com\/blog\/wp-json\/wp\/v2\/categories?post=92128"},{"taxonomy":"post_tag","embeddable":true,"href":"https:\/\/www.visit-ulcinj.com\/blog\/wp-json\/wp\/v2\/tags?post=92128"}],"curies":[{"name":"wp","href":"https:\/\/api.w.org\/{rel}","templated":true}]}}