{"id":92141,"date":"2015-09-02T18:23:54","date_gmt":"2015-09-02T17:23:54","guid":{"rendered":"http:\/\/www.visit-ulcinj.com\/blog\/?p=92141"},"modified":"2015-09-02T18:26:17","modified_gmt":"2015-09-02T17:26:17","slug":"ulqin-numer-rekord-te-turisteve-ne-25-vitet-e-fundit","status":"publish","type":"post","link":"https:\/\/www.visit-ulcinj.com\/blog\/2015\/09\/02\/ulqin-numer-rekord-te-turisteve-ne-25-vitet-e-fundit\/","title":{"rendered":"Ulqin: Num\u00ebr rekord t\u00eb turist\u00ebve n\u00eb 25 vitet e fundit"},"content":{"rendered":"<p><strong>Numri i mysafir\u00ebve n\u00eb dy dit\u00ebt e fundit shum\u00eb ka r\u00ebn\u00eb n\u00eb rivier\u00ebn e Ulqinit, k\u00ebshtu q\u00eb sot jan\u00eb rreth 20 mij\u00eb.<\/strong><\/p>\n<p><a href=\"http:\/\/www.visit-ulcinj.com\/blog\/wp-content\/uploads\/2015\/07\/Plazhi-Saranada-Beach-Ulqin-1.jpg\"><img loading=\"lazy\" class=\"alignleft wp-image-91908\" src=\"http:\/\/www.visit-ulcinj.com\/blog\/wp-content\/uploads\/2015\/07\/Plazhi-Saranada-Beach-Ulqin-1.jpg\" alt=\"Plazhi-Saranada-Beach-Ulqin-1\" width=\"508\" height=\"337\" srcset=\"https:\/\/www.visit-ulcinj.com\/blog\/wp-content\/uploads\/2015\/07\/Plazhi-Saranada-Beach-Ulqin-1.jpg 960w, https:\/\/www.visit-ulcinj.com\/blog\/wp-content\/uploads\/2015\/07\/Plazhi-Saranada-Beach-Ulqin-1-300x199.jpg 300w\" sizes=\"(max-width: 508px) 100vw, 508px\" \/><\/a>T\u00eb gjith\u00eb t\u00eb cil\u00ebt kan\u00eb dobi nga turizmi pajtohen se gushti ishte muaji m\u00eb rekord p\u00ebr nga numri i mysafir\u00ebve n\u00eb Ulqin n\u00eb 25 vitet e fundit, shkruan arbresh.info.<\/p>\n<p>\u00cbsht\u00eb gati e sigurt se fundi i vitit 2015 do t\u00eb tregoj\u00eb se n\u00eb gusht jan\u00eb realizuar bujtje sa n\u00eb 11 muajt tjer\u00eb t\u00eb k\u00ebtij viti!?<\/p>\n<p>Ajo q\u00eb ndoshta \u00ebsht\u00eb m\u00eb e r\u00ebnd\u00ebsishme \u00ebsht\u00eb fakti se ky muaj ishte rekord edhe p\u00ebr nga fitimet. Sepse, n\u00eb Ulqin \u00ebsht\u00eb rregull q\u00eb deri n\u00eb gusht duhet punuar q\u00eb t\u00eb mbulohen shpenzimet dhe detyrimet tjera, nd\u00ebrsa pastaj, praktikisht, t\u00eb gjitha jan\u00eb fitime.<\/p>\n<p><strong>Lajmpress<\/strong><\/p>\n<p>Duket se koha e mir\u00eb q\u00eb po mbizotron n\u00eb Ulqin ka b\u00ebr\u00eb q\u00eb sezoni t\u00eb vazhdoj\u00eb akoma dhe numri i mysafir\u00ebve t\u00eb jet\u00eb i konsiderueshem.<\/p>\n<p>Orgaizata turistike e Ulqinit njofton se ne hotele ka 8% me teper, ne kampe 10% me teper dhe ne akomodimin privat 22% me teper se vitin e kalur n\u00eb t\u00eb nj\u00ebjt\u00ebn koh\u00eb.<\/p>\n<p>N\u00ebse shifrat e m\u00ebsip\u00ebrme p\u00ebrkthehen n\u00eb numra ather\u00eb rezulton se gjithsej n\u00eb Ulqin n\u00eb dit\u00ebn e sodit ka 8.981 turiste qe eshte 17% me shume ne krahasim me vitin e kaluar ne te njejten kohe.<\/p>\n<p>Detajet m\u00eb t\u00eb holl\u00ebsishme rreth numrit t\u00eb mysafir\u00ebve mund ti shikoni n\u00eb tabelen e m\u00ebposhtme.<\/p>\n","protected":false},"excerpt":{"rendered":"<p>Numri i mysafir\u00ebve n\u00eb dy dit\u00ebt e fundit shum\u00eb ka r\u00ebn\u00eb n\u00eb rivier\u00ebn e Ulqinit, k\u00ebshtu q\u00eb sot jan\u00eb rreth 20 mij\u00eb. T\u00eb gjith\u00eb t\u00eb cil\u00ebt kan\u00eb dobi nga turizmi pajtohen se gushti ishte muaji m\u00eb rekord p\u00ebr nga numri i mysafir\u00ebve n\u00eb Ulqin n\u00eb 25 vitet e fundit, shkruan arbresh.info. \u00cbsht\u00eb gati e sigurt [&hellip;]<\/p>\n","protected":false},"author":1,"featured_media":0,"comment_status":"closed","ping_status":"closed","sticky":false,"template":"","format":"standard","meta":{"spay_email":"","jetpack_publicize_message":"","jetpack_is_tweetstorm":false,"jetpack_publicize_feature_enabled":true},"categories":[1],"tags":[],"jetpack_publicize_connections":[],"yoast_head":"<!-- This site is optimized with the Yoast SEO plugin v19.1 - https:\/\/yoast.com\/wordpress\/plugins\/seo\/ -->\n<title>Ulqin: Num\u00ebr rekord t\u00eb turist\u00ebve n\u00eb 25 vitet e fundit - Lajme nga Ulqini<\/title>\n<meta name=\"description\" content=\"Numri i mysafir\u00ebve n\u00eb dy dit\u00ebt e fundit shum\u00eb ka r\u00ebn\u00eb n\u00eb rivier\u00ebn e Ulqinit, k\u00ebshtu q\u00eb sot jan\u00eb rreth 20 mij\u00eb. T\u00eb gjith\u00eb t\u00eb cil\u00ebt kan\u00eb dobi nga turizmi\" \/>\n<meta name=\"robots\" content=\"index, follow, max-snippet:-1, max-image-preview:large, max-video-preview:-1\" \/>\n<link rel=\"canonical\" href=\"https:\/\/www.visit-ulcinj.com\/blog\/2015\/09\/02\/ulqin-numer-rekord-te-turisteve-ne-25-vitet-e-fundit\/\" \/>\n<meta property=\"og:locale\" content=\"en_US\" \/>\n<meta property=\"og:type\" content=\"article\" \/>\n<meta property=\"og:title\" content=\"Ulqin: Num\u00ebr rekord t\u00eb turist\u00ebve n\u00eb 25 vitet e fundit - Lajme nga Ulqini\" \/>\n<meta property=\"og:description\" content=\"Numri i mysafir\u00ebve n\u00eb dy dit\u00ebt e fundit shum\u00eb ka r\u00ebn\u00eb n\u00eb rivier\u00ebn e Ulqinit, k\u00ebshtu q\u00eb sot jan\u00eb rreth 20 mij\u00eb. T\u00eb gjith\u00eb t\u00eb cil\u00ebt kan\u00eb dobi nga turizmi\" \/>\n<meta property=\"og:url\" content=\"https:\/\/www.visit-ulcinj.com\/blog\/2015\/09\/02\/ulqin-numer-rekord-te-turisteve-ne-25-vitet-e-fundit\/\" \/>\n<meta property=\"og:site_name\" content=\"Lajme nga Ulqini\" \/>\n<meta property=\"article:published_time\" content=\"2015-09-02T17:23:54+00:00\" \/>\n<meta property=\"article:modified_time\" content=\"2015-09-02T17:26:17+00:00\" \/>\n<meta property=\"og:image\" content=\"http:\/\/www.visit-ulcinj.com\/blog\/wp-content\/uploads\/2015\/07\/Plazhi-Saranada-Beach-Ulqin-1.jpg\" \/>\n<meta name=\"twitter:label1\" content=\"Written by\" \/>\n\t<meta name=\"twitter:data1\" content=\"ulqini\" \/>\n\t<meta name=\"twitter:label2\" content=\"Est. reading time\" \/>\n\t<meta name=\"twitter:data2\" content=\"1 minute\" \/>\n<script type=\"application\/ld+json\" class=\"yoast-schema-graph\">{\"@context\":\"https:\/\/schema.org\",\"@graph\":[{\"@type\":\"WebSite\",\"@id\":\"https:\/\/www.visit-ulcinj.com\/blog\/#website\",\"url\":\"https:\/\/www.visit-ulcinj.com\/blog\/\",\"name\":\"Lajme nga Ulqini\",\"description\":\"Lajme,Vijesti,Ulqini,Ulqin,Crna Gora,Mali i Zi\",\"potentialAction\":[{\"@type\":\"SearchAction\",\"target\":{\"@type\":\"EntryPoint\",\"urlTemplate\":\"https:\/\/www.visit-ulcinj.com\/blog\/?s={search_term_string}\"},\"query-input\":\"required name=search_term_string\"}],\"inLanguage\":\"en-US\"},{\"@type\":\"ImageObject\",\"inLanguage\":\"en-US\",\"@id\":\"https:\/\/www.visit-ulcinj.com\/blog\/2015\/09\/02\/ulqin-numer-rekord-te-turisteve-ne-25-vitet-e-fundit\/#primaryimage\",\"url\":\"https:\/\/www.visit-ulcinj.com\/blog\/wp-content\/uploads\/2015\/07\/Plazhi-Saranada-Beach-Ulqin-1.jpg\",\"contentUrl\":\"https:\/\/www.visit-ulcinj.com\/blog\/wp-content\/uploads\/2015\/07\/Plazhi-Saranada-Beach-Ulqin-1.jpg\",\"width\":960,\"height\":636},{\"@type\":\"WebPage\",\"@id\":\"https:\/\/www.visit-ulcinj.com\/blog\/2015\/09\/02\/ulqin-numer-rekord-te-turisteve-ne-25-vitet-e-fundit\/#webpage\",\"url\":\"https:\/\/www.visit-ulcinj.com\/blog\/2015\/09\/02\/ulqin-numer-rekord-te-turisteve-ne-25-vitet-e-fundit\/\",\"name\":\"Ulqin: Num\u00ebr rekord t\u00eb turist\u00ebve n\u00eb 25 vitet e fundit - Lajme nga Ulqini\",\"isPartOf\":{\"@id\":\"https:\/\/www.visit-ulcinj.com\/blog\/#website\"},\"primaryImageOfPage\":{\"@id\":\"https:\/\/www.visit-ulcinj.com\/blog\/2015\/09\/02\/ulqin-numer-rekord-te-turisteve-ne-25-vitet-e-fundit\/#primaryimage\"},\"datePublished\":\"2015-09-02T17:23:54+00:00\",\"dateModified\":\"2015-09-02T17:26:17+00:00\",\"author\":{\"@id\":\"https:\/\/www.visit-ulcinj.com\/blog\/#\/schema\/person\/dcab619c614d3038751c63bc2aadc06d\"},\"description\":\"Numri i mysafir\u00ebve n\u00eb dy dit\u00ebt e fundit shum\u00eb ka r\u00ebn\u00eb n\u00eb rivier\u00ebn e Ulqinit, k\u00ebshtu q\u00eb sot jan\u00eb rreth 20 mij\u00eb. T\u00eb gjith\u00eb t\u00eb cil\u00ebt kan\u00eb dobi nga turizmi\",\"breadcrumb\":{\"@id\":\"https:\/\/www.visit-ulcinj.com\/blog\/2015\/09\/02\/ulqin-numer-rekord-te-turisteve-ne-25-vitet-e-fundit\/#breadcrumb\"},\"inLanguage\":\"en-US\",\"potentialAction\":[{\"@type\":\"ReadAction\",\"target\":[\"https:\/\/www.visit-ulcinj.com\/blog\/2015\/09\/02\/ulqin-numer-rekord-te-turisteve-ne-25-vitet-e-fundit\/\"]}]},{\"@type\":\"BreadcrumbList\",\"@id\":\"https:\/\/www.visit-ulcinj.com\/blog\/2015\/09\/02\/ulqin-numer-rekord-te-turisteve-ne-25-vitet-e-fundit\/#breadcrumb\",\"itemListElement\":[{\"@type\":\"ListItem\",\"position\":1,\"name\":\"Ulqin: Num\u00ebr rekord t\u00eb turist\u00ebve n\u00eb 25 vitet e fundit\"}]},{\"@type\":\"Person\",\"@id\":\"https:\/\/www.visit-ulcinj.com\/blog\/#\/schema\/person\/dcab619c614d3038751c63bc2aadc06d\",\"name\":\"ulqini\",\"sameAs\":[\"http:\/\/www.visit-ulcinj.com\"],\"url\":\"https:\/\/www.visit-ulcinj.com\/blog\/author\/admin\/\"}]}<\/script>\n<!-- \/ Yoast SEO plugin. -->","yoast_head_json":{"title":"Ulqin: Num\u00ebr rekord t\u00eb turist\u00ebve n\u00eb 25 vitet e fundit - Lajme nga Ulqini","description":"Numri i mysafir\u00ebve n\u00eb dy dit\u00ebt e fundit shum\u00eb ka r\u00ebn\u00eb n\u00eb rivier\u00ebn e Ulqinit, k\u00ebshtu q\u00eb sot jan\u00eb rreth 20 mij\u00eb. T\u00eb gjith\u00eb t\u00eb cil\u00ebt kan\u00eb dobi nga turizmi","robots":{"index":"index","follow":"follow","max-snippet":"max-snippet:-1","max-image-preview":"max-image-preview:large","max-video-preview":"max-video-preview:-1"},"canonical":"https:\/\/www.visit-ulcinj.com\/blog\/2015\/09\/02\/ulqin-numer-rekord-te-turisteve-ne-25-vitet-e-fundit\/","og_locale":"en_US","og_type":"article","og_title":"Ulqin: Num\u00ebr rekord t\u00eb turist\u00ebve n\u00eb 25 vitet e fundit - Lajme nga Ulqini","og_description":"Numri i mysafir\u00ebve n\u00eb dy dit\u00ebt e fundit shum\u00eb ka r\u00ebn\u00eb n\u00eb rivier\u00ebn e Ulqinit, k\u00ebshtu q\u00eb sot jan\u00eb rreth 20 mij\u00eb. T\u00eb gjith\u00eb t\u00eb cil\u00ebt kan\u00eb dobi nga turizmi","og_url":"https:\/\/www.visit-ulcinj.com\/blog\/2015\/09\/02\/ulqin-numer-rekord-te-turisteve-ne-25-vitet-e-fundit\/","og_site_name":"Lajme nga Ulqini","article_published_time":"2015-09-02T17:23:54+00:00","article_modified_time":"2015-09-02T17:26:17+00:00","og_image":[{"url":"http:\/\/www.visit-ulcinj.com\/blog\/wp-content\/uploads\/2015\/07\/Plazhi-Saranada-Beach-Ulqin-1.jpg"}],"twitter_misc":{"Written by":"ulqini","Est. reading time":"1 minute"},"schema":{"@context":"https:\/\/schema.org","@graph":[{"@type":"WebSite","@id":"https:\/\/www.visit-ulcinj.com\/blog\/#website","url":"https:\/\/www.visit-ulcinj.com\/blog\/","name":"Lajme nga Ulqini","description":"Lajme,Vijesti,Ulqini,Ulqin,Crna Gora,Mali i Zi","potentialAction":[{"@type":"SearchAction","target":{"@type":"EntryPoint","urlTemplate":"https:\/\/www.visit-ulcinj.com\/blog\/?s={search_term_string}"},"query-input":"required name=search_term_string"}],"inLanguage":"en-US"},{"@type":"ImageObject","inLanguage":"en-US","@id":"https:\/\/www.visit-ulcinj.com\/blog\/2015\/09\/02\/ulqin-numer-rekord-te-turisteve-ne-25-vitet-e-fundit\/#primaryimage","url":"https:\/\/www.visit-ulcinj.com\/blog\/wp-content\/uploads\/2015\/07\/Plazhi-Saranada-Beach-Ulqin-1.jpg","contentUrl":"https:\/\/www.visit-ulcinj.com\/blog\/wp-content\/uploads\/2015\/07\/Plazhi-Saranada-Beach-Ulqin-1.jpg","width":960,"height":636},{"@type":"WebPage","@id":"https:\/\/www.visit-ulcinj.com\/blog\/2015\/09\/02\/ulqin-numer-rekord-te-turisteve-ne-25-vitet-e-fundit\/#webpage","url":"https:\/\/www.visit-ulcinj.com\/blog\/2015\/09\/02\/ulqin-numer-rekord-te-turisteve-ne-25-vitet-e-fundit\/","name":"Ulqin: Num\u00ebr rekord t\u00eb turist\u00ebve n\u00eb 25 vitet e fundit - Lajme nga Ulqini","isPartOf":{"@id":"https:\/\/www.visit-ulcinj.com\/blog\/#website"},"primaryImageOfPage":{"@id":"https:\/\/www.visit-ulcinj.com\/blog\/2015\/09\/02\/ulqin-numer-rekord-te-turisteve-ne-25-vitet-e-fundit\/#primaryimage"},"datePublished":"2015-09-02T17:23:54+00:00","dateModified":"2015-09-02T17:26:17+00:00","author":{"@id":"https:\/\/www.visit-ulcinj.com\/blog\/#\/schema\/person\/dcab619c614d3038751c63bc2aadc06d"},"description":"Numri i mysafir\u00ebve n\u00eb dy dit\u00ebt e fundit shum\u00eb ka r\u00ebn\u00eb n\u00eb rivier\u00ebn e Ulqinit, k\u00ebshtu q\u00eb sot jan\u00eb rreth 20 mij\u00eb. T\u00eb gjith\u00eb t\u00eb cil\u00ebt kan\u00eb dobi nga turizmi","breadcrumb":{"@id":"https:\/\/www.visit-ulcinj.com\/blog\/2015\/09\/02\/ulqin-numer-rekord-te-turisteve-ne-25-vitet-e-fundit\/#breadcrumb"},"inLanguage":"en-US","potentialAction":[{"@type":"ReadAction","target":["https:\/\/www.visit-ulcinj.com\/blog\/2015\/09\/02\/ulqin-numer-rekord-te-turisteve-ne-25-vitet-e-fundit\/"]}]},{"@type":"BreadcrumbList","@id":"https:\/\/www.visit-ulcinj.com\/blog\/2015\/09\/02\/ulqin-numer-rekord-te-turisteve-ne-25-vitet-e-fundit\/#breadcrumb","itemListElement":[{"@type":"ListItem","position":1,"name":"Ulqin: Num\u00ebr rekord t\u00eb turist\u00ebve n\u00eb 25 vitet e fundit"}]},{"@type":"Person","@id":"https:\/\/www.visit-ulcinj.com\/blog\/#\/schema\/person\/dcab619c614d3038751c63bc2aadc06d","name":"ulqini","sameAs":["http:\/\/www.visit-ulcinj.com"],"url":"https:\/\/www.visit-ulcinj.com\/blog\/author\/admin\/"}]}},"jetpack_featured_media_url":"","jetpack_sharing_enabled":true,"jetpack_shortlink":"https:\/\/wp.me\/pe6lTn-nY9","_links":{"self":[{"href":"https:\/\/www.visit-ulcinj.com\/blog\/wp-json\/wp\/v2\/posts\/92141"}],"collection":[{"href":"https:\/\/www.visit-ulcinj.com\/blog\/wp-json\/wp\/v2\/posts"}],"about":[{"href":"https:\/\/www.visit-ulcinj.com\/blog\/wp-json\/wp\/v2\/types\/post"}],"author":[{"embeddable":true,"href":"https:\/\/www.visit-ulcinj.com\/blog\/wp-json\/wp\/v2\/users\/1"}],"replies":[{"embeddable":true,"href":"https:\/\/www.visit-ulcinj.com\/blog\/wp-json\/wp\/v2\/comments?post=92141"}],"version-history":[{"count":2,"href":"https:\/\/www.visit-ulcinj.com\/blog\/wp-json\/wp\/v2\/posts\/92141\/revisions"}],"predecessor-version":[{"id":92143,"href":"https:\/\/www.visit-ulcinj.com\/blog\/wp-json\/wp\/v2\/posts\/92141\/revisions\/92143"}],"wp:attachment":[{"href":"https:\/\/www.visit-ulcinj.com\/blog\/wp-json\/wp\/v2\/media?parent=92141"}],"wp:term":[{"taxonomy":"category","embeddable":true,"href":"https:\/\/www.visit-ulcinj.com\/blog\/wp-json\/wp\/v2\/categories?post=92141"},{"taxonomy":"post_tag","embeddable":true,"href":"https:\/\/www.visit-ulcinj.com\/blog\/wp-json\/wp\/v2\/tags?post=92141"}],"curies":[{"name":"wp","href":"https:\/\/api.w.org\/{rel}","templated":true}]}}