{"id":92162,"date":"2015-09-05T11:44:58","date_gmt":"2015-09-05T10:44:58","guid":{"rendered":"http:\/\/www.visit-ulcinj.com\/blog\/?p=92162"},"modified":"2015-09-05T11:52:14","modified_gmt":"2015-09-05T10:52:14","slug":"pobjeda-u-ulcinju-40-odsto-vise-turista","status":"publish","type":"post","link":"https:\/\/www.visit-ulcinj.com\/blog\/2015\/09\/05\/pobjeda-u-ulcinju-40-odsto-vise-turista\/","title":{"rendered":"TO Ulcinj: U Ulcinju 40 odsto vi\u0161e turista"},"content":{"rendered":"<p><a href=\"http:\/\/www.visit-ulcinj.com\/blog\/wp-content\/uploads\/2015\/07\/Plazhi-Saranada-Beach-Ulqin-2.jpg\"><img loading=\"lazy\" class=\"alignleft wp-image-91909\" src=\"http:\/\/www.visit-ulcinj.com\/blog\/wp-content\/uploads\/2015\/07\/Plazhi-Saranada-Beach-Ulqin-2.jpg\" alt=\"Plazhi-Saranada-Beach-Ulqin-2\" width=\"508\" height=\"381\" srcset=\"https:\/\/www.visit-ulcinj.com\/blog\/wp-content\/uploads\/2015\/07\/Plazhi-Saranada-Beach-Ulqin-2.jpg 960w, https:\/\/www.visit-ulcinj.com\/blog\/wp-content\/uploads\/2015\/07\/Plazhi-Saranada-Beach-Ulqin-2-300x225.jpg 300w\" sizes=\"(max-width: 508px) 100vw, 508px\" \/><\/a>U Ulcinju trenutno boravi 40 odsto vi\u0161e gostiju nego pro\u0161le godine, a u privatnom smje\u0161taju ih je duplo vi\u0161e, pi\u0161e Pobjeda.<\/p>\n<p>Iz Turisti\u010dke organizacije (TO) Ulcinj kazali su da se dobar trend rasta posjete turista nastavlja tako da se potvr\u0111uju prognoze turisti\u010dkih poslenika da \u0107e ovogodi\u0161nja sezona biti najbolja u posljednjih 20 godina.<\/p>\n<p>\u201cU hotelima imamo \u010detiri odsto vi\u0161e, u kampovima \u0161est odsto, a u privatnom smjestaju duplo vi\u0161e turista\u201d, rekli su iz TO Ulcinj.<\/p>\n<p>Oni su dodali da posjeta turista u prvim danima septembra govori da \u0107e postsezona biti veoma uspje\u0161na.<\/p>\n<p>\u201cPo\u0161to su najave da \u0107e biti lijepo vrijeme predstoji nam dobra postezona. Hotelijeri su ugovorili ili ve\u0107 prodali kapacitete do kraja septembra. Moramo da radimo kampanju u regionu da privu\u010demo turiste\u201d, naveli su iz TO Ulcinj.<\/p>\n<p><strong>Izvor: Pobjeda<\/strong><\/p>\n","protected":false},"excerpt":{"rendered":"<p>U Ulcinju trenutno boravi 40 odsto vi\u0161e gostiju nego pro\u0161le godine, a u privatnom smje\u0161taju ih je duplo vi\u0161e, pi\u0161e Pobjeda. Iz Turisti\u010dke organizacije (TO) Ulcinj kazali su da se dobar trend rasta posjete turista nastavlja tako da se potvr\u0111uju prognoze turisti\u010dkih poslenika da \u0107e ovogodi\u0161nja sezona biti najbolja u posljednjih 20 godina. \u201cU hotelima [&hellip;]<\/p>\n","protected":false},"author":1,"featured_media":0,"comment_status":"closed","ping_status":"closed","sticky":false,"template":"","format":"standard","meta":{"spay_email":"","jetpack_publicize_message":"","jetpack_is_tweetstorm":false,"jetpack_publicize_feature_enabled":true},"categories":[6950],"tags":[],"jetpack_publicize_connections":[],"yoast_head":"<!-- This site is optimized with the Yoast SEO plugin v19.1 - https:\/\/yoast.com\/wordpress\/plugins\/seo\/ -->\n<title>TO Ulcinj: U Ulcinju 40 odsto vi\u0161e turista - Lajme nga Ulqini<\/title>\n<meta name=\"description\" content=\"U Ulcinju trenutno boravi 40 odsto vi\u0161e gostiju nego pro\u0161le godine, a u privatnom smje\u0161taju ih je duplo vi\u0161e, pi\u0161e Pobjeda. Iz Turisti\u010dke organizacije\" \/>\n<meta name=\"robots\" content=\"index, follow, max-snippet:-1, max-image-preview:large, max-video-preview:-1\" \/>\n<link rel=\"canonical\" href=\"https:\/\/www.visit-ulcinj.com\/blog\/2015\/09\/05\/pobjeda-u-ulcinju-40-odsto-vise-turista\/\" \/>\n<meta property=\"og:locale\" content=\"en_US\" \/>\n<meta property=\"og:type\" content=\"article\" \/>\n<meta property=\"og:title\" content=\"TO Ulcinj: U Ulcinju 40 odsto vi\u0161e turista - Lajme nga Ulqini\" \/>\n<meta property=\"og:description\" content=\"U Ulcinju trenutno boravi 40 odsto vi\u0161e gostiju nego pro\u0161le godine, a u privatnom smje\u0161taju ih je duplo vi\u0161e, pi\u0161e Pobjeda. Iz Turisti\u010dke organizacije\" \/>\n<meta property=\"og:url\" content=\"https:\/\/www.visit-ulcinj.com\/blog\/2015\/09\/05\/pobjeda-u-ulcinju-40-odsto-vise-turista\/\" \/>\n<meta property=\"og:site_name\" content=\"Lajme nga Ulqini\" \/>\n<meta property=\"article:published_time\" content=\"2015-09-05T10:44:58+00:00\" \/>\n<meta property=\"article:modified_time\" content=\"2015-09-05T10:52:14+00:00\" \/>\n<meta property=\"og:image\" content=\"http:\/\/www.visit-ulcinj.com\/blog\/wp-content\/uploads\/2015\/07\/Plazhi-Saranada-Beach-Ulqin-2.jpg\" \/>\n<meta name=\"twitter:label1\" content=\"Written by\" \/>\n\t<meta name=\"twitter:data1\" content=\"ulqini\" \/>\n\t<meta name=\"twitter:label2\" content=\"Est. reading time\" \/>\n\t<meta name=\"twitter:data2\" content=\"1 minute\" \/>\n<script type=\"application\/ld+json\" class=\"yoast-schema-graph\">{\"@context\":\"https:\/\/schema.org\",\"@graph\":[{\"@type\":\"WebSite\",\"@id\":\"https:\/\/www.visit-ulcinj.com\/blog\/#website\",\"url\":\"https:\/\/www.visit-ulcinj.com\/blog\/\",\"name\":\"Lajme nga Ulqini\",\"description\":\"Lajme,Vijesti,Ulqini,Ulqin,Crna Gora,Mali i Zi\",\"potentialAction\":[{\"@type\":\"SearchAction\",\"target\":{\"@type\":\"EntryPoint\",\"urlTemplate\":\"https:\/\/www.visit-ulcinj.com\/blog\/?s={search_term_string}\"},\"query-input\":\"required name=search_term_string\"}],\"inLanguage\":\"en-US\"},{\"@type\":\"ImageObject\",\"inLanguage\":\"en-US\",\"@id\":\"https:\/\/www.visit-ulcinj.com\/blog\/2015\/09\/05\/pobjeda-u-ulcinju-40-odsto-vise-turista\/#primaryimage\",\"url\":\"https:\/\/www.visit-ulcinj.com\/blog\/wp-content\/uploads\/2015\/07\/Plazhi-Saranada-Beach-Ulqin-2.jpg\",\"contentUrl\":\"https:\/\/www.visit-ulcinj.com\/blog\/wp-content\/uploads\/2015\/07\/Plazhi-Saranada-Beach-Ulqin-2.jpg\",\"width\":960,\"height\":720},{\"@type\":\"WebPage\",\"@id\":\"https:\/\/www.visit-ulcinj.com\/blog\/2015\/09\/05\/pobjeda-u-ulcinju-40-odsto-vise-turista\/#webpage\",\"url\":\"https:\/\/www.visit-ulcinj.com\/blog\/2015\/09\/05\/pobjeda-u-ulcinju-40-odsto-vise-turista\/\",\"name\":\"TO Ulcinj: U Ulcinju 40 odsto vi\u0161e turista - Lajme nga Ulqini\",\"isPartOf\":{\"@id\":\"https:\/\/www.visit-ulcinj.com\/blog\/#website\"},\"primaryImageOfPage\":{\"@id\":\"https:\/\/www.visit-ulcinj.com\/blog\/2015\/09\/05\/pobjeda-u-ulcinju-40-odsto-vise-turista\/#primaryimage\"},\"datePublished\":\"2015-09-05T10:44:58+00:00\",\"dateModified\":\"2015-09-05T10:52:14+00:00\",\"author\":{\"@id\":\"https:\/\/www.visit-ulcinj.com\/blog\/#\/schema\/person\/dcab619c614d3038751c63bc2aadc06d\"},\"description\":\"U Ulcinju trenutno boravi 40 odsto vi\u0161e gostiju nego pro\u0161le godine, a u privatnom smje\u0161taju ih je duplo vi\u0161e, pi\u0161e Pobjeda. Iz Turisti\u010dke organizacije\",\"breadcrumb\":{\"@id\":\"https:\/\/www.visit-ulcinj.com\/blog\/2015\/09\/05\/pobjeda-u-ulcinju-40-odsto-vise-turista\/#breadcrumb\"},\"inLanguage\":\"en-US\",\"potentialAction\":[{\"@type\":\"ReadAction\",\"target\":[\"https:\/\/www.visit-ulcinj.com\/blog\/2015\/09\/05\/pobjeda-u-ulcinju-40-odsto-vise-turista\/\"]}]},{\"@type\":\"BreadcrumbList\",\"@id\":\"https:\/\/www.visit-ulcinj.com\/blog\/2015\/09\/05\/pobjeda-u-ulcinju-40-odsto-vise-turista\/#breadcrumb\",\"itemListElement\":[{\"@type\":\"ListItem\",\"position\":1,\"name\":\"TO Ulcinj: U Ulcinju 40 odsto vi\u0161e turista\"}]},{\"@type\":\"Person\",\"@id\":\"https:\/\/www.visit-ulcinj.com\/blog\/#\/schema\/person\/dcab619c614d3038751c63bc2aadc06d\",\"name\":\"ulqini\",\"sameAs\":[\"http:\/\/www.visit-ulcinj.com\"],\"url\":\"https:\/\/www.visit-ulcinj.com\/blog\/author\/admin\/\"}]}<\/script>\n<!-- \/ Yoast SEO plugin. -->","yoast_head_json":{"title":"TO Ulcinj: U Ulcinju 40 odsto vi\u0161e turista - Lajme nga Ulqini","description":"U Ulcinju trenutno boravi 40 odsto vi\u0161e gostiju nego pro\u0161le godine, a u privatnom smje\u0161taju ih je duplo vi\u0161e, pi\u0161e Pobjeda. Iz Turisti\u010dke organizacije","robots":{"index":"index","follow":"follow","max-snippet":"max-snippet:-1","max-image-preview":"max-image-preview:large","max-video-preview":"max-video-preview:-1"},"canonical":"https:\/\/www.visit-ulcinj.com\/blog\/2015\/09\/05\/pobjeda-u-ulcinju-40-odsto-vise-turista\/","og_locale":"en_US","og_type":"article","og_title":"TO Ulcinj: U Ulcinju 40 odsto vi\u0161e turista - Lajme nga Ulqini","og_description":"U Ulcinju trenutno boravi 40 odsto vi\u0161e gostiju nego pro\u0161le godine, a u privatnom smje\u0161taju ih je duplo vi\u0161e, pi\u0161e Pobjeda. Iz Turisti\u010dke organizacije","og_url":"https:\/\/www.visit-ulcinj.com\/blog\/2015\/09\/05\/pobjeda-u-ulcinju-40-odsto-vise-turista\/","og_site_name":"Lajme nga Ulqini","article_published_time":"2015-09-05T10:44:58+00:00","article_modified_time":"2015-09-05T10:52:14+00:00","og_image":[{"url":"http:\/\/www.visit-ulcinj.com\/blog\/wp-content\/uploads\/2015\/07\/Plazhi-Saranada-Beach-Ulqin-2.jpg"}],"twitter_misc":{"Written by":"ulqini","Est. reading time":"1 minute"},"schema":{"@context":"https:\/\/schema.org","@graph":[{"@type":"WebSite","@id":"https:\/\/www.visit-ulcinj.com\/blog\/#website","url":"https:\/\/www.visit-ulcinj.com\/blog\/","name":"Lajme nga Ulqini","description":"Lajme,Vijesti,Ulqini,Ulqin,Crna Gora,Mali i Zi","potentialAction":[{"@type":"SearchAction","target":{"@type":"EntryPoint","urlTemplate":"https:\/\/www.visit-ulcinj.com\/blog\/?s={search_term_string}"},"query-input":"required name=search_term_string"}],"inLanguage":"en-US"},{"@type":"ImageObject","inLanguage":"en-US","@id":"https:\/\/www.visit-ulcinj.com\/blog\/2015\/09\/05\/pobjeda-u-ulcinju-40-odsto-vise-turista\/#primaryimage","url":"https:\/\/www.visit-ulcinj.com\/blog\/wp-content\/uploads\/2015\/07\/Plazhi-Saranada-Beach-Ulqin-2.jpg","contentUrl":"https:\/\/www.visit-ulcinj.com\/blog\/wp-content\/uploads\/2015\/07\/Plazhi-Saranada-Beach-Ulqin-2.jpg","width":960,"height":720},{"@type":"WebPage","@id":"https:\/\/www.visit-ulcinj.com\/blog\/2015\/09\/05\/pobjeda-u-ulcinju-40-odsto-vise-turista\/#webpage","url":"https:\/\/www.visit-ulcinj.com\/blog\/2015\/09\/05\/pobjeda-u-ulcinju-40-odsto-vise-turista\/","name":"TO Ulcinj: U Ulcinju 40 odsto vi\u0161e turista - Lajme nga Ulqini","isPartOf":{"@id":"https:\/\/www.visit-ulcinj.com\/blog\/#website"},"primaryImageOfPage":{"@id":"https:\/\/www.visit-ulcinj.com\/blog\/2015\/09\/05\/pobjeda-u-ulcinju-40-odsto-vise-turista\/#primaryimage"},"datePublished":"2015-09-05T10:44:58+00:00","dateModified":"2015-09-05T10:52:14+00:00","author":{"@id":"https:\/\/www.visit-ulcinj.com\/blog\/#\/schema\/person\/dcab619c614d3038751c63bc2aadc06d"},"description":"U Ulcinju trenutno boravi 40 odsto vi\u0161e gostiju nego pro\u0161le godine, a u privatnom smje\u0161taju ih je duplo vi\u0161e, pi\u0161e Pobjeda. Iz Turisti\u010dke organizacije","breadcrumb":{"@id":"https:\/\/www.visit-ulcinj.com\/blog\/2015\/09\/05\/pobjeda-u-ulcinju-40-odsto-vise-turista\/#breadcrumb"},"inLanguage":"en-US","potentialAction":[{"@type":"ReadAction","target":["https:\/\/www.visit-ulcinj.com\/blog\/2015\/09\/05\/pobjeda-u-ulcinju-40-odsto-vise-turista\/"]}]},{"@type":"BreadcrumbList","@id":"https:\/\/www.visit-ulcinj.com\/blog\/2015\/09\/05\/pobjeda-u-ulcinju-40-odsto-vise-turista\/#breadcrumb","itemListElement":[{"@type":"ListItem","position":1,"name":"TO Ulcinj: U Ulcinju 40 odsto vi\u0161e turista"}]},{"@type":"Person","@id":"https:\/\/www.visit-ulcinj.com\/blog\/#\/schema\/person\/dcab619c614d3038751c63bc2aadc06d","name":"ulqini","sameAs":["http:\/\/www.visit-ulcinj.com"],"url":"https:\/\/www.visit-ulcinj.com\/blog\/author\/admin\/"}]}},"jetpack_featured_media_url":"","jetpack_sharing_enabled":true,"jetpack_shortlink":"https:\/\/wp.me\/pe6lTn-nYu","_links":{"self":[{"href":"https:\/\/www.visit-ulcinj.com\/blog\/wp-json\/wp\/v2\/posts\/92162"}],"collection":[{"href":"https:\/\/www.visit-ulcinj.com\/blog\/wp-json\/wp\/v2\/posts"}],"about":[{"href":"https:\/\/www.visit-ulcinj.com\/blog\/wp-json\/wp\/v2\/types\/post"}],"author":[{"embeddable":true,"href":"https:\/\/www.visit-ulcinj.com\/blog\/wp-json\/wp\/v2\/users\/1"}],"replies":[{"embeddable":true,"href":"https:\/\/www.visit-ulcinj.com\/blog\/wp-json\/wp\/v2\/comments?post=92162"}],"version-history":[{"count":3,"href":"https:\/\/www.visit-ulcinj.com\/blog\/wp-json\/wp\/v2\/posts\/92162\/revisions"}],"predecessor-version":[{"id":92165,"href":"https:\/\/www.visit-ulcinj.com\/blog\/wp-json\/wp\/v2\/posts\/92162\/revisions\/92165"}],"wp:attachment":[{"href":"https:\/\/www.visit-ulcinj.com\/blog\/wp-json\/wp\/v2\/media?parent=92162"}],"wp:term":[{"taxonomy":"category","embeddable":true,"href":"https:\/\/www.visit-ulcinj.com\/blog\/wp-json\/wp\/v2\/categories?post=92162"},{"taxonomy":"post_tag","embeddable":true,"href":"https:\/\/www.visit-ulcinj.com\/blog\/wp-json\/wp\/v2\/tags?post=92162"}],"curies":[{"name":"wp","href":"https:\/\/api.w.org\/{rel}","templated":true}]}}