{"id":92185,"date":"2015-09-06T22:09:55","date_gmt":"2015-09-06T21:09:55","guid":{"rendered":"http:\/\/www.visit-ulcinj.com\/blog\/?p=92185"},"modified":"2015-09-06T22:19:21","modified_gmt":"2015-09-06T21:19:21","slug":"nika-cfare-perfshine-marreveshja-e-arritur-e-bashkepunimit-ndermjet-ulqinit-dhe-decanit","status":"publish","type":"post","link":"https:\/\/www.visit-ulcinj.com\/blog\/2015\/09\/06\/nika-cfare-perfshine-marreveshja-e-arritur-e-bashkepunimit-ndermjet-ulqinit-dhe-decanit\/","title":{"rendered":"Nika: \u00c7far\u00eb p\u00ebrfshin\u00eb marr\u00ebveshja e arritur e bashk\u00ebpunimit  nd\u00ebrmjet  Ulqinit dhe De\u00e7anit"},"content":{"rendered":"<p>Para pak dit\u00ebve nj\u00eb delegacion i Komun\u00ebs s\u00eb De\u00e7anit\u00a0\u00a0 ishte n\u00eb Ulqin n\u00eb kuad\u00ebr t\u00eb binjak\u00ebzimit t\u00eb k\u00ebsaj komune me Komun\u00ebn e Ulqinit. Marr\u00ebveshja u n\u00ebnshkrua nga kryetar\u00ebt Gjeka dhe Selmanaj . <strong>P\u00ebr sfer\u00ebn e k\u00ebtij bashk\u00ebpunimi shih dokumentin e firmosur prej tyre<\/strong><\/p>\n<p><a href=\"http:\/\/www.visit-ulcinj.com\/blog\/wp-content\/uploads\/2015\/09\/Firmosja-e-marveshjes-se-komunes-Ulqinit-dhe-komunes-Decanit.jpg\"><img loading=\"lazy\" class=\"alignleft wp-image-92186\" src=\"http:\/\/www.visit-ulcinj.com\/blog\/wp-content\/uploads\/2015\/09\/Firmosja-e-marveshjes-se-komunes-Ulqinit-dhe-komunes-Decanit.jpg\" alt=\"Firmosja e marveshjes-se-komunes-Ulqinit-dhe-komunes-Decanit\" width=\"508\" height=\"701\" srcset=\"https:\/\/www.visit-ulcinj.com\/blog\/wp-content\/uploads\/2015\/09\/Firmosja-e-marveshjes-se-komunes-Ulqinit-dhe-komunes-Decanit.jpg 700w, https:\/\/www.visit-ulcinj.com\/blog\/wp-content\/uploads\/2015\/09\/Firmosja-e-marveshjes-se-komunes-Ulqinit-dhe-komunes-Decanit-217x300.jpg 217w\" sizes=\"(max-width: 508px) 100vw, 508px\" \/><\/a><\/p>\n","protected":false},"excerpt":{"rendered":"<p>Para pak dit\u00ebve nj\u00eb delegacion i Komun\u00ebs s\u00eb De\u00e7anit\u00a0\u00a0 ishte n\u00eb Ulqin n\u00eb kuad\u00ebr t\u00eb binjak\u00ebzimit t\u00eb k\u00ebsaj komune me Komun\u00ebn e Ulqinit. Marr\u00ebveshja u n\u00ebnshkrua nga kryetar\u00ebt Gjeka dhe Selmanaj . P\u00ebr sfer\u00ebn e k\u00ebtij bashk\u00ebpunimi shih dokumentin e firmosur prej tyre<\/p>\n","protected":false},"author":1,"featured_media":0,"comment_status":"closed","ping_status":"closed","sticky":false,"template":"","format":"standard","meta":{"spay_email":"","jetpack_publicize_message":"","jetpack_is_tweetstorm":false,"jetpack_publicize_feature_enabled":true},"categories":[11],"tags":[],"jetpack_publicize_connections":[],"yoast_head":"<!-- This site is optimized with the Yoast SEO plugin v19.1 - https:\/\/yoast.com\/wordpress\/plugins\/seo\/ -->\n<title>Nika: \u00c7far\u00eb p\u00ebrfshin\u00eb marr\u00ebveshja e arritur e bashk\u00ebpunimit nd\u00ebrmjet Ulqinit dhe De\u00e7anit - Lajme nga Ulqini<\/title>\n<meta name=\"description\" content=\"Para pak dit\u00ebve nj\u00eb delegacion i Komun\u00ebs s\u00eb De\u00e7anit\u00a0\u00a0 ishte n\u00eb Ulqin n\u00eb kuad\u00ebr t\u00eb binjak\u00ebzimit t\u00eb k\u00ebsaj komune me Komun\u00ebn e Ulqinit. Marr\u00ebveshja u\" \/>\n<meta name=\"robots\" content=\"index, follow, max-snippet:-1, max-image-preview:large, max-video-preview:-1\" \/>\n<link rel=\"canonical\" href=\"https:\/\/www.visit-ulcinj.com\/blog\/2015\/09\/06\/nika-cfare-perfshine-marreveshja-e-arritur-e-bashkepunimit-ndermjet-ulqinit-dhe-decanit\/\" \/>\n<meta property=\"og:locale\" content=\"en_US\" \/>\n<meta property=\"og:type\" content=\"article\" \/>\n<meta property=\"og:title\" content=\"Nika: \u00c7far\u00eb p\u00ebrfshin\u00eb marr\u00ebveshja e arritur e bashk\u00ebpunimit nd\u00ebrmjet Ulqinit dhe De\u00e7anit - Lajme nga Ulqini\" \/>\n<meta property=\"og:description\" content=\"Para pak dit\u00ebve nj\u00eb delegacion i Komun\u00ebs s\u00eb De\u00e7anit\u00a0\u00a0 ishte n\u00eb Ulqin n\u00eb kuad\u00ebr t\u00eb binjak\u00ebzimit t\u00eb k\u00ebsaj komune me Komun\u00ebn e Ulqinit. Marr\u00ebveshja u\" \/>\n<meta property=\"og:url\" content=\"https:\/\/www.visit-ulcinj.com\/blog\/2015\/09\/06\/nika-cfare-perfshine-marreveshja-e-arritur-e-bashkepunimit-ndermjet-ulqinit-dhe-decanit\/\" \/>\n<meta property=\"og:site_name\" content=\"Lajme nga Ulqini\" \/>\n<meta property=\"article:published_time\" content=\"2015-09-06T21:09:55+00:00\" \/>\n<meta property=\"article:modified_time\" content=\"2015-09-06T21:19:21+00:00\" \/>\n<meta property=\"og:image\" content=\"http:\/\/www.visit-ulcinj.com\/blog\/wp-content\/uploads\/2015\/09\/Firmosja-e-marveshjes-se-komunes-Ulqinit-dhe-komunes-Decanit.jpg\" \/>\n<meta name=\"twitter:label1\" content=\"Written by\" \/>\n\t<meta name=\"twitter:data1\" content=\"ulqini\" \/>\n<script type=\"application\/ld+json\" class=\"yoast-schema-graph\">{\"@context\":\"https:\/\/schema.org\",\"@graph\":[{\"@type\":\"WebSite\",\"@id\":\"https:\/\/www.visit-ulcinj.com\/blog\/#website\",\"url\":\"https:\/\/www.visit-ulcinj.com\/blog\/\",\"name\":\"Lajme nga Ulqini\",\"description\":\"Lajme,Vijesti,Ulqini,Ulqin,Crna Gora,Mali i Zi\",\"potentialAction\":[{\"@type\":\"SearchAction\",\"target\":{\"@type\":\"EntryPoint\",\"urlTemplate\":\"https:\/\/www.visit-ulcinj.com\/blog\/?s={search_term_string}\"},\"query-input\":\"required name=search_term_string\"}],\"inLanguage\":\"en-US\"},{\"@type\":\"ImageObject\",\"inLanguage\":\"en-US\",\"@id\":\"https:\/\/www.visit-ulcinj.com\/blog\/2015\/09\/06\/nika-cfare-perfshine-marreveshja-e-arritur-e-bashkepunimit-ndermjet-ulqinit-dhe-decanit\/#primaryimage\",\"url\":\"https:\/\/www.visit-ulcinj.com\/blog\/wp-content\/uploads\/2015\/09\/Firmosja-e-marveshjes-se-komunes-Ulqinit-dhe-komunes-Decanit.jpg\",\"contentUrl\":\"https:\/\/www.visit-ulcinj.com\/blog\/wp-content\/uploads\/2015\/09\/Firmosja-e-marveshjes-se-komunes-Ulqinit-dhe-komunes-Decanit.jpg\",\"width\":700,\"height\":966},{\"@type\":\"WebPage\",\"@id\":\"https:\/\/www.visit-ulcinj.com\/blog\/2015\/09\/06\/nika-cfare-perfshine-marreveshja-e-arritur-e-bashkepunimit-ndermjet-ulqinit-dhe-decanit\/#webpage\",\"url\":\"https:\/\/www.visit-ulcinj.com\/blog\/2015\/09\/06\/nika-cfare-perfshine-marreveshja-e-arritur-e-bashkepunimit-ndermjet-ulqinit-dhe-decanit\/\",\"name\":\"Nika: \u00c7far\u00eb p\u00ebrfshin\u00eb marr\u00ebveshja e arritur e bashk\u00ebpunimit nd\u00ebrmjet Ulqinit dhe De\u00e7anit - Lajme nga Ulqini\",\"isPartOf\":{\"@id\":\"https:\/\/www.visit-ulcinj.com\/blog\/#website\"},\"primaryImageOfPage\":{\"@id\":\"https:\/\/www.visit-ulcinj.com\/blog\/2015\/09\/06\/nika-cfare-perfshine-marreveshja-e-arritur-e-bashkepunimit-ndermjet-ulqinit-dhe-decanit\/#primaryimage\"},\"datePublished\":\"2015-09-06T21:09:55+00:00\",\"dateModified\":\"2015-09-06T21:19:21+00:00\",\"author\":{\"@id\":\"https:\/\/www.visit-ulcinj.com\/blog\/#\/schema\/person\/dcab619c614d3038751c63bc2aadc06d\"},\"description\":\"Para pak dit\u00ebve nj\u00eb delegacion i Komun\u00ebs s\u00eb De\u00e7anit\u00a0\u00a0 ishte n\u00eb Ulqin n\u00eb kuad\u00ebr t\u00eb binjak\u00ebzimit t\u00eb k\u00ebsaj komune me Komun\u00ebn e Ulqinit. Marr\u00ebveshja u\",\"breadcrumb\":{\"@id\":\"https:\/\/www.visit-ulcinj.com\/blog\/2015\/09\/06\/nika-cfare-perfshine-marreveshja-e-arritur-e-bashkepunimit-ndermjet-ulqinit-dhe-decanit\/#breadcrumb\"},\"inLanguage\":\"en-US\",\"potentialAction\":[{\"@type\":\"ReadAction\",\"target\":[\"https:\/\/www.visit-ulcinj.com\/blog\/2015\/09\/06\/nika-cfare-perfshine-marreveshja-e-arritur-e-bashkepunimit-ndermjet-ulqinit-dhe-decanit\/\"]}]},{\"@type\":\"BreadcrumbList\",\"@id\":\"https:\/\/www.visit-ulcinj.com\/blog\/2015\/09\/06\/nika-cfare-perfshine-marreveshja-e-arritur-e-bashkepunimit-ndermjet-ulqinit-dhe-decanit\/#breadcrumb\",\"itemListElement\":[{\"@type\":\"ListItem\",\"position\":1,\"name\":\"Nika: \u00c7far\u00eb p\u00ebrfshin\u00eb marr\u00ebveshja e arritur e bashk\u00ebpunimit nd\u00ebrmjet Ulqinit dhe De\u00e7anit\"}]},{\"@type\":\"Person\",\"@id\":\"https:\/\/www.visit-ulcinj.com\/blog\/#\/schema\/person\/dcab619c614d3038751c63bc2aadc06d\",\"name\":\"ulqini\",\"sameAs\":[\"http:\/\/www.visit-ulcinj.com\"],\"url\":\"https:\/\/www.visit-ulcinj.com\/blog\/author\/admin\/\"}]}<\/script>\n<!-- \/ Yoast SEO plugin. -->","yoast_head_json":{"title":"Nika: \u00c7far\u00eb p\u00ebrfshin\u00eb marr\u00ebveshja e arritur e bashk\u00ebpunimit nd\u00ebrmjet Ulqinit dhe De\u00e7anit - Lajme nga Ulqini","description":"Para pak dit\u00ebve nj\u00eb delegacion i Komun\u00ebs s\u00eb De\u00e7anit\u00a0\u00a0 ishte n\u00eb Ulqin n\u00eb kuad\u00ebr t\u00eb binjak\u00ebzimit t\u00eb k\u00ebsaj komune me Komun\u00ebn e Ulqinit. Marr\u00ebveshja u","robots":{"index":"index","follow":"follow","max-snippet":"max-snippet:-1","max-image-preview":"max-image-preview:large","max-video-preview":"max-video-preview:-1"},"canonical":"https:\/\/www.visit-ulcinj.com\/blog\/2015\/09\/06\/nika-cfare-perfshine-marreveshja-e-arritur-e-bashkepunimit-ndermjet-ulqinit-dhe-decanit\/","og_locale":"en_US","og_type":"article","og_title":"Nika: \u00c7far\u00eb p\u00ebrfshin\u00eb marr\u00ebveshja e arritur e bashk\u00ebpunimit nd\u00ebrmjet Ulqinit dhe De\u00e7anit - Lajme nga Ulqini","og_description":"Para pak dit\u00ebve nj\u00eb delegacion i Komun\u00ebs s\u00eb De\u00e7anit\u00a0\u00a0 ishte n\u00eb Ulqin n\u00eb kuad\u00ebr t\u00eb binjak\u00ebzimit t\u00eb k\u00ebsaj komune me Komun\u00ebn e Ulqinit. Marr\u00ebveshja u","og_url":"https:\/\/www.visit-ulcinj.com\/blog\/2015\/09\/06\/nika-cfare-perfshine-marreveshja-e-arritur-e-bashkepunimit-ndermjet-ulqinit-dhe-decanit\/","og_site_name":"Lajme nga Ulqini","article_published_time":"2015-09-06T21:09:55+00:00","article_modified_time":"2015-09-06T21:19:21+00:00","og_image":[{"url":"http:\/\/www.visit-ulcinj.com\/blog\/wp-content\/uploads\/2015\/09\/Firmosja-e-marveshjes-se-komunes-Ulqinit-dhe-komunes-Decanit.jpg"}],"twitter_misc":{"Written by":"ulqini"},"schema":{"@context":"https:\/\/schema.org","@graph":[{"@type":"WebSite","@id":"https:\/\/www.visit-ulcinj.com\/blog\/#website","url":"https:\/\/www.visit-ulcinj.com\/blog\/","name":"Lajme nga Ulqini","description":"Lajme,Vijesti,Ulqini,Ulqin,Crna Gora,Mali i Zi","potentialAction":[{"@type":"SearchAction","target":{"@type":"EntryPoint","urlTemplate":"https:\/\/www.visit-ulcinj.com\/blog\/?s={search_term_string}"},"query-input":"required name=search_term_string"}],"inLanguage":"en-US"},{"@type":"ImageObject","inLanguage":"en-US","@id":"https:\/\/www.visit-ulcinj.com\/blog\/2015\/09\/06\/nika-cfare-perfshine-marreveshja-e-arritur-e-bashkepunimit-ndermjet-ulqinit-dhe-decanit\/#primaryimage","url":"https:\/\/www.visit-ulcinj.com\/blog\/wp-content\/uploads\/2015\/09\/Firmosja-e-marveshjes-se-komunes-Ulqinit-dhe-komunes-Decanit.jpg","contentUrl":"https:\/\/www.visit-ulcinj.com\/blog\/wp-content\/uploads\/2015\/09\/Firmosja-e-marveshjes-se-komunes-Ulqinit-dhe-komunes-Decanit.jpg","width":700,"height":966},{"@type":"WebPage","@id":"https:\/\/www.visit-ulcinj.com\/blog\/2015\/09\/06\/nika-cfare-perfshine-marreveshja-e-arritur-e-bashkepunimit-ndermjet-ulqinit-dhe-decanit\/#webpage","url":"https:\/\/www.visit-ulcinj.com\/blog\/2015\/09\/06\/nika-cfare-perfshine-marreveshja-e-arritur-e-bashkepunimit-ndermjet-ulqinit-dhe-decanit\/","name":"Nika: \u00c7far\u00eb p\u00ebrfshin\u00eb marr\u00ebveshja e arritur e bashk\u00ebpunimit nd\u00ebrmjet Ulqinit dhe De\u00e7anit - Lajme nga Ulqini","isPartOf":{"@id":"https:\/\/www.visit-ulcinj.com\/blog\/#website"},"primaryImageOfPage":{"@id":"https:\/\/www.visit-ulcinj.com\/blog\/2015\/09\/06\/nika-cfare-perfshine-marreveshja-e-arritur-e-bashkepunimit-ndermjet-ulqinit-dhe-decanit\/#primaryimage"},"datePublished":"2015-09-06T21:09:55+00:00","dateModified":"2015-09-06T21:19:21+00:00","author":{"@id":"https:\/\/www.visit-ulcinj.com\/blog\/#\/schema\/person\/dcab619c614d3038751c63bc2aadc06d"},"description":"Para pak dit\u00ebve nj\u00eb delegacion i Komun\u00ebs s\u00eb De\u00e7anit\u00a0\u00a0 ishte n\u00eb Ulqin n\u00eb kuad\u00ebr t\u00eb binjak\u00ebzimit t\u00eb k\u00ebsaj komune me Komun\u00ebn e Ulqinit. Marr\u00ebveshja u","breadcrumb":{"@id":"https:\/\/www.visit-ulcinj.com\/blog\/2015\/09\/06\/nika-cfare-perfshine-marreveshja-e-arritur-e-bashkepunimit-ndermjet-ulqinit-dhe-decanit\/#breadcrumb"},"inLanguage":"en-US","potentialAction":[{"@type":"ReadAction","target":["https:\/\/www.visit-ulcinj.com\/blog\/2015\/09\/06\/nika-cfare-perfshine-marreveshja-e-arritur-e-bashkepunimit-ndermjet-ulqinit-dhe-decanit\/"]}]},{"@type":"BreadcrumbList","@id":"https:\/\/www.visit-ulcinj.com\/blog\/2015\/09\/06\/nika-cfare-perfshine-marreveshja-e-arritur-e-bashkepunimit-ndermjet-ulqinit-dhe-decanit\/#breadcrumb","itemListElement":[{"@type":"ListItem","position":1,"name":"Nika: \u00c7far\u00eb p\u00ebrfshin\u00eb marr\u00ebveshja e arritur e bashk\u00ebpunimit nd\u00ebrmjet Ulqinit dhe De\u00e7anit"}]},{"@type":"Person","@id":"https:\/\/www.visit-ulcinj.com\/blog\/#\/schema\/person\/dcab619c614d3038751c63bc2aadc06d","name":"ulqini","sameAs":["http:\/\/www.visit-ulcinj.com"],"url":"https:\/\/www.visit-ulcinj.com\/blog\/author\/admin\/"}]}},"jetpack_featured_media_url":"","jetpack_sharing_enabled":true,"jetpack_shortlink":"https:\/\/wp.me\/pe6lTn-nYR","_links":{"self":[{"href":"https:\/\/www.visit-ulcinj.com\/blog\/wp-json\/wp\/v2\/posts\/92185"}],"collection":[{"href":"https:\/\/www.visit-ulcinj.com\/blog\/wp-json\/wp\/v2\/posts"}],"about":[{"href":"https:\/\/www.visit-ulcinj.com\/blog\/wp-json\/wp\/v2\/types\/post"}],"author":[{"embeddable":true,"href":"https:\/\/www.visit-ulcinj.com\/blog\/wp-json\/wp\/v2\/users\/1"}],"replies":[{"embeddable":true,"href":"https:\/\/www.visit-ulcinj.com\/blog\/wp-json\/wp\/v2\/comments?post=92185"}],"version-history":[{"count":1,"href":"https:\/\/www.visit-ulcinj.com\/blog\/wp-json\/wp\/v2\/posts\/92185\/revisions"}],"predecessor-version":[{"id":92187,"href":"https:\/\/www.visit-ulcinj.com\/blog\/wp-json\/wp\/v2\/posts\/92185\/revisions\/92187"}],"wp:attachment":[{"href":"https:\/\/www.visit-ulcinj.com\/blog\/wp-json\/wp\/v2\/media?parent=92185"}],"wp:term":[{"taxonomy":"category","embeddable":true,"href":"https:\/\/www.visit-ulcinj.com\/blog\/wp-json\/wp\/v2\/categories?post=92185"},{"taxonomy":"post_tag","embeddable":true,"href":"https:\/\/www.visit-ulcinj.com\/blog\/wp-json\/wp\/v2\/tags?post=92185"}],"curies":[{"name":"wp","href":"https:\/\/api.w.org\/{rel}","templated":true}]}}