{"id":92195,"date":"2015-09-01T13:33:05","date_gmt":"2015-09-01T12:33:05","guid":{"rendered":"http:\/\/www.visit-ulcinj.com\/blog\/?p=92195"},"modified":"2015-09-07T13:37:22","modified_gmt":"2015-09-07T12:37:22","slug":"fillojne-pergatitjet-per-hapjen-e-tenderit-per-hotel-ne-plazhin-e-madh","status":"publish","type":"post","link":"https:\/\/www.visit-ulcinj.com\/blog\/2015\/09\/01\/fillojne-pergatitjet-per-hapjen-e-tenderit-per-hotel-ne-plazhin-e-madh\/","title":{"rendered":"Fillojn\u00eb p\u00ebrgatitjet p\u00ebr hapjen e tenderit p\u00ebr hotel n\u00eb Plazhin e Madh"},"content":{"rendered":"<p><a href=\"http:\/\/www.visit-ulcinj.com\/blog\/wp-content\/uploads\/2010\/06\/velika-plaza_ulcinj_montenegro1.jpg\"><img loading=\"lazy\" class=\"alignleft wp-image-34729\" src=\"http:\/\/www.visit-ulcinj.com\/blog\/wp-content\/uploads\/2010\/06\/velika-plaza_ulcinj_montenegro1.jpg\" alt=\"velika-plaza_ulcinj_montenegro1\" width=\"508\" height=\"340\" srcset=\"https:\/\/www.visit-ulcinj.com\/blog\/wp-content\/uploads\/2010\/06\/velika-plaza_ulcinj_montenegro1.jpg 640w, https:\/\/www.visit-ulcinj.com\/blog\/wp-content\/uploads\/2010\/06\/velika-plaza_ulcinj_montenegro1-300x200.jpg 300w\" sizes=\"(max-width: 508px) 100vw, 508px\" \/><\/a>N\u00eb Podgoric\u00eb Ministri i turizmit dhe regullimit hapsinor Branimir Gvozdenoviq,mbajti takim me kryetarin e Forc\u00ebs Nazif Cungun, n\u00eb lidhje me pergaditjet p\u00ebr hapjen e tenderit p\u00ebr nd\u00ebrtimin e nj\u00eb hoteli n\u00eb Plazhin e madh dhe hapjen e tenderit p\u00ebr nd\u00ebrtimin e Marin\u00ebs n\u00eb Port Milen\u00eb, raporton portali Lajme.me.<\/p>\n<p>Shpresohet se tender\u00ebt do t\u00eb hapen deri n\u00eb fund t\u00eb muajit n\u00ebntor t\u00eb k\u00ebtij viti. N\u00eb pergaditjet e procedurave do t\u00eb marr\u00eb pjes\u00eb edhe NP T\u00eb Mirat Detare.<br \/>\nGjithashtu \u00ebsht\u00eb diskutuar p\u00ebr p\u00ebrgaditjen e dokumentacionit p\u00ebr marin\u00ebn n\u00eb Lima q\u00eb k\u00ebrkon koh\u00eb m\u00eb t\u00eb gjat\u00eb.<br \/>\nNj\u00eb tem\u00eb diskutimi e vecant\u00eb ishte problematika e kalimit kufitar n\u00eb Sukubin\u00eb. Ky kalim \u00ebsht\u00eb b\u00ebr\u00eb penges\u00eb e madhe p\u00ebr fluksin e madh t\u00eb turist\u00ebve gjat\u00eb sezonit turistik.<br \/>\nMinistri Gvozdenoviq ishte i njoftuar me k\u00ebt\u00eb problematik\u00eb dhe premtoi angazhimin e tij personal n\u00eb formimin e kushteve me t\u00eb mira n\u00eb k\u00ebt\u00eb pik\u00eb t\u00eb r\u00ebnd\u00ebsishme.<br \/>\nDisa drejtor t\u00eb Drejtorijateve,q\u00eb ishin t\u00eb pranish\u00ebm,u obliguan q\u00eb do t\u00eb p\u00ebrshpejtojn\u00eb procedurat dhe p\u00ebrgatisin dokumentacionet e duhura.<br \/>\nN\u00eb takim mori pjes\u00eb edhe Kryetari i Keshillit i te Mirave Detare Xhaudet Cakuli, si dhe deputeti Genci Nimanbegu.<br \/>\nSherbimi informativ i Forc\u00ebs<br \/>\nUlqin<\/p>\n","protected":false},"excerpt":{"rendered":"<p>N\u00eb Podgoric\u00eb Ministri i turizmit dhe regullimit hapsinor Branimir Gvozdenoviq,mbajti takim me kryetarin e Forc\u00ebs Nazif Cungun, n\u00eb lidhje me pergaditjet p\u00ebr hapjen e tenderit p\u00ebr nd\u00ebrtimin e nj\u00eb hoteli n\u00eb Plazhin e madh dhe hapjen e tenderit p\u00ebr nd\u00ebrtimin e Marin\u00ebs n\u00eb Port Milen\u00eb, raporton portali Lajme.me. Shpresohet se tender\u00ebt do t\u00eb hapen deri [&hellip;]<\/p>\n","protected":false},"author":1,"featured_media":0,"comment_status":"closed","ping_status":"closed","sticky":false,"template":"","format":"standard","meta":{"spay_email":"","jetpack_publicize_message":"","jetpack_is_tweetstorm":false,"jetpack_publicize_feature_enabled":true},"categories":[10],"tags":[],"jetpack_publicize_connections":[],"yoast_head":"<!-- This site is optimized with the Yoast SEO plugin v19.1 - https:\/\/yoast.com\/wordpress\/plugins\/seo\/ -->\n<title>Fillojn\u00eb p\u00ebrgatitjet p\u00ebr hapjen e tenderit p\u00ebr hotel n\u00eb Plazhin e Madh - Lajme nga Ulqini<\/title>\n<meta name=\"description\" content=\"N\u00eb Podgoric\u00eb Ministri i turizmit dhe regullimit hapsinor Branimir Gvozdenoviq,mbajti takim me kryetarin e Forc\u00ebs Nazif Cungun, n\u00eb lidhje me pergaditjet\" \/>\n<meta name=\"robots\" content=\"index, follow, max-snippet:-1, max-image-preview:large, max-video-preview:-1\" \/>\n<link rel=\"canonical\" href=\"https:\/\/www.visit-ulcinj.com\/blog\/2015\/09\/01\/fillojne-pergatitjet-per-hapjen-e-tenderit-per-hotel-ne-plazhin-e-madh\/\" \/>\n<meta property=\"og:locale\" content=\"en_US\" \/>\n<meta property=\"og:type\" content=\"article\" \/>\n<meta property=\"og:title\" content=\"Fillojn\u00eb p\u00ebrgatitjet p\u00ebr hapjen e tenderit p\u00ebr hotel n\u00eb Plazhin e Madh - Lajme nga Ulqini\" \/>\n<meta property=\"og:description\" content=\"N\u00eb Podgoric\u00eb Ministri i turizmit dhe regullimit hapsinor Branimir Gvozdenoviq,mbajti takim me kryetarin e Forc\u00ebs Nazif Cungun, n\u00eb lidhje me pergaditjet\" \/>\n<meta property=\"og:url\" content=\"https:\/\/www.visit-ulcinj.com\/blog\/2015\/09\/01\/fillojne-pergatitjet-per-hapjen-e-tenderit-per-hotel-ne-plazhin-e-madh\/\" \/>\n<meta property=\"og:site_name\" content=\"Lajme nga Ulqini\" \/>\n<meta property=\"article:published_time\" content=\"2015-09-01T12:33:05+00:00\" \/>\n<meta property=\"article:modified_time\" content=\"2015-09-07T12:37:22+00:00\" \/>\n<meta property=\"og:image\" content=\"http:\/\/www.visit-ulcinj.com\/blog\/wp-content\/uploads\/2010\/06\/velika-plaza_ulcinj_montenegro1.jpg\" \/>\n<meta name=\"twitter:label1\" content=\"Written by\" \/>\n\t<meta name=\"twitter:data1\" content=\"ulqini\" \/>\n\t<meta name=\"twitter:label2\" content=\"Est. reading time\" \/>\n\t<meta name=\"twitter:data2\" content=\"1 minute\" \/>\n<script type=\"application\/ld+json\" class=\"yoast-schema-graph\">{\"@context\":\"https:\/\/schema.org\",\"@graph\":[{\"@type\":\"WebSite\",\"@id\":\"https:\/\/www.visit-ulcinj.com\/blog\/#website\",\"url\":\"https:\/\/www.visit-ulcinj.com\/blog\/\",\"name\":\"Lajme nga Ulqini\",\"description\":\"Lajme,Vijesti,Ulqini,Ulqin,Crna Gora,Mali i Zi\",\"potentialAction\":[{\"@type\":\"SearchAction\",\"target\":{\"@type\":\"EntryPoint\",\"urlTemplate\":\"https:\/\/www.visit-ulcinj.com\/blog\/?s={search_term_string}\"},\"query-input\":\"required name=search_term_string\"}],\"inLanguage\":\"en-US\"},{\"@type\":\"ImageObject\",\"inLanguage\":\"en-US\",\"@id\":\"https:\/\/www.visit-ulcinj.com\/blog\/2015\/09\/01\/fillojne-pergatitjet-per-hapjen-e-tenderit-per-hotel-ne-plazhin-e-madh\/#primaryimage\",\"url\":\"https:\/\/www.visit-ulcinj.com\/blog\/wp-content\/uploads\/2010\/06\/velika-plaza_ulcinj_montenegro1.jpg\",\"contentUrl\":\"https:\/\/www.visit-ulcinj.com\/blog\/wp-content\/uploads\/2010\/06\/velika-plaza_ulcinj_montenegro1.jpg\",\"width\":\"640\",\"height\":\"428\"},{\"@type\":\"WebPage\",\"@id\":\"https:\/\/www.visit-ulcinj.com\/blog\/2015\/09\/01\/fillojne-pergatitjet-per-hapjen-e-tenderit-per-hotel-ne-plazhin-e-madh\/#webpage\",\"url\":\"https:\/\/www.visit-ulcinj.com\/blog\/2015\/09\/01\/fillojne-pergatitjet-per-hapjen-e-tenderit-per-hotel-ne-plazhin-e-madh\/\",\"name\":\"Fillojn\u00eb p\u00ebrgatitjet p\u00ebr hapjen e tenderit p\u00ebr hotel n\u00eb Plazhin e Madh - Lajme nga Ulqini\",\"isPartOf\":{\"@id\":\"https:\/\/www.visit-ulcinj.com\/blog\/#website\"},\"primaryImageOfPage\":{\"@id\":\"https:\/\/www.visit-ulcinj.com\/blog\/2015\/09\/01\/fillojne-pergatitjet-per-hapjen-e-tenderit-per-hotel-ne-plazhin-e-madh\/#primaryimage\"},\"datePublished\":\"2015-09-01T12:33:05+00:00\",\"dateModified\":\"2015-09-07T12:37:22+00:00\",\"author\":{\"@id\":\"https:\/\/www.visit-ulcinj.com\/blog\/#\/schema\/person\/dcab619c614d3038751c63bc2aadc06d\"},\"description\":\"N\u00eb Podgoric\u00eb Ministri i turizmit dhe regullimit hapsinor Branimir Gvozdenoviq,mbajti takim me kryetarin e Forc\u00ebs Nazif Cungun, n\u00eb lidhje me pergaditjet\",\"breadcrumb\":{\"@id\":\"https:\/\/www.visit-ulcinj.com\/blog\/2015\/09\/01\/fillojne-pergatitjet-per-hapjen-e-tenderit-per-hotel-ne-plazhin-e-madh\/#breadcrumb\"},\"inLanguage\":\"en-US\",\"potentialAction\":[{\"@type\":\"ReadAction\",\"target\":[\"https:\/\/www.visit-ulcinj.com\/blog\/2015\/09\/01\/fillojne-pergatitjet-per-hapjen-e-tenderit-per-hotel-ne-plazhin-e-madh\/\"]}]},{\"@type\":\"BreadcrumbList\",\"@id\":\"https:\/\/www.visit-ulcinj.com\/blog\/2015\/09\/01\/fillojne-pergatitjet-per-hapjen-e-tenderit-per-hotel-ne-plazhin-e-madh\/#breadcrumb\",\"itemListElement\":[{\"@type\":\"ListItem\",\"position\":1,\"name\":\"Fillojn\u00eb p\u00ebrgatitjet p\u00ebr hapjen e tenderit p\u00ebr hotel n\u00eb Plazhin e Madh\"}]},{\"@type\":\"Person\",\"@id\":\"https:\/\/www.visit-ulcinj.com\/blog\/#\/schema\/person\/dcab619c614d3038751c63bc2aadc06d\",\"name\":\"ulqini\",\"sameAs\":[\"http:\/\/www.visit-ulcinj.com\"],\"url\":\"https:\/\/www.visit-ulcinj.com\/blog\/author\/admin\/\"}]}<\/script>\n<!-- \/ Yoast SEO plugin. -->","yoast_head_json":{"title":"Fillojn\u00eb p\u00ebrgatitjet p\u00ebr hapjen e tenderit p\u00ebr hotel n\u00eb Plazhin e Madh - Lajme nga Ulqini","description":"N\u00eb Podgoric\u00eb Ministri i turizmit dhe regullimit hapsinor Branimir Gvozdenoviq,mbajti takim me kryetarin e Forc\u00ebs Nazif Cungun, n\u00eb lidhje me pergaditjet","robots":{"index":"index","follow":"follow","max-snippet":"max-snippet:-1","max-image-preview":"max-image-preview:large","max-video-preview":"max-video-preview:-1"},"canonical":"https:\/\/www.visit-ulcinj.com\/blog\/2015\/09\/01\/fillojne-pergatitjet-per-hapjen-e-tenderit-per-hotel-ne-plazhin-e-madh\/","og_locale":"en_US","og_type":"article","og_title":"Fillojn\u00eb p\u00ebrgatitjet p\u00ebr hapjen e tenderit p\u00ebr hotel n\u00eb Plazhin e Madh - Lajme nga Ulqini","og_description":"N\u00eb Podgoric\u00eb Ministri i turizmit dhe regullimit hapsinor Branimir Gvozdenoviq,mbajti takim me kryetarin e Forc\u00ebs Nazif Cungun, n\u00eb lidhje me pergaditjet","og_url":"https:\/\/www.visit-ulcinj.com\/blog\/2015\/09\/01\/fillojne-pergatitjet-per-hapjen-e-tenderit-per-hotel-ne-plazhin-e-madh\/","og_site_name":"Lajme nga Ulqini","article_published_time":"2015-09-01T12:33:05+00:00","article_modified_time":"2015-09-07T12:37:22+00:00","og_image":[{"url":"http:\/\/www.visit-ulcinj.com\/blog\/wp-content\/uploads\/2010\/06\/velika-plaza_ulcinj_montenegro1.jpg"}],"twitter_misc":{"Written by":"ulqini","Est. reading time":"1 minute"},"schema":{"@context":"https:\/\/schema.org","@graph":[{"@type":"WebSite","@id":"https:\/\/www.visit-ulcinj.com\/blog\/#website","url":"https:\/\/www.visit-ulcinj.com\/blog\/","name":"Lajme nga Ulqini","description":"Lajme,Vijesti,Ulqini,Ulqin,Crna Gora,Mali i Zi","potentialAction":[{"@type":"SearchAction","target":{"@type":"EntryPoint","urlTemplate":"https:\/\/www.visit-ulcinj.com\/blog\/?s={search_term_string}"},"query-input":"required name=search_term_string"}],"inLanguage":"en-US"},{"@type":"ImageObject","inLanguage":"en-US","@id":"https:\/\/www.visit-ulcinj.com\/blog\/2015\/09\/01\/fillojne-pergatitjet-per-hapjen-e-tenderit-per-hotel-ne-plazhin-e-madh\/#primaryimage","url":"https:\/\/www.visit-ulcinj.com\/blog\/wp-content\/uploads\/2010\/06\/velika-plaza_ulcinj_montenegro1.jpg","contentUrl":"https:\/\/www.visit-ulcinj.com\/blog\/wp-content\/uploads\/2010\/06\/velika-plaza_ulcinj_montenegro1.jpg","width":"640","height":"428"},{"@type":"WebPage","@id":"https:\/\/www.visit-ulcinj.com\/blog\/2015\/09\/01\/fillojne-pergatitjet-per-hapjen-e-tenderit-per-hotel-ne-plazhin-e-madh\/#webpage","url":"https:\/\/www.visit-ulcinj.com\/blog\/2015\/09\/01\/fillojne-pergatitjet-per-hapjen-e-tenderit-per-hotel-ne-plazhin-e-madh\/","name":"Fillojn\u00eb p\u00ebrgatitjet p\u00ebr hapjen e tenderit p\u00ebr hotel n\u00eb Plazhin e Madh - Lajme nga Ulqini","isPartOf":{"@id":"https:\/\/www.visit-ulcinj.com\/blog\/#website"},"primaryImageOfPage":{"@id":"https:\/\/www.visit-ulcinj.com\/blog\/2015\/09\/01\/fillojne-pergatitjet-per-hapjen-e-tenderit-per-hotel-ne-plazhin-e-madh\/#primaryimage"},"datePublished":"2015-09-01T12:33:05+00:00","dateModified":"2015-09-07T12:37:22+00:00","author":{"@id":"https:\/\/www.visit-ulcinj.com\/blog\/#\/schema\/person\/dcab619c614d3038751c63bc2aadc06d"},"description":"N\u00eb Podgoric\u00eb Ministri i turizmit dhe regullimit hapsinor Branimir Gvozdenoviq,mbajti takim me kryetarin e Forc\u00ebs Nazif Cungun, n\u00eb lidhje me pergaditjet","breadcrumb":{"@id":"https:\/\/www.visit-ulcinj.com\/blog\/2015\/09\/01\/fillojne-pergatitjet-per-hapjen-e-tenderit-per-hotel-ne-plazhin-e-madh\/#breadcrumb"},"inLanguage":"en-US","potentialAction":[{"@type":"ReadAction","target":["https:\/\/www.visit-ulcinj.com\/blog\/2015\/09\/01\/fillojne-pergatitjet-per-hapjen-e-tenderit-per-hotel-ne-plazhin-e-madh\/"]}]},{"@type":"BreadcrumbList","@id":"https:\/\/www.visit-ulcinj.com\/blog\/2015\/09\/01\/fillojne-pergatitjet-per-hapjen-e-tenderit-per-hotel-ne-plazhin-e-madh\/#breadcrumb","itemListElement":[{"@type":"ListItem","position":1,"name":"Fillojn\u00eb p\u00ebrgatitjet p\u00ebr hapjen e tenderit p\u00ebr hotel n\u00eb Plazhin e Madh"}]},{"@type":"Person","@id":"https:\/\/www.visit-ulcinj.com\/blog\/#\/schema\/person\/dcab619c614d3038751c63bc2aadc06d","name":"ulqini","sameAs":["http:\/\/www.visit-ulcinj.com"],"url":"https:\/\/www.visit-ulcinj.com\/blog\/author\/admin\/"}]}},"jetpack_featured_media_url":"","jetpack_sharing_enabled":true,"jetpack_shortlink":"https:\/\/wp.me\/pe6lTn-nZ1","_links":{"self":[{"href":"https:\/\/www.visit-ulcinj.com\/blog\/wp-json\/wp\/v2\/posts\/92195"}],"collection":[{"href":"https:\/\/www.visit-ulcinj.com\/blog\/wp-json\/wp\/v2\/posts"}],"about":[{"href":"https:\/\/www.visit-ulcinj.com\/blog\/wp-json\/wp\/v2\/types\/post"}],"author":[{"embeddable":true,"href":"https:\/\/www.visit-ulcinj.com\/blog\/wp-json\/wp\/v2\/users\/1"}],"replies":[{"embeddable":true,"href":"https:\/\/www.visit-ulcinj.com\/blog\/wp-json\/wp\/v2\/comments?post=92195"}],"version-history":[{"count":1,"href":"https:\/\/www.visit-ulcinj.com\/blog\/wp-json\/wp\/v2\/posts\/92195\/revisions"}],"predecessor-version":[{"id":92196,"href":"https:\/\/www.visit-ulcinj.com\/blog\/wp-json\/wp\/v2\/posts\/92195\/revisions\/92196"}],"wp:attachment":[{"href":"https:\/\/www.visit-ulcinj.com\/blog\/wp-json\/wp\/v2\/media?parent=92195"}],"wp:term":[{"taxonomy":"category","embeddable":true,"href":"https:\/\/www.visit-ulcinj.com\/blog\/wp-json\/wp\/v2\/categories?post=92195"},{"taxonomy":"post_tag","embeddable":true,"href":"https:\/\/www.visit-ulcinj.com\/blog\/wp-json\/wp\/v2\/tags?post=92195"}],"curies":[{"name":"wp","href":"https:\/\/api.w.org\/{rel}","templated":true}]}}