{"id":92204,"date":"2015-09-07T17:30:37","date_gmt":"2015-09-07T16:30:37","guid":{"rendered":"http:\/\/www.visit-ulcinj.com\/blog\/?p=92204"},"modified":"2015-09-07T17:30:37","modified_gmt":"2015-09-07T16:30:37","slug":"lidhja-demokratike-ne-mal-te-zi-shenon-25-vjetorin","status":"publish","type":"post","link":"https:\/\/www.visit-ulcinj.com\/blog\/2015\/09\/07\/lidhja-demokratike-ne-mal-te-zi-shenon-25-vjetorin\/","title":{"rendered":"Lidhja Demokratike n\u00eb Mal t\u00eb Zi sh\u00ebnon 25-vjetorin"},"content":{"rendered":"<p><a href=\"http:\/\/www.visit-ulcinj.com\/blog\/wp-content\/uploads\/2015\/09\/25-Vjetori-i-LDMZ.jpg\"><img loading=\"lazy\" class=\"alignleft wp-image-92205\" src=\"http:\/\/www.visit-ulcinj.com\/blog\/wp-content\/uploads\/2015\/09\/25-Vjetori-i-LDMZ.jpg\" alt=\"25-Vjetori-i-LDMZ\" width=\"508\" height=\"381\" srcset=\"https:\/\/www.visit-ulcinj.com\/blog\/wp-content\/uploads\/2015\/09\/25-Vjetori-i-LDMZ.jpg 1000w, https:\/\/www.visit-ulcinj.com\/blog\/wp-content\/uploads\/2015\/09\/25-Vjetori-i-LDMZ-300x225.jpg 300w\" sizes=\"(max-width: 508px) 100vw, 508px\" \/><\/a>T\u00eb nderuar an\u00ebtare dhe an\u00ebtar\u00eb t\u00eb Lidhjes Demokratike n\u00eb Mal t\u00eb Zi,<br \/>\nT\u00eb nderuar p\u00ebrkrah\u00ebs,<br \/>\nT\u00eb nderuar qytetare e qytetar\u00eb,<br \/>\nMe 9 shtator 2015, k\u00ebsaj t\u00eb m\u00ebrkur\u00eb, mbush\u00ebn plot 25 vjet, kur m\u00eb 9 shtator 1990, pas p\u00ebrgatitjeve t\u00eb b\u00ebra, u mblodh\u00ebn n\u00eb Tuz t\u00eb Mal\u00ebsis\u00eb p\u00ebrfaq\u00ebsuesit nga t\u00eb gjitha trevat shqiptare, sot n\u00eb Malin e Zi: nga Ulqini e Ana e Malit, nga Kraja &#8211; Tivari, Tuzi -Mal\u00ebsia, Plava e Gucia dhe Rozhaja dhe themeluan, subjektin e par\u00eb politik t\u00eb shqiptar\u00ebve, sot n\u00eb Malin e Zi, <strong>Lidhjen Demokratike n\u00eb Mal t\u00eb Zi,<\/strong> q\u00eb ishte dhe \u00ebsht\u00eb simotra e LDK-s\u00eb, t\u00eb Kryetarit e Presidentit historik dr. Ibrahim Rugova, partis\u00eb s\u00eb par\u00eb politike shqiptare n\u00eb ish-Jugosllavin\u00eb (23 dhjetor 1989).<br \/>\nGjat\u00eb gjith\u00eb k\u00ebtyre viteve, nj\u00eb \u00e7erekshekulli veprimtari, p\u00ebrkund\u00ebr v\u00ebshtir\u00ebsive e pengesave t\u00eb shumta dhe t\u00eb llojllojshme, me t\u00eb cilat u p\u00ebrball\u00ebm: sulme, trillime, shpifje, k\u00ebrc\u00ebnime t\u00eb natyrave t\u00eb ndryshme, nga jasht\u00eb, her\u00eb-her\u00eb edhe nga p\u00ebrmbrenda, ia dol\u00ebm t\u00eb q\u00ebndrojm\u00eb e t\u00eb veprojm\u00eb pa u luhatur, t\u00eb jemi n\u00eb vazhdim\u00ebsi parti parlamentare, parti e cila nuk i shkeli asnj\u00ebher\u00eb parimet dhe q\u00ebllimet p\u00ebr t\u00eb mbrojtur interesat e t\u00eb drejtat e shqiptar\u00ebve, por edhe t\u00eb tjer\u00ebve pa dallim, parimet dhe zhvillimet demokratike, interesin mbar\u00ebkomb\u00ebtar.<br \/>\nPrandaj, me lejoni q\u00eb me k\u00ebnaq\u00ebsin\u00eb m\u00eb t\u00eb madhe T&#8217;JU UROJ 25-VJETORIN E THEMELIMIT T\u00cb LIDHJES DEMOKRATIKE N\u00cb MAL T\u00cb ZI, T&#8217;JU UROJ K\u00cbT\u00cb JUBILE, JUBILE T\u00cb MADH, I CILI DO T\u00cb MBET\u00cbT KRENARI KOMB\u00cbTARE E MBAR\u00cbKOMB\u00cbTARE.<br \/>\nN\u00eb k\u00ebto momente festimi e krenarie i fal\u00ebnderoj dhe uroj t\u00eb gjith\u00eb. S\u00eb pari, uroj themeluesit, n\u00ebnshkruesit e aktit t\u00eb themelimit, po edhe ata q\u00eb na p\u00ebrkrah\u00ebn gjith\u00eb k\u00ebto vite (q\u00eb kishte edhe vite lufte e vite t\u00eb refugjat\u00ebve, t\u00eb d\u00ebbuar\u00ebve me dhun\u00eb e zjarr t\u00eb qindramij\u00ebra kosovar\u00ebve nga soldateska serbo-sllave), n\u00eb cilatdo forma, i fal\u00ebnderoj zgjedh\u00ebsit t\u00eb cil\u00ebt pat\u00ebn guximin, men\u00e7urin\u00eb dhe k\u00ebnaq\u00ebsin\u00eb t\u00eb rrumbullaksojn\u00eb, n\u00eb zgjedhjet lokale e parlamentare, LD n\u00eb MZ- n\u00eb.<\/p>\n<p>Fal\u00ebnderojm\u00eb m\u00ebrgat\u00ebn shqiptare kudo q\u00eb gjend\u00ebn, n\u00eb SHBA, Evrop\u00eb e vende t\u00eb tjera. Posa\u00e7\u00ebrisht fal\u00ebnderojm\u00eb an\u00ebtar\u00ebt, aktivist\u00ebt dhe udh\u00ebheq\u00ebsin\u00eb e par\u00eb dhe t\u00eb m\u00ebvonshme t\u00eb Deg\u00ebs s\u00eb \u00c7ikagos t\u00eb LD n\u00eb MZ-s\u00eb, dhe qendrat n\u00eb Nju Jork e Gjermani.<br \/>\nFal\u00ebnderoj shum\u00eb p\u00ebr p\u00ebrkrahjen q\u00eb pat\u00ebm nga subjektet simotra nga Kosova, Shqip\u00ebria, Maqedonia e Presheva.<br \/>\nFal\u00ebnderoj mediat, ato t\u00eb cilat n\u00eb m\u00ebnyr\u00eb profesionale raportuan p\u00ebr aktivitetet tona, me \u00e7ka na ndihmuan ne dhe proceset demokratike e komb\u00ebtare.<br \/>\nNj\u00eb fal\u00ebnderim t\u00eb posa\u00e7\u00ebm u drejtoj t\u00eb gjith\u00eb atyre an\u00ebtar\u00ebve e veprimtar\u00ebve t\u00eb cil\u00ebt sot nuk jan\u00eb m\u00eb n\u00eb mesin ton\u00eb. Atyre u qoft\u00eb i leht\u00eb dheu i tok\u00ebs arbnore.<br \/>\nFal\u00ebnderoj edhe ata e ato, t\u00eb cil\u00ebt na p\u00ebrkrah\u00ebn n\u00eb fillimet e shum\u00ebpartiak\u00ebsis\u00eb, e pastaj p\u00ebr arsye t\u00eb ndryshme u larguan, n\u00eb heshtje. I fal\u00ebnderoj sepse na p\u00ebrkrah\u00ebn at\u00ebher\u00eb kur ishte nevoja m\u00eb e madhe edhe p\u00ebr guximin qytetar e komb\u00ebtar. Atyre u themi se dyert e Lidhjes jan\u00eb gjith\u00ebher\u00eb t\u00eb hapura. Me k\u00ebt\u00eb do t\u00eb fitoj\u00eb \u00e7\u00ebshtja shqiptare e demokracia. \u00cbsht\u00eb koha p\u00ebr bashkim.<br \/>\nN\u00eb fund fare, fal\u00ebnderoj edhe t\u00eb gjith\u00eb ata q\u00eb na k\u00ebshilluan apo edhe na kritikuan me q\u00ebllim q\u00eb t&#8217;i evitojm\u00eb t\u00eb metat tona, n\u00eb k\u00ebt\u00eb rrug\u00ebtim sa t\u00eb lavdish\u00ebm e q\u00ebllimmir\u00eb, aq edhe t\u00eb v\u00ebshtir\u00eb e me plot pengesa edhe t\u00eb paprituna.<br \/>\nNd\u00ebrsa, atyre q\u00eb p\u00ebr arsye apo interesa t\u00eb ndryshme, t\u00eb ngushta personale &#8220;fitimpruese&#8221; dhe atyre t\u00eb cil\u00ebt n\u00eb ndonj\u00ebfar\u00eb m\u00ebnyre ishin apo jan\u00eb t\u00eb kapur, u themi se nuk do t\u00eb na ken\u00eb bashkudh\u00ebtar\u00eb.<br \/>\nPRA, URIME 25-VJET LIDHJA DEMOKRATIKE N\u00cb MAL T\u00cb ZI!<br \/>\nQOFSHI FAQEBARDH\u00cb!<br \/>\nP.S. Me ket\u00eb rast u k\u00ebrkoj falje, atyre, p\u00ebrfaq\u00ebsuesve t\u00eb ndonj\u00eb dege, an\u00ebtari t\u00eb LD n\u00eb MZ, apo ndonj\u00eb mysafiri q\u00eb rast\u00ebsisht nuk i ka mb\u00ebrri ftesa p\u00ebr ceremonin\u00eb e festimit t\u00eb 25-vjetorit q\u00eb do t\u00eb mbahet n\u00eb hotelin MEDITERAN n\u00eb Ulqin , n\u00eb dit\u00ebn e themelimit t\u00eb LD n\u00eb MZ-s\u00eb, m\u00eb 9 shtator 2015 n\u00eb or\u00ebn 20:00.<br \/>\n<strong>URIME!<br \/>\nG\u00cbZUAR 25-VJETORI!<\/p>\n<p>MEHMET BARDHI, kryetar i LD n\u00eb MZ<\/p>\n<p><\/strong>M\u00eb 5 shtator 2015<\/p>\n","protected":false},"excerpt":{"rendered":"<p>T\u00eb nderuar an\u00ebtare dhe an\u00ebtar\u00eb t\u00eb Lidhjes Demokratike n\u00eb Mal t\u00eb Zi, T\u00eb nderuar p\u00ebrkrah\u00ebs, T\u00eb nderuar qytetare e qytetar\u00eb, Me 9 shtator 2015, k\u00ebsaj t\u00eb m\u00ebrkur\u00eb, mbush\u00ebn plot 25 vjet, kur m\u00eb 9 shtator 1990, pas p\u00ebrgatitjeve t\u00eb b\u00ebra, u mblodh\u00ebn n\u00eb Tuz t\u00eb Mal\u00ebsis\u00eb p\u00ebrfaq\u00ebsuesit nga t\u00eb gjitha trevat shqiptare, sot n\u00eb Malin [&hellip;]<\/p>\n","protected":false},"author":1,"featured_media":0,"comment_status":"closed","ping_status":"closed","sticky":false,"template":"","format":"standard","meta":{"spay_email":"","jetpack_publicize_message":"","jetpack_is_tweetstorm":false,"jetpack_publicize_feature_enabled":true},"categories":[13],"tags":[],"jetpack_publicize_connections":[],"yoast_head":"<!-- This site is optimized with the Yoast SEO plugin v19.1 - https:\/\/yoast.com\/wordpress\/plugins\/seo\/ -->\n<title>Lidhja Demokratike n\u00eb Mal t\u00eb Zi sh\u00ebnon 25-vjetorin - Lajme nga Ulqini<\/title>\n<meta name=\"description\" content=\"T\u00eb nderuar an\u00ebtare dhe an\u00ebtar\u00eb t\u00eb Lidhjes Demokratike n\u00eb Mal t\u00eb Zi, T\u00eb nderuar p\u00ebrkrah\u00ebs, T\u00eb nderuar qytetare e qytetar\u00eb, Me 9 shtator 2015, k\u00ebsaj t\u00eb\" \/>\n<meta name=\"robots\" content=\"index, follow, max-snippet:-1, max-image-preview:large, max-video-preview:-1\" \/>\n<link rel=\"canonical\" href=\"https:\/\/www.visit-ulcinj.com\/blog\/2015\/09\/07\/lidhja-demokratike-ne-mal-te-zi-shenon-25-vjetorin\/\" \/>\n<meta property=\"og:locale\" content=\"en_US\" \/>\n<meta property=\"og:type\" content=\"article\" \/>\n<meta property=\"og:title\" content=\"Lidhja Demokratike n\u00eb Mal t\u00eb Zi sh\u00ebnon 25-vjetorin - Lajme nga Ulqini\" \/>\n<meta property=\"og:description\" content=\"T\u00eb nderuar an\u00ebtare dhe an\u00ebtar\u00eb t\u00eb Lidhjes Demokratike n\u00eb Mal t\u00eb Zi, T\u00eb nderuar p\u00ebrkrah\u00ebs, T\u00eb nderuar qytetare e qytetar\u00eb, Me 9 shtator 2015, k\u00ebsaj t\u00eb\" \/>\n<meta property=\"og:url\" content=\"https:\/\/www.visit-ulcinj.com\/blog\/2015\/09\/07\/lidhja-demokratike-ne-mal-te-zi-shenon-25-vjetorin\/\" \/>\n<meta property=\"og:site_name\" content=\"Lajme nga Ulqini\" \/>\n<meta property=\"article:published_time\" content=\"2015-09-07T16:30:37+00:00\" \/>\n<meta property=\"og:image\" content=\"http:\/\/www.visit-ulcinj.com\/blog\/wp-content\/uploads\/2015\/09\/25-Vjetori-i-LDMZ.jpg\" \/>\n<meta name=\"twitter:label1\" content=\"Written by\" \/>\n\t<meta name=\"twitter:data1\" content=\"ulqini\" \/>\n\t<meta name=\"twitter:label2\" content=\"Est. reading time\" \/>\n\t<meta name=\"twitter:data2\" content=\"4 minutes\" \/>\n<script type=\"application\/ld+json\" class=\"yoast-schema-graph\">{\"@context\":\"https:\/\/schema.org\",\"@graph\":[{\"@type\":\"WebSite\",\"@id\":\"https:\/\/www.visit-ulcinj.com\/blog\/#website\",\"url\":\"https:\/\/www.visit-ulcinj.com\/blog\/\",\"name\":\"Lajme nga Ulqini\",\"description\":\"Lajme,Vijesti,Ulqini,Ulqin,Crna Gora,Mali i Zi\",\"potentialAction\":[{\"@type\":\"SearchAction\",\"target\":{\"@type\":\"EntryPoint\",\"urlTemplate\":\"https:\/\/www.visit-ulcinj.com\/blog\/?s={search_term_string}\"},\"query-input\":\"required name=search_term_string\"}],\"inLanguage\":\"en-US\"},{\"@type\":\"ImageObject\",\"inLanguage\":\"en-US\",\"@id\":\"https:\/\/www.visit-ulcinj.com\/blog\/2015\/09\/07\/lidhja-demokratike-ne-mal-te-zi-shenon-25-vjetorin\/#primaryimage\",\"url\":\"https:\/\/www.visit-ulcinj.com\/blog\/wp-content\/uploads\/2015\/09\/25-Vjetori-i-LDMZ.jpg\",\"contentUrl\":\"https:\/\/www.visit-ulcinj.com\/blog\/wp-content\/uploads\/2015\/09\/25-Vjetori-i-LDMZ.jpg\",\"width\":1000,\"height\":750},{\"@type\":\"WebPage\",\"@id\":\"https:\/\/www.visit-ulcinj.com\/blog\/2015\/09\/07\/lidhja-demokratike-ne-mal-te-zi-shenon-25-vjetorin\/#webpage\",\"url\":\"https:\/\/www.visit-ulcinj.com\/blog\/2015\/09\/07\/lidhja-demokratike-ne-mal-te-zi-shenon-25-vjetorin\/\",\"name\":\"Lidhja Demokratike n\u00eb Mal t\u00eb Zi sh\u00ebnon 25-vjetorin - Lajme nga Ulqini\",\"isPartOf\":{\"@id\":\"https:\/\/www.visit-ulcinj.com\/blog\/#website\"},\"primaryImageOfPage\":{\"@id\":\"https:\/\/www.visit-ulcinj.com\/blog\/2015\/09\/07\/lidhja-demokratike-ne-mal-te-zi-shenon-25-vjetorin\/#primaryimage\"},\"datePublished\":\"2015-09-07T16:30:37+00:00\",\"dateModified\":\"2015-09-07T16:30:37+00:00\",\"author\":{\"@id\":\"https:\/\/www.visit-ulcinj.com\/blog\/#\/schema\/person\/dcab619c614d3038751c63bc2aadc06d\"},\"description\":\"T\u00eb nderuar an\u00ebtare dhe an\u00ebtar\u00eb t\u00eb Lidhjes Demokratike n\u00eb Mal t\u00eb Zi, T\u00eb nderuar p\u00ebrkrah\u00ebs, T\u00eb nderuar qytetare e qytetar\u00eb, Me 9 shtator 2015, k\u00ebsaj t\u00eb\",\"breadcrumb\":{\"@id\":\"https:\/\/www.visit-ulcinj.com\/blog\/2015\/09\/07\/lidhja-demokratike-ne-mal-te-zi-shenon-25-vjetorin\/#breadcrumb\"},\"inLanguage\":\"en-US\",\"potentialAction\":[{\"@type\":\"ReadAction\",\"target\":[\"https:\/\/www.visit-ulcinj.com\/blog\/2015\/09\/07\/lidhja-demokratike-ne-mal-te-zi-shenon-25-vjetorin\/\"]}]},{\"@type\":\"BreadcrumbList\",\"@id\":\"https:\/\/www.visit-ulcinj.com\/blog\/2015\/09\/07\/lidhja-demokratike-ne-mal-te-zi-shenon-25-vjetorin\/#breadcrumb\",\"itemListElement\":[{\"@type\":\"ListItem\",\"position\":1,\"name\":\"Lidhja Demokratike n\u00eb Mal t\u00eb Zi sh\u00ebnon 25-vjetorin\"}]},{\"@type\":\"Person\",\"@id\":\"https:\/\/www.visit-ulcinj.com\/blog\/#\/schema\/person\/dcab619c614d3038751c63bc2aadc06d\",\"name\":\"ulqini\",\"sameAs\":[\"http:\/\/www.visit-ulcinj.com\"],\"url\":\"https:\/\/www.visit-ulcinj.com\/blog\/author\/admin\/\"}]}<\/script>\n<!-- \/ Yoast SEO plugin. -->","yoast_head_json":{"title":"Lidhja Demokratike n\u00eb Mal t\u00eb Zi sh\u00ebnon 25-vjetorin - Lajme nga Ulqini","description":"T\u00eb nderuar an\u00ebtare dhe an\u00ebtar\u00eb t\u00eb Lidhjes Demokratike n\u00eb Mal t\u00eb Zi, T\u00eb nderuar p\u00ebrkrah\u00ebs, T\u00eb nderuar qytetare e qytetar\u00eb, Me 9 shtator 2015, k\u00ebsaj t\u00eb","robots":{"index":"index","follow":"follow","max-snippet":"max-snippet:-1","max-image-preview":"max-image-preview:large","max-video-preview":"max-video-preview:-1"},"canonical":"https:\/\/www.visit-ulcinj.com\/blog\/2015\/09\/07\/lidhja-demokratike-ne-mal-te-zi-shenon-25-vjetorin\/","og_locale":"en_US","og_type":"article","og_title":"Lidhja Demokratike n\u00eb Mal t\u00eb Zi sh\u00ebnon 25-vjetorin - Lajme nga Ulqini","og_description":"T\u00eb nderuar an\u00ebtare dhe an\u00ebtar\u00eb t\u00eb Lidhjes Demokratike n\u00eb Mal t\u00eb Zi, T\u00eb nderuar p\u00ebrkrah\u00ebs, T\u00eb nderuar qytetare e qytetar\u00eb, Me 9 shtator 2015, k\u00ebsaj t\u00eb","og_url":"https:\/\/www.visit-ulcinj.com\/blog\/2015\/09\/07\/lidhja-demokratike-ne-mal-te-zi-shenon-25-vjetorin\/","og_site_name":"Lajme nga Ulqini","article_published_time":"2015-09-07T16:30:37+00:00","og_image":[{"url":"http:\/\/www.visit-ulcinj.com\/blog\/wp-content\/uploads\/2015\/09\/25-Vjetori-i-LDMZ.jpg"}],"twitter_misc":{"Written by":"ulqini","Est. reading time":"4 minutes"},"schema":{"@context":"https:\/\/schema.org","@graph":[{"@type":"WebSite","@id":"https:\/\/www.visit-ulcinj.com\/blog\/#website","url":"https:\/\/www.visit-ulcinj.com\/blog\/","name":"Lajme nga Ulqini","description":"Lajme,Vijesti,Ulqini,Ulqin,Crna Gora,Mali i Zi","potentialAction":[{"@type":"SearchAction","target":{"@type":"EntryPoint","urlTemplate":"https:\/\/www.visit-ulcinj.com\/blog\/?s={search_term_string}"},"query-input":"required name=search_term_string"}],"inLanguage":"en-US"},{"@type":"ImageObject","inLanguage":"en-US","@id":"https:\/\/www.visit-ulcinj.com\/blog\/2015\/09\/07\/lidhja-demokratike-ne-mal-te-zi-shenon-25-vjetorin\/#primaryimage","url":"https:\/\/www.visit-ulcinj.com\/blog\/wp-content\/uploads\/2015\/09\/25-Vjetori-i-LDMZ.jpg","contentUrl":"https:\/\/www.visit-ulcinj.com\/blog\/wp-content\/uploads\/2015\/09\/25-Vjetori-i-LDMZ.jpg","width":1000,"height":750},{"@type":"WebPage","@id":"https:\/\/www.visit-ulcinj.com\/blog\/2015\/09\/07\/lidhja-demokratike-ne-mal-te-zi-shenon-25-vjetorin\/#webpage","url":"https:\/\/www.visit-ulcinj.com\/blog\/2015\/09\/07\/lidhja-demokratike-ne-mal-te-zi-shenon-25-vjetorin\/","name":"Lidhja Demokratike n\u00eb Mal t\u00eb Zi sh\u00ebnon 25-vjetorin - Lajme nga Ulqini","isPartOf":{"@id":"https:\/\/www.visit-ulcinj.com\/blog\/#website"},"primaryImageOfPage":{"@id":"https:\/\/www.visit-ulcinj.com\/blog\/2015\/09\/07\/lidhja-demokratike-ne-mal-te-zi-shenon-25-vjetorin\/#primaryimage"},"datePublished":"2015-09-07T16:30:37+00:00","dateModified":"2015-09-07T16:30:37+00:00","author":{"@id":"https:\/\/www.visit-ulcinj.com\/blog\/#\/schema\/person\/dcab619c614d3038751c63bc2aadc06d"},"description":"T\u00eb nderuar an\u00ebtare dhe an\u00ebtar\u00eb t\u00eb Lidhjes Demokratike n\u00eb Mal t\u00eb Zi, T\u00eb nderuar p\u00ebrkrah\u00ebs, T\u00eb nderuar qytetare e qytetar\u00eb, Me 9 shtator 2015, k\u00ebsaj t\u00eb","breadcrumb":{"@id":"https:\/\/www.visit-ulcinj.com\/blog\/2015\/09\/07\/lidhja-demokratike-ne-mal-te-zi-shenon-25-vjetorin\/#breadcrumb"},"inLanguage":"en-US","potentialAction":[{"@type":"ReadAction","target":["https:\/\/www.visit-ulcinj.com\/blog\/2015\/09\/07\/lidhja-demokratike-ne-mal-te-zi-shenon-25-vjetorin\/"]}]},{"@type":"BreadcrumbList","@id":"https:\/\/www.visit-ulcinj.com\/blog\/2015\/09\/07\/lidhja-demokratike-ne-mal-te-zi-shenon-25-vjetorin\/#breadcrumb","itemListElement":[{"@type":"ListItem","position":1,"name":"Lidhja Demokratike n\u00eb Mal t\u00eb Zi sh\u00ebnon 25-vjetorin"}]},{"@type":"Person","@id":"https:\/\/www.visit-ulcinj.com\/blog\/#\/schema\/person\/dcab619c614d3038751c63bc2aadc06d","name":"ulqini","sameAs":["http:\/\/www.visit-ulcinj.com"],"url":"https:\/\/www.visit-ulcinj.com\/blog\/author\/admin\/"}]}},"jetpack_featured_media_url":"","jetpack_sharing_enabled":true,"jetpack_shortlink":"https:\/\/wp.me\/pe6lTn-nZa","_links":{"self":[{"href":"https:\/\/www.visit-ulcinj.com\/blog\/wp-json\/wp\/v2\/posts\/92204"}],"collection":[{"href":"https:\/\/www.visit-ulcinj.com\/blog\/wp-json\/wp\/v2\/posts"}],"about":[{"href":"https:\/\/www.visit-ulcinj.com\/blog\/wp-json\/wp\/v2\/types\/post"}],"author":[{"embeddable":true,"href":"https:\/\/www.visit-ulcinj.com\/blog\/wp-json\/wp\/v2\/users\/1"}],"replies":[{"embeddable":true,"href":"https:\/\/www.visit-ulcinj.com\/blog\/wp-json\/wp\/v2\/comments?post=92204"}],"version-history":[{"count":1,"href":"https:\/\/www.visit-ulcinj.com\/blog\/wp-json\/wp\/v2\/posts\/92204\/revisions"}],"predecessor-version":[{"id":92206,"href":"https:\/\/www.visit-ulcinj.com\/blog\/wp-json\/wp\/v2\/posts\/92204\/revisions\/92206"}],"wp:attachment":[{"href":"https:\/\/www.visit-ulcinj.com\/blog\/wp-json\/wp\/v2\/media?parent=92204"}],"wp:term":[{"taxonomy":"category","embeddable":true,"href":"https:\/\/www.visit-ulcinj.com\/blog\/wp-json\/wp\/v2\/categories?post=92204"},{"taxonomy":"post_tag","embeddable":true,"href":"https:\/\/www.visit-ulcinj.com\/blog\/wp-json\/wp\/v2\/tags?post=92204"}],"curies":[{"name":"wp","href":"https:\/\/api.w.org\/{rel}","templated":true}]}}