{"id":92207,"date":"2015-09-07T17:36:26","date_gmt":"2015-09-07T16:36:26","guid":{"rendered":"http:\/\/www.visit-ulcinj.com\/blog\/?p=92207"},"modified":"2015-09-07T17:36:26","modified_gmt":"2015-09-07T16:36:26","slug":"binjakezohen-ulqini-dhe-decani","status":"publish","type":"post","link":"https:\/\/www.visit-ulcinj.com\/blog\/2015\/09\/07\/binjakezohen-ulqini-dhe-decani\/","title":{"rendered":"Binjak\u00ebzohen Ulqini dhe De\u00e7ani"},"content":{"rendered":"<p><strong><a href=\"http:\/\/www.visit-ulcinj.com\/blog\/wp-content\/uploads\/2015\/09\/Binjak\u00ebzohen-Ulqini-dhe-Decani.jpg\"><img loading=\"lazy\" class=\"alignleft wp-image-92208\" src=\"http:\/\/www.visit-ulcinj.com\/blog\/wp-content\/uploads\/2015\/09\/Binjak\u00ebzohen-Ulqini-dhe-Decani.jpg\" alt=\"Binjak\u00ebzohen Ulqini dhe Decani\" width=\"508\" height=\"381\" srcset=\"https:\/\/www.visit-ulcinj.com\/blog\/wp-content\/uploads\/2015\/09\/Binjak\u00ebzohen-Ulqini-dhe-Decani.jpg 1280w, https:\/\/www.visit-ulcinj.com\/blog\/wp-content\/uploads\/2015\/09\/Binjak\u00ebzohen-Ulqini-dhe-Decani-300x225.jpg 300w, https:\/\/www.visit-ulcinj.com\/blog\/wp-content\/uploads\/2015\/09\/Binjak\u00ebzohen-Ulqini-dhe-Decani-1024x768.jpg 1024w\" sizes=\"(max-width: 508px) 100vw, 508px\" \/><\/a>Gjek\u00eb Gjonaj<\/strong><\/p>\n<p>Delegacioni i Komun\u00ebs s\u00eb De\u00e7anit zhvilloi me dat\u00eb 4 shtator 2015, nj\u00eb vizit\u00eb zyrtare n\u00eb Komun\u00ebn e Ulqinit. Vizita u realizua n\u00eb kuadrin e vendosjes se lidhjeve t\u00eb bashk\u00ebpunimit nd\u00ebrmjet dy qyteteve, kryesisht lidhje n\u00eb fush\u00ebn e kultur\u00ebs, artit, sportit, ekonomis\u00eb e tjer\u00eb. Kryetari i Komun\u00ebs s\u00eb Ulqinit Fatmir Gjeka dhe homologu i tij kryetar i Komun\u00ebs s\u00eb De\u00e7anit Rasim Selmanaj shpreh\u00ebn interesimin dhe vullnetin e dy institucioneve p\u00ebr t\u00eb \u00e7uar p\u00ebrpara k\u00ebt\u00eb bashk\u00ebpunim me interes t\u00eb p\u00ebrbashk\u00ebt.<\/p>\n<p>Kryetari i Komun\u00ebs s\u00eb Ulqinit Fatmir Gjeka deklaroi me k\u00ebt\u00eb rast se \u00ebsht\u00eb nj\u00eb dit\u00eb e ve\u00e7ant\u00eb p\u00ebr komun\u00ebn ton\u00eb. \u201cAktin e firmosjes s\u00eb binjak\u00ebzimit n\u00eb mes t\u00eb dy komunave tona e konsiderojm\u00eb nj\u00eb vler\u00eb e cila do t\u00eb forcoj\u00eb edhe m\u00eb shum\u00eb marr\u00ebdh\u00ebniet tona v\u00ebllaz\u00ebrore. Marr\u00ebveshja parasheh bashk\u00ebpunim n\u00eb fusha t\u00eb ndryshme me interes t\u00eb p\u00ebrbashk\u00ebt. Ajo \u00ebsht\u00eb nj\u00eb rast i mir\u00eb p\u00ebr sip\u00ebrmarr\u00ebsit p\u00ebr t\u00eb investuar, shk\u00ebmbyer njohuri dhe aft\u00ebsi, p\u00ebr institucionet e kultur\u00ebs, sportit dhe fushave tjera. Me k\u00ebt\u00eb rast dua t\u00eb ve\u00e7oj edhe marr\u00ebdh\u00ebniet e mira q\u00eb jan\u00eb shembull n\u00eb mes t\u00eb Malit t\u00eb Zi dhe Kosov\u00ebs. Edhe kjo marr\u00ebveshje besoj se \u00ebsht\u00eb nj\u00eb ogur i mir\u00eb n\u00eb procesin e integrimeve evropiane, ka deklaruar Gjeka.<\/p>\n<p>N\u00eb an\u00ebn tjet\u00ebr kryetari i Komun\u00ebs s\u00eb De\u00e7anit Rasim Selmanaj n\u00eb em\u00ebr t\u00eb t\u00eb gjith\u00eb qytetar\u00ebve t\u00eb k\u00ebsaj komun\u00eb shprehu falenderimin e tij p\u00ebr mbeshtetjen e qytetar\u00ebve t\u00eb Ulqinit q\u00eb i ofruan qytetar\u00ebve t\u00eb De\u00e7anit dhe t\u00eb tjer\u00ebve gjat\u00eb luft\u00ebs s\u00eb lavdishme t\u00eb U\u00c7K-s\u00eb. \u201c Ne jemi nj\u00eb popull. Kemi nj\u00eb gjuh\u00eb, nj\u00eb tradit\u00eb. T\u00eb gjitha i kemi t\u00eb p\u00ebrbashk\u00ebta. Edhe t\u00eb kaluar\u00ebn. Prandaj mendoj se Komuna e Ulqinit dhe Komuna e De\u00e7anit mund t\u00eb ken\u00eb bashk\u00ebpunim me interes t\u00eb p\u00ebrbashk\u00ebt. Ne e kemi nisur nd\u00ebrtimin e rrug\u00ebs De\u00e7an \u2013 Plav\u00eb, e cila do t\u2019i afroj\u00eb shum\u00eb shqiptar\u00ebt n\u00eb rajon. Nga De\u00e7ani deri n\u00eb Shkod\u00ebr jan\u00eb jo m\u00eb shum\u00eb se 70 kilometra, nd\u00ebrsa pas p\u00ebrfundimit t\u00eb k\u00ebsaj rrug\u00eb ne n\u00eb Ulqin mund t\u00eb vijm\u00eb p\u00ebr nj\u00eb or\u00eb e gjysm\u00eb. K\u00ebshtu po krijohen mund\u00ebsi shum\u00eb m\u00eb t\u00eb mira t\u00eb bashk\u00ebpunimit dhe t\u00eb afrimit n\u00eb mes nesh\u201d, ka th\u00ebn\u00eb Selmanaj.<\/p>\n<p>Edhe kryetari i Kuvendit t\u00eb Komun\u00ebs s\u00eb Ulqinit mr. Fuad Haxhibeti aktin e binjak\u00ebzimit t\u00eb k\u00ebtyre dy komunave e vler\u00ebsoi hap shum\u00eb t\u00eb r\u00ebnd\u00ebsish\u00ebm, sepse si\u00e7 u shpreh ai, n\u00eb k\u00ebt\u00eb m\u00ebnyr\u00eb do t\u00eb kemi mund\u00ebsi t\u00eb njohim m\u00eb mir\u00eb nj\u00ebri-tjetrin. \u201cDo t\u00eb kemi mund\u00ebsi t\u00eb intensifikojm\u00eb bashk\u00ebpunimin n\u00eb fusha t\u00eb ndryshme, duke filluar nga kultura, sporti, ekonomia, pse jo edhe politika.N\u00ebp\u00ebrmjet k\u00ebtij binjak\u00ebzimi do t\u00eb arrihet afrimi i Ulqinit dhe De\u00e7anit, t\u00eb cil\u00ebt kan\u00eb nj\u00eb gjuh\u00eb dhe nj\u00eb kultur\u00eb t\u00eb p\u00ebrbashk\u00ebt\u201d, ka pohuar Haxhibeti.<\/p>\n<p>Binjak\u00ebzimi i Ulqinit dhe De\u00e7anit p\u00ebrfundoi me nj\u00eb koktej t\u00eb rastit n\u00eb restorantin \u201c Europa\u201d.<\/p>\n","protected":false},"excerpt":{"rendered":"<p>Gjek\u00eb Gjonaj Delegacioni i Komun\u00ebs s\u00eb De\u00e7anit zhvilloi me dat\u00eb 4 shtator 2015, nj\u00eb vizit\u00eb zyrtare n\u00eb Komun\u00ebn e Ulqinit. Vizita u realizua n\u00eb kuadrin e vendosjes se lidhjeve t\u00eb bashk\u00ebpunimit nd\u00ebrmjet dy qyteteve, kryesisht lidhje n\u00eb fush\u00ebn e kultur\u00ebs, artit, sportit, ekonomis\u00eb e tjer\u00eb. Kryetari i Komun\u00ebs s\u00eb Ulqinit Fatmir Gjeka dhe homologu i [&hellip;]<\/p>\n","protected":false},"author":1,"featured_media":0,"comment_status":"closed","ping_status":"closed","sticky":false,"template":"","format":"standard","meta":{"spay_email":"","jetpack_publicize_message":"","jetpack_is_tweetstorm":false,"jetpack_publicize_feature_enabled":true},"categories":[6],"tags":[],"jetpack_publicize_connections":[],"yoast_head":"<!-- This site is optimized with the Yoast SEO plugin v19.1 - https:\/\/yoast.com\/wordpress\/plugins\/seo\/ -->\n<title>Binjak\u00ebzohen Ulqini dhe De\u00e7ani - Lajme nga Ulqini<\/title>\n<meta name=\"description\" content=\"Gjek\u00eb Gjonaj Delegacioni i Komun\u00ebs s\u00eb De\u00e7anit zhvilloi me dat\u00eb 4 shtator 2015, nj\u00eb vizit\u00eb zyrtare n\u00eb Komun\u00ebn e Ulqinit. Vizita u realizua n\u00eb kuadrin e\" \/>\n<meta name=\"robots\" content=\"index, follow, max-snippet:-1, max-image-preview:large, max-video-preview:-1\" \/>\n<link rel=\"canonical\" href=\"https:\/\/www.visit-ulcinj.com\/blog\/2015\/09\/07\/binjakezohen-ulqini-dhe-decani\/\" \/>\n<meta property=\"og:locale\" content=\"en_US\" \/>\n<meta property=\"og:type\" content=\"article\" \/>\n<meta property=\"og:title\" content=\"Binjak\u00ebzohen Ulqini dhe De\u00e7ani - Lajme nga Ulqini\" \/>\n<meta property=\"og:description\" content=\"Gjek\u00eb Gjonaj Delegacioni i Komun\u00ebs s\u00eb De\u00e7anit zhvilloi me dat\u00eb 4 shtator 2015, nj\u00eb vizit\u00eb zyrtare n\u00eb Komun\u00ebn e Ulqinit. Vizita u realizua n\u00eb kuadrin e\" \/>\n<meta property=\"og:url\" content=\"https:\/\/www.visit-ulcinj.com\/blog\/2015\/09\/07\/binjakezohen-ulqini-dhe-decani\/\" \/>\n<meta property=\"og:site_name\" content=\"Lajme nga Ulqini\" \/>\n<meta property=\"article:published_time\" content=\"2015-09-07T16:36:26+00:00\" \/>\n<meta name=\"twitter:label1\" content=\"Written by\" \/>\n\t<meta name=\"twitter:data1\" content=\"ulqini\" \/>\n\t<meta name=\"twitter:label2\" content=\"Est. reading time\" \/>\n\t<meta name=\"twitter:data2\" content=\"3 minutes\" \/>\n<script type=\"application\/ld+json\" class=\"yoast-schema-graph\">{\"@context\":\"https:\/\/schema.org\",\"@graph\":[{\"@type\":\"WebSite\",\"@id\":\"https:\/\/www.visit-ulcinj.com\/blog\/#website\",\"url\":\"https:\/\/www.visit-ulcinj.com\/blog\/\",\"name\":\"Lajme nga Ulqini\",\"description\":\"Lajme,Vijesti,Ulqini,Ulqin,Crna Gora,Mali i Zi\",\"potentialAction\":[{\"@type\":\"SearchAction\",\"target\":{\"@type\":\"EntryPoint\",\"urlTemplate\":\"https:\/\/www.visit-ulcinj.com\/blog\/?s={search_term_string}\"},\"query-input\":\"required name=search_term_string\"}],\"inLanguage\":\"en-US\"},{\"@type\":\"WebPage\",\"@id\":\"https:\/\/www.visit-ulcinj.com\/blog\/2015\/09\/07\/binjakezohen-ulqini-dhe-decani\/#webpage\",\"url\":\"https:\/\/www.visit-ulcinj.com\/blog\/2015\/09\/07\/binjakezohen-ulqini-dhe-decani\/\",\"name\":\"Binjak\u00ebzohen Ulqini dhe De\u00e7ani - Lajme nga Ulqini\",\"isPartOf\":{\"@id\":\"https:\/\/www.visit-ulcinj.com\/blog\/#website\"},\"datePublished\":\"2015-09-07T16:36:26+00:00\",\"dateModified\":\"2015-09-07T16:36:26+00:00\",\"author\":{\"@id\":\"https:\/\/www.visit-ulcinj.com\/blog\/#\/schema\/person\/dcab619c614d3038751c63bc2aadc06d\"},\"description\":\"Gjek\u00eb Gjonaj Delegacioni i Komun\u00ebs s\u00eb De\u00e7anit zhvilloi me dat\u00eb 4 shtator 2015, nj\u00eb vizit\u00eb zyrtare n\u00eb Komun\u00ebn e Ulqinit. Vizita u realizua n\u00eb kuadrin e\",\"breadcrumb\":{\"@id\":\"https:\/\/www.visit-ulcinj.com\/blog\/2015\/09\/07\/binjakezohen-ulqini-dhe-decani\/#breadcrumb\"},\"inLanguage\":\"en-US\",\"potentialAction\":[{\"@type\":\"ReadAction\",\"target\":[\"https:\/\/www.visit-ulcinj.com\/blog\/2015\/09\/07\/binjakezohen-ulqini-dhe-decani\/\"]}]},{\"@type\":\"BreadcrumbList\",\"@id\":\"https:\/\/www.visit-ulcinj.com\/blog\/2015\/09\/07\/binjakezohen-ulqini-dhe-decani\/#breadcrumb\",\"itemListElement\":[{\"@type\":\"ListItem\",\"position\":1,\"name\":\"Binjak\u00ebzohen Ulqini dhe De\u00e7ani\"}]},{\"@type\":\"Person\",\"@id\":\"https:\/\/www.visit-ulcinj.com\/blog\/#\/schema\/person\/dcab619c614d3038751c63bc2aadc06d\",\"name\":\"ulqini\",\"sameAs\":[\"http:\/\/www.visit-ulcinj.com\"],\"url\":\"https:\/\/www.visit-ulcinj.com\/blog\/author\/admin\/\"}]}<\/script>\n<!-- \/ Yoast SEO plugin. -->","yoast_head_json":{"title":"Binjak\u00ebzohen Ulqini dhe De\u00e7ani - Lajme nga Ulqini","description":"Gjek\u00eb Gjonaj Delegacioni i Komun\u00ebs s\u00eb De\u00e7anit zhvilloi me dat\u00eb 4 shtator 2015, nj\u00eb vizit\u00eb zyrtare n\u00eb Komun\u00ebn e Ulqinit. Vizita u realizua n\u00eb kuadrin e","robots":{"index":"index","follow":"follow","max-snippet":"max-snippet:-1","max-image-preview":"max-image-preview:large","max-video-preview":"max-video-preview:-1"},"canonical":"https:\/\/www.visit-ulcinj.com\/blog\/2015\/09\/07\/binjakezohen-ulqini-dhe-decani\/","og_locale":"en_US","og_type":"article","og_title":"Binjak\u00ebzohen Ulqini dhe De\u00e7ani - Lajme nga Ulqini","og_description":"Gjek\u00eb Gjonaj Delegacioni i Komun\u00ebs s\u00eb De\u00e7anit zhvilloi me dat\u00eb 4 shtator 2015, nj\u00eb vizit\u00eb zyrtare n\u00eb Komun\u00ebn e Ulqinit. Vizita u realizua n\u00eb kuadrin e","og_url":"https:\/\/www.visit-ulcinj.com\/blog\/2015\/09\/07\/binjakezohen-ulqini-dhe-decani\/","og_site_name":"Lajme nga Ulqini","article_published_time":"2015-09-07T16:36:26+00:00","twitter_misc":{"Written by":"ulqini","Est. reading time":"3 minutes"},"schema":{"@context":"https:\/\/schema.org","@graph":[{"@type":"WebSite","@id":"https:\/\/www.visit-ulcinj.com\/blog\/#website","url":"https:\/\/www.visit-ulcinj.com\/blog\/","name":"Lajme nga Ulqini","description":"Lajme,Vijesti,Ulqini,Ulqin,Crna Gora,Mali i Zi","potentialAction":[{"@type":"SearchAction","target":{"@type":"EntryPoint","urlTemplate":"https:\/\/www.visit-ulcinj.com\/blog\/?s={search_term_string}"},"query-input":"required name=search_term_string"}],"inLanguage":"en-US"},{"@type":"WebPage","@id":"https:\/\/www.visit-ulcinj.com\/blog\/2015\/09\/07\/binjakezohen-ulqini-dhe-decani\/#webpage","url":"https:\/\/www.visit-ulcinj.com\/blog\/2015\/09\/07\/binjakezohen-ulqini-dhe-decani\/","name":"Binjak\u00ebzohen Ulqini dhe De\u00e7ani - Lajme nga Ulqini","isPartOf":{"@id":"https:\/\/www.visit-ulcinj.com\/blog\/#website"},"datePublished":"2015-09-07T16:36:26+00:00","dateModified":"2015-09-07T16:36:26+00:00","author":{"@id":"https:\/\/www.visit-ulcinj.com\/blog\/#\/schema\/person\/dcab619c614d3038751c63bc2aadc06d"},"description":"Gjek\u00eb Gjonaj Delegacioni i Komun\u00ebs s\u00eb De\u00e7anit zhvilloi me dat\u00eb 4 shtator 2015, nj\u00eb vizit\u00eb zyrtare n\u00eb Komun\u00ebn e Ulqinit. Vizita u realizua n\u00eb kuadrin e","breadcrumb":{"@id":"https:\/\/www.visit-ulcinj.com\/blog\/2015\/09\/07\/binjakezohen-ulqini-dhe-decani\/#breadcrumb"},"inLanguage":"en-US","potentialAction":[{"@type":"ReadAction","target":["https:\/\/www.visit-ulcinj.com\/blog\/2015\/09\/07\/binjakezohen-ulqini-dhe-decani\/"]}]},{"@type":"BreadcrumbList","@id":"https:\/\/www.visit-ulcinj.com\/blog\/2015\/09\/07\/binjakezohen-ulqini-dhe-decani\/#breadcrumb","itemListElement":[{"@type":"ListItem","position":1,"name":"Binjak\u00ebzohen Ulqini dhe De\u00e7ani"}]},{"@type":"Person","@id":"https:\/\/www.visit-ulcinj.com\/blog\/#\/schema\/person\/dcab619c614d3038751c63bc2aadc06d","name":"ulqini","sameAs":["http:\/\/www.visit-ulcinj.com"],"url":"https:\/\/www.visit-ulcinj.com\/blog\/author\/admin\/"}]}},"jetpack_featured_media_url":"","jetpack_sharing_enabled":true,"jetpack_shortlink":"https:\/\/wp.me\/pe6lTn-nZd","_links":{"self":[{"href":"https:\/\/www.visit-ulcinj.com\/blog\/wp-json\/wp\/v2\/posts\/92207"}],"collection":[{"href":"https:\/\/www.visit-ulcinj.com\/blog\/wp-json\/wp\/v2\/posts"}],"about":[{"href":"https:\/\/www.visit-ulcinj.com\/blog\/wp-json\/wp\/v2\/types\/post"}],"author":[{"embeddable":true,"href":"https:\/\/www.visit-ulcinj.com\/blog\/wp-json\/wp\/v2\/users\/1"}],"replies":[{"embeddable":true,"href":"https:\/\/www.visit-ulcinj.com\/blog\/wp-json\/wp\/v2\/comments?post=92207"}],"version-history":[{"count":1,"href":"https:\/\/www.visit-ulcinj.com\/blog\/wp-json\/wp\/v2\/posts\/92207\/revisions"}],"predecessor-version":[{"id":92209,"href":"https:\/\/www.visit-ulcinj.com\/blog\/wp-json\/wp\/v2\/posts\/92207\/revisions\/92209"}],"wp:attachment":[{"href":"https:\/\/www.visit-ulcinj.com\/blog\/wp-json\/wp\/v2\/media?parent=92207"}],"wp:term":[{"taxonomy":"category","embeddable":true,"href":"https:\/\/www.visit-ulcinj.com\/blog\/wp-json\/wp\/v2\/categories?post=92207"},{"taxonomy":"post_tag","embeddable":true,"href":"https:\/\/www.visit-ulcinj.com\/blog\/wp-json\/wp\/v2\/tags?post=92207"}],"curies":[{"name":"wp","href":"https:\/\/api.w.org\/{rel}","templated":true}]}}