{"id":92211,"date":"2015-09-08T15:11:37","date_gmt":"2015-09-08T14:11:37","guid":{"rendered":"http:\/\/www.visit-ulcinj.com\/blog\/?p=92211"},"modified":"2015-09-09T22:12:41","modified_gmt":"2015-09-09T21:12:41","slug":"neser-hapja-solemne-e-green-culutre-fest","status":"publish","type":"post","link":"https:\/\/www.visit-ulcinj.com\/blog\/2015\/09\/08\/neser-hapja-solemne-e-green-culutre-fest\/","title":{"rendered":"Nes\u00ebr Hapja solemne e Green Culutre Fest-it"},"content":{"rendered":"<p><a href=\"http:\/\/www.visit-ulcinj.com\/blog\/wp-content\/uploads\/2015\/09\/HAPJA-SOLEMNE-E-GREEN-CULTURE-FEST-ADA-BOJANA.jpg\"><img loading=\"lazy\" class=\"alignleft wp-image-92212\" src=\"http:\/\/www.visit-ulcinj.com\/blog\/wp-content\/uploads\/2015\/09\/HAPJA-SOLEMNE-E-GREEN-CULTURE-FEST-ADA-BOJANA.jpg\" alt=\"HAPJA SOLEMNE E GREEN CULTURE FEST-ADA-BOJANA\" width=\"508\" height=\"509\" srcset=\"https:\/\/www.visit-ulcinj.com\/blog\/wp-content\/uploads\/2015\/09\/HAPJA-SOLEMNE-E-GREEN-CULTURE-FEST-ADA-BOJANA.jpg 737w, https:\/\/www.visit-ulcinj.com\/blog\/wp-content\/uploads\/2015\/09\/HAPJA-SOLEMNE-E-GREEN-CULTURE-FEST-ADA-BOJANA-150x150.jpg 150w, https:\/\/www.visit-ulcinj.com\/blog\/wp-content\/uploads\/2015\/09\/HAPJA-SOLEMNE-E-GREEN-CULTURE-FEST-ADA-BOJANA-300x300.jpg 300w\" sizes=\"(max-width: 508px) 100vw, 508px\" \/><\/a>Komuna e Ulqinit, n\u00eb bashkepunim me OJQ-n\u00eb Krug nga Londra, do t\u00eb organizoj\u00eb edicionin e tret\u00eb t\u00eb <strong>Green Culutre Fest, <\/strong>n\u00eb periudhen prej 10-12 shtator 2015<\/p>\n<p>Na g\u00ebzon fakti q\u00eb do b\u00ebheni pjes\u00eb e edicionit t\u00eb tret\u00eb t\u00eb Green Culture Fest, i cili ia nis me <strong>Green Culture Beach Party me 9 shtator n\u00eb ora 19.30<\/strong>, n\u00eb restorantin Barbana Ada Bojana.<\/p>\n<p>Ftesat do t\u00eb d\u00ebrgohen p\u00ebrmes e-mail, kjo \u00ebsht\u00eb nj\u00eb menyre e kontributit ton\u00eb p\u00ebr ruajtjen e burimeve natyrore.<\/p>\n<p><a href=\"http:\/\/www.visit-ulcinj.com\/blog\/wp-content\/uploads\/2015\/09\/HAPJA-SOLEMNE-E-GREEN-CULTURE-FEST-ADA-BOJANA-2.jpg\"><img loading=\"lazy\" class=\"alignleft wp-image-92218\" src=\"http:\/\/www.visit-ulcinj.com\/blog\/wp-content\/uploads\/2015\/09\/HAPJA-SOLEMNE-E-GREEN-CULTURE-FEST-ADA-BOJANA-2.jpg\" alt=\"HAPJA SOLEMNE E GREEN CULTURE FEST-ADA-BOJANA-2\" width=\"508\" height=\"363\" srcset=\"https:\/\/www.visit-ulcinj.com\/blog\/wp-content\/uploads\/2015\/09\/HAPJA-SOLEMNE-E-GREEN-CULTURE-FEST-ADA-BOJANA-2.jpg 1024w, https:\/\/www.visit-ulcinj.com\/blog\/wp-content\/uploads\/2015\/09\/HAPJA-SOLEMNE-E-GREEN-CULTURE-FEST-ADA-BOJANA-2-300x214.jpg 300w\" sizes=\"(max-width: 508px) 100vw, 508px\" \/><\/a><\/p>\n<p style=\"text-align: center;\"><strong>FTESA ME RASTIN E HAPJES SOLEMNE T\u00cb GREEN CULTURE FEST-it<\/strong><\/p>\n<p style=\"text-align: center;\"><strong>Restoran Barbana \/ Ada Buna \u2013 Ulqin, me 09.09.2015 n\u00eb ora 19.30<\/strong><\/p>\n<p>Kemi k\u00ebnaq\u00ebsi t\u00eb madhe t\u00eb Ju njoftojm\u00eb p\u00ebr evenimentin e tret\u00eb t\u00eb Green Culture i cili do t\u00eb organizohet k\u00ebt\u00eb vit n\u00eb bashk\u00ebpunim me Komun\u00ebn e Ulqinit nga data 10 deri me 12 shtator n\u00eb\u00a0 ishullin Ada n\u00eb lumin Buna, n\u00eb afersi t\u00eb Ulqinit.<\/p>\n<p>Si\u00e7 e dini, ky projekt \u00ebsht\u00eb nj\u00eb sfid\u00eb e madhe. P\u00ebr ne, krijimi dhe komunikimi i vizionit dhe misionit ton\u00eb \u00ebsht\u00eb nj\u00eb proces q\u00eb vazhdon, i cili ka ka momente t\u00eb suksesit dhe t\u00eb zhg\u00ebnjimit. Megjithat\u00eb, na g\u00ebzon fakti q\u00eb njer\u00ebzit jan\u00eb besnik ndaj k\u00ebtij manifestim dhe q\u00eb gjithmon\u00eb rikthehen p\u00ebr ta mb\u00ebshtetur k\u00ebt\u00eb mision t\u00eb r\u00ebnd\u00ebsishem. Ngritja e vet\u00ebdijes p\u00ebr fuqin\u00eb e sektorit kreativ dhe p\u00ebr faktin se si ai ndikon n\u00eb shoq\u00ebri n\u00eb m\u00ebnyr\u00eb q\u00eb t\u00eb ndryshoj\u00eb q\u00ebndrimet dhe sjelljet ndaj mjedisit, \u00ebsht\u00eb shpesh intriguese dhe koncept m\u00eb pak i kuptuesh\u00ebm.<\/p>\n<p>Nj\u00eb fal\u00ebnderim i madh p\u00ebr secilin prej juve q\u00eb deri tani n\u00eb cfar\u00eb do m\u00ebnyre ka jap kontributin e vet. E ardhmja \u00ebsht\u00eb shum\u00eb e ndritshme dhe po b\u00ebhet gjithnj\u00eb e m\u00eb shum\u00eb emocionuese.<\/p>\n<p>Me t\u00eb gjitha sfidat me t\u00eb cilat duhet t\u00eb p\u00ebrballohemi n\u00eb bot\u00ebn ton\u00eb, mund t\u00eb b\u00ebhet pyetja pse \u00ebsht\u00eb e r\u00ebnd\u00ebsishme se me \u00e7far\u00eb merret sektori kreativ. Por, si nj\u00eb industri me shum\u00eb ndikim, me aft\u00ebsi t\u00eb m\u00ebdha p\u00ebr t\u00eb mbledhur njer\u00ebzit dhe p\u00ebr t\u00eb ndryshuar perspektiv\u00eb, kjo \u00ebsht\u00eb nj\u00eb nga m\u00ebnyrat m\u00eb t\u00eb shpejt\u00eb p\u00ebr ta t\u00ebrhequr v\u00ebmendjen dhe t\u00eb shkaktoj\u00eb nj\u00eb reagim t\u00eb drejtp\u00ebrdrejt\u00eb, i cili sjell nj\u00eb ndryshim t\u00eb v\u00ebrtet\u00eb.<\/p>\n<p>Mbani mend, qe vet\u00ebm p\u00ebrmes hapave te vegj\u00ebl mund ta arrijm\u00eb q\u00ebllimin. P\u00ebr k\u00ebt\u00eb vit, ne kemi p\u00ebrgaditur 10 ligj\u00ebrata q\u00eb do t\u00eb udh\u00ebheqen nga ekspert nd\u00ebrkombetar\u00eb. Andaj, Ju ftojm\u00eb q\u00eb t\u00eb bashkoheni me ne dhe t\u00eb degjojm\u00eb fjalimet frym\u00ebzuese, t\u00eb shk\u00ebmbejm\u00eb ideja t\u00eb reja dhe t\u00eb takohemi me njer\u00ebz interesant q\u00eb kan\u00eb t\u00eb nj\u00ebjtin q\u00ebllim &#8211; t\u00eb p\u00ebrpiqemi q\u00eb n\u00eb m\u00ebnyr\u00eb kolektive t\u00eb ndryshojm\u00eb nd\u00ebrgjegj\u00ebsimin e p\u00ebrgjithsh\u00ebm t\u00eb shoq\u00ebris\u00eb ashtu q\u00eb p\u00ebrkujdesja p\u00ebr mjedisin ton\u00eb t\u00eb b\u00ebhet pjes\u00eb e natyr\u00ebs ton\u00eb.<\/p>\n<p>Festivali do t\u00eb filloj\u00eb me Green Culture Beach Party n\u00eb plazhin e ishullit Ada n\u00eb lumin Buna n\u00eb mbr\u00ebmjen e 9 shtatorit, me ligj\u00ebruesit tan\u00eb t\u00eb shquar dhe p\u00ebrfaq\u00ebsuesit e Komun\u00ebs s\u00eb Ulqinit.<\/p>\n<p>N\u00eb dit\u00ebt e ardhshme do t\u00eb vazhdojm\u00eb t\u00eb njoftohemi me arritjet e r\u00ebnd\u00ebsishme t\u00eb sektorit kreativ n\u00eb aspekt global. N\u00eb m\u00ebnyr\u00eb t\u00eb ve\u00e7ant\u00eb, do t\u00eb shikojm\u00eb m\u00ebnyrat inovative t\u00eb q\u00ebndrueshm\u00ebris\u00eb q\u00eb do p\u00ebrfshijn\u00eb edhe komunitetet.<\/p>\n<p>Do t\u00eb nd\u00ebgjojm\u00eb fjalimet e r\u00ebnd\u00ebsishme nga ambasador\u00ebt e Franc\u00ebs, Gjermanis\u00eb dhe Britanis\u00eb s\u00eb Madhe\u00a0 p\u00ebr at\u00eb q\u00eb po ndodh n\u00eb bot\u00ebn e kultur\u00ebs s\u00eb gjelb\u00ebr n\u00eb vendet e tyre.<\/p>\n<p>Nd\u00ebrmjet tjerave, nga p\u00ebrfaq\u00ebsuesit e Akademis\u00eb Britanike t\u00eb filmit dhe arteve televizive &#8211; BAFTA, nga organizator\u00ebt kryesor\u00eb t\u00eb festivalit Republica n\u00eb Mbret\u00ebrin\u00eb e Bashkuar do t\u00eb m\u00ebsojm\u00eb m\u00eb shum\u00eb p\u00ebr rrug\u00ebn e gjelb\u00ebr n\u00eb m\u00ebnyr\u00eb holistike, p\u00ebrmes puntoris\u00eb Mendje ekologjike.<\/p>\n<p>Kjo \u00ebsht\u00eb koha jon\u00eb p\u00ebr t\u00eb b\u00ebr\u00eb nj\u00eb ndryshim dhe p\u00ebr t\u00eb kontribuar n\u00eb axhend\u00ebn e gjelb\u00ebr. Afrimi i COP21 n\u00eb Paris, i cila do t\u00eb ndiqet nga ekipi i Green Culture, e b\u00ebn k\u00ebt\u00eb ngjarje nj\u00eb mund\u00ebsi t\u00eb madhe p\u00ebr t\u00eb ndar\u00eb planet tona dhe sukseset si dhe t\u00eb mb\u00ebshtesim nj\u00ebri-tjetrin n\u00eb k\u00ebt\u00eb mision global.<\/p>\n<p>Ata q\u00eb nuk jan\u00eb n\u00eb gjendje t\u00eb paguajn\u00eb shum\u00ebn e plot\u00eb por d\u00ebshirojn\u00eb t\u00eb marrin pjes\u00eb, Ju lutemi mos hezitoni t\u00eb na kontaktoni sa m\u00eb shpejt\u00eb t\u00eb jet\u00eb e mundur.<\/p>\n<p>Na g\u00ebzon fakti q\u00eb do t\u00eb jeni pjes\u00eb e manifestimit t\u00eb tret\u00eb t\u00eb Green Culture n\u00eb ishullin Ada, i cili do ia nis me Green Culture Beach Party me 9 shtator n\u00eb ora 19.30!<\/p>\n<p>P\u00ebrsh\u00ebndetje t\u00eb p\u00ebrzem\u00ebrta,<\/p>\n<p>Ekipi i Green Culture<\/p>\n<p>&nbsp;<\/p>\n<h3><a title=\"[0.46MB]\" href=\"http:\/\/www.ul-gov.me\/upload\/document\/20150908_gcf_15_agenda_eng_fin_.pdf\" target=\"_blank\">Agenda Green Culture Fest 2015 <\/a><\/h3>\n","protected":false},"excerpt":{"rendered":"<p>Komuna e Ulqinit, n\u00eb bashkepunim me OJQ-n\u00eb Krug nga Londra, do t\u00eb organizoj\u00eb edicionin e tret\u00eb t\u00eb Green Culutre Fest, n\u00eb periudhen prej 10-12 shtator 2015 Na g\u00ebzon fakti q\u00eb do b\u00ebheni pjes\u00eb e edicionit t\u00eb tret\u00eb t\u00eb Green Culture Fest, i cili ia nis me Green Culture Beach Party me 9 shtator n\u00eb ora [&hellip;]<\/p>\n","protected":false},"author":1,"featured_media":0,"comment_status":"closed","ping_status":"closed","sticky":false,"template":"","format":"standard","meta":{"spay_email":"","jetpack_publicize_message":"","jetpack_is_tweetstorm":false,"jetpack_publicize_feature_enabled":true},"categories":[1,12],"tags":[],"jetpack_publicize_connections":[],"yoast_head":"<!-- This site is optimized with the Yoast SEO plugin v19.1 - https:\/\/yoast.com\/wordpress\/plugins\/seo\/ -->\n<title>Nes\u00ebr Hapja solemne e Green Culutre Fest-it - Lajme nga Ulqini<\/title>\n<meta name=\"description\" content=\"Komuna e Ulqinit, n\u00eb bashkepunim me OJQ-n\u00eb Krug nga Londra, do t\u00eb organizoj\u00eb edicionin e tret\u00eb t\u00eb Green Culutre Fest, n\u00eb periudhen prej 10-12 shtator 2015\" \/>\n<meta name=\"robots\" content=\"index, follow, max-snippet:-1, max-image-preview:large, max-video-preview:-1\" \/>\n<link rel=\"canonical\" href=\"https:\/\/www.visit-ulcinj.com\/blog\/2015\/09\/08\/neser-hapja-solemne-e-green-culutre-fest\/\" \/>\n<meta property=\"og:locale\" content=\"en_US\" \/>\n<meta property=\"og:type\" content=\"article\" \/>\n<meta property=\"og:title\" content=\"Nes\u00ebr Hapja solemne e Green Culutre Fest-it - Lajme nga Ulqini\" \/>\n<meta property=\"og:description\" content=\"Komuna e Ulqinit, n\u00eb bashkepunim me OJQ-n\u00eb Krug nga Londra, do t\u00eb organizoj\u00eb edicionin e tret\u00eb t\u00eb Green Culutre Fest, n\u00eb periudhen prej 10-12 shtator 2015\" \/>\n<meta property=\"og:url\" content=\"https:\/\/www.visit-ulcinj.com\/blog\/2015\/09\/08\/neser-hapja-solemne-e-green-culutre-fest\/\" \/>\n<meta property=\"og:site_name\" content=\"Lajme nga Ulqini\" \/>\n<meta property=\"article:published_time\" content=\"2015-09-08T14:11:37+00:00\" \/>\n<meta property=\"article:modified_time\" content=\"2015-09-09T21:12:41+00:00\" \/>\n<meta property=\"og:image\" content=\"http:\/\/www.visit-ulcinj.com\/blog\/wp-content\/uploads\/2015\/09\/HAPJA-SOLEMNE-E-GREEN-CULTURE-FEST-ADA-BOJANA.jpg\" \/>\n<meta name=\"twitter:label1\" content=\"Written by\" \/>\n\t<meta name=\"twitter:data1\" content=\"ulqini\" \/>\n\t<meta name=\"twitter:label2\" content=\"Est. reading time\" \/>\n\t<meta name=\"twitter:data2\" content=\"4 minutes\" \/>\n<script type=\"application\/ld+json\" class=\"yoast-schema-graph\">{\"@context\":\"https:\/\/schema.org\",\"@graph\":[{\"@type\":\"WebSite\",\"@id\":\"https:\/\/www.visit-ulcinj.com\/blog\/#website\",\"url\":\"https:\/\/www.visit-ulcinj.com\/blog\/\",\"name\":\"Lajme nga Ulqini\",\"description\":\"Lajme,Vijesti,Ulqini,Ulqin,Crna Gora,Mali i Zi\",\"potentialAction\":[{\"@type\":\"SearchAction\",\"target\":{\"@type\":\"EntryPoint\",\"urlTemplate\":\"https:\/\/www.visit-ulcinj.com\/blog\/?s={search_term_string}\"},\"query-input\":\"required name=search_term_string\"}],\"inLanguage\":\"en-US\"},{\"@type\":\"ImageObject\",\"inLanguage\":\"en-US\",\"@id\":\"https:\/\/www.visit-ulcinj.com\/blog\/2015\/09\/08\/neser-hapja-solemne-e-green-culutre-fest\/#primaryimage\",\"url\":\"https:\/\/www.visit-ulcinj.com\/blog\/wp-content\/uploads\/2015\/09\/HAPJA-SOLEMNE-E-GREEN-CULTURE-FEST-ADA-BOJANA.jpg\",\"contentUrl\":\"https:\/\/www.visit-ulcinj.com\/blog\/wp-content\/uploads\/2015\/09\/HAPJA-SOLEMNE-E-GREEN-CULTURE-FEST-ADA-BOJANA.jpg\",\"width\":737,\"height\":739},{\"@type\":\"WebPage\",\"@id\":\"https:\/\/www.visit-ulcinj.com\/blog\/2015\/09\/08\/neser-hapja-solemne-e-green-culutre-fest\/#webpage\",\"url\":\"https:\/\/www.visit-ulcinj.com\/blog\/2015\/09\/08\/neser-hapja-solemne-e-green-culutre-fest\/\",\"name\":\"Nes\u00ebr Hapja solemne e Green Culutre Fest-it - Lajme nga Ulqini\",\"isPartOf\":{\"@id\":\"https:\/\/www.visit-ulcinj.com\/blog\/#website\"},\"primaryImageOfPage\":{\"@id\":\"https:\/\/www.visit-ulcinj.com\/blog\/2015\/09\/08\/neser-hapja-solemne-e-green-culutre-fest\/#primaryimage\"},\"datePublished\":\"2015-09-08T14:11:37+00:00\",\"dateModified\":\"2015-09-09T21:12:41+00:00\",\"author\":{\"@id\":\"https:\/\/www.visit-ulcinj.com\/blog\/#\/schema\/person\/dcab619c614d3038751c63bc2aadc06d\"},\"description\":\"Komuna e Ulqinit, n\u00eb bashkepunim me OJQ-n\u00eb Krug nga Londra, do t\u00eb organizoj\u00eb edicionin e tret\u00eb t\u00eb Green Culutre Fest, n\u00eb periudhen prej 10-12 shtator 2015\",\"breadcrumb\":{\"@id\":\"https:\/\/www.visit-ulcinj.com\/blog\/2015\/09\/08\/neser-hapja-solemne-e-green-culutre-fest\/#breadcrumb\"},\"inLanguage\":\"en-US\",\"potentialAction\":[{\"@type\":\"ReadAction\",\"target\":[\"https:\/\/www.visit-ulcinj.com\/blog\/2015\/09\/08\/neser-hapja-solemne-e-green-culutre-fest\/\"]}]},{\"@type\":\"BreadcrumbList\",\"@id\":\"https:\/\/www.visit-ulcinj.com\/blog\/2015\/09\/08\/neser-hapja-solemne-e-green-culutre-fest\/#breadcrumb\",\"itemListElement\":[{\"@type\":\"ListItem\",\"position\":1,\"name\":\"Nes\u00ebr Hapja solemne e Green Culutre Fest-it\"}]},{\"@type\":\"Person\",\"@id\":\"https:\/\/www.visit-ulcinj.com\/blog\/#\/schema\/person\/dcab619c614d3038751c63bc2aadc06d\",\"name\":\"ulqini\",\"sameAs\":[\"http:\/\/www.visit-ulcinj.com\"],\"url\":\"https:\/\/www.visit-ulcinj.com\/blog\/author\/admin\/\"}]}<\/script>\n<!-- \/ Yoast SEO plugin. -->","yoast_head_json":{"title":"Nes\u00ebr Hapja solemne e Green Culutre Fest-it - Lajme nga Ulqini","description":"Komuna e Ulqinit, n\u00eb bashkepunim me OJQ-n\u00eb Krug nga Londra, do t\u00eb organizoj\u00eb edicionin e tret\u00eb t\u00eb Green Culutre Fest, n\u00eb periudhen prej 10-12 shtator 2015","robots":{"index":"index","follow":"follow","max-snippet":"max-snippet:-1","max-image-preview":"max-image-preview:large","max-video-preview":"max-video-preview:-1"},"canonical":"https:\/\/www.visit-ulcinj.com\/blog\/2015\/09\/08\/neser-hapja-solemne-e-green-culutre-fest\/","og_locale":"en_US","og_type":"article","og_title":"Nes\u00ebr Hapja solemne e Green Culutre Fest-it - Lajme nga Ulqini","og_description":"Komuna e Ulqinit, n\u00eb bashkepunim me OJQ-n\u00eb Krug nga Londra, do t\u00eb organizoj\u00eb edicionin e tret\u00eb t\u00eb Green Culutre Fest, n\u00eb periudhen prej 10-12 shtator 2015","og_url":"https:\/\/www.visit-ulcinj.com\/blog\/2015\/09\/08\/neser-hapja-solemne-e-green-culutre-fest\/","og_site_name":"Lajme nga Ulqini","article_published_time":"2015-09-08T14:11:37+00:00","article_modified_time":"2015-09-09T21:12:41+00:00","og_image":[{"url":"http:\/\/www.visit-ulcinj.com\/blog\/wp-content\/uploads\/2015\/09\/HAPJA-SOLEMNE-E-GREEN-CULTURE-FEST-ADA-BOJANA.jpg"}],"twitter_misc":{"Written by":"ulqini","Est. reading time":"4 minutes"},"schema":{"@context":"https:\/\/schema.org","@graph":[{"@type":"WebSite","@id":"https:\/\/www.visit-ulcinj.com\/blog\/#website","url":"https:\/\/www.visit-ulcinj.com\/blog\/","name":"Lajme nga Ulqini","description":"Lajme,Vijesti,Ulqini,Ulqin,Crna Gora,Mali i Zi","potentialAction":[{"@type":"SearchAction","target":{"@type":"EntryPoint","urlTemplate":"https:\/\/www.visit-ulcinj.com\/blog\/?s={search_term_string}"},"query-input":"required name=search_term_string"}],"inLanguage":"en-US"},{"@type":"ImageObject","inLanguage":"en-US","@id":"https:\/\/www.visit-ulcinj.com\/blog\/2015\/09\/08\/neser-hapja-solemne-e-green-culutre-fest\/#primaryimage","url":"https:\/\/www.visit-ulcinj.com\/blog\/wp-content\/uploads\/2015\/09\/HAPJA-SOLEMNE-E-GREEN-CULTURE-FEST-ADA-BOJANA.jpg","contentUrl":"https:\/\/www.visit-ulcinj.com\/blog\/wp-content\/uploads\/2015\/09\/HAPJA-SOLEMNE-E-GREEN-CULTURE-FEST-ADA-BOJANA.jpg","width":737,"height":739},{"@type":"WebPage","@id":"https:\/\/www.visit-ulcinj.com\/blog\/2015\/09\/08\/neser-hapja-solemne-e-green-culutre-fest\/#webpage","url":"https:\/\/www.visit-ulcinj.com\/blog\/2015\/09\/08\/neser-hapja-solemne-e-green-culutre-fest\/","name":"Nes\u00ebr Hapja solemne e Green Culutre Fest-it - Lajme nga Ulqini","isPartOf":{"@id":"https:\/\/www.visit-ulcinj.com\/blog\/#website"},"primaryImageOfPage":{"@id":"https:\/\/www.visit-ulcinj.com\/blog\/2015\/09\/08\/neser-hapja-solemne-e-green-culutre-fest\/#primaryimage"},"datePublished":"2015-09-08T14:11:37+00:00","dateModified":"2015-09-09T21:12:41+00:00","author":{"@id":"https:\/\/www.visit-ulcinj.com\/blog\/#\/schema\/person\/dcab619c614d3038751c63bc2aadc06d"},"description":"Komuna e Ulqinit, n\u00eb bashkepunim me OJQ-n\u00eb Krug nga Londra, do t\u00eb organizoj\u00eb edicionin e tret\u00eb t\u00eb Green Culutre Fest, n\u00eb periudhen prej 10-12 shtator 2015","breadcrumb":{"@id":"https:\/\/www.visit-ulcinj.com\/blog\/2015\/09\/08\/neser-hapja-solemne-e-green-culutre-fest\/#breadcrumb"},"inLanguage":"en-US","potentialAction":[{"@type":"ReadAction","target":["https:\/\/www.visit-ulcinj.com\/blog\/2015\/09\/08\/neser-hapja-solemne-e-green-culutre-fest\/"]}]},{"@type":"BreadcrumbList","@id":"https:\/\/www.visit-ulcinj.com\/blog\/2015\/09\/08\/neser-hapja-solemne-e-green-culutre-fest\/#breadcrumb","itemListElement":[{"@type":"ListItem","position":1,"name":"Nes\u00ebr Hapja solemne e Green Culutre Fest-it"}]},{"@type":"Person","@id":"https:\/\/www.visit-ulcinj.com\/blog\/#\/schema\/person\/dcab619c614d3038751c63bc2aadc06d","name":"ulqini","sameAs":["http:\/\/www.visit-ulcinj.com"],"url":"https:\/\/www.visit-ulcinj.com\/blog\/author\/admin\/"}]}},"jetpack_featured_media_url":"","jetpack_sharing_enabled":true,"jetpack_shortlink":"https:\/\/wp.me\/pe6lTn-nZh","_links":{"self":[{"href":"https:\/\/www.visit-ulcinj.com\/blog\/wp-json\/wp\/v2\/posts\/92211"}],"collection":[{"href":"https:\/\/www.visit-ulcinj.com\/blog\/wp-json\/wp\/v2\/posts"}],"about":[{"href":"https:\/\/www.visit-ulcinj.com\/blog\/wp-json\/wp\/v2\/types\/post"}],"author":[{"embeddable":true,"href":"https:\/\/www.visit-ulcinj.com\/blog\/wp-json\/wp\/v2\/users\/1"}],"replies":[{"embeddable":true,"href":"https:\/\/www.visit-ulcinj.com\/blog\/wp-json\/wp\/v2\/comments?post=92211"}],"version-history":[{"count":5,"href":"https:\/\/www.visit-ulcinj.com\/blog\/wp-json\/wp\/v2\/posts\/92211\/revisions"}],"predecessor-version":[{"id":92223,"href":"https:\/\/www.visit-ulcinj.com\/blog\/wp-json\/wp\/v2\/posts\/92211\/revisions\/92223"}],"wp:attachment":[{"href":"https:\/\/www.visit-ulcinj.com\/blog\/wp-json\/wp\/v2\/media?parent=92211"}],"wp:term":[{"taxonomy":"category","embeddable":true,"href":"https:\/\/www.visit-ulcinj.com\/blog\/wp-json\/wp\/v2\/categories?post=92211"},{"taxonomy":"post_tag","embeddable":true,"href":"https:\/\/www.visit-ulcinj.com\/blog\/wp-json\/wp\/v2\/tags?post=92211"}],"curies":[{"name":"wp","href":"https:\/\/api.w.org\/{rel}","templated":true}]}}