{"id":92221,"date":"2015-09-08T15:45:14","date_gmt":"2015-09-08T14:45:14","guid":{"rendered":"http:\/\/www.visit-ulcinj.com\/blog\/?p=92221"},"modified":"2015-09-08T15:45:14","modified_gmt":"2015-09-08T14:45:14","slug":"sutra-treca-edicija-green-culture-fest","status":"publish","type":"post","link":"https:\/\/www.visit-ulcinj.com\/blog\/2015\/09\/08\/sutra-treca-edicija-green-culture-fest\/","title":{"rendered":"Sutra  Tre\u0107a edicija Green Culture Fest-a"},"content":{"rendered":"<p><a href=\"http:\/\/www.visit-ulcinj.com\/blog\/wp-content\/uploads\/2015\/09\/HAPJA-SOLEMNE-E-GREEN-CULTURE-FEST-ADA-BOJANA-2.jpg\"><img loading=\"lazy\" class=\"alignleft wp-image-92218\" src=\"http:\/\/www.visit-ulcinj.com\/blog\/wp-content\/uploads\/2015\/09\/HAPJA-SOLEMNE-E-GREEN-CULTURE-FEST-ADA-BOJANA-2.jpg\" alt=\"HAPJA SOLEMNE E GREEN CULTURE FEST-ADA-BOJANA-2\" width=\"508\" height=\"363\" srcset=\"https:\/\/www.visit-ulcinj.com\/blog\/wp-content\/uploads\/2015\/09\/HAPJA-SOLEMNE-E-GREEN-CULTURE-FEST-ADA-BOJANA-2.jpg 1024w, https:\/\/www.visit-ulcinj.com\/blog\/wp-content\/uploads\/2015\/09\/HAPJA-SOLEMNE-E-GREEN-CULTURE-FEST-ADA-BOJANA-2-300x214.jpg 300w\" sizes=\"(max-width: 508px) 100vw, 508px\" \/><\/a>Op\u0161tina Ulcinj, u saradnji sa NVO KRUG iz Londona, bi\u0107e doma\u0107in tre\u0107e edicije Green Culture Fest-a, u periodu od 10 &#8211; 12 septembra 2015. godine.<br \/>\nNakon uspje\u0161no odr\u017eanog simpozijuma u 2013.godini\u00a0 i konferencije u 2014., oba dva doga\u0111aja odr\u017eana u Portu Montenegru u Tivtu, podr\u017eane od Ambasade Velike Britanije i Ambasade Sjedinjenih Ameri\u010dkih Dr\u017eava, tre\u0107e izdanje ovog doga\u0111aja dobija ve\u0107e razmjere i uz seriju radionica i kulturno umjetni\u010dki program, ove godine ova manifestacija prerasta u Fest.<\/p>\n<p>Op\u0161tina Ulcinj je prepoznala potencijal ovog doga\u0111aja koji je od obostranog velikog a i nacionalnog zna\u010daja, s obzirom na profil predava\u010da. \u00a0Ovaj doga\u0111aj pru\u017ea mogu\u0107nosti za isticanje Ulcinjskog podru\u010dja i njegovih prirodnih ljepota, kao i produ\u017eavanje turisti\u010dke sezone, i to upravo manifestacijom koja promovi\u0161e za\u0161titu prirodnih i kulturnih blaga i time popularizuje trenutno jako aktuelni globalni trend. Kroz promovisanje ekolo\u0161ke samoodr\u017eivosti u kulturnom sektoru, otvaramo vrata i ostalim sektorima koji su ove godine obuhva\u0107eni programom ove manifestacije, a to su: Zelena kultura, Zelena nauka, Zeleni biznis i Zeleni na\u010din razmi\u0161ljanja.<\/p>\n<p>Nadamo se da \u0107e ova manifestacija postati tradicionalna, i po kojoj ce Ulcinj postati prepoznatljiva destinacija za zajednicu kulturnih radnika sa svih strana svijeta.<\/p>\n<p>Green Culture Fest je doga\u0111aj koji ima za cilj promovisanje zna\u010daja uloge kreativne industrije u kreiranju odr\u017eivosti sredine u kojoj \u017eivimo. Istovremeno, ovaj dogadjaj obra\u0107a pa\u017enju na impakt kreativne industrije na \u017eivotnu sredinu, kao i na uticaj kulturnog sektora na ostale dru\u0161tvene sektore i postizanje pozitivnih promjena u njihovom stavu prema \u017eivotnoj sredini. Ishod ove manifestacije \u0107e biti i kreiranje plana aktivnosti i odredjivanje ciljeva koji treba da se postignu do po\u010detka slijede\u0107e manifestacije u 2016. godini.<\/p>\n<p>Kreativna industrija ima kapacitet da adekvatno odgovori na izazov koje promjene nose sa sobom i time inspiri\u0161e ljude da rade i \u017eive na odr\u017eiviji na\u010din. Nosioci kreativne industrije (umjetnost i razli\u010dite kulturne discipline) su u idealnoj poziciji da promovi\u0161u odr\u017eivost kroz region jugoisto\u010dne Evrope, odnosno zapadnog Balkana.<\/p>\n<p>Green Culture Fest kroz set kreativnih radionica i inovativnih metoda ima za cilj i da promovi\u0161e kreativne industrije u Crnoj Gori i regionu.<\/p>\n<p>Planirano je da se Green Culture Fest, odr\u017ei na Adi Bojani i o\u010dekujemo aktivnu participaju oko 150-200 u\u010desnika, me\u0111u kojima ima eminentnih imena kreativne industrije. Na pro\u0161lim dogadjajima Green Culture, imali smo prilike da \u010dujemo izlaganja predstavnika eminentnih edukativnih institucija iz Velike Britanije kao \u0161to su Royal Central School for Speech and Drama, Royal Society of Arts, Imperial College, Cass Business School, kao i eksperta u toj industriji Julie&#8217;s Bicycle koji su jako uticajni na globalnom nivou.<\/p>\n<p>Sve to mo\u017eete da pogledate detaljno i na \u201cwww.greenculture.world\u201d<\/p>\n<p>Sve\u010dano otvaranje \u0107e biti 09.09.2015 tako\u0111e na Adi Bojani u Beach-Restoranu Barbana.<\/p>\n<p>Na\u0161 poziv su prihvatile, amb. Njemacke Gurdrun Steinacker, amb. Francuske Veronique Brumeaux, amb. Poljske Irena Tataryznska, amb. Velike Britanije Mr. Whitting. EU Ambasador g-din Drobni\u010d (treba da konfirmi\u0161e).<\/p>\n<h3><a title=\"[0.46MB]\" href=\"http:\/\/www.ul-gov.me\/upload\/document\/20150908_gcf_15_agenda_eng_fin_.pdf\" target=\"_blank\">Agenda Green Culture Fest 2015 <\/a><\/h3>\n<p>&nbsp;<\/p>\n","protected":false},"excerpt":{"rendered":"<p>Op\u0161tina Ulcinj, u saradnji sa NVO KRUG iz Londona, bi\u0107e doma\u0107in tre\u0107e edicije Green Culture Fest-a, u periodu od 10 &#8211; 12 septembra 2015. godine. Nakon uspje\u0161no odr\u017eanog simpozijuma u 2013.godini\u00a0 i konferencije u 2014., oba dva doga\u0111aja odr\u017eana u Portu Montenegru u Tivtu, podr\u017eane od Ambasade Velike Britanije i Ambasade Sjedinjenih Ameri\u010dkih Dr\u017eava, tre\u0107e [&hellip;]<\/p>\n","protected":false},"author":1,"featured_media":0,"comment_status":"closed","ping_status":"closed","sticky":false,"template":"","format":"standard","meta":{"spay_email":"","jetpack_publicize_message":"","jetpack_is_tweetstorm":false,"jetpack_publicize_feature_enabled":true},"categories":[6950],"tags":[],"jetpack_publicize_connections":[],"yoast_head":"<!-- This site is optimized with the Yoast SEO plugin v19.1 - https:\/\/yoast.com\/wordpress\/plugins\/seo\/ -->\n<title>Sutra Tre\u0107a edicija Green Culture Fest-a - Lajme nga Ulqini<\/title>\n<meta name=\"description\" content=\"Op\u0161tina Ulcinj, u saradnji sa NVO KRUG iz Londona, bi\u0107e doma\u0107in tre\u0107e edicije Green Culture Fest-a, u periodu od 10 - 12 septembra 2015. godine. Nakon\" \/>\n<meta name=\"robots\" content=\"index, follow, max-snippet:-1, max-image-preview:large, max-video-preview:-1\" \/>\n<link rel=\"canonical\" href=\"https:\/\/www.visit-ulcinj.com\/blog\/2015\/09\/08\/sutra-treca-edicija-green-culture-fest\/\" \/>\n<meta property=\"og:locale\" content=\"en_US\" \/>\n<meta property=\"og:type\" content=\"article\" \/>\n<meta property=\"og:title\" content=\"Sutra Tre\u0107a edicija Green Culture Fest-a - Lajme nga Ulqini\" \/>\n<meta property=\"og:description\" content=\"Op\u0161tina Ulcinj, u saradnji sa NVO KRUG iz Londona, bi\u0107e doma\u0107in tre\u0107e edicije Green Culture Fest-a, u periodu od 10 - 12 septembra 2015. godine. Nakon\" \/>\n<meta property=\"og:url\" content=\"https:\/\/www.visit-ulcinj.com\/blog\/2015\/09\/08\/sutra-treca-edicija-green-culture-fest\/\" \/>\n<meta property=\"og:site_name\" content=\"Lajme nga Ulqini\" \/>\n<meta property=\"article:published_time\" content=\"2015-09-08T14:45:14+00:00\" \/>\n<meta property=\"og:image\" content=\"http:\/\/www.visit-ulcinj.com\/blog\/wp-content\/uploads\/2015\/09\/HAPJA-SOLEMNE-E-GREEN-CULTURE-FEST-ADA-BOJANA-2.jpg\" \/>\n<meta name=\"twitter:label1\" content=\"Written by\" \/>\n\t<meta name=\"twitter:data1\" content=\"ulqini\" \/>\n\t<meta name=\"twitter:label2\" content=\"Est. reading time\" \/>\n\t<meta name=\"twitter:data2\" content=\"3 minutes\" \/>\n<script type=\"application\/ld+json\" class=\"yoast-schema-graph\">{\"@context\":\"https:\/\/schema.org\",\"@graph\":[{\"@type\":\"WebSite\",\"@id\":\"https:\/\/www.visit-ulcinj.com\/blog\/#website\",\"url\":\"https:\/\/www.visit-ulcinj.com\/blog\/\",\"name\":\"Lajme nga Ulqini\",\"description\":\"Lajme,Vijesti,Ulqini,Ulqin,Crna Gora,Mali i Zi\",\"potentialAction\":[{\"@type\":\"SearchAction\",\"target\":{\"@type\":\"EntryPoint\",\"urlTemplate\":\"https:\/\/www.visit-ulcinj.com\/blog\/?s={search_term_string}\"},\"query-input\":\"required name=search_term_string\"}],\"inLanguage\":\"en-US\"},{\"@type\":\"ImageObject\",\"inLanguage\":\"en-US\",\"@id\":\"https:\/\/www.visit-ulcinj.com\/blog\/2015\/09\/08\/sutra-treca-edicija-green-culture-fest\/#primaryimage\",\"url\":\"https:\/\/www.visit-ulcinj.com\/blog\/wp-content\/uploads\/2015\/09\/HAPJA-SOLEMNE-E-GREEN-CULTURE-FEST-ADA-BOJANA-2.jpg\",\"contentUrl\":\"https:\/\/www.visit-ulcinj.com\/blog\/wp-content\/uploads\/2015\/09\/HAPJA-SOLEMNE-E-GREEN-CULTURE-FEST-ADA-BOJANA-2.jpg\",\"width\":1024,\"height\":731},{\"@type\":\"WebPage\",\"@id\":\"https:\/\/www.visit-ulcinj.com\/blog\/2015\/09\/08\/sutra-treca-edicija-green-culture-fest\/#webpage\",\"url\":\"https:\/\/www.visit-ulcinj.com\/blog\/2015\/09\/08\/sutra-treca-edicija-green-culture-fest\/\",\"name\":\"Sutra Tre\u0107a edicija Green Culture Fest-a - Lajme nga Ulqini\",\"isPartOf\":{\"@id\":\"https:\/\/www.visit-ulcinj.com\/blog\/#website\"},\"primaryImageOfPage\":{\"@id\":\"https:\/\/www.visit-ulcinj.com\/blog\/2015\/09\/08\/sutra-treca-edicija-green-culture-fest\/#primaryimage\"},\"datePublished\":\"2015-09-08T14:45:14+00:00\",\"dateModified\":\"2015-09-08T14:45:14+00:00\",\"author\":{\"@id\":\"https:\/\/www.visit-ulcinj.com\/blog\/#\/schema\/person\/dcab619c614d3038751c63bc2aadc06d\"},\"description\":\"Op\u0161tina Ulcinj, u saradnji sa NVO KRUG iz Londona, bi\u0107e doma\u0107in tre\u0107e edicije Green Culture Fest-a, u periodu od 10 - 12 septembra 2015. godine. Nakon\",\"breadcrumb\":{\"@id\":\"https:\/\/www.visit-ulcinj.com\/blog\/2015\/09\/08\/sutra-treca-edicija-green-culture-fest\/#breadcrumb\"},\"inLanguage\":\"en-US\",\"potentialAction\":[{\"@type\":\"ReadAction\",\"target\":[\"https:\/\/www.visit-ulcinj.com\/blog\/2015\/09\/08\/sutra-treca-edicija-green-culture-fest\/\"]}]},{\"@type\":\"BreadcrumbList\",\"@id\":\"https:\/\/www.visit-ulcinj.com\/blog\/2015\/09\/08\/sutra-treca-edicija-green-culture-fest\/#breadcrumb\",\"itemListElement\":[{\"@type\":\"ListItem\",\"position\":1,\"name\":\"Sutra Tre\u0107a edicija Green Culture Fest-a\"}]},{\"@type\":\"Person\",\"@id\":\"https:\/\/www.visit-ulcinj.com\/blog\/#\/schema\/person\/dcab619c614d3038751c63bc2aadc06d\",\"name\":\"ulqini\",\"sameAs\":[\"http:\/\/www.visit-ulcinj.com\"],\"url\":\"https:\/\/www.visit-ulcinj.com\/blog\/author\/admin\/\"}]}<\/script>\n<!-- \/ Yoast SEO plugin. -->","yoast_head_json":{"title":"Sutra Tre\u0107a edicija Green Culture Fest-a - Lajme nga Ulqini","description":"Op\u0161tina Ulcinj, u saradnji sa NVO KRUG iz Londona, bi\u0107e doma\u0107in tre\u0107e edicije Green Culture Fest-a, u periodu od 10 - 12 septembra 2015. godine. Nakon","robots":{"index":"index","follow":"follow","max-snippet":"max-snippet:-1","max-image-preview":"max-image-preview:large","max-video-preview":"max-video-preview:-1"},"canonical":"https:\/\/www.visit-ulcinj.com\/blog\/2015\/09\/08\/sutra-treca-edicija-green-culture-fest\/","og_locale":"en_US","og_type":"article","og_title":"Sutra Tre\u0107a edicija Green Culture Fest-a - Lajme nga Ulqini","og_description":"Op\u0161tina Ulcinj, u saradnji sa NVO KRUG iz Londona, bi\u0107e doma\u0107in tre\u0107e edicije Green Culture Fest-a, u periodu od 10 - 12 septembra 2015. godine. Nakon","og_url":"https:\/\/www.visit-ulcinj.com\/blog\/2015\/09\/08\/sutra-treca-edicija-green-culture-fest\/","og_site_name":"Lajme nga Ulqini","article_published_time":"2015-09-08T14:45:14+00:00","og_image":[{"url":"http:\/\/www.visit-ulcinj.com\/blog\/wp-content\/uploads\/2015\/09\/HAPJA-SOLEMNE-E-GREEN-CULTURE-FEST-ADA-BOJANA-2.jpg"}],"twitter_misc":{"Written by":"ulqini","Est. reading time":"3 minutes"},"schema":{"@context":"https:\/\/schema.org","@graph":[{"@type":"WebSite","@id":"https:\/\/www.visit-ulcinj.com\/blog\/#website","url":"https:\/\/www.visit-ulcinj.com\/blog\/","name":"Lajme nga Ulqini","description":"Lajme,Vijesti,Ulqini,Ulqin,Crna Gora,Mali i Zi","potentialAction":[{"@type":"SearchAction","target":{"@type":"EntryPoint","urlTemplate":"https:\/\/www.visit-ulcinj.com\/blog\/?s={search_term_string}"},"query-input":"required name=search_term_string"}],"inLanguage":"en-US"},{"@type":"ImageObject","inLanguage":"en-US","@id":"https:\/\/www.visit-ulcinj.com\/blog\/2015\/09\/08\/sutra-treca-edicija-green-culture-fest\/#primaryimage","url":"https:\/\/www.visit-ulcinj.com\/blog\/wp-content\/uploads\/2015\/09\/HAPJA-SOLEMNE-E-GREEN-CULTURE-FEST-ADA-BOJANA-2.jpg","contentUrl":"https:\/\/www.visit-ulcinj.com\/blog\/wp-content\/uploads\/2015\/09\/HAPJA-SOLEMNE-E-GREEN-CULTURE-FEST-ADA-BOJANA-2.jpg","width":1024,"height":731},{"@type":"WebPage","@id":"https:\/\/www.visit-ulcinj.com\/blog\/2015\/09\/08\/sutra-treca-edicija-green-culture-fest\/#webpage","url":"https:\/\/www.visit-ulcinj.com\/blog\/2015\/09\/08\/sutra-treca-edicija-green-culture-fest\/","name":"Sutra Tre\u0107a edicija Green Culture Fest-a - Lajme nga Ulqini","isPartOf":{"@id":"https:\/\/www.visit-ulcinj.com\/blog\/#website"},"primaryImageOfPage":{"@id":"https:\/\/www.visit-ulcinj.com\/blog\/2015\/09\/08\/sutra-treca-edicija-green-culture-fest\/#primaryimage"},"datePublished":"2015-09-08T14:45:14+00:00","dateModified":"2015-09-08T14:45:14+00:00","author":{"@id":"https:\/\/www.visit-ulcinj.com\/blog\/#\/schema\/person\/dcab619c614d3038751c63bc2aadc06d"},"description":"Op\u0161tina Ulcinj, u saradnji sa NVO KRUG iz Londona, bi\u0107e doma\u0107in tre\u0107e edicije Green Culture Fest-a, u periodu od 10 - 12 septembra 2015. godine. Nakon","breadcrumb":{"@id":"https:\/\/www.visit-ulcinj.com\/blog\/2015\/09\/08\/sutra-treca-edicija-green-culture-fest\/#breadcrumb"},"inLanguage":"en-US","potentialAction":[{"@type":"ReadAction","target":["https:\/\/www.visit-ulcinj.com\/blog\/2015\/09\/08\/sutra-treca-edicija-green-culture-fest\/"]}]},{"@type":"BreadcrumbList","@id":"https:\/\/www.visit-ulcinj.com\/blog\/2015\/09\/08\/sutra-treca-edicija-green-culture-fest\/#breadcrumb","itemListElement":[{"@type":"ListItem","position":1,"name":"Sutra Tre\u0107a edicija Green Culture Fest-a"}]},{"@type":"Person","@id":"https:\/\/www.visit-ulcinj.com\/blog\/#\/schema\/person\/dcab619c614d3038751c63bc2aadc06d","name":"ulqini","sameAs":["http:\/\/www.visit-ulcinj.com"],"url":"https:\/\/www.visit-ulcinj.com\/blog\/author\/admin\/"}]}},"jetpack_featured_media_url":"","jetpack_sharing_enabled":true,"jetpack_shortlink":"https:\/\/wp.me\/pe6lTn-nZr","_links":{"self":[{"href":"https:\/\/www.visit-ulcinj.com\/blog\/wp-json\/wp\/v2\/posts\/92221"}],"collection":[{"href":"https:\/\/www.visit-ulcinj.com\/blog\/wp-json\/wp\/v2\/posts"}],"about":[{"href":"https:\/\/www.visit-ulcinj.com\/blog\/wp-json\/wp\/v2\/types\/post"}],"author":[{"embeddable":true,"href":"https:\/\/www.visit-ulcinj.com\/blog\/wp-json\/wp\/v2\/users\/1"}],"replies":[{"embeddable":true,"href":"https:\/\/www.visit-ulcinj.com\/blog\/wp-json\/wp\/v2\/comments?post=92221"}],"version-history":[{"count":1,"href":"https:\/\/www.visit-ulcinj.com\/blog\/wp-json\/wp\/v2\/posts\/92221\/revisions"}],"predecessor-version":[{"id":92222,"href":"https:\/\/www.visit-ulcinj.com\/blog\/wp-json\/wp\/v2\/posts\/92221\/revisions\/92222"}],"wp:attachment":[{"href":"https:\/\/www.visit-ulcinj.com\/blog\/wp-json\/wp\/v2\/media?parent=92221"}],"wp:term":[{"taxonomy":"category","embeddable":true,"href":"https:\/\/www.visit-ulcinj.com\/blog\/wp-json\/wp\/v2\/categories?post=92221"},{"taxonomy":"post_tag","embeddable":true,"href":"https:\/\/www.visit-ulcinj.com\/blog\/wp-json\/wp\/v2\/tags?post=92221"}],"curies":[{"name":"wp","href":"https:\/\/api.w.org\/{rel}","templated":true}]}}