{"id":92231,"date":"2015-09-09T22:11:16","date_gmt":"2015-09-09T21:11:16","guid":{"rendered":"http:\/\/www.visit-ulcinj.com\/blog\/?p=92231"},"modified":"2015-09-09T22:11:16","modified_gmt":"2015-09-09T21:11:16","slug":"smece-oko-starog-grada-ocisceno-akcija-se-nastavlja","status":"publish","type":"post","link":"https:\/\/www.visit-ulcinj.com\/blog\/2015\/09\/09\/smece-oko-starog-grada-ocisceno-akcija-se-nastavlja\/","title":{"rendered":"Sme\u0107e oko Starog Grada o\u010di\u0161\u0107eno, akcija se nastavlja!"},"content":{"rendered":"<p><strong><a href=\"http:\/\/www.visit-ulcinj.com\/blog\/wp-content\/uploads\/2015\/09\/Pastrohen-mbeturinat-Kalaja-Ulqinit-2.jpg\"><img loading=\"lazy\" class=\"alignleft wp-image-92229\" src=\"http:\/\/www.visit-ulcinj.com\/blog\/wp-content\/uploads\/2015\/09\/Pastrohen-mbeturinat-Kalaja-Ulqinit-2.jpg\" alt=\"Pastrohen-mbeturinat-Kalaja-Ulqinit-2\" width=\"508\" height=\"339\" srcset=\"https:\/\/www.visit-ulcinj.com\/blog\/wp-content\/uploads\/2015\/09\/Pastrohen-mbeturinat-Kalaja-Ulqinit-2.jpg 933w, https:\/\/www.visit-ulcinj.com\/blog\/wp-content\/uploads\/2015\/09\/Pastrohen-mbeturinat-Kalaja-Ulqinit-2-300x200.jpg 300w\" sizes=\"(max-width: 508px) 100vw, 508px\" \/><\/a>O\u010di\u0161\u0107eno sme\u0107e oko Starog Grada, akcija se nastavlja!<\/strong><\/p>\n<p>Pod iniciativom Op\u0161tine Ulcinj, organizovana je zajedni\u010dka akcija koja za cilj ima \u010di\u0161\u0107enje obalnog pojasa ove Op\u0161tine.<\/p>\n<p>Akcija po\u010dinje \u010di\u0161\u0107enjem akumuliranog sme\u0107a oko Ulcinjskog Starog Grada, gdje se na\u017ealost nai\u0161lo na veliku koli\u010dinu sme\u0107a koje se godinama deponovalo na ivicama Starog Grada. Akcija je koordinisana od strane Op\u0161tine Ulcinj, Javnog Preduze\u0107a za Komunalne Djelatnosti Op\u0161tine Ulcinj, Kancelarije za medjunar<span class=\"text_exposed_show\">odnu saradnju i projekte, te Ulcinjskog ronila\u010dkog kluba \u201cD Olcinium\u201d, uz u\u010de\u0161\u0107e \u010dlanova ronila\u010dkog kluba \u201cPeja\u201d, kao i ronila\u010dkog kluba \u201cKosova\u201d. U zajedni\u010dkoj akciji u\u010destvovali su i gradjani volonteri, tj. vlasnici barki \u201cSuka\u201d i \u201cTeuta\u201d. <\/span><\/p>\n<p><span class=\"text_exposed_show\"><a href=\"http:\/\/www.visit-ulcinj.com\/blog\/wp-content\/uploads\/2015\/09\/Pastrohen-mbeturinat-Kalaja-Ulqinit-1.jpg\"><img loading=\"lazy\" class=\"alignleft wp-image-92228\" src=\"http:\/\/www.visit-ulcinj.com\/blog\/wp-content\/uploads\/2015\/09\/Pastrohen-mbeturinat-Kalaja-Ulqinit-1.jpg\" alt=\"Pastrohen-mbeturinat-Kalaja-Ulqinit-1\" width=\"508\" height=\"339\" srcset=\"https:\/\/www.visit-ulcinj.com\/blog\/wp-content\/uploads\/2015\/09\/Pastrohen-mbeturinat-Kalaja-Ulqinit-1.jpg 933w, https:\/\/www.visit-ulcinj.com\/blog\/wp-content\/uploads\/2015\/09\/Pastrohen-mbeturinat-Kalaja-Ulqinit-1-300x200.jpg 300w\" sizes=\"(max-width: 508px) 100vw, 508px\" \/><\/a><br \/>\nAkcija se nastavlja otklanjanjem kontenjera za sme\u0107e, koji su nesavjesni gradjani sa visine bacili na djelu izmedju poluostrva Suka i pla\u017ee biv\u0161eg hotela \u201cGaleb\u201d. <\/span><\/p>\n<div class=\"text_exposed_show\">\n<p>Ova akcija predstavlja jedinstven primjer saradnje izmedju gradjana i nadle\u017enih institucija u cilju postizanja organizovanijeg i \u010distijeg grada.<br \/>\nNadamo se da \u0107e ova inicijativa kako malo uticati na podizanje svijesti kod gradjana, gdje \u0107e svaki centimetar na\u0161eg grada smatrati svojom svojinom.<br \/>\nAkcija \u010di\u0161\u0107enja obale se nastavlja, gdje \u0107e krajnji cilj biti \u010dista obala, bez ijednog otpatka, za \u0161to se svi sla\u017eemo, ovaj grad zaslu\u017euje, zaslu\u017eujemo mi kao gradjani!<\/p>\n<p>&nbsp;<\/p>\n<h5 class=\"_5pbw\" data-ft=\"{&quot;tn&quot;:&quot;C&quot;}\"><span class=\"fwn fcg\"><span class=\"fcg\"><span class=\"fwb\"><a id=\"js_26\" class=\"profileLink\" href=\"https:\/\/www.facebook.com\/pages\/Ulcinj-Marine-Fauna-Protection-and-Cultivation\/1573152122962758\" data-ft=\"{&quot;tn&quot;:&quot;k&quot;}\" data-hovercard=\"\/ajax\/hovercard\/page.php?id=1573152122962758\">+ Foto: Ulcinj Marine Fauna Protection and Cultivation Facebook<br \/>\n<\/a><\/span><\/span><\/span><\/h5>\n<\/div>\n","protected":false},"excerpt":{"rendered":"<p>O\u010di\u0161\u0107eno sme\u0107e oko Starog Grada, akcija se nastavlja! Pod iniciativom Op\u0161tine Ulcinj, organizovana je zajedni\u010dka akcija koja za cilj ima \u010di\u0161\u0107enje obalnog pojasa ove Op\u0161tine. Akcija po\u010dinje \u010di\u0161\u0107enjem akumuliranog sme\u0107a oko Ulcinjskog Starog Grada, gdje se na\u017ealost nai\u0161lo na veliku koli\u010dinu sme\u0107a koje se godinama deponovalo na ivicama Starog Grada. Akcija je koordinisana od strane [&hellip;]<\/p>\n","protected":false},"author":1,"featured_media":0,"comment_status":"closed","ping_status":"closed","sticky":false,"template":"","format":"standard","meta":{"spay_email":"","jetpack_publicize_message":"","jetpack_is_tweetstorm":false,"jetpack_publicize_feature_enabled":true},"categories":[8337],"tags":[],"jetpack_publicize_connections":[],"yoast_head":"<!-- This site is optimized with the Yoast SEO plugin v19.1 - https:\/\/yoast.com\/wordpress\/plugins\/seo\/ -->\n<title>Sme\u0107e oko Starog Grada o\u010di\u0161\u0107eno, akcija se nastavlja! - Lajme nga Ulqini<\/title>\n<meta name=\"description\" content=\"O\u010di\u0161\u0107eno sme\u0107e oko Starog Grada, akcija se nastavlja! Pod iniciativom Op\u0161tine Ulcinj, organizovana je zajedni\u010dka akcija koja za cilj ima \u010di\u0161\u0107enje obalnog\" \/>\n<meta name=\"robots\" content=\"index, follow, max-snippet:-1, max-image-preview:large, max-video-preview:-1\" \/>\n<link rel=\"canonical\" href=\"https:\/\/www.visit-ulcinj.com\/blog\/2015\/09\/09\/smece-oko-starog-grada-ocisceno-akcija-se-nastavlja\/\" \/>\n<meta property=\"og:locale\" content=\"en_US\" \/>\n<meta property=\"og:type\" content=\"article\" \/>\n<meta property=\"og:title\" content=\"Sme\u0107e oko Starog Grada o\u010di\u0161\u0107eno, akcija se nastavlja! - Lajme nga Ulqini\" \/>\n<meta property=\"og:description\" content=\"O\u010di\u0161\u0107eno sme\u0107e oko Starog Grada, akcija se nastavlja! Pod iniciativom Op\u0161tine Ulcinj, organizovana je zajedni\u010dka akcija koja za cilj ima \u010di\u0161\u0107enje obalnog\" \/>\n<meta property=\"og:url\" content=\"https:\/\/www.visit-ulcinj.com\/blog\/2015\/09\/09\/smece-oko-starog-grada-ocisceno-akcija-se-nastavlja\/\" \/>\n<meta property=\"og:site_name\" content=\"Lajme nga Ulqini\" \/>\n<meta property=\"article:published_time\" content=\"2015-09-09T21:11:16+00:00\" \/>\n<meta property=\"og:image\" content=\"http:\/\/www.visit-ulcinj.com\/blog\/wp-content\/uploads\/2015\/09\/Pastrohen-mbeturinat-Kalaja-Ulqinit-2.jpg\" \/>\n<meta name=\"twitter:label1\" content=\"Written by\" \/>\n\t<meta name=\"twitter:data1\" content=\"ulqini\" \/>\n\t<meta name=\"twitter:label2\" content=\"Est. reading time\" \/>\n\t<meta name=\"twitter:data2\" content=\"1 minute\" \/>\n<script type=\"application\/ld+json\" class=\"yoast-schema-graph\">{\"@context\":\"https:\/\/schema.org\",\"@graph\":[{\"@type\":\"WebSite\",\"@id\":\"https:\/\/www.visit-ulcinj.com\/blog\/#website\",\"url\":\"https:\/\/www.visit-ulcinj.com\/blog\/\",\"name\":\"Lajme nga Ulqini\",\"description\":\"Lajme,Vijesti,Ulqini,Ulqin,Crna Gora,Mali i Zi\",\"potentialAction\":[{\"@type\":\"SearchAction\",\"target\":{\"@type\":\"EntryPoint\",\"urlTemplate\":\"https:\/\/www.visit-ulcinj.com\/blog\/?s={search_term_string}\"},\"query-input\":\"required name=search_term_string\"}],\"inLanguage\":\"en-US\"},{\"@type\":\"ImageObject\",\"inLanguage\":\"en-US\",\"@id\":\"https:\/\/www.visit-ulcinj.com\/blog\/2015\/09\/09\/smece-oko-starog-grada-ocisceno-akcija-se-nastavlja\/#primaryimage\",\"url\":\"https:\/\/www.visit-ulcinj.com\/blog\/wp-content\/uploads\/2015\/09\/Pastrohen-mbeturinat-Kalaja-Ulqinit-2.jpg\",\"contentUrl\":\"https:\/\/www.visit-ulcinj.com\/blog\/wp-content\/uploads\/2015\/09\/Pastrohen-mbeturinat-Kalaja-Ulqinit-2.jpg\",\"width\":933,\"height\":622},{\"@type\":\"WebPage\",\"@id\":\"https:\/\/www.visit-ulcinj.com\/blog\/2015\/09\/09\/smece-oko-starog-grada-ocisceno-akcija-se-nastavlja\/#webpage\",\"url\":\"https:\/\/www.visit-ulcinj.com\/blog\/2015\/09\/09\/smece-oko-starog-grada-ocisceno-akcija-se-nastavlja\/\",\"name\":\"Sme\u0107e oko Starog Grada o\u010di\u0161\u0107eno, akcija se nastavlja! - Lajme nga Ulqini\",\"isPartOf\":{\"@id\":\"https:\/\/www.visit-ulcinj.com\/blog\/#website\"},\"primaryImageOfPage\":{\"@id\":\"https:\/\/www.visit-ulcinj.com\/blog\/2015\/09\/09\/smece-oko-starog-grada-ocisceno-akcija-se-nastavlja\/#primaryimage\"},\"datePublished\":\"2015-09-09T21:11:16+00:00\",\"dateModified\":\"2015-09-09T21:11:16+00:00\",\"author\":{\"@id\":\"https:\/\/www.visit-ulcinj.com\/blog\/#\/schema\/person\/dcab619c614d3038751c63bc2aadc06d\"},\"description\":\"O\u010di\u0161\u0107eno sme\u0107e oko Starog Grada, akcija se nastavlja! Pod iniciativom Op\u0161tine Ulcinj, organizovana je zajedni\u010dka akcija koja za cilj ima \u010di\u0161\u0107enje obalnog\",\"breadcrumb\":{\"@id\":\"https:\/\/www.visit-ulcinj.com\/blog\/2015\/09\/09\/smece-oko-starog-grada-ocisceno-akcija-se-nastavlja\/#breadcrumb\"},\"inLanguage\":\"en-US\",\"potentialAction\":[{\"@type\":\"ReadAction\",\"target\":[\"https:\/\/www.visit-ulcinj.com\/blog\/2015\/09\/09\/smece-oko-starog-grada-ocisceno-akcija-se-nastavlja\/\"]}]},{\"@type\":\"BreadcrumbList\",\"@id\":\"https:\/\/www.visit-ulcinj.com\/blog\/2015\/09\/09\/smece-oko-starog-grada-ocisceno-akcija-se-nastavlja\/#breadcrumb\",\"itemListElement\":[{\"@type\":\"ListItem\",\"position\":1,\"name\":\"Sme\u0107e oko Starog Grada o\u010di\u0161\u0107eno, akcija se nastavlja!\"}]},{\"@type\":\"Person\",\"@id\":\"https:\/\/www.visit-ulcinj.com\/blog\/#\/schema\/person\/dcab619c614d3038751c63bc2aadc06d\",\"name\":\"ulqini\",\"sameAs\":[\"http:\/\/www.visit-ulcinj.com\"],\"url\":\"https:\/\/www.visit-ulcinj.com\/blog\/author\/admin\/\"}]}<\/script>\n<!-- \/ Yoast SEO plugin. -->","yoast_head_json":{"title":"Sme\u0107e oko Starog Grada o\u010di\u0161\u0107eno, akcija se nastavlja! - Lajme nga Ulqini","description":"O\u010di\u0161\u0107eno sme\u0107e oko Starog Grada, akcija se nastavlja! Pod iniciativom Op\u0161tine Ulcinj, organizovana je zajedni\u010dka akcija koja za cilj ima \u010di\u0161\u0107enje obalnog","robots":{"index":"index","follow":"follow","max-snippet":"max-snippet:-1","max-image-preview":"max-image-preview:large","max-video-preview":"max-video-preview:-1"},"canonical":"https:\/\/www.visit-ulcinj.com\/blog\/2015\/09\/09\/smece-oko-starog-grada-ocisceno-akcija-se-nastavlja\/","og_locale":"en_US","og_type":"article","og_title":"Sme\u0107e oko Starog Grada o\u010di\u0161\u0107eno, akcija se nastavlja! - Lajme nga Ulqini","og_description":"O\u010di\u0161\u0107eno sme\u0107e oko Starog Grada, akcija se nastavlja! Pod iniciativom Op\u0161tine Ulcinj, organizovana je zajedni\u010dka akcija koja za cilj ima \u010di\u0161\u0107enje obalnog","og_url":"https:\/\/www.visit-ulcinj.com\/blog\/2015\/09\/09\/smece-oko-starog-grada-ocisceno-akcija-se-nastavlja\/","og_site_name":"Lajme nga Ulqini","article_published_time":"2015-09-09T21:11:16+00:00","og_image":[{"url":"http:\/\/www.visit-ulcinj.com\/blog\/wp-content\/uploads\/2015\/09\/Pastrohen-mbeturinat-Kalaja-Ulqinit-2.jpg"}],"twitter_misc":{"Written by":"ulqini","Est. reading time":"1 minute"},"schema":{"@context":"https:\/\/schema.org","@graph":[{"@type":"WebSite","@id":"https:\/\/www.visit-ulcinj.com\/blog\/#website","url":"https:\/\/www.visit-ulcinj.com\/blog\/","name":"Lajme nga Ulqini","description":"Lajme,Vijesti,Ulqini,Ulqin,Crna Gora,Mali i Zi","potentialAction":[{"@type":"SearchAction","target":{"@type":"EntryPoint","urlTemplate":"https:\/\/www.visit-ulcinj.com\/blog\/?s={search_term_string}"},"query-input":"required name=search_term_string"}],"inLanguage":"en-US"},{"@type":"ImageObject","inLanguage":"en-US","@id":"https:\/\/www.visit-ulcinj.com\/blog\/2015\/09\/09\/smece-oko-starog-grada-ocisceno-akcija-se-nastavlja\/#primaryimage","url":"https:\/\/www.visit-ulcinj.com\/blog\/wp-content\/uploads\/2015\/09\/Pastrohen-mbeturinat-Kalaja-Ulqinit-2.jpg","contentUrl":"https:\/\/www.visit-ulcinj.com\/blog\/wp-content\/uploads\/2015\/09\/Pastrohen-mbeturinat-Kalaja-Ulqinit-2.jpg","width":933,"height":622},{"@type":"WebPage","@id":"https:\/\/www.visit-ulcinj.com\/blog\/2015\/09\/09\/smece-oko-starog-grada-ocisceno-akcija-se-nastavlja\/#webpage","url":"https:\/\/www.visit-ulcinj.com\/blog\/2015\/09\/09\/smece-oko-starog-grada-ocisceno-akcija-se-nastavlja\/","name":"Sme\u0107e oko Starog Grada o\u010di\u0161\u0107eno, akcija se nastavlja! - Lajme nga Ulqini","isPartOf":{"@id":"https:\/\/www.visit-ulcinj.com\/blog\/#website"},"primaryImageOfPage":{"@id":"https:\/\/www.visit-ulcinj.com\/blog\/2015\/09\/09\/smece-oko-starog-grada-ocisceno-akcija-se-nastavlja\/#primaryimage"},"datePublished":"2015-09-09T21:11:16+00:00","dateModified":"2015-09-09T21:11:16+00:00","author":{"@id":"https:\/\/www.visit-ulcinj.com\/blog\/#\/schema\/person\/dcab619c614d3038751c63bc2aadc06d"},"description":"O\u010di\u0161\u0107eno sme\u0107e oko Starog Grada, akcija se nastavlja! Pod iniciativom Op\u0161tine Ulcinj, organizovana je zajedni\u010dka akcija koja za cilj ima \u010di\u0161\u0107enje obalnog","breadcrumb":{"@id":"https:\/\/www.visit-ulcinj.com\/blog\/2015\/09\/09\/smece-oko-starog-grada-ocisceno-akcija-se-nastavlja\/#breadcrumb"},"inLanguage":"en-US","potentialAction":[{"@type":"ReadAction","target":["https:\/\/www.visit-ulcinj.com\/blog\/2015\/09\/09\/smece-oko-starog-grada-ocisceno-akcija-se-nastavlja\/"]}]},{"@type":"BreadcrumbList","@id":"https:\/\/www.visit-ulcinj.com\/blog\/2015\/09\/09\/smece-oko-starog-grada-ocisceno-akcija-se-nastavlja\/#breadcrumb","itemListElement":[{"@type":"ListItem","position":1,"name":"Sme\u0107e oko Starog Grada o\u010di\u0161\u0107eno, akcija se nastavlja!"}]},{"@type":"Person","@id":"https:\/\/www.visit-ulcinj.com\/blog\/#\/schema\/person\/dcab619c614d3038751c63bc2aadc06d","name":"ulqini","sameAs":["http:\/\/www.visit-ulcinj.com"],"url":"https:\/\/www.visit-ulcinj.com\/blog\/author\/admin\/"}]}},"jetpack_featured_media_url":"","jetpack_sharing_enabled":true,"jetpack_shortlink":"https:\/\/wp.me\/pe6lTn-nZB","_links":{"self":[{"href":"https:\/\/www.visit-ulcinj.com\/blog\/wp-json\/wp\/v2\/posts\/92231"}],"collection":[{"href":"https:\/\/www.visit-ulcinj.com\/blog\/wp-json\/wp\/v2\/posts"}],"about":[{"href":"https:\/\/www.visit-ulcinj.com\/blog\/wp-json\/wp\/v2\/types\/post"}],"author":[{"embeddable":true,"href":"https:\/\/www.visit-ulcinj.com\/blog\/wp-json\/wp\/v2\/users\/1"}],"replies":[{"embeddable":true,"href":"https:\/\/www.visit-ulcinj.com\/blog\/wp-json\/wp\/v2\/comments?post=92231"}],"version-history":[{"count":1,"href":"https:\/\/www.visit-ulcinj.com\/blog\/wp-json\/wp\/v2\/posts\/92231\/revisions"}],"predecessor-version":[{"id":92232,"href":"https:\/\/www.visit-ulcinj.com\/blog\/wp-json\/wp\/v2\/posts\/92231\/revisions\/92232"}],"wp:attachment":[{"href":"https:\/\/www.visit-ulcinj.com\/blog\/wp-json\/wp\/v2\/media?parent=92231"}],"wp:term":[{"taxonomy":"category","embeddable":true,"href":"https:\/\/www.visit-ulcinj.com\/blog\/wp-json\/wp\/v2\/categories?post=92231"},{"taxonomy":"post_tag","embeddable":true,"href":"https:\/\/www.visit-ulcinj.com\/blog\/wp-json\/wp\/v2\/tags?post=92231"}],"curies":[{"name":"wp","href":"https:\/\/api.w.org\/{rel}","templated":true}]}}