{"id":92238,"date":"2015-09-10T09:51:24","date_gmt":"2015-09-10T08:51:24","guid":{"rendered":"http:\/\/www.visit-ulcinj.com\/blog\/?p=92238"},"modified":"2015-09-10T09:51:24","modified_gmt":"2015-09-10T08:51:24","slug":"ulcinj-integralno-upravljanje-podrucjem-bojane","status":"publish","type":"post","link":"https:\/\/www.visit-ulcinj.com\/blog\/2015\/09\/10\/ulcinj-integralno-upravljanje-podrucjem-bojane\/","title":{"rendered":"Ulcinj: Integralno upravljanje podru\u010djem Bojane"},"content":{"rendered":"<p><strong><span class=\"tekstcijeli\"><span class=\"kapital\"><span class=\"rubnnadnaslov\"><a href=\"http:\/\/www.visit-ulcinj.com\/blog\/wp-content\/uploads\/2015\/09\/green-culture-fest-ulcinj-Montenegro.jpg\"><img loading=\"lazy\" class=\"alignleft wp-image-92239\" src=\"http:\/\/www.visit-ulcinj.com\/blog\/wp-content\/uploads\/2015\/09\/green-culture-fest-ulcinj-Montenegro.jpg\" alt=\"green-culture-fest-ulcinj-Montenegro\" width=\"508\" height=\"278\" srcset=\"https:\/\/www.visit-ulcinj.com\/blog\/wp-content\/uploads\/2015\/09\/green-culture-fest-ulcinj-Montenegro.jpg 960w, https:\/\/www.visit-ulcinj.com\/blog\/wp-content\/uploads\/2015\/09\/green-culture-fest-ulcinj-Montenegro-300x164.jpg 300w\" sizes=\"(max-width: 508px) 100vw, 508px\" \/><\/a>U ULCINJU ODR\u017dANA ZAVR\u0160NA KONFERENCIJA PROJEKTA KOJI REALIZUJU CRNA GORA I ALBANIJA<\/span><\/span><\/span><\/strong><\/p>\n<p><span class=\"tekstcijeli\"><span class=\"kapital\">U<\/span>L\u00adCINj &#8211; For\u00admi\u00adra\u00adnjem Ko\u00admi\u00adsi\u00adje za me\u00ad\u0111u\u00adgra\u00adni\u010d\u00adnu sa\u00adrad\u00adnju iz\u00adme\u00ad\u0111u Cr\u00adne Go\u00adre i Al\u00adba\u00adni\u00adje i za\u00advr\u00ad\u0161nim sa\u00adstan\u00adkom u Ul\u00adci\u00adnju ju\u00ad\u010de je okon\u00ad\u010da\u00adna re\u00ada\u00adli\u00adza\u00adci\u00adja pro\u00adjek\u00adta in\u00adte\u00adgral\u00adnog upra\u00advlja\u00adnja pod\u00adru\u010d\u00adjem ri\u00adje\u00adke Bo\u00adja\u00adna. (CAMP CG). Pro\u00adje\u00adkat pro\u00admo\u00advi\u00ad\u0161e in\u00adte\u00adgral\u00adno upra\u00advlja\u00adnje obal\u00adnim pod\u00adru\u010d\u00adjem kao in\u00adstru\u00adment ko\u00adjim tre\u00adba da se obez\u00adbi\u00adje\u00addi da se ra\u00adzno\u00advr\u00adsno ljud\u00adsko dje\u00adlo\u00adva\u00adnje u obal\u00adnom pod\u00adru\u010d\u00adju ko\u00ador\u00addi\u00adni\u00adra i da se nji\u00adme upra\u00advlja ra\u00addi ostva\u00adri\u00adva\u00adnja ci\u00adlje\u00adva odr\u00ad\u017ei\u00advo\u00adsti. Sa\u00adsta\u00adnak su or\u00adga\u00adni\u00adzo\u00adva\u00adli Mi\u00adni\u00adstar\u00adstvo odr\u00ad\u017ei\u00advog raz\u00advo\u00adja i tu\u00adri\u00adzma, Me\u00addi\u00adte\u00adran\u00adski ak\u00adci\u00ado\u00adni plan Pro\u00adgra\u00adma za \u017ei\u00advot\u00adnu sre\u00addi\u00adnu Uje\u00addi\u00adnje\u00adnih na\u00adci\u00adja (UNEP\/MAP), Re\u00adgi\u00ado\u00adnal\u00adni cen\u00adtar za pro\u00adgram pri\u00ado\u00adri\u00adtet\u00adnih ak\u00adci\u00adja iz Spli\u00adta (PAP\/RAC), Glo\u00adbal\u00adno part\u00adner\u00adstvo za vo\u00adde u Me\u00addi\u00adte\u00adra\u00adnu (GVP-Med), Me\u00ad\u0111u\u00adna\u00adrod\u00adni hi\u00addro\u00adlo\u00ad\u0161ki pro\u00adgram UNE\u00adSCO-a (UNE\u00adSKO IHP), Op\u00ad\u0161ti\u00adna Ul\u00adcinj, kao i Mi\u00adni\u00adstar\u00adstvo eko\u00adno\u00admi\u00adje, tr\u00adgo\u00advi\u00adne i pred\u00adu\u00adzet\u00adni\u00ad\u0161tva Re\u00adpu\u00adbli\u00adke Al\u00adba\u00adni\u00adje. Cilj pla\u00adna je da una\u00adpri\u00adje\u00addi ukup\u00adnu pre\u00adko\u00adgra\u00adni\u010d\u00adnu sa\u00adrad\u00adnju pri\u00admje\u00adnom me\u00adha\u00adni\u00adza\u00adma za\u00ad\u0161ti\u00adte i odr\u00ad\u017ei\u00adve va\u00adlo\u00adri\u00adza\u00adci\u00adje pri\u00adrod\u00adnih re\u00adsur\u00adsa ovog pod\u00adru\u010d\u00adja, kao i pri\u00admje\u00adnom bo\u00adga\u00adte me\u00ad\u0111u\u00adna\u00adrod\u00adne prak\u00adse u re\u00ada\u00adli\u00adza\u00adci\u00adji ak\u00adtiv\u00adno\u00adsti od zna\u00ad\u010da\u00adja za lo\u00adkal\u00adne za\u00adjed\u00adni\u00adce. Po\u00admo\u0107\u00adni\u00adca mi\u00adni\u00adstra odr\u00ad\u017ei\u00advog raz\u00advo\u00adja i tu\u00adri\u00adzma Cr\u00adne Go\u00adre Ma\u00adri\u00adja Vuk\u00ad\u010de\u00advi\u0107 u uvod\u00adnoj ri\u00adje\u00ad\u010di ka\u00adza\u00adla je da je cr\u00adno\u00adgor\u00adska oba\u00adla pre\u00adpo\u00adzna\u00adta po broj\u00adnim spe\u00adci\u00adfi\u010d\u00adno\u00adsti\u00adma i kao ta\u00adkva za\u00adhtije\u00adva od\u00adlu\u010d\u00adno upra\u00advlja\u00adnje i do\u00adno\u00ad\u0161e\u00adnje od\u00adlu\u00adka u kon\u00adtek\u00adstu odr\u00ad\u017ei\u00advog raz\u00advo\u00adja.<br \/>\n&#8211; Ko\u00adri\u00ad\u0161\u0107e\u00adnje pri\u00adrod\u00adnih re\u00adsu\u00adr\u00adsa je pred\u00adu\u00adslov odr\u00ad\u017ei\u00advog raz\u00advo\u00adja i tra\u00ad\u017ei po\u00adsve\u00ad\u0107e\u00adnost i du\u00adgo\u00adro\u010d\u00adno pla\u00adni\u00adra\u00adnje, u skla\u00addu sa ka\u00adpa\u00adci\u00adte\u00adti\u00adma pri\u00adrod\u00adne sre\u00addi\u00adne. Za\u00adto smo, u sa\u00adrad\u00adnji sa me\u00ad\u0111u\u00adna\u00adrod\u00adnim or\u00adga\u00adni\u00adza\u00adci\u00adja\u00adma i stru\u010d\u00adnim ti\u00admo\u00advi\u00adma dvi\u00adje dr\u00ad\u017ea\u00adve, iz\u00advr\u00ad\u0161i\u00adli op\u00adse\u00ad\u017enu ana\u00adli\u00adzu ovog di\u00adje\u00adla pri\u00ado\u00adbal\u00adnog pod\u00adru\u010d\u00adja, sa ri\u00adje\u00adkom Bo\u00adja\u00adnom, ko\u00adje po\u00adve\u00adzu\u00adje eko\u00adno\u00admi\u00adje pri\u00adrod\u00adne vri\u00adjed\u00adno\u00adsti Cr\u00adne Go\u00adre i Al\u00adba\u00adni\u00adje. Ana\u00adli\u00adzom sta\u00adnja ob\u00adu\u00adhva\u00ad\u0107e\u00adni su si\u00adste\u00admi upra\u00adve, pri\u00adrod\u00adna sre\u00addi\u00adna i re\u00adsur\u00adsi i eko\u00adnom\u00adski po\u00adten\u00adci\u00adja\u00adli &#8211; ka\u00adza\u00adla je Vuk\u00ad\u010de\u00advi\u00ad\u0107e\u00adva.<br \/>\nOna je is\u00adta\u00adkla da je u ana\u00adli\u00adzi sta\u00adnja i pla\u00adni\u00adra\u00adnju od\u00adgo\u00advo\u00adra i rje\u00ad\u0161e\u00adnja za pro\u00adble\u00adme pr\u00advi put pri\u00admije\u00adnjen in\u00adte\u00adgra\u00adtiv\u00adni me\u00adto\u00addo\u00adlo\u00ad\u0161ki okvir, ko\u00adji ob\u00adje\u00addi\u00adnju\u00adje po\u00adzi\u00adtiv\u00adnu evrop\u00adsku, me\u00addi\u00adte\u00adrasnku i \u0161i\u00adru me\u00ad\u0111u\u00adna\u00adrod\u00adnu prak\u00adsu upra\u00advlja\u00adnja pri\u00adrod\u00adnim re\u00adsur\u00adsi\u00adma.<br \/>\n&#8211; Po\u00adseb\u00adnu vri\u00adjed\u00adnost ovog do\u00adku\u00admen\u00adta pred\u00adstav\u00adlja ak\u00adci\u00ado\u00adni plan sa pred\u00adlo\u00ad\u017ee\u00adnim mje\u00adra\u00adma i ak\u00adci\u00adja\u00adma, ko\u00adje na ino\u00adva\u00adti\u00advan na\u00ad\u010din sa\u00adgle\u00adda\u00adva\u00adju po\u00adtre\u00adbe lo\u00adkal\u00adnih za\u00adjed\u00adni\u00adca. Po\u00adseb\u00adno \u017ee\u00adlim da is\u00adtak\u00adnem spo\u00adra\u00adzum o pre\u00adgor\u00adni\u010d\u00adnoj sa\u00adrad\u00adnji ko\u00adji ob\u00adu\u00adhva\u00adta po\u00adljo\u00adpri\u00advre\u00addu, tu\u00adri\u00adzam, ri\u00adbar\u00adstvo, sa\u00ado\u00adbra\u00ad\u0107aj, za\u00ad\u0161ti\u00adtu \u017ei\u00advot\u00adne sre\u00addi\u00adne i upra\u00advlja\u00adnje ot\u00adpa\u00addom i to\u00adme \u0107e\u00admo u na\u00adred\u00adnom pe\u00adri\u00ado\u00addu po\u00adsve\u00adti po\u00adseb\u00adnu pa\u00ad\u017enju &#8211; re\u00adkla je Vuk\u00ad\u010de\u00advi\u00ad\u0107e\u00adva.<br \/>\nPo\u00admo\u0107\u00adnik mi\u00adni\u00adstra eko\u00adno\u00admi\u00adje, tr\u00adgo\u00advi\u00adne i pred\u00adu\u00adzet\u00adni\u00ad\u0161tva Re\u00adpu\u00adbli\u00adke Al\u00adba\u00adni\u00adje Er\u00advin Me\u00adte na\u00adgla\u00adsio je da Bo\u00adja\u00adna i Ska\u00addar\u00adsko je\u00adze\u00adro ne po\u00adzna\u00adju dr\u00ad\u017eav\u00adne gra\u00adni\u00adce, te da se do\u00adbra sa\u00adrad\u00adnja mo\u00adra kon\u00adkre\u00adti\u00adzo\u00adva\u00adti.<br \/>\n&#8211; Ovo je za nas ja\u00adko va\u00ad\u017ean sa\u00adsta\u00adnak i pro\u00adje\u00adkat jer po\u00adspje\u00ad\u0161u\u00adje za\u00adjed\u00adni\u00ad\u0161tvo, su\u00ad\u017ei\u00advot i sa\u00adrad\u00adnju ko\u00adja je od ve\u00adli\u00adkog zna\u00ad\u010da\u00adja za na\u00ad\u0161e ze\u00admlje &#8211; re\u00adkao je Me\u00adte.<br \/>\nPot\u00adpred\u00adsjed\u00adnik Op\u00ad\u0161ti\u00adne Ar\u00addi\u00adjan Ma\u00advri\u0107 pod\u00advu\u00adkao je da je ri\u00adje\u00adka Bo\u00adja\u00adna od ve\u00adli\u00adkog zna\u00ad\u010da\u00adja za Ul\u00adcinj i da lo\u00adkal\u00adna upra\u00adva po\u00addr\u00ad\u017ea\u00adva pro\u00adjek\u00adte ko\u00adji za cilj ima\u00adju za\u00ad\u0161ti\u00adtu tog pod\u00adru\u010d\u00adja, odr\u00ad\u017ei\u00advi raz\u00advoj i sa\u00adrad\u00adnju.<br \/>\nNa sa\u00adstan\u00adku ko\u00adji je odr\u00ad\u017ean u ho\u00adte\u00adlu \u201eOtrant\u201c bi\u00adli su pri\u00adsut\u00adni vi\u00adso\u00adki funk\u00adci\u00ado\u00adne\u00adri dvi\u00adje vla\u00adde, op\u00ad\u0161ti\u00adne Ul\u00adcinj i ne\u00advla\u00addi\u00adne or\u00adga\u00adni\u00adza\u00adci\u00adje sa obje stra\u00adne gra\u00adni\u00adce, te me\u00ad\u0111u\u00adna\u00adrod\u00adne or\u00adga\u00adni\u00adza\u00adci\u00adje ko\u00adje su po\u00addr\u00ad\u017ea\u00adva\u00adle i nad\u00adgle\u00adda\u00adle ovaj pro\u00adje\u00adkat.<br \/>\n<strong>M.K.<\/strong><br \/>\n<a href=\"http:\/\/www.visit-ulcinj.com\/blog\/wp-content\/uploads\/2015\/09\/green-culture-fest-ulcinj-Montenegro-Barbana.jpg\"><img loading=\"lazy\" class=\"alignleft wp-image-92240\" src=\"http:\/\/www.visit-ulcinj.com\/blog\/wp-content\/uploads\/2015\/09\/green-culture-fest-ulcinj-Montenegro-Barbana.jpg\" alt=\"green-culture-fest-ulcinj-Montenegro-Barbana\" width=\"508\" height=\"287\" srcset=\"https:\/\/www.visit-ulcinj.com\/blog\/wp-content\/uploads\/2015\/09\/green-culture-fest-ulcinj-Montenegro-Barbana.jpg 960w, https:\/\/www.visit-ulcinj.com\/blog\/wp-content\/uploads\/2015\/09\/green-culture-fest-ulcinj-Montenegro-Barbana-300x169.jpg 300w\" sizes=\"(max-width: 508px) 100vw, 508px\" \/><\/a><\/p>\n<p><strong> Otva\u00adra\u00adnje Grin kul\u00adtur festa<\/strong><\/p>\n<p>U sri\u00adje\u00addu, 9. sep\u00adtem\u00adbra na Adi Bo\u00adja\u00adni, u re\u00adsto\u00adra\u00adnu \u201eBar\u00adba\u00adna\u201d bi\u00ad\u0107e sve\u00ad\u010da\u00adno otvo\u00adren 3. Grin kul\u00adtur fest, ma\u00adni\u00adfe\u00adsta\u00adci\u00adja ko\u00adja pro\u00admo\u00advi\u00ad\u0161e zna\u00ad\u010daj ulo\u00adge kre\u00ada\u00adtiv\u00adne in\u00addu\u00adstri\u00adje u kre\u00adi\u00adra\u00adnju odr\u00ad\u017ei\u00advo\u00adsti sre\u00addi\u00adne u ko\u00adjoj \u017ei\u00advi\u00admo. Or\u00adga\u00adni\u00adza\u00adto\u00adri ma\u00adni\u00adfe\u00adsta\u00adci\u00adje Op\u00ad\u0161ti\u00adna Ul\u00adcinj i NVO \u201eKrug\u201c na\u00adja\u00advi\u00adli su u\u010de\u00ad\u0161\u0107e 200 u\u010de\u00adsni\u00adka, me\u00ad\u0111u ko\u00adji\u00adma \u0107e bi\u00adti i emi\u00adnent\u00adna ime\u00adna kre\u00ada\u00adtiv\u00adne in\u00addu\u00adstri\u00adje.<br \/>\n&#8211; Ovaj do\u00adga\u00ad\u0111aj pru\u00ad\u017ea mo\u00adgu\u0107\u00adno\u00adsti za is\u00adti\u00adca\u00adnje Ul\u00adcinj\u00adskog pod\u00adru\u010d\u00adja i nje\u00adgo\u00advih pri\u00adrod\u00adnih lje\u00adpo\u00adta, kao i pro\u00addu\u00ad\u017ea\u00adva\u00adnje tu\u00adri\u00adsti\u010d\u00adke se\u00adzo\u00adne, i to upra\u00advo ma\u00adni\u00adfe\u00adsta\u00adci\u00adjom ko\u00adja pro\u00admo\u00advi\u00ad\u0161e za\u00ad\u0161ti\u00adtu pri\u00adrod\u00adnih i kul\u00adtur\u00adnih bla\u00adga i ti\u00adme po\u00adpu\u00adla\u00adri\u00adzu\u00adje tre\u00adnut\u00adno ja\u00adko ak\u00adtu\u00adel\u00adni glo\u00adbal\u00adni trend. Na\u00adda\u00admo se da \u0107e ova ma\u00adni\u00adfe\u00adsta\u00adci\u00adja po\u00adsta\u00adti tra\u00addi\u00adci\u00ado\u00adnal\u00adna i da \u0107e Ul\u00adcinj po njoj po\u00adsta\u00adti pre\u00adpo\u00adzna\u00adtlji\u00adva de\u00adsti\u00adna\u00adci\u00adja za za\u00adjed\u00adni\u00adcu kul\u00adtur\u00adnih rad\u00adni\u00adka sa svih stra\u00adna svi\u00adje\u00adta &#8211; ka\u00adza\u00adli su or\u00adga\u00adni\u00adza\u00adto\u00adri . <\/span><\/p>\n<p><strong>Izvor: DAN<\/strong><\/p>\n","protected":false},"excerpt":{"rendered":"<p>U ULCINJU ODR\u017dANA ZAVR\u0160NA KONFERENCIJA PROJEKTA KOJI REALIZUJU CRNA GORA I ALBANIJA UL\u00adCINj &#8211; For\u00admi\u00adra\u00adnjem Ko\u00admi\u00adsi\u00adje za me\u00ad\u0111u\u00adgra\u00adni\u010d\u00adnu sa\u00adrad\u00adnju iz\u00adme\u00ad\u0111u Cr\u00adne Go\u00adre i Al\u00adba\u00adni\u00adje i za\u00advr\u00ad\u0161nim sa\u00adstan\u00adkom u Ul\u00adci\u00adnju ju\u00ad\u010de je okon\u00ad\u010da\u00adna re\u00ada\u00adli\u00adza\u00adci\u00adja pro\u00adjek\u00adta in\u00adte\u00adgral\u00adnog upra\u00advlja\u00adnja pod\u00adru\u010d\u00adjem ri\u00adje\u00adke Bo\u00adja\u00adna. (CAMP CG). Pro\u00adje\u00adkat pro\u00admo\u00advi\u00ad\u0161e in\u00adte\u00adgral\u00adno upra\u00advlja\u00adnje obal\u00adnim pod\u00adru\u010d\u00adjem kao in\u00adstru\u00adment ko\u00adjim tre\u00adba da se obez\u00adbi\u00adje\u00addi da [&hellip;]<\/p>\n","protected":false},"author":1,"featured_media":0,"comment_status":"closed","ping_status":"closed","sticky":false,"template":"","format":"standard","meta":{"spay_email":"","jetpack_publicize_message":"","jetpack_is_tweetstorm":false,"jetpack_publicize_feature_enabled":true},"categories":[8337],"tags":[],"jetpack_publicize_connections":[],"yoast_head":"<!-- This site is optimized with the Yoast SEO plugin v19.1 - https:\/\/yoast.com\/wordpress\/plugins\/seo\/ -->\n<title>Ulcinj: Integralno upravljanje podru\u010djem Bojane - Lajme nga Ulqini<\/title>\n<meta name=\"description\" content=\"U ULCINJU ODR\u017dANA ZAVR\u0160NA KONFERENCIJA PROJEKTA KOJI REALIZUJU CRNA GORA I ALBANIJA UL\u00adCINj - For\u00admi\u00adra\u00adnjem Ko\u00admi\u00adsi\u00adje za me\u00ad\u0111u\u00adgra\u00adni\u010d\u00adnu sa\u00adrad\u00adnju\" \/>\n<meta name=\"robots\" content=\"index, follow, max-snippet:-1, max-image-preview:large, max-video-preview:-1\" \/>\n<link rel=\"canonical\" href=\"https:\/\/www.visit-ulcinj.com\/blog\/2015\/09\/10\/ulcinj-integralno-upravljanje-podrucjem-bojane\/\" \/>\n<meta property=\"og:locale\" content=\"en_US\" \/>\n<meta property=\"og:type\" content=\"article\" \/>\n<meta property=\"og:title\" content=\"Ulcinj: Integralno upravljanje podru\u010djem Bojane - Lajme nga Ulqini\" \/>\n<meta property=\"og:description\" content=\"U ULCINJU ODR\u017dANA ZAVR\u0160NA KONFERENCIJA PROJEKTA KOJI REALIZUJU CRNA GORA I ALBANIJA UL\u00adCINj - For\u00admi\u00adra\u00adnjem Ko\u00admi\u00adsi\u00adje za me\u00ad\u0111u\u00adgra\u00adni\u010d\u00adnu sa\u00adrad\u00adnju\" \/>\n<meta property=\"og:url\" content=\"https:\/\/www.visit-ulcinj.com\/blog\/2015\/09\/10\/ulcinj-integralno-upravljanje-podrucjem-bojane\/\" \/>\n<meta property=\"og:site_name\" content=\"Lajme nga Ulqini\" \/>\n<meta property=\"article:published_time\" content=\"2015-09-10T08:51:24+00:00\" \/>\n<meta property=\"og:image\" content=\"http:\/\/www.visit-ulcinj.com\/blog\/wp-content\/uploads\/2015\/09\/green-culture-fest-ulcinj-Montenegro.jpg\" \/>\n<meta name=\"twitter:label1\" content=\"Written by\" \/>\n\t<meta name=\"twitter:data1\" content=\"ulqini\" \/>\n\t<meta name=\"twitter:label2\" content=\"Est. reading time\" \/>\n\t<meta name=\"twitter:data2\" content=\"7 minutes\" \/>\n<script type=\"application\/ld+json\" class=\"yoast-schema-graph\">{\"@context\":\"https:\/\/schema.org\",\"@graph\":[{\"@type\":\"WebSite\",\"@id\":\"https:\/\/www.visit-ulcinj.com\/blog\/#website\",\"url\":\"https:\/\/www.visit-ulcinj.com\/blog\/\",\"name\":\"Lajme nga Ulqini\",\"description\":\"Lajme,Vijesti,Ulqini,Ulqin,Crna Gora,Mali i Zi\",\"potentialAction\":[{\"@type\":\"SearchAction\",\"target\":{\"@type\":\"EntryPoint\",\"urlTemplate\":\"https:\/\/www.visit-ulcinj.com\/blog\/?s={search_term_string}\"},\"query-input\":\"required name=search_term_string\"}],\"inLanguage\":\"en-US\"},{\"@type\":\"ImageObject\",\"inLanguage\":\"en-US\",\"@id\":\"https:\/\/www.visit-ulcinj.com\/blog\/2015\/09\/10\/ulcinj-integralno-upravljanje-podrucjem-bojane\/#primaryimage\",\"url\":\"https:\/\/www.visit-ulcinj.com\/blog\/wp-content\/uploads\/2015\/09\/green-culture-fest-ulcinj-Montenegro.jpg\",\"contentUrl\":\"https:\/\/www.visit-ulcinj.com\/blog\/wp-content\/uploads\/2015\/09\/green-culture-fest-ulcinj-Montenegro.jpg\",\"width\":960,\"height\":526},{\"@type\":\"WebPage\",\"@id\":\"https:\/\/www.visit-ulcinj.com\/blog\/2015\/09\/10\/ulcinj-integralno-upravljanje-podrucjem-bojane\/#webpage\",\"url\":\"https:\/\/www.visit-ulcinj.com\/blog\/2015\/09\/10\/ulcinj-integralno-upravljanje-podrucjem-bojane\/\",\"name\":\"Ulcinj: Integralno upravljanje podru\u010djem Bojane - Lajme nga Ulqini\",\"isPartOf\":{\"@id\":\"https:\/\/www.visit-ulcinj.com\/blog\/#website\"},\"primaryImageOfPage\":{\"@id\":\"https:\/\/www.visit-ulcinj.com\/blog\/2015\/09\/10\/ulcinj-integralno-upravljanje-podrucjem-bojane\/#primaryimage\"},\"datePublished\":\"2015-09-10T08:51:24+00:00\",\"dateModified\":\"2015-09-10T08:51:24+00:00\",\"author\":{\"@id\":\"https:\/\/www.visit-ulcinj.com\/blog\/#\/schema\/person\/dcab619c614d3038751c63bc2aadc06d\"},\"description\":\"U ULCINJU ODR\u017dANA ZAVR\u0160NA KONFERENCIJA PROJEKTA KOJI REALIZUJU CRNA GORA I ALBANIJA UL\u00adCINj - For\u00admi\u00adra\u00adnjem Ko\u00admi\u00adsi\u00adje za me\u00ad\u0111u\u00adgra\u00adni\u010d\u00adnu sa\u00adrad\u00adnju\",\"breadcrumb\":{\"@id\":\"https:\/\/www.visit-ulcinj.com\/blog\/2015\/09\/10\/ulcinj-integralno-upravljanje-podrucjem-bojane\/#breadcrumb\"},\"inLanguage\":\"en-US\",\"potentialAction\":[{\"@type\":\"ReadAction\",\"target\":[\"https:\/\/www.visit-ulcinj.com\/blog\/2015\/09\/10\/ulcinj-integralno-upravljanje-podrucjem-bojane\/\"]}]},{\"@type\":\"BreadcrumbList\",\"@id\":\"https:\/\/www.visit-ulcinj.com\/blog\/2015\/09\/10\/ulcinj-integralno-upravljanje-podrucjem-bojane\/#breadcrumb\",\"itemListElement\":[{\"@type\":\"ListItem\",\"position\":1,\"name\":\"Ulcinj: Integralno upravljanje podru\u010djem Bojane\"}]},{\"@type\":\"Person\",\"@id\":\"https:\/\/www.visit-ulcinj.com\/blog\/#\/schema\/person\/dcab619c614d3038751c63bc2aadc06d\",\"name\":\"ulqini\",\"sameAs\":[\"http:\/\/www.visit-ulcinj.com\"],\"url\":\"https:\/\/www.visit-ulcinj.com\/blog\/author\/admin\/\"}]}<\/script>\n<!-- \/ Yoast SEO plugin. -->","yoast_head_json":{"title":"Ulcinj: Integralno upravljanje podru\u010djem Bojane - Lajme nga Ulqini","description":"U ULCINJU ODR\u017dANA ZAVR\u0160NA KONFERENCIJA PROJEKTA KOJI REALIZUJU CRNA GORA I ALBANIJA UL\u00adCINj - For\u00admi\u00adra\u00adnjem Ko\u00admi\u00adsi\u00adje za me\u00ad\u0111u\u00adgra\u00adni\u010d\u00adnu sa\u00adrad\u00adnju","robots":{"index":"index","follow":"follow","max-snippet":"max-snippet:-1","max-image-preview":"max-image-preview:large","max-video-preview":"max-video-preview:-1"},"canonical":"https:\/\/www.visit-ulcinj.com\/blog\/2015\/09\/10\/ulcinj-integralno-upravljanje-podrucjem-bojane\/","og_locale":"en_US","og_type":"article","og_title":"Ulcinj: Integralno upravljanje podru\u010djem Bojane - Lajme nga Ulqini","og_description":"U ULCINJU ODR\u017dANA ZAVR\u0160NA KONFERENCIJA PROJEKTA KOJI REALIZUJU CRNA GORA I ALBANIJA UL\u00adCINj - For\u00admi\u00adra\u00adnjem Ko\u00admi\u00adsi\u00adje za me\u00ad\u0111u\u00adgra\u00adni\u010d\u00adnu sa\u00adrad\u00adnju","og_url":"https:\/\/www.visit-ulcinj.com\/blog\/2015\/09\/10\/ulcinj-integralno-upravljanje-podrucjem-bojane\/","og_site_name":"Lajme nga Ulqini","article_published_time":"2015-09-10T08:51:24+00:00","og_image":[{"url":"http:\/\/www.visit-ulcinj.com\/blog\/wp-content\/uploads\/2015\/09\/green-culture-fest-ulcinj-Montenegro.jpg"}],"twitter_misc":{"Written by":"ulqini","Est. reading time":"7 minutes"},"schema":{"@context":"https:\/\/schema.org","@graph":[{"@type":"WebSite","@id":"https:\/\/www.visit-ulcinj.com\/blog\/#website","url":"https:\/\/www.visit-ulcinj.com\/blog\/","name":"Lajme nga Ulqini","description":"Lajme,Vijesti,Ulqini,Ulqin,Crna Gora,Mali i Zi","potentialAction":[{"@type":"SearchAction","target":{"@type":"EntryPoint","urlTemplate":"https:\/\/www.visit-ulcinj.com\/blog\/?s={search_term_string}"},"query-input":"required name=search_term_string"}],"inLanguage":"en-US"},{"@type":"ImageObject","inLanguage":"en-US","@id":"https:\/\/www.visit-ulcinj.com\/blog\/2015\/09\/10\/ulcinj-integralno-upravljanje-podrucjem-bojane\/#primaryimage","url":"https:\/\/www.visit-ulcinj.com\/blog\/wp-content\/uploads\/2015\/09\/green-culture-fest-ulcinj-Montenegro.jpg","contentUrl":"https:\/\/www.visit-ulcinj.com\/blog\/wp-content\/uploads\/2015\/09\/green-culture-fest-ulcinj-Montenegro.jpg","width":960,"height":526},{"@type":"WebPage","@id":"https:\/\/www.visit-ulcinj.com\/blog\/2015\/09\/10\/ulcinj-integralno-upravljanje-podrucjem-bojane\/#webpage","url":"https:\/\/www.visit-ulcinj.com\/blog\/2015\/09\/10\/ulcinj-integralno-upravljanje-podrucjem-bojane\/","name":"Ulcinj: Integralno upravljanje podru\u010djem Bojane - Lajme nga Ulqini","isPartOf":{"@id":"https:\/\/www.visit-ulcinj.com\/blog\/#website"},"primaryImageOfPage":{"@id":"https:\/\/www.visit-ulcinj.com\/blog\/2015\/09\/10\/ulcinj-integralno-upravljanje-podrucjem-bojane\/#primaryimage"},"datePublished":"2015-09-10T08:51:24+00:00","dateModified":"2015-09-10T08:51:24+00:00","author":{"@id":"https:\/\/www.visit-ulcinj.com\/blog\/#\/schema\/person\/dcab619c614d3038751c63bc2aadc06d"},"description":"U ULCINJU ODR\u017dANA ZAVR\u0160NA KONFERENCIJA PROJEKTA KOJI REALIZUJU CRNA GORA I ALBANIJA UL\u00adCINj - For\u00admi\u00adra\u00adnjem Ko\u00admi\u00adsi\u00adje za me\u00ad\u0111u\u00adgra\u00adni\u010d\u00adnu sa\u00adrad\u00adnju","breadcrumb":{"@id":"https:\/\/www.visit-ulcinj.com\/blog\/2015\/09\/10\/ulcinj-integralno-upravljanje-podrucjem-bojane\/#breadcrumb"},"inLanguage":"en-US","potentialAction":[{"@type":"ReadAction","target":["https:\/\/www.visit-ulcinj.com\/blog\/2015\/09\/10\/ulcinj-integralno-upravljanje-podrucjem-bojane\/"]}]},{"@type":"BreadcrumbList","@id":"https:\/\/www.visit-ulcinj.com\/blog\/2015\/09\/10\/ulcinj-integralno-upravljanje-podrucjem-bojane\/#breadcrumb","itemListElement":[{"@type":"ListItem","position":1,"name":"Ulcinj: Integralno upravljanje podru\u010djem Bojane"}]},{"@type":"Person","@id":"https:\/\/www.visit-ulcinj.com\/blog\/#\/schema\/person\/dcab619c614d3038751c63bc2aadc06d","name":"ulqini","sameAs":["http:\/\/www.visit-ulcinj.com"],"url":"https:\/\/www.visit-ulcinj.com\/blog\/author\/admin\/"}]}},"jetpack_featured_media_url":"","jetpack_sharing_enabled":true,"jetpack_shortlink":"https:\/\/wp.me\/pe6lTn-nZI","_links":{"self":[{"href":"https:\/\/www.visit-ulcinj.com\/blog\/wp-json\/wp\/v2\/posts\/92238"}],"collection":[{"href":"https:\/\/www.visit-ulcinj.com\/blog\/wp-json\/wp\/v2\/posts"}],"about":[{"href":"https:\/\/www.visit-ulcinj.com\/blog\/wp-json\/wp\/v2\/types\/post"}],"author":[{"embeddable":true,"href":"https:\/\/www.visit-ulcinj.com\/blog\/wp-json\/wp\/v2\/users\/1"}],"replies":[{"embeddable":true,"href":"https:\/\/www.visit-ulcinj.com\/blog\/wp-json\/wp\/v2\/comments?post=92238"}],"version-history":[{"count":1,"href":"https:\/\/www.visit-ulcinj.com\/blog\/wp-json\/wp\/v2\/posts\/92238\/revisions"}],"predecessor-version":[{"id":92241,"href":"https:\/\/www.visit-ulcinj.com\/blog\/wp-json\/wp\/v2\/posts\/92238\/revisions\/92241"}],"wp:attachment":[{"href":"https:\/\/www.visit-ulcinj.com\/blog\/wp-json\/wp\/v2\/media?parent=92238"}],"wp:term":[{"taxonomy":"category","embeddable":true,"href":"https:\/\/www.visit-ulcinj.com\/blog\/wp-json\/wp\/v2\/categories?post=92238"},{"taxonomy":"post_tag","embeddable":true,"href":"https:\/\/www.visit-ulcinj.com\/blog\/wp-json\/wp\/v2\/tags?post=92238"}],"curies":[{"name":"wp","href":"https:\/\/api.w.org\/{rel}","templated":true}]}}