{"id":92262,"date":"2015-09-11T12:26:09","date_gmt":"2015-09-11T11:26:09","guid":{"rendered":"http:\/\/www.visit-ulcinj.com\/blog\/?p=92262"},"modified":"2015-09-11T12:26:09","modified_gmt":"2015-09-11T11:26:09","slug":"zgjerohet-programi-ne-gjuhen-shqipe-ne-radion-e-malit-zi","status":"publish","type":"post","link":"https:\/\/www.visit-ulcinj.com\/blog\/2015\/09\/11\/zgjerohet-programi-ne-gjuhen-shqipe-ne-radion-e-malit-zi\/","title":{"rendered":"Zgjerohet programi n\u00eb gjuh\u00ebn shqipe n\u00eb Radion e Malit  Zi"},"content":{"rendered":"<p><strong><a href=\"http:\/\/www.visit-ulcinj.com\/blog\/wp-content\/uploads\/2015\/09\/Gjoke-Dukaj.jpg\"><img loading=\"lazy\" class=\"alignleft wp-image-92263\" src=\"http:\/\/www.visit-ulcinj.com\/blog\/wp-content\/uploads\/2015\/09\/Gjoke-Dukaj.jpg\" alt=\"Gjoke-Dukaj\" width=\"508\" height=\"437\" srcset=\"https:\/\/www.visit-ulcinj.com\/blog\/wp-content\/uploads\/2015\/09\/Gjoke-Dukaj.jpg 480w, https:\/\/www.visit-ulcinj.com\/blog\/wp-content\/uploads\/2015\/09\/Gjoke-Dukaj-300x258.jpg 300w\" sizes=\"(max-width: 508px) 100vw, 508px\" \/><\/a>Shkruan: Gjok\u00eb Dukaj<\/strong><\/p>\n<p>Zgjerimi i hap\u00ebsir\u00ebs informative n\u00eb mediat publike, gjithher\u00eb \u00ebsht\u00eb lajm i mir\u00eb, sidomos n\u00eb ato mjedise ku ajo nuk \u00ebsht\u00eb e mjaftueshme. Prandaj, \u00e7do hap n\u00eb k\u00ebt\u00eb drejtim duhet p\u00ebrsh\u00ebndetur me shpres\u00eb se raste t\u00eb tilla do t\u00eb ket\u00eb edhe n\u00eb t\u00eb ardhmen. Tashm\u00eb si\u00e7 jan\u00eb njoftuar d\u00ebgjuesit ton\u00eb, Radioja e Malit t\u00eb Zi, ka zgjeruar programin n\u00eb gjuh\u00ebn shqipe, i cili realizohet p\u00ebrmes emisioneve t\u00eb rregullta informative ditore dhe emisionin informativ \u2013 muzikor \u201cN\u00eb fund t\u00eb jav\u00ebs\u201d, i cili rregullisht emetohet t\u00eb shtunave.<\/p>\n<p>Mir\u00ebpo, nga e shtuna e kaluar ( 05.09.2015), ky emision realizohet me minutazh, pothuajse , t\u00eb dyfishuar, me koh\u00eb zgjatje 55 minuta, n\u00eb vend t\u00eb 30 minutave sa ishte koh\u00ebzgjatja e tij\u00a0 n\u00eb t\u00eb kaluar\u00ebn. M\u00eb n\u00eb fund, u realizua iniciativa e kamotshme e drejtuesve t\u00eb k\u00ebsaj redaksie p\u00ebr nevoj\u00ebn e zgjerimit t\u00eb k\u00ebtij emisioni. Prandaj, fal\u00eb angazhimit t\u00eb drejtueseve t\u00eb Radios s\u00eb Malit t\u00eb Zi, si servis publik, t\u00eb pun\u00ebsuarit n\u00eb k\u00ebt\u00eb redaksi, bashk\u00ebpun\u00ebtor dhe korrespondent, n\u00eb t\u00eb ardhmen do t\u00eb mund t\u00eb realizojn\u00eb p\u00ebrmbajtje m\u00eb t\u00eb zgjeruara nga l\u00ebmi t\u00eb ndryshme, gjithher\u00eb n\u00eb interes t\u00eb d\u00ebgjuesve nga k\u00ebto hap\u00ebsira dhe m\u00eb gjer\u00eb.<\/p>\n<p>Duke u shprehur t\u00eb k\u00ebnaqur me zgjerimin e k\u00ebtij emisioni, an\u00ebtar\u00ebt e k\u00ebsaj redaksie dhe drejtuesit e saj\u00eb, kan\u00eb\u00a0 paralajm\u00ebruar se n\u00eb t\u00eb ardhmen do t\u00eb realizojn\u00eb p\u00ebrmbajtje interesante p\u00ebr d\u00ebgjuesit, me rubrika dhe ide t\u00eb reja, duke kultivuar k\u00ebshtu tradit\u00ebn e mir\u00eb dhe t\u00eb frytshme t\u00eb redaksis\u00eb duke filluar nga themelimi i saj\u00eb.<\/p>\n<p>T\u00eb rikujtojm\u00eb se koh\u00eb m\u00eb par\u00eb, Redaksia n\u00eb gjuh\u00ebn shqipe, n\u00eb Radion e Malit t\u00eb Zi, sh\u00ebnoi pes\u00ebdhjet\u00ebvjetorin e pun\u00ebs s\u00eb vet n\u00eb vazhdim\u00ebsi, n\u00eb shenj\u00eb mir\u00ebnjohjeje p\u00ebr t\u00eb gjith\u00eb ata q\u00eb punuan dhe u angazhuan gjith\u00eb k\u00ebtyre viteve, jo vet\u00ebm n\u00eb informimin e popullat\u00ebs shqiptare n\u00eb k\u00ebto hap\u00ebsira, por edhe n\u00eb afirmimin e gazetaris\u00eb si profesion. Sh\u00ebnimi i k\u00ebtij jubileu u mir\u00ebprit edhe nga drejtuesit e\u00a0 RTMZ, si servisi\u00a0 nacional i Malit t\u00eb Zi, t\u00eb cil\u00ebt u angazhuan maksimalisht t\u00eb p\u00ebrkujtojn\u00eb t\u00eb\u00a0 gjith\u00eb ata q\u00eb n\u00eb pes\u00ebdhjet\u00eb\u00a0 vitet e kaluara kan\u00eb l\u00ebn\u00eb gjurm\u00eb t\u00eb pashlyer n\u00eb jet\u00ebn kulturore, krijuese dhe shpirt\u00ebrore t\u00eb pjes\u00ebtar\u00ebve t\u00eb popullat\u00ebs shqiptare n\u00eb k\u00ebto treva dhe m\u00eb gjer\u00eb.<\/p>\n<p>Prandaj, edhe pse sot jetojm\u00eb n\u00eb epok\u00ebn e komunikimit masiv, n\u00eb koh\u00ebn kur opinioni \u00ebsht\u00eb i v\u00ebrshuar nga media t\u00eb shumta, t\u00eb shkruara dhe elektronike, roli i radios si mjet informimi vazhdon t\u00eb jet\u00eb\u00a0 i paz\u00ebvend\u00ebsuesh\u00ebm. Urojm\u00eb q\u00eb hap\u00ebsira informative n\u00eb k\u00ebto hap\u00ebsira t\u00eb\u00a0 jet\u00eb\u00a0 gjithnj\u00eb e m\u00eb e gjer\u00eb, q\u00eb d\u00ebgjuesit dhe shikuesit ton\u00eb t\u00eb jen\u00eb sa m\u00eb t\u00eb k\u00ebnaqur me mund\u00ebsit e informimit p\u00ebrmes mediave publike. T\u00eb rikujtojm\u00eb se emisioni i lart\u00eb p\u00ebrmendur i cili rregullisht emetohet\u00a0 t\u00eb shtunave, n\u00eb val\u00ebt e RMZ, p\u00ebr shkak t\u00eb zgjerimit t\u00eb tij, n\u00eb t\u00eb ardhmen do t\u00eb emetohet n\u00eb t\u00eb nj\u00ebjtat val\u00eb, por me fillim nga ora 17: 05 minuta, me koh\u00eb zgjatje deri n\u00eb or\u00ebn 18:00.<\/p>\n<p>Portalb.mk<\/p>\n","protected":false},"excerpt":{"rendered":"<p>Shkruan: Gjok\u00eb Dukaj Zgjerimi i hap\u00ebsir\u00ebs informative n\u00eb mediat publike, gjithher\u00eb \u00ebsht\u00eb lajm i mir\u00eb, sidomos n\u00eb ato mjedise ku ajo nuk \u00ebsht\u00eb e mjaftueshme. Prandaj, \u00e7do hap n\u00eb k\u00ebt\u00eb drejtim duhet p\u00ebrsh\u00ebndetur me shpres\u00eb se raste t\u00eb tilla do t\u00eb ket\u00eb edhe n\u00eb t\u00eb ardhmen. Tashm\u00eb si\u00e7 jan\u00eb njoftuar d\u00ebgjuesit ton\u00eb, Radioja e Malit [&hellip;]<\/p>\n","protected":false},"author":1,"featured_media":0,"comment_status":"closed","ping_status":"closed","sticky":false,"template":"","format":"standard","meta":{"spay_email":"","jetpack_publicize_message":"","jetpack_is_tweetstorm":false,"jetpack_publicize_feature_enabled":true},"categories":[12],"tags":[],"jetpack_publicize_connections":[],"yoast_head":"<!-- This site is optimized with the Yoast SEO plugin v19.1 - https:\/\/yoast.com\/wordpress\/plugins\/seo\/ -->\n<title>Zgjerohet programi n\u00eb gjuh\u00ebn shqipe n\u00eb Radion e Malit Zi - Lajme nga Ulqini<\/title>\n<meta name=\"description\" content=\"Shkruan: Gjok\u00eb Dukaj Zgjerimi i hap\u00ebsir\u00ebs informative n\u00eb mediat publike, gjithher\u00eb \u00ebsht\u00eb lajm i mir\u00eb, sidomos n\u00eb ato mjedise ku ajo nuk \u00ebsht\u00eb e\" \/>\n<meta name=\"robots\" content=\"index, follow, max-snippet:-1, max-image-preview:large, max-video-preview:-1\" \/>\n<link rel=\"canonical\" href=\"https:\/\/www.visit-ulcinj.com\/blog\/2015\/09\/11\/zgjerohet-programi-ne-gjuhen-shqipe-ne-radion-e-malit-zi\/\" \/>\n<meta property=\"og:locale\" content=\"en_US\" \/>\n<meta property=\"og:type\" content=\"article\" \/>\n<meta property=\"og:title\" content=\"Zgjerohet programi n\u00eb gjuh\u00ebn shqipe n\u00eb Radion e Malit Zi - Lajme nga Ulqini\" \/>\n<meta property=\"og:description\" content=\"Shkruan: Gjok\u00eb Dukaj Zgjerimi i hap\u00ebsir\u00ebs informative n\u00eb mediat publike, gjithher\u00eb \u00ebsht\u00eb lajm i mir\u00eb, sidomos n\u00eb ato mjedise ku ajo nuk \u00ebsht\u00eb e\" \/>\n<meta property=\"og:url\" content=\"https:\/\/www.visit-ulcinj.com\/blog\/2015\/09\/11\/zgjerohet-programi-ne-gjuhen-shqipe-ne-radion-e-malit-zi\/\" \/>\n<meta property=\"og:site_name\" content=\"Lajme nga Ulqini\" \/>\n<meta property=\"article:published_time\" content=\"2015-09-11T11:26:09+00:00\" \/>\n<meta property=\"og:image\" content=\"http:\/\/www.visit-ulcinj.com\/blog\/wp-content\/uploads\/2015\/09\/Gjoke-Dukaj.jpg\" \/>\n<meta name=\"twitter:label1\" content=\"Written by\" \/>\n\t<meta name=\"twitter:data1\" content=\"ulqini\" \/>\n\t<meta name=\"twitter:label2\" content=\"Est. reading time\" \/>\n\t<meta name=\"twitter:data2\" content=\"3 minutes\" \/>\n<script type=\"application\/ld+json\" class=\"yoast-schema-graph\">{\"@context\":\"https:\/\/schema.org\",\"@graph\":[{\"@type\":\"WebSite\",\"@id\":\"https:\/\/www.visit-ulcinj.com\/blog\/#website\",\"url\":\"https:\/\/www.visit-ulcinj.com\/blog\/\",\"name\":\"Lajme nga Ulqini\",\"description\":\"Lajme,Vijesti,Ulqini,Ulqin,Crna Gora,Mali i Zi\",\"potentialAction\":[{\"@type\":\"SearchAction\",\"target\":{\"@type\":\"EntryPoint\",\"urlTemplate\":\"https:\/\/www.visit-ulcinj.com\/blog\/?s={search_term_string}\"},\"query-input\":\"required name=search_term_string\"}],\"inLanguage\":\"en-US\"},{\"@type\":\"ImageObject\",\"inLanguage\":\"en-US\",\"@id\":\"https:\/\/www.visit-ulcinj.com\/blog\/2015\/09\/11\/zgjerohet-programi-ne-gjuhen-shqipe-ne-radion-e-malit-zi\/#primaryimage\",\"url\":\"https:\/\/www.visit-ulcinj.com\/blog\/wp-content\/uploads\/2015\/09\/Gjoke-Dukaj.jpg\",\"contentUrl\":\"https:\/\/www.visit-ulcinj.com\/blog\/wp-content\/uploads\/2015\/09\/Gjoke-Dukaj.jpg\",\"width\":480,\"height\":413},{\"@type\":\"WebPage\",\"@id\":\"https:\/\/www.visit-ulcinj.com\/blog\/2015\/09\/11\/zgjerohet-programi-ne-gjuhen-shqipe-ne-radion-e-malit-zi\/#webpage\",\"url\":\"https:\/\/www.visit-ulcinj.com\/blog\/2015\/09\/11\/zgjerohet-programi-ne-gjuhen-shqipe-ne-radion-e-malit-zi\/\",\"name\":\"Zgjerohet programi n\u00eb gjuh\u00ebn shqipe n\u00eb Radion e Malit Zi - Lajme nga Ulqini\",\"isPartOf\":{\"@id\":\"https:\/\/www.visit-ulcinj.com\/blog\/#website\"},\"primaryImageOfPage\":{\"@id\":\"https:\/\/www.visit-ulcinj.com\/blog\/2015\/09\/11\/zgjerohet-programi-ne-gjuhen-shqipe-ne-radion-e-malit-zi\/#primaryimage\"},\"datePublished\":\"2015-09-11T11:26:09+00:00\",\"dateModified\":\"2015-09-11T11:26:09+00:00\",\"author\":{\"@id\":\"https:\/\/www.visit-ulcinj.com\/blog\/#\/schema\/person\/dcab619c614d3038751c63bc2aadc06d\"},\"description\":\"Shkruan: Gjok\u00eb Dukaj Zgjerimi i hap\u00ebsir\u00ebs informative n\u00eb mediat publike, gjithher\u00eb \u00ebsht\u00eb lajm i mir\u00eb, sidomos n\u00eb ato mjedise ku ajo nuk \u00ebsht\u00eb e\",\"breadcrumb\":{\"@id\":\"https:\/\/www.visit-ulcinj.com\/blog\/2015\/09\/11\/zgjerohet-programi-ne-gjuhen-shqipe-ne-radion-e-malit-zi\/#breadcrumb\"},\"inLanguage\":\"en-US\",\"potentialAction\":[{\"@type\":\"ReadAction\",\"target\":[\"https:\/\/www.visit-ulcinj.com\/blog\/2015\/09\/11\/zgjerohet-programi-ne-gjuhen-shqipe-ne-radion-e-malit-zi\/\"]}]},{\"@type\":\"BreadcrumbList\",\"@id\":\"https:\/\/www.visit-ulcinj.com\/blog\/2015\/09\/11\/zgjerohet-programi-ne-gjuhen-shqipe-ne-radion-e-malit-zi\/#breadcrumb\",\"itemListElement\":[{\"@type\":\"ListItem\",\"position\":1,\"name\":\"Zgjerohet programi n\u00eb gjuh\u00ebn shqipe n\u00eb Radion e Malit Zi\"}]},{\"@type\":\"Person\",\"@id\":\"https:\/\/www.visit-ulcinj.com\/blog\/#\/schema\/person\/dcab619c614d3038751c63bc2aadc06d\",\"name\":\"ulqini\",\"sameAs\":[\"http:\/\/www.visit-ulcinj.com\"],\"url\":\"https:\/\/www.visit-ulcinj.com\/blog\/author\/admin\/\"}]}<\/script>\n<!-- \/ Yoast SEO plugin. -->","yoast_head_json":{"title":"Zgjerohet programi n\u00eb gjuh\u00ebn shqipe n\u00eb Radion e Malit Zi - Lajme nga Ulqini","description":"Shkruan: Gjok\u00eb Dukaj Zgjerimi i hap\u00ebsir\u00ebs informative n\u00eb mediat publike, gjithher\u00eb \u00ebsht\u00eb lajm i mir\u00eb, sidomos n\u00eb ato mjedise ku ajo nuk \u00ebsht\u00eb e","robots":{"index":"index","follow":"follow","max-snippet":"max-snippet:-1","max-image-preview":"max-image-preview:large","max-video-preview":"max-video-preview:-1"},"canonical":"https:\/\/www.visit-ulcinj.com\/blog\/2015\/09\/11\/zgjerohet-programi-ne-gjuhen-shqipe-ne-radion-e-malit-zi\/","og_locale":"en_US","og_type":"article","og_title":"Zgjerohet programi n\u00eb gjuh\u00ebn shqipe n\u00eb Radion e Malit Zi - Lajme nga Ulqini","og_description":"Shkruan: Gjok\u00eb Dukaj Zgjerimi i hap\u00ebsir\u00ebs informative n\u00eb mediat publike, gjithher\u00eb \u00ebsht\u00eb lajm i mir\u00eb, sidomos n\u00eb ato mjedise ku ajo nuk \u00ebsht\u00eb e","og_url":"https:\/\/www.visit-ulcinj.com\/blog\/2015\/09\/11\/zgjerohet-programi-ne-gjuhen-shqipe-ne-radion-e-malit-zi\/","og_site_name":"Lajme nga Ulqini","article_published_time":"2015-09-11T11:26:09+00:00","og_image":[{"url":"http:\/\/www.visit-ulcinj.com\/blog\/wp-content\/uploads\/2015\/09\/Gjoke-Dukaj.jpg"}],"twitter_misc":{"Written by":"ulqini","Est. reading time":"3 minutes"},"schema":{"@context":"https:\/\/schema.org","@graph":[{"@type":"WebSite","@id":"https:\/\/www.visit-ulcinj.com\/blog\/#website","url":"https:\/\/www.visit-ulcinj.com\/blog\/","name":"Lajme nga Ulqini","description":"Lajme,Vijesti,Ulqini,Ulqin,Crna Gora,Mali i Zi","potentialAction":[{"@type":"SearchAction","target":{"@type":"EntryPoint","urlTemplate":"https:\/\/www.visit-ulcinj.com\/blog\/?s={search_term_string}"},"query-input":"required name=search_term_string"}],"inLanguage":"en-US"},{"@type":"ImageObject","inLanguage":"en-US","@id":"https:\/\/www.visit-ulcinj.com\/blog\/2015\/09\/11\/zgjerohet-programi-ne-gjuhen-shqipe-ne-radion-e-malit-zi\/#primaryimage","url":"https:\/\/www.visit-ulcinj.com\/blog\/wp-content\/uploads\/2015\/09\/Gjoke-Dukaj.jpg","contentUrl":"https:\/\/www.visit-ulcinj.com\/blog\/wp-content\/uploads\/2015\/09\/Gjoke-Dukaj.jpg","width":480,"height":413},{"@type":"WebPage","@id":"https:\/\/www.visit-ulcinj.com\/blog\/2015\/09\/11\/zgjerohet-programi-ne-gjuhen-shqipe-ne-radion-e-malit-zi\/#webpage","url":"https:\/\/www.visit-ulcinj.com\/blog\/2015\/09\/11\/zgjerohet-programi-ne-gjuhen-shqipe-ne-radion-e-malit-zi\/","name":"Zgjerohet programi n\u00eb gjuh\u00ebn shqipe n\u00eb Radion e Malit Zi - Lajme nga Ulqini","isPartOf":{"@id":"https:\/\/www.visit-ulcinj.com\/blog\/#website"},"primaryImageOfPage":{"@id":"https:\/\/www.visit-ulcinj.com\/blog\/2015\/09\/11\/zgjerohet-programi-ne-gjuhen-shqipe-ne-radion-e-malit-zi\/#primaryimage"},"datePublished":"2015-09-11T11:26:09+00:00","dateModified":"2015-09-11T11:26:09+00:00","author":{"@id":"https:\/\/www.visit-ulcinj.com\/blog\/#\/schema\/person\/dcab619c614d3038751c63bc2aadc06d"},"description":"Shkruan: Gjok\u00eb Dukaj Zgjerimi i hap\u00ebsir\u00ebs informative n\u00eb mediat publike, gjithher\u00eb \u00ebsht\u00eb lajm i mir\u00eb, sidomos n\u00eb ato mjedise ku ajo nuk \u00ebsht\u00eb e","breadcrumb":{"@id":"https:\/\/www.visit-ulcinj.com\/blog\/2015\/09\/11\/zgjerohet-programi-ne-gjuhen-shqipe-ne-radion-e-malit-zi\/#breadcrumb"},"inLanguage":"en-US","potentialAction":[{"@type":"ReadAction","target":["https:\/\/www.visit-ulcinj.com\/blog\/2015\/09\/11\/zgjerohet-programi-ne-gjuhen-shqipe-ne-radion-e-malit-zi\/"]}]},{"@type":"BreadcrumbList","@id":"https:\/\/www.visit-ulcinj.com\/blog\/2015\/09\/11\/zgjerohet-programi-ne-gjuhen-shqipe-ne-radion-e-malit-zi\/#breadcrumb","itemListElement":[{"@type":"ListItem","position":1,"name":"Zgjerohet programi n\u00eb gjuh\u00ebn shqipe n\u00eb Radion e Malit Zi"}]},{"@type":"Person","@id":"https:\/\/www.visit-ulcinj.com\/blog\/#\/schema\/person\/dcab619c614d3038751c63bc2aadc06d","name":"ulqini","sameAs":["http:\/\/www.visit-ulcinj.com"],"url":"https:\/\/www.visit-ulcinj.com\/blog\/author\/admin\/"}]}},"jetpack_featured_media_url":"","jetpack_sharing_enabled":true,"jetpack_shortlink":"https:\/\/wp.me\/pe6lTn-o06","_links":{"self":[{"href":"https:\/\/www.visit-ulcinj.com\/blog\/wp-json\/wp\/v2\/posts\/92262"}],"collection":[{"href":"https:\/\/www.visit-ulcinj.com\/blog\/wp-json\/wp\/v2\/posts"}],"about":[{"href":"https:\/\/www.visit-ulcinj.com\/blog\/wp-json\/wp\/v2\/types\/post"}],"author":[{"embeddable":true,"href":"https:\/\/www.visit-ulcinj.com\/blog\/wp-json\/wp\/v2\/users\/1"}],"replies":[{"embeddable":true,"href":"https:\/\/www.visit-ulcinj.com\/blog\/wp-json\/wp\/v2\/comments?post=92262"}],"version-history":[{"count":1,"href":"https:\/\/www.visit-ulcinj.com\/blog\/wp-json\/wp\/v2\/posts\/92262\/revisions"}],"predecessor-version":[{"id":92264,"href":"https:\/\/www.visit-ulcinj.com\/blog\/wp-json\/wp\/v2\/posts\/92262\/revisions\/92264"}],"wp:attachment":[{"href":"https:\/\/www.visit-ulcinj.com\/blog\/wp-json\/wp\/v2\/media?parent=92262"}],"wp:term":[{"taxonomy":"category","embeddable":true,"href":"https:\/\/www.visit-ulcinj.com\/blog\/wp-json\/wp\/v2\/categories?post=92262"},{"taxonomy":"post_tag","embeddable":true,"href":"https:\/\/www.visit-ulcinj.com\/blog\/wp-json\/wp\/v2\/tags?post=92262"}],"curies":[{"name":"wp","href":"https:\/\/api.w.org\/{rel}","templated":true}]}}