{"id":9227,"date":"2009-01-17T08:28:41","date_gmt":"2009-01-17T07:28:41","guid":{"rendered":"http:\/\/www.visit-ulcinj.com\/blog\/?p=9227"},"modified":"2009-01-17T21:25:32","modified_gmt":"2009-01-17T20:25:32","slug":"gjyste-vulaj-tani-klipet-i-ben-vete","status":"publish","type":"post","link":"https:\/\/www.visit-ulcinj.com\/blog\/2009\/01\/17\/gjyste-vulaj-tani-klipet-i-ben-vete\/","title":{"rendered":"Gjyste Vulaj: Tani klipet i b\u00ebn vet\u00eb"},"content":{"rendered":"<p><a rel=\"attachment wp-att-9229\" href=\"http:\/\/www.visit-ulcinj.com\/blog\/2009\/01\/17\/gjyste-vulaj-tani-klipet-i-ben-vete\/gjyste-vulaj1\/\"><img loading=\"lazy\" class=\"alignleft size-full wp-image-9229\" title=\"gjyste-vulaj1\" src=\"http:\/\/www.visit-ulcinj.com\/blog\/wp-content\/uploads\/2009\/01\/gjyste-vulaj1.jpg\" alt=\"gjyste-vulaj1\" width=\"570\" height=\"391\" \/><\/a>Gjithmon\u00eb preferon t\u00eb t\u00ebrheq\u00eb v\u00ebmendjen e publikut me veshjen dhe l\u00ebvizjet skenike q\u00eb ka. Gjyste Vulaj \u00ebsht\u00eb nj\u00eb nd\u00ebr k\u00ebng\u00ebtaret m\u00eb t\u00eb preferuara n\u00eb tregun muzikor k\u00ebt\u00eb ver\u00eb ndaj dhe axhend\u00ebn e datave t\u00eb koncerteve e ka pasur shum\u00eb t\u00eb ngjeshur.<\/p>\n<p><strong>Imazhi<\/strong><\/p>\n<p>Edhe pse vitet kalojn\u00eb, duket se mbetet gjithmon\u00eb e nj\u00ebjta. Kujdeset shum\u00eb p\u00ebr paraqitjen e saj t\u00eb jashtme dhe investon mjaft p\u00ebr t\u00eb. K\u00ebng\u00ebtarja e lindur n\u00eb fshatin Vuksanlekaj (Mal\u00ebsi) m\u00eb 09.07.1977 prej m\u00eb shum\u00eb se dhjet\u00eb vitesh \u00ebsht\u00eb e martuar me Sokol Vulajn nga martesa me t\u00eb cilin ka edhe nj\u00eb vajz\u00eb. Tashm\u00eb e adhuruar nga t\u00eb gjith\u00eb shqiptar\u00ebt kudo jetojn\u00eb z\u00ebri i saj ka arritur t\u00eb dep\u00ebrtoj\u00eb pothuaj n\u00eb \u00e7do sht\u00ebpi shqiptare. Deri m\u00eb tani Gjystja ka realizuar kat\u00ebr albume. P\u00ebrve\u00e7 se k\u00ebndon, Gjystja shkruan edhe tekste, merret edhe me dizajn grafik. Po ashtu merret me rregullimin e montazhit t\u00eb videoklipeve, nj\u00eb prej t\u00eb cil\u00ebve e ka punuar edhe vet\u00eb.<\/p>\n<p><strong>Fitimi<\/strong><\/p>\n<p>Dihet q\u00eb k\u00ebng\u00ebtaret fitojn\u00eb shum\u00eb nga koncertet dhe p\u00ebr m\u00eb tep\u00ebr Gjystja \u00ebsht\u00eb nj\u00eb nd\u00ebr ato q\u00eb k\u00ebrkojn\u00eb jo pak para n\u00eb nj\u00eb koncert. E nd\u00ebrsa nuk i p\u00eblqen t\u00eb flas\u00eb p\u00ebr k\u00ebt\u00eb, ajo gjithmon\u00eb shprehet: \u201cSecili d\u00ebshiron t\u00eb ket\u00eb sa m\u00eb shum\u00eb para. P\u00ebrfitimi m\u00eb i madh p\u00ebr mua \u00ebsht\u00eb ndjenja shpirt\u00ebrore ku komplimentet e nj\u00ebpasnj\u00ebshme vijn\u00eb nga adhuruesit e mi\u201d.<\/p>\n<p><strong>Vendimi<\/strong><\/p>\n<p>K\u00ebng\u00ebtarja nga Mali i Zi q\u00eb prej fillimit t\u00eb karrier\u00ebs s\u00eb saj ka vendosur t\u00eb mos k\u00ebndoj\u00eb n\u00ebp\u00ebr kafene. Ajo k\u00ebndon n\u00eb koncerte, salla t\u00eb ndryshme, diskoteka moderne q\u00eb jan\u00eb n\u00ebp\u00ebr mbar\u00eb bot\u00ebn. Her\u00eb-her\u00eb ajo e gjen veten edhe tek ndonj\u00eb familje, q\u00eb e ka zgjedhur t\u2019i k\u00ebndoj\u00eb n\u00eb dasm\u00eb, por koh\u00ebve t\u00eb fundit \u00ebsht\u00eb shum\u00eb pak prezente aty pasi datat nuk i ka t\u00eb lira.<\/p>\n<p><strong>Vip Shqiperia<\/strong><\/p>\n<p><strong><\/p>\n<p><\/strong><\/p>\n<p><!--YouTube Error: bad URL entered--><strong><br \/>\n<\/strong><\/p>\n","protected":false},"excerpt":{"rendered":"<p>Gjithmon\u00eb preferon t\u00eb t\u00ebrheq\u00eb v\u00ebmendjen e publikut me veshjen dhe l\u00ebvizjet skenike q\u00eb ka. Gjyste Vulaj \u00ebsht\u00eb nj\u00eb nd\u00ebr k\u00ebng\u00ebtaret m\u00eb t\u00eb preferuara n\u00eb tregun muzikor k\u00ebt\u00eb ver\u00eb ndaj dhe axhend\u00ebn e datave t\u00eb koncerteve e ka pasur shum\u00eb t\u00eb ngjeshur. Imazhi Edhe pse vitet kalojn\u00eb, duket se mbetet gjithmon\u00eb e nj\u00ebjta. Kujdeset shum\u00eb p\u00ebr [&hellip;]<\/p>\n","protected":false},"author":1,"featured_media":0,"comment_status":"open","ping_status":"closed","sticky":false,"template":"","format":"standard","meta":{"spay_email":"","jetpack_publicize_message":"","jetpack_is_tweetstorm":false,"jetpack_publicize_feature_enabled":true},"categories":[1],"tags":[4332,95,3946,200,18],"jetpack_publicize_connections":[],"yoast_head":"<!-- This site is optimized with the Yoast SEO plugin v19.1 - https:\/\/yoast.com\/wordpress\/plugins\/seo\/ -->\n<title>Gjyste Vulaj: Tani klipet i b\u00ebn vet\u00eb - Lajme nga Ulqini<\/title>\n<meta name=\"description\" content=\"Gjithmon\u00eb preferon t\u00eb t\u00ebrheq\u00eb v\u00ebmendjen e publikut me veshjen dhe l\u00ebvizjet skenike q\u00eb ka. Gjyste Vulaj \u00ebsht\u00eb nj\u00eb nd\u00ebr k\u00ebng\u00ebtaret m\u00eb t\u00eb preferuara n\u00eb\" \/>\n<meta name=\"robots\" content=\"index, follow, max-snippet:-1, max-image-preview:large, max-video-preview:-1\" \/>\n<link rel=\"canonical\" href=\"https:\/\/www.visit-ulcinj.com\/blog\/2009\/01\/17\/gjyste-vulaj-tani-klipet-i-ben-vete\/\" \/>\n<meta property=\"og:locale\" content=\"en_US\" \/>\n<meta property=\"og:type\" content=\"article\" \/>\n<meta property=\"og:title\" content=\"Gjyste Vulaj: Tani klipet i b\u00ebn vet\u00eb - Lajme nga Ulqini\" \/>\n<meta property=\"og:description\" content=\"Gjithmon\u00eb preferon t\u00eb t\u00ebrheq\u00eb v\u00ebmendjen e publikut me veshjen dhe l\u00ebvizjet skenike q\u00eb ka. Gjyste Vulaj \u00ebsht\u00eb nj\u00eb nd\u00ebr k\u00ebng\u00ebtaret m\u00eb t\u00eb preferuara n\u00eb\" \/>\n<meta property=\"og:url\" content=\"https:\/\/www.visit-ulcinj.com\/blog\/2009\/01\/17\/gjyste-vulaj-tani-klipet-i-ben-vete\/\" \/>\n<meta property=\"og:site_name\" content=\"Lajme nga Ulqini\" \/>\n<meta property=\"article:published_time\" content=\"2009-01-17T07:28:41+00:00\" \/>\n<meta property=\"article:modified_time\" content=\"2009-01-17T20:25:32+00:00\" \/>\n<meta property=\"og:image\" content=\"https:\/\/www.visit-ulcinj.com\/blog\/wp-content\/uploads\/2009\/01\/gjyste-vulaj1-150x150.jpg\" \/>\n<meta name=\"twitter:label1\" content=\"Written by\" \/>\n\t<meta name=\"twitter:data1\" content=\"ulqini\" \/>\n\t<meta name=\"twitter:label2\" content=\"Est. reading time\" \/>\n\t<meta name=\"twitter:data2\" content=\"2 minutes\" \/>\n<script type=\"application\/ld+json\" class=\"yoast-schema-graph\">{\"@context\":\"https:\/\/schema.org\",\"@graph\":[{\"@type\":\"WebSite\",\"@id\":\"https:\/\/www.visit-ulcinj.com\/blog\/#website\",\"url\":\"https:\/\/www.visit-ulcinj.com\/blog\/\",\"name\":\"Lajme nga Ulqini\",\"description\":\"Lajme,Vijesti,Ulqini,Ulqin,Crna Gora,Mali i Zi\",\"potentialAction\":[{\"@type\":\"SearchAction\",\"target\":{\"@type\":\"EntryPoint\",\"urlTemplate\":\"https:\/\/www.visit-ulcinj.com\/blog\/?s={search_term_string}\"},\"query-input\":\"required name=search_term_string\"}],\"inLanguage\":\"en-US\"},{\"@type\":\"ImageObject\",\"inLanguage\":\"en-US\",\"@id\":\"https:\/\/www.visit-ulcinj.com\/blog\/2009\/01\/17\/gjyste-vulaj-tani-klipet-i-ben-vete\/#primaryimage\",\"url\":\"http:\/\/www.visit-ulcinj.com\/blog\/wp-content\/uploads\/2009\/01\/gjyste-vulaj1.jpg\",\"contentUrl\":\"http:\/\/www.visit-ulcinj.com\/blog\/wp-content\/uploads\/2009\/01\/gjyste-vulaj1.jpg\"},{\"@type\":\"WebPage\",\"@id\":\"https:\/\/www.visit-ulcinj.com\/blog\/2009\/01\/17\/gjyste-vulaj-tani-klipet-i-ben-vete\/#webpage\",\"url\":\"https:\/\/www.visit-ulcinj.com\/blog\/2009\/01\/17\/gjyste-vulaj-tani-klipet-i-ben-vete\/\",\"name\":\"Gjyste Vulaj: Tani klipet i b\u00ebn vet\u00eb - Lajme nga Ulqini\",\"isPartOf\":{\"@id\":\"https:\/\/www.visit-ulcinj.com\/blog\/#website\"},\"primaryImageOfPage\":{\"@id\":\"https:\/\/www.visit-ulcinj.com\/blog\/2009\/01\/17\/gjyste-vulaj-tani-klipet-i-ben-vete\/#primaryimage\"},\"datePublished\":\"2009-01-17T07:28:41+00:00\",\"dateModified\":\"2009-01-17T20:25:32+00:00\",\"author\":{\"@id\":\"https:\/\/www.visit-ulcinj.com\/blog\/#\/schema\/person\/dcab619c614d3038751c63bc2aadc06d\"},\"description\":\"Gjithmon\u00eb preferon t\u00eb t\u00ebrheq\u00eb v\u00ebmendjen e publikut me veshjen dhe l\u00ebvizjet skenike q\u00eb ka. Gjyste Vulaj \u00ebsht\u00eb nj\u00eb nd\u00ebr k\u00ebng\u00ebtaret m\u00eb t\u00eb preferuara n\u00eb\",\"breadcrumb\":{\"@id\":\"https:\/\/www.visit-ulcinj.com\/blog\/2009\/01\/17\/gjyste-vulaj-tani-klipet-i-ben-vete\/#breadcrumb\"},\"inLanguage\":\"en-US\",\"potentialAction\":[{\"@type\":\"ReadAction\",\"target\":[\"https:\/\/www.visit-ulcinj.com\/blog\/2009\/01\/17\/gjyste-vulaj-tani-klipet-i-ben-vete\/\"]}]},{\"@type\":\"BreadcrumbList\",\"@id\":\"https:\/\/www.visit-ulcinj.com\/blog\/2009\/01\/17\/gjyste-vulaj-tani-klipet-i-ben-vete\/#breadcrumb\",\"itemListElement\":[{\"@type\":\"ListItem\",\"position\":1,\"name\":\"Gjyste Vulaj: Tani klipet i b\u00ebn vet\u00eb\"}]},{\"@type\":\"Person\",\"@id\":\"https:\/\/www.visit-ulcinj.com\/blog\/#\/schema\/person\/dcab619c614d3038751c63bc2aadc06d\",\"name\":\"ulqini\",\"sameAs\":[\"http:\/\/www.visit-ulcinj.com\"],\"url\":\"https:\/\/www.visit-ulcinj.com\/blog\/author\/admin\/\"}]}<\/script>\n<!-- \/ Yoast SEO plugin. -->","yoast_head_json":{"title":"Gjyste Vulaj: Tani klipet i b\u00ebn vet\u00eb - Lajme nga Ulqini","description":"Gjithmon\u00eb preferon t\u00eb t\u00ebrheq\u00eb v\u00ebmendjen e publikut me veshjen dhe l\u00ebvizjet skenike q\u00eb ka. Gjyste Vulaj \u00ebsht\u00eb nj\u00eb nd\u00ebr k\u00ebng\u00ebtaret m\u00eb t\u00eb preferuara n\u00eb","robots":{"index":"index","follow":"follow","max-snippet":"max-snippet:-1","max-image-preview":"max-image-preview:large","max-video-preview":"max-video-preview:-1"},"canonical":"https:\/\/www.visit-ulcinj.com\/blog\/2009\/01\/17\/gjyste-vulaj-tani-klipet-i-ben-vete\/","og_locale":"en_US","og_type":"article","og_title":"Gjyste Vulaj: Tani klipet i b\u00ebn vet\u00eb - Lajme nga Ulqini","og_description":"Gjithmon\u00eb preferon t\u00eb t\u00ebrheq\u00eb v\u00ebmendjen e publikut me veshjen dhe l\u00ebvizjet skenike q\u00eb ka. Gjyste Vulaj \u00ebsht\u00eb nj\u00eb nd\u00ebr k\u00ebng\u00ebtaret m\u00eb t\u00eb preferuara n\u00eb","og_url":"https:\/\/www.visit-ulcinj.com\/blog\/2009\/01\/17\/gjyste-vulaj-tani-klipet-i-ben-vete\/","og_site_name":"Lajme nga Ulqini","article_published_time":"2009-01-17T07:28:41+00:00","article_modified_time":"2009-01-17T20:25:32+00:00","og_image":[{"url":"https:\/\/www.visit-ulcinj.com\/blog\/wp-content\/uploads\/2009\/01\/gjyste-vulaj1-150x150.jpg"}],"twitter_misc":{"Written by":"ulqini","Est. reading time":"2 minutes"},"schema":{"@context":"https:\/\/schema.org","@graph":[{"@type":"WebSite","@id":"https:\/\/www.visit-ulcinj.com\/blog\/#website","url":"https:\/\/www.visit-ulcinj.com\/blog\/","name":"Lajme nga Ulqini","description":"Lajme,Vijesti,Ulqini,Ulqin,Crna Gora,Mali i Zi","potentialAction":[{"@type":"SearchAction","target":{"@type":"EntryPoint","urlTemplate":"https:\/\/www.visit-ulcinj.com\/blog\/?s={search_term_string}"},"query-input":"required name=search_term_string"}],"inLanguage":"en-US"},{"@type":"ImageObject","inLanguage":"en-US","@id":"https:\/\/www.visit-ulcinj.com\/blog\/2009\/01\/17\/gjyste-vulaj-tani-klipet-i-ben-vete\/#primaryimage","url":"http:\/\/www.visit-ulcinj.com\/blog\/wp-content\/uploads\/2009\/01\/gjyste-vulaj1.jpg","contentUrl":"http:\/\/www.visit-ulcinj.com\/blog\/wp-content\/uploads\/2009\/01\/gjyste-vulaj1.jpg"},{"@type":"WebPage","@id":"https:\/\/www.visit-ulcinj.com\/blog\/2009\/01\/17\/gjyste-vulaj-tani-klipet-i-ben-vete\/#webpage","url":"https:\/\/www.visit-ulcinj.com\/blog\/2009\/01\/17\/gjyste-vulaj-tani-klipet-i-ben-vete\/","name":"Gjyste Vulaj: Tani klipet i b\u00ebn vet\u00eb - Lajme nga Ulqini","isPartOf":{"@id":"https:\/\/www.visit-ulcinj.com\/blog\/#website"},"primaryImageOfPage":{"@id":"https:\/\/www.visit-ulcinj.com\/blog\/2009\/01\/17\/gjyste-vulaj-tani-klipet-i-ben-vete\/#primaryimage"},"datePublished":"2009-01-17T07:28:41+00:00","dateModified":"2009-01-17T20:25:32+00:00","author":{"@id":"https:\/\/www.visit-ulcinj.com\/blog\/#\/schema\/person\/dcab619c614d3038751c63bc2aadc06d"},"description":"Gjithmon\u00eb preferon t\u00eb t\u00ebrheq\u00eb v\u00ebmendjen e publikut me veshjen dhe l\u00ebvizjet skenike q\u00eb ka. Gjyste Vulaj \u00ebsht\u00eb nj\u00eb nd\u00ebr k\u00ebng\u00ebtaret m\u00eb t\u00eb preferuara n\u00eb","breadcrumb":{"@id":"https:\/\/www.visit-ulcinj.com\/blog\/2009\/01\/17\/gjyste-vulaj-tani-klipet-i-ben-vete\/#breadcrumb"},"inLanguage":"en-US","potentialAction":[{"@type":"ReadAction","target":["https:\/\/www.visit-ulcinj.com\/blog\/2009\/01\/17\/gjyste-vulaj-tani-klipet-i-ben-vete\/"]}]},{"@type":"BreadcrumbList","@id":"https:\/\/www.visit-ulcinj.com\/blog\/2009\/01\/17\/gjyste-vulaj-tani-klipet-i-ben-vete\/#breadcrumb","itemListElement":[{"@type":"ListItem","position":1,"name":"Gjyste Vulaj: Tani klipet i b\u00ebn vet\u00eb"}]},{"@type":"Person","@id":"https:\/\/www.visit-ulcinj.com\/blog\/#\/schema\/person\/dcab619c614d3038751c63bc2aadc06d","name":"ulqini","sameAs":["http:\/\/www.visit-ulcinj.com"],"url":"https:\/\/www.visit-ulcinj.com\/blog\/author\/admin\/"}]}},"jetpack_featured_media_url":"","jetpack_sharing_enabled":true,"jetpack_shortlink":"https:\/\/wp.me\/pe6lTn-2oP","_links":{"self":[{"href":"https:\/\/www.visit-ulcinj.com\/blog\/wp-json\/wp\/v2\/posts\/9227"}],"collection":[{"href":"https:\/\/www.visit-ulcinj.com\/blog\/wp-json\/wp\/v2\/posts"}],"about":[{"href":"https:\/\/www.visit-ulcinj.com\/blog\/wp-json\/wp\/v2\/types\/post"}],"author":[{"embeddable":true,"href":"https:\/\/www.visit-ulcinj.com\/blog\/wp-json\/wp\/v2\/users\/1"}],"replies":[{"embeddable":true,"href":"https:\/\/www.visit-ulcinj.com\/blog\/wp-json\/wp\/v2\/comments?post=9227"}],"version-history":[{"count":0,"href":"https:\/\/www.visit-ulcinj.com\/blog\/wp-json\/wp\/v2\/posts\/9227\/revisions"}],"wp:attachment":[{"href":"https:\/\/www.visit-ulcinj.com\/blog\/wp-json\/wp\/v2\/media?parent=9227"}],"wp:term":[{"taxonomy":"category","embeddable":true,"href":"https:\/\/www.visit-ulcinj.com\/blog\/wp-json\/wp\/v2\/categories?post=9227"},{"taxonomy":"post_tag","embeddable":true,"href":"https:\/\/www.visit-ulcinj.com\/blog\/wp-json\/wp\/v2\/tags?post=9227"}],"curies":[{"name":"wp","href":"https:\/\/api.w.org\/{rel}","templated":true}]}}