{"id":92285,"date":"2015-09-12T19:04:54","date_gmt":"2015-09-12T18:04:54","guid":{"rendered":"http:\/\/www.visit-ulcinj.com\/blog\/?p=92285"},"modified":"2015-09-12T19:04:54","modified_gmt":"2015-09-12T18:04:54","slug":"ne-rozhaje-nenshkruhet-peticioni-kunder-kufirit-kosoven","status":"publish","type":"post","link":"https:\/\/www.visit-ulcinj.com\/blog\/2015\/09\/12\/ne-rozhaje-nenshkruhet-peticioni-kunder-kufirit-kosoven\/","title":{"rendered":"N\u00eb Rozhaj\u00eb n\u00ebnshkruhet peticioni kund\u00ebr kufirit me Kosov\u00ebn"},"content":{"rendered":"<p><a href=\"http:\/\/www.visit-ulcinj.com\/blog\/wp-content\/uploads\/2015\/09\/demarkacionii-kufirit.jpg\"><img loading=\"lazy\" class=\"alignleft wp-image-92286\" src=\"http:\/\/www.visit-ulcinj.com\/blog\/wp-content\/uploads\/2015\/09\/demarkacionii-kufirit.jpg\" alt=\"demarkacionii kufirit\" width=\"508\" height=\"400\" \/><\/a>N\u00eb qytetin malazez t\u00eb Rozhaj\u00ebs ka filluar n\u00ebnshkrimi i peticionit me t\u00eb cilin k\u00ebrkohet ridefinimi i s\u00ebrish\u00ebm i kufirit me Kosov\u00ebn, me q\u00ebllim t\u00eb kthimit t\u00eb territorit i cili u \u00ebsht\u00eb marr\u00eb nga ky proces.<\/p>\n<p>Qytetar\u00ebt thon\u00eb se me k\u00ebt\u00eb vendim u \u00ebsht\u00eb rrezikuar seriozisht turizmi pasi ky territor ka qen\u00eb lidhja e tyre kryesore me malin Hajla, transmeton Klan Kosova.<\/p>\n<p>N\u00eb k\u00ebt\u00eb peticion, mes tjerash, thuhet:<\/p>\n<p>\u201cMe ndarjen e re ka ardhur deri te l\u00ebvizja e kufirit t\u00eb vjet\u00ebr, me \u00e7\u2019rast \u00ebsht\u00eb marr\u00eb territori m\u00eb i r\u00ebnd\u00ebsish\u00ebm p\u00ebr zhvillimin e turizmit malor n\u00eb Rozhaj\u00eb\u201d.<\/p>\n<p>\u201cMe kufirin e ri, Rozhaja e ka humbur rrug\u00ebn me t\u00eb cil\u00ebn ka qen\u00eb e mundshme q\u00eb t\u00eb shkohet me automjet n\u00eb nj\u00ebrin prej maleve m\u00eb t\u00eb bukura n\u00eb rajon\u201d.<\/p>\n<p>\u201cMe k\u00ebt\u00eb kufi t\u00eb ri ne e humbim an\u00ebn e malit q\u00eb e ka potencialin m\u00eb t\u00eb madh p\u00ebr shtegun skiator me lart\u00ebsi mbidetare prej 600 metrash, t\u00eb cil\u00ebn ekspert\u00ebt e skijimit e kan\u00eb cil\u00ebsuar si t\u00eb p\u00ebrsosur sa i p\u00ebrket pjerrt\u00ebsis\u00eb\u201d.<\/p>\n<p>Peticioni \u00ebsht\u00eb duke u n\u00ebnshkruar n\u00eb Sheshin Mulla Jakup Kardovic, n\u00eb Rozhaj\u00eb.<\/p>\n<p>Edhe Lidhja Demokratike e Boshnjak\u00ebve e ka kritikuar marr\u00ebveshjen p\u00ebr kufirin.<\/p>\n<p>\u201cAskush nga Rozhaja nuk ka marr\u00eb pjes\u00eb n\u00eb krijimin e hartave topografike. Pse Rozhaja duhet ta paguaj\u00eb \u00e7mimin me marrjen e pjes\u00ebs m\u00eb t\u00eb \u00e7muar t\u00eb saj n\u00eb malin Hajla?\u201d.<\/p>\n<p><span id=\"dlRelated_ctl00_lblSource\">Almakos<\/span><\/p>\n","protected":false},"excerpt":{"rendered":"<p>N\u00eb qytetin malazez t\u00eb Rozhaj\u00ebs ka filluar n\u00ebnshkrimi i peticionit me t\u00eb cilin k\u00ebrkohet ridefinimi i s\u00ebrish\u00ebm i kufirit me Kosov\u00ebn, me q\u00ebllim t\u00eb kthimit t\u00eb territorit i cili u \u00ebsht\u00eb marr\u00eb nga ky proces. Qytetar\u00ebt thon\u00eb se me k\u00ebt\u00eb vendim u \u00ebsht\u00eb rrezikuar seriozisht turizmi pasi ky territor ka qen\u00eb lidhja e tyre kryesore [&hellip;]<\/p>\n","protected":false},"author":1,"featured_media":0,"comment_status":"closed","ping_status":"closed","sticky":false,"template":"","format":"standard","meta":{"spay_email":"","jetpack_publicize_message":"","jetpack_is_tweetstorm":false,"jetpack_publicize_feature_enabled":true},"categories":[6950],"tags":[],"jetpack_publicize_connections":[],"yoast_head":"<!-- This site is optimized with the Yoast SEO plugin v19.1 - https:\/\/yoast.com\/wordpress\/plugins\/seo\/ -->\n<title>N\u00eb Rozhaj\u00eb n\u00ebnshkruhet peticioni kund\u00ebr kufirit me Kosov\u00ebn - Lajme nga Ulqini<\/title>\n<meta name=\"description\" content=\"N\u00eb qytetin malazez t\u00eb Rozhaj\u00ebs ka filluar n\u00ebnshkrimi i peticionit me t\u00eb cilin k\u00ebrkohet ridefinimi i s\u00ebrish\u00ebm i kufirit me Kosov\u00ebn, me q\u00ebllim t\u00eb kthimit t\u00eb\" \/>\n<meta name=\"robots\" content=\"index, follow, max-snippet:-1, max-image-preview:large, max-video-preview:-1\" \/>\n<link rel=\"canonical\" href=\"https:\/\/www.visit-ulcinj.com\/blog\/2015\/09\/12\/ne-rozhaje-nenshkruhet-peticioni-kunder-kufirit-kosoven\/\" \/>\n<meta property=\"og:locale\" content=\"en_US\" \/>\n<meta property=\"og:type\" content=\"article\" \/>\n<meta property=\"og:title\" content=\"N\u00eb Rozhaj\u00eb n\u00ebnshkruhet peticioni kund\u00ebr kufirit me Kosov\u00ebn - Lajme nga Ulqini\" \/>\n<meta property=\"og:description\" content=\"N\u00eb qytetin malazez t\u00eb Rozhaj\u00ebs ka filluar n\u00ebnshkrimi i peticionit me t\u00eb cilin k\u00ebrkohet ridefinimi i s\u00ebrish\u00ebm i kufirit me Kosov\u00ebn, me q\u00ebllim t\u00eb kthimit t\u00eb\" \/>\n<meta property=\"og:url\" content=\"https:\/\/www.visit-ulcinj.com\/blog\/2015\/09\/12\/ne-rozhaje-nenshkruhet-peticioni-kunder-kufirit-kosoven\/\" \/>\n<meta property=\"og:site_name\" content=\"Lajme nga Ulqini\" \/>\n<meta property=\"article:published_time\" content=\"2015-09-12T18:04:54+00:00\" \/>\n<meta property=\"og:image\" content=\"http:\/\/www.visit-ulcinj.com\/blog\/wp-content\/uploads\/2015\/09\/demarkacionii-kufirit.jpg\" \/>\n<meta name=\"twitter:label1\" content=\"Written by\" \/>\n\t<meta name=\"twitter:data1\" content=\"ulqini\" \/>\n\t<meta name=\"twitter:label2\" content=\"Est. reading time\" \/>\n\t<meta name=\"twitter:data2\" content=\"1 minute\" \/>\n<script type=\"application\/ld+json\" class=\"yoast-schema-graph\">{\"@context\":\"https:\/\/schema.org\",\"@graph\":[{\"@type\":\"WebSite\",\"@id\":\"https:\/\/www.visit-ulcinj.com\/blog\/#website\",\"url\":\"https:\/\/www.visit-ulcinj.com\/blog\/\",\"name\":\"Lajme nga Ulqini\",\"description\":\"Lajme,Vijesti,Ulqini,Ulqin,Crna Gora,Mali i Zi\",\"potentialAction\":[{\"@type\":\"SearchAction\",\"target\":{\"@type\":\"EntryPoint\",\"urlTemplate\":\"https:\/\/www.visit-ulcinj.com\/blog\/?s={search_term_string}\"},\"query-input\":\"required name=search_term_string\"}],\"inLanguage\":\"en-US\"},{\"@type\":\"ImageObject\",\"inLanguage\":\"en-US\",\"@id\":\"https:\/\/www.visit-ulcinj.com\/blog\/2015\/09\/12\/ne-rozhaje-nenshkruhet-peticioni-kunder-kufirit-kosoven\/#primaryimage\",\"url\":\"http:\/\/www.visit-ulcinj.com\/blog\/wp-content\/uploads\/2015\/09\/demarkacionii-kufirit.jpg\",\"contentUrl\":\"http:\/\/www.visit-ulcinj.com\/blog\/wp-content\/uploads\/2015\/09\/demarkacionii-kufirit.jpg\"},{\"@type\":\"WebPage\",\"@id\":\"https:\/\/www.visit-ulcinj.com\/blog\/2015\/09\/12\/ne-rozhaje-nenshkruhet-peticioni-kunder-kufirit-kosoven\/#webpage\",\"url\":\"https:\/\/www.visit-ulcinj.com\/blog\/2015\/09\/12\/ne-rozhaje-nenshkruhet-peticioni-kunder-kufirit-kosoven\/\",\"name\":\"N\u00eb Rozhaj\u00eb n\u00ebnshkruhet peticioni kund\u00ebr kufirit me Kosov\u00ebn - Lajme nga Ulqini\",\"isPartOf\":{\"@id\":\"https:\/\/www.visit-ulcinj.com\/blog\/#website\"},\"primaryImageOfPage\":{\"@id\":\"https:\/\/www.visit-ulcinj.com\/blog\/2015\/09\/12\/ne-rozhaje-nenshkruhet-peticioni-kunder-kufirit-kosoven\/#primaryimage\"},\"datePublished\":\"2015-09-12T18:04:54+00:00\",\"dateModified\":\"2015-09-12T18:04:54+00:00\",\"author\":{\"@id\":\"https:\/\/www.visit-ulcinj.com\/blog\/#\/schema\/person\/dcab619c614d3038751c63bc2aadc06d\"},\"description\":\"N\u00eb qytetin malazez t\u00eb Rozhaj\u00ebs ka filluar n\u00ebnshkrimi i peticionit me t\u00eb cilin k\u00ebrkohet ridefinimi i s\u00ebrish\u00ebm i kufirit me Kosov\u00ebn, me q\u00ebllim t\u00eb kthimit t\u00eb\",\"breadcrumb\":{\"@id\":\"https:\/\/www.visit-ulcinj.com\/blog\/2015\/09\/12\/ne-rozhaje-nenshkruhet-peticioni-kunder-kufirit-kosoven\/#breadcrumb\"},\"inLanguage\":\"en-US\",\"potentialAction\":[{\"@type\":\"ReadAction\",\"target\":[\"https:\/\/www.visit-ulcinj.com\/blog\/2015\/09\/12\/ne-rozhaje-nenshkruhet-peticioni-kunder-kufirit-kosoven\/\"]}]},{\"@type\":\"BreadcrumbList\",\"@id\":\"https:\/\/www.visit-ulcinj.com\/blog\/2015\/09\/12\/ne-rozhaje-nenshkruhet-peticioni-kunder-kufirit-kosoven\/#breadcrumb\",\"itemListElement\":[{\"@type\":\"ListItem\",\"position\":1,\"name\":\"N\u00eb Rozhaj\u00eb n\u00ebnshkruhet peticioni kund\u00ebr kufirit me Kosov\u00ebn\"}]},{\"@type\":\"Person\",\"@id\":\"https:\/\/www.visit-ulcinj.com\/blog\/#\/schema\/person\/dcab619c614d3038751c63bc2aadc06d\",\"name\":\"ulqini\",\"sameAs\":[\"http:\/\/www.visit-ulcinj.com\"],\"url\":\"https:\/\/www.visit-ulcinj.com\/blog\/author\/admin\/\"}]}<\/script>\n<!-- \/ Yoast SEO plugin. -->","yoast_head_json":{"title":"N\u00eb Rozhaj\u00eb n\u00ebnshkruhet peticioni kund\u00ebr kufirit me Kosov\u00ebn - Lajme nga Ulqini","description":"N\u00eb qytetin malazez t\u00eb Rozhaj\u00ebs ka filluar n\u00ebnshkrimi i peticionit me t\u00eb cilin k\u00ebrkohet ridefinimi i s\u00ebrish\u00ebm i kufirit me Kosov\u00ebn, me q\u00ebllim t\u00eb kthimit t\u00eb","robots":{"index":"index","follow":"follow","max-snippet":"max-snippet:-1","max-image-preview":"max-image-preview:large","max-video-preview":"max-video-preview:-1"},"canonical":"https:\/\/www.visit-ulcinj.com\/blog\/2015\/09\/12\/ne-rozhaje-nenshkruhet-peticioni-kunder-kufirit-kosoven\/","og_locale":"en_US","og_type":"article","og_title":"N\u00eb Rozhaj\u00eb n\u00ebnshkruhet peticioni kund\u00ebr kufirit me Kosov\u00ebn - Lajme nga Ulqini","og_description":"N\u00eb qytetin malazez t\u00eb Rozhaj\u00ebs ka filluar n\u00ebnshkrimi i peticionit me t\u00eb cilin k\u00ebrkohet ridefinimi i s\u00ebrish\u00ebm i kufirit me Kosov\u00ebn, me q\u00ebllim t\u00eb kthimit t\u00eb","og_url":"https:\/\/www.visit-ulcinj.com\/blog\/2015\/09\/12\/ne-rozhaje-nenshkruhet-peticioni-kunder-kufirit-kosoven\/","og_site_name":"Lajme nga Ulqini","article_published_time":"2015-09-12T18:04:54+00:00","og_image":[{"url":"http:\/\/www.visit-ulcinj.com\/blog\/wp-content\/uploads\/2015\/09\/demarkacionii-kufirit.jpg"}],"twitter_misc":{"Written by":"ulqini","Est. reading time":"1 minute"},"schema":{"@context":"https:\/\/schema.org","@graph":[{"@type":"WebSite","@id":"https:\/\/www.visit-ulcinj.com\/blog\/#website","url":"https:\/\/www.visit-ulcinj.com\/blog\/","name":"Lajme nga Ulqini","description":"Lajme,Vijesti,Ulqini,Ulqin,Crna Gora,Mali i Zi","potentialAction":[{"@type":"SearchAction","target":{"@type":"EntryPoint","urlTemplate":"https:\/\/www.visit-ulcinj.com\/blog\/?s={search_term_string}"},"query-input":"required name=search_term_string"}],"inLanguage":"en-US"},{"@type":"ImageObject","inLanguage":"en-US","@id":"https:\/\/www.visit-ulcinj.com\/blog\/2015\/09\/12\/ne-rozhaje-nenshkruhet-peticioni-kunder-kufirit-kosoven\/#primaryimage","url":"http:\/\/www.visit-ulcinj.com\/blog\/wp-content\/uploads\/2015\/09\/demarkacionii-kufirit.jpg","contentUrl":"http:\/\/www.visit-ulcinj.com\/blog\/wp-content\/uploads\/2015\/09\/demarkacionii-kufirit.jpg"},{"@type":"WebPage","@id":"https:\/\/www.visit-ulcinj.com\/blog\/2015\/09\/12\/ne-rozhaje-nenshkruhet-peticioni-kunder-kufirit-kosoven\/#webpage","url":"https:\/\/www.visit-ulcinj.com\/blog\/2015\/09\/12\/ne-rozhaje-nenshkruhet-peticioni-kunder-kufirit-kosoven\/","name":"N\u00eb Rozhaj\u00eb n\u00ebnshkruhet peticioni kund\u00ebr kufirit me Kosov\u00ebn - Lajme nga Ulqini","isPartOf":{"@id":"https:\/\/www.visit-ulcinj.com\/blog\/#website"},"primaryImageOfPage":{"@id":"https:\/\/www.visit-ulcinj.com\/blog\/2015\/09\/12\/ne-rozhaje-nenshkruhet-peticioni-kunder-kufirit-kosoven\/#primaryimage"},"datePublished":"2015-09-12T18:04:54+00:00","dateModified":"2015-09-12T18:04:54+00:00","author":{"@id":"https:\/\/www.visit-ulcinj.com\/blog\/#\/schema\/person\/dcab619c614d3038751c63bc2aadc06d"},"description":"N\u00eb qytetin malazez t\u00eb Rozhaj\u00ebs ka filluar n\u00ebnshkrimi i peticionit me t\u00eb cilin k\u00ebrkohet ridefinimi i s\u00ebrish\u00ebm i kufirit me Kosov\u00ebn, me q\u00ebllim t\u00eb kthimit t\u00eb","breadcrumb":{"@id":"https:\/\/www.visit-ulcinj.com\/blog\/2015\/09\/12\/ne-rozhaje-nenshkruhet-peticioni-kunder-kufirit-kosoven\/#breadcrumb"},"inLanguage":"en-US","potentialAction":[{"@type":"ReadAction","target":["https:\/\/www.visit-ulcinj.com\/blog\/2015\/09\/12\/ne-rozhaje-nenshkruhet-peticioni-kunder-kufirit-kosoven\/"]}]},{"@type":"BreadcrumbList","@id":"https:\/\/www.visit-ulcinj.com\/blog\/2015\/09\/12\/ne-rozhaje-nenshkruhet-peticioni-kunder-kufirit-kosoven\/#breadcrumb","itemListElement":[{"@type":"ListItem","position":1,"name":"N\u00eb Rozhaj\u00eb n\u00ebnshkruhet peticioni kund\u00ebr kufirit me Kosov\u00ebn"}]},{"@type":"Person","@id":"https:\/\/www.visit-ulcinj.com\/blog\/#\/schema\/person\/dcab619c614d3038751c63bc2aadc06d","name":"ulqini","sameAs":["http:\/\/www.visit-ulcinj.com"],"url":"https:\/\/www.visit-ulcinj.com\/blog\/author\/admin\/"}]}},"jetpack_featured_media_url":"","jetpack_sharing_enabled":true,"jetpack_shortlink":"https:\/\/wp.me\/pe6lTn-o0t","_links":{"self":[{"href":"https:\/\/www.visit-ulcinj.com\/blog\/wp-json\/wp\/v2\/posts\/92285"}],"collection":[{"href":"https:\/\/www.visit-ulcinj.com\/blog\/wp-json\/wp\/v2\/posts"}],"about":[{"href":"https:\/\/www.visit-ulcinj.com\/blog\/wp-json\/wp\/v2\/types\/post"}],"author":[{"embeddable":true,"href":"https:\/\/www.visit-ulcinj.com\/blog\/wp-json\/wp\/v2\/users\/1"}],"replies":[{"embeddable":true,"href":"https:\/\/www.visit-ulcinj.com\/blog\/wp-json\/wp\/v2\/comments?post=92285"}],"version-history":[{"count":1,"href":"https:\/\/www.visit-ulcinj.com\/blog\/wp-json\/wp\/v2\/posts\/92285\/revisions"}],"predecessor-version":[{"id":92287,"href":"https:\/\/www.visit-ulcinj.com\/blog\/wp-json\/wp\/v2\/posts\/92285\/revisions\/92287"}],"wp:attachment":[{"href":"https:\/\/www.visit-ulcinj.com\/blog\/wp-json\/wp\/v2\/media?parent=92285"}],"wp:term":[{"taxonomy":"category","embeddable":true,"href":"https:\/\/www.visit-ulcinj.com\/blog\/wp-json\/wp\/v2\/categories?post=92285"},{"taxonomy":"post_tag","embeddable":true,"href":"https:\/\/www.visit-ulcinj.com\/blog\/wp-json\/wp\/v2\/tags?post=92285"}],"curies":[{"name":"wp","href":"https:\/\/api.w.org\/{rel}","templated":true}]}}